{"id":2250,"date":"2016-09-25T20:10:37","date_gmt":"2016-09-26T01:10:37","guid":{"rendered":"http:\/\/www.dev.nitu.mx\/?p=2250"},"modified":"2016-09-25T23:21:38","modified_gmt":"2016-09-26T04:21:38","slug":"eduardo-yarto-nuevo-secretario-de-turismo-de-zacatecas","status":"publish","type":"post","link":"https:\/\/nitu.mx\/index.php\/2016\/09\/25\/eduardo-yarto-nuevo-secretario-de-turismo-de-zacatecas\/","title":{"rendered":"Eduardo Yarto nuevo secretario de Turismo de Zacatecas"},"content":{"rendered":"<p>A partir del pr\u00f3ximo mes de octubre, Eduardo Yarto ser\u00e1 el titular de la secretar\u00eda de turismo de Zacatecas (Secturz), as\u00ed lo dio a conocer el gobernador del estado, Alejandro Tello Cristerna, quien destac\u00f3 que Yarto se integrar\u00e1\u00a0 hasta mediados de octubre porque se encuentra cerrando otros compromisos previos.<\/p>\n<p>El gobernador dijo que esta invitaci\u00f3n estuvo basada en varias propuestas, que le plante\u00f3 tanto la iniciativa privada encabezada por hoteleros y restauranteros, como\u00a0asociaciones del estado, las cuales coincid\u00edan que el nuevo funcionario tendr\u00eda que ser alguien que cumpliera con el perfil, e impulsara proyectos importantes en el estado.<\/p>\n<p>Por su parte, Eduardo Yarto, antes de manifestarse en redes con el siguiente mensaje: \u201cMuchas gracias a todos por sus mensajes y felicitaciones. Me incorporo al frente de la Secretar\u00eda de Turismo de Zacatecas, una vez que termine el Congreso Incubatour en M\u00e9rida. Grupo Turespacio seguir\u00e1 trabajando con las mismas l\u00edneas de acci\u00f3n de siempre y liderado por mi hermano Tony Yarto. Me despido en Incubatour 2016 donde espero verlos y posteriormente los espero en el hermoso estado de Zacatecas y en su bell\u00edsima capital ciudad Patrimonio Cultural de la Humanidad por la UNESCO\u201d, ya le llov\u00edan las felicitaciones por gente del sector y la industria.<\/p>\n<p>Yarto es licenciado en Administraci\u00f3n Tur\u00edstica por la Universidad An\u00e1huac, cuenta con una larga trayectoria en el sector turismo, tanto en la iniciativa privada como en el sector p\u00fablico.<\/p>\n<p>Desde 2002 a la fecha, es director general de M\u00e9xico Experience, empresa especializada en el sector tur\u00edstico con el desarrollo de productos, capacitaci\u00f3n, consultor\u00eda especializada, representaci\u00f3n de turismos y operaci\u00f3n de eventos.<\/p>\n<p>De 2001 a 2004, estuvo en la Secretar\u00eda de Turismo del gobierno de la Rep\u00fablica, como director de Desarrollo de Turismo de Negocios; de 1999 a 2001, fungi\u00f3 director de Operaci\u00f3n Promocional del Instituto de Promoci\u00f3n Tur\u00edstica del gobierno del Distrito Federal.<\/p>\n<p>Mientras que de 1998 a 1999 se desarroll\u00f3 como director de congresos, convenciones y turismo de aventura en la Secretar\u00eda de Turismo del gobierno del Distrito Federal. Tambi\u00e9n public\u00f3\u00a0el libro \u201cTurismo de Reuniones y Destinos Tur\u00edsticos para Eventos\u201d, en 2015.<\/p>\n","protected":false},"excerpt":{"rendered":"<p>A partir del pr\u00f3ximo mes de octubre, Eduardo Yarto ser\u00e1 el titular de la secretar\u00eda de turismo de Zacatecas (Secturz), as\u00ed lo dio a conocer el gobernador del estado, Alejandro Tello Cristerna, quien destac\u00f3 que Yarto se integrar\u00e1\u00a0 hasta mediados de octubre porque se encuentra cerrando otros compromisos previos. El gobernador dijo que esta invitaci\u00f3n [&hellip;]<\/p>\n","protected":false},"author":17,"featured_media":2254,"comment_status":"open","ping_status":"open","sticky":false,"template":"","format":"standard","meta":{"footnotes":""},"categories":[5,6],"tags":[682,678,680,681,679],"yoast_head":"<!-- This site is optimized with the Yoast SEO plugin v22.2 - https:\/\/yoast.com\/wordpress\/plugins\/seo\/ -->\n<title>Eduardo Yarto nuevo secretario de turismo de Zacatecas<\/title>\n<meta name=\"description\" content=\"Eduardo Yarto fue designado como Secretario de Turismo del estado de Zacatecas, para la administraci\u00f3n del gobernador Alejandro Tello Cristerna.\" \/>\n<meta name=\"robots\" content=\"index, follow, max-snippet:-1, max-image-preview:large, max-video-preview:-1\" \/>\n<link rel=\"canonical\" href=\"https:\/\/nitu.mx\/index.php\/2016\/09\/25\/eduardo-yarto-nuevo-secretario-de-turismo-de-zacatecas\/\" \/>\n<meta name=\"twitter:card\" content=\"summary_large_image\" \/>\n<meta name=\"twitter:title\" content=\"Eduardo Yarto nuevo secretario de turismo de Zacatecas\" \/>\n<meta name=\"twitter:description\" content=\"Eduardo Yarto fue designado como Secretario de Turismo del estado de Zacatecas, para la administraci\u00f3n del gobernador Alejandro Tello Cristerna.\" \/>\n<meta name=\"twitter:image\" content=\"https:\/\/nitu.mx\/wp-content\/uploads\/2016\/09\/MG_3281-B.jpg\" \/>\n<meta name=\"twitter:creator\" content=\"@NITUmx\" \/>\n<meta name=\"twitter:site\" content=\"@Arturo_Medina_G\" \/>\n<meta name=\"twitter:label1\" content=\"Escrito por\" \/>\n\t<meta name=\"twitter:data1\" content=\"Redacci\u00f3n\" \/>\n\t<meta name=\"twitter:label2\" content=\"Tiempo de lectura\" \/>\n\t<meta name=\"twitter:data2\" content=\"2 minutos\" \/>\n<script type=\"application\/ld+json\" class=\"yoast-schema-graph\">{\"@context\":\"https:\/\/schema.org\",\"@graph\":[{\"@type\":\"Article\",\"@id\":\"https:\/\/nitu.mx\/index.php\/2016\/09\/25\/eduardo-yarto-nuevo-secretario-de-turismo-de-zacatecas\/#article\",\"isPartOf\":{\"@id\":\"https:\/\/nitu.mx\/index.php\/2016\/09\/25\/eduardo-yarto-nuevo-secretario-de-turismo-de-zacatecas\/\"},\"author\":{\"name\":\"Redacci\u00f3n\",\"@id\":\"https:\/\/nitu.mx\/#\/schema\/person\/4a28fe9bd65924f7c90623773daf1b0b\"},\"headline\":\"Eduardo Yarto nuevo secretario de Turismo de Zacatecas\",\"datePublished\":\"2016-09-26T01:10:37+00:00\",\"dateModified\":\"2016-09-26T04:21:38+00:00\",\"mainEntityOfPage\":{\"@id\":\"https:\/\/nitu.mx\/index.php\/2016\/09\/25\/eduardo-yarto-nuevo-secretario-de-turismo-de-zacatecas\/\"},\"wordCount\":377,\"commentCount\":0,\"publisher\":{\"@id\":\"https:\/\/nitu.mx\/#\/schema\/person\/ae7a53426417292d3dd07b45a33e01bc\"},\"image\":{\"@id\":\"https:\/\/nitu.mx\/index.php\/2016\/09\/25\/eduardo-yarto-nuevo-secretario-de-turismo-de-zacatecas\/#primaryimage\"},\"thumbnailUrl\":\"https:\/\/nitu.mx\/wp-content\/uploads\/2016\/09\/MG_3281-B.jpg\",\"keywords\":[\"Alejandro Tello Cristerna\",\"Eduardo Yarto\",\"Incubatur\",\"Secturz\",\"Tony Yarto\"],\"articleSection\":[\"Destinos\",\"M\u00e9xico\"],\"inLanguage\":\"es-MX\",\"potentialAction\":[{\"@type\":\"CommentAction\",\"name\":\"Comment\",\"target\":[\"https:\/\/nitu.mx\/index.php\/2016\/09\/25\/eduardo-yarto-nuevo-secretario-de-turismo-de-zacatecas\/#respond\"]}]},{\"@type\":\"WebPage\",\"@id\":\"https:\/\/nitu.mx\/index.php\/2016\/09\/25\/eduardo-yarto-nuevo-secretario-de-turismo-de-zacatecas\/\",\"url\":\"https:\/\/nitu.mx\/index.php\/2016\/09\/25\/eduardo-yarto-nuevo-secretario-de-turismo-de-zacatecas\/\",\"name\":\"Eduardo Yarto nuevo secretario de turismo de Zacatecas\",\"isPartOf\":{\"@id\":\"https:\/\/nitu.mx\/#website\"},\"primaryImageOfPage\":{\"@id\":\"https:\/\/nitu.mx\/index.php\/2016\/09\/25\/eduardo-yarto-nuevo-secretario-de-turismo-de-zacatecas\/#primaryimage\"},\"image\":{\"@id\":\"https:\/\/nitu.mx\/index.php\/2016\/09\/25\/eduardo-yarto-nuevo-secretario-de-turismo-de-zacatecas\/#primaryimage\"},\"thumbnailUrl\":\"https:\/\/nitu.mx\/wp-content\/uploads\/2016\/09\/MG_3281-B.jpg\",\"datePublished\":\"2016-09-26T01:10:37+00:00\",\"dateModified\":\"2016-09-26T04:21:38+00:00\",\"description\":\"Eduardo Yarto fue designado como Secretario de Turismo del estado de Zacatecas, para la administraci\u00f3n del gobernador Alejandro Tello Cristerna.\",\"breadcrumb\":{\"@id\":\"https:\/\/nitu.mx\/index.php\/2016\/09\/25\/eduardo-yarto-nuevo-secretario-de-turismo-de-zacatecas\/#breadcrumb\"},\"inLanguage\":\"es-MX\",\"potentialAction\":[{\"@type\":\"ReadAction\",\"target\":[\"https:\/\/nitu.mx\/index.php\/2016\/09\/25\/eduardo-yarto-nuevo-secretario-de-turismo-de-zacatecas\/\"]}]},{\"@type\":\"ImageObject\",\"inLanguage\":\"es-MX\",\"@id\":\"https:\/\/nitu.mx\/index.php\/2016\/09\/25\/eduardo-yarto-nuevo-secretario-de-turismo-de-zacatecas\/#primaryimage\",\"url\":\"https:\/\/nitu.mx\/wp-content\/uploads\/2016\/09\/MG_3281-B.jpg\",\"contentUrl\":\"https:\/\/nitu.mx\/wp-content\/uploads\/2016\/09\/MG_3281-B.jpg\",\"width\":1181,\"height\":658,\"caption\":\"Eduardo Yarto\"},{\"@type\":\"BreadcrumbList\",\"@id\":\"https:\/\/nitu.mx\/index.php\/2016\/09\/25\/eduardo-yarto-nuevo-secretario-de-turismo-de-zacatecas\/#breadcrumb\",\"itemListElement\":[{\"@type\":\"ListItem\",\"position\":1,\"name\":\"Inicio\",\"item\":\"https:\/\/nitu.mx\/\"},{\"@type\":\"ListItem\",\"position\":2,\"name\":\"Eduardo Yarto nuevo secretario de Turismo de Zacatecas\"}]},{\"@type\":\"WebSite\",\"@id\":\"https:\/\/nitu.mx\/#website\",\"url\":\"https:\/\/nitu.mx\/\",\"name\":\"Nitu - Noticias de la Industria Turistica\",\"description\":\"Noticias de la Industria Turistica\",\"publisher\":{\"@id\":\"https:\/\/nitu.mx\/#\/schema\/person\/ae7a53426417292d3dd07b45a33e01bc\"},\"alternateName\":\"Noticias de la Industria Turistica\",\"potentialAction\":[{\"@type\":\"SearchAction\",\"target\":{\"@type\":\"EntryPoint\",\"urlTemplate\":\"https:\/\/nitu.mx\/?s={search_term_string}\"},\"query-input\":\"required name=search_term_string\"}],\"inLanguage\":\"es-MX\"},{\"@type\":[\"Person\",\"Organization\"],\"@id\":\"https:\/\/nitu.mx\/#\/schema\/person\/ae7a53426417292d3dd07b45a33e01bc\",\"name\":\"Arturo Medina\",\"image\":{\"@type\":\"ImageObject\",\"inLanguage\":\"es-MX\",\"@id\":\"https:\/\/nitu.mx\/#\/schema\/person\/image\/\",\"url\":\"https:\/\/nitu.mx\/wp-content\/uploads\/2024\/04\/4A315622-1904-4D5C-B022-878CDC840E04-90x90-1.jpeg\",\"contentUrl\":\"https:\/\/nitu.mx\/wp-content\/uploads\/2024\/04\/4A315622-1904-4D5C-B022-878CDC840E04-90x90-1.jpeg\",\"width\":90,\"height\":90,\"caption\":\"Arturo Medina\"},\"logo\":{\"@id\":\"https:\/\/nitu.mx\/#\/schema\/person\/image\/\"},\"description\":\"Director NITU.mx, Egresado de la Escuela de Periodismo Carlos Septi\u00e9n Garc\u00eda. Periodista y analista especializado en turismo desde hace 35 a\u00f1os, radicado en Canc\u00fan Q.Roo. arturo@nitu.mx\",\"sameAs\":[\"https:\/\/nitu.mx\",\"https:\/\/www.facebook.com\/NITUmx\/\",\"medinacancun\",\"https:\/\/twitter.com\/@Arturo_Medina_G\"]},{\"@type\":\"Person\",\"@id\":\"https:\/\/nitu.mx\/#\/schema\/person\/4a28fe9bd65924f7c90623773daf1b0b\",\"name\":\"Redacci\u00f3n\",\"image\":{\"@type\":\"ImageObject\",\"inLanguage\":\"es-MX\",\"@id\":\"https:\/\/nitu.mx\/#\/schema\/person\/image\/\",\"url\":\"https:\/\/secure.gravatar.com\/avatar\/5dd011c8ccfc5cd7e4c81e42252aab38?s=96&d=mm&r=g\",\"contentUrl\":\"https:\/\/secure.gravatar.com\/avatar\/5dd011c8ccfc5cd7e4c81e42252aab38?s=96&d=mm&r=g\",\"caption\":\"Redacci\u00f3n\"},\"url\":\"https:\/\/nitu.mx\/index.php\/author\/redaccion\/\"}]}<\/script>\n<!-- \/ Yoast SEO plugin. -->","yoast_head_json":{"title":"Eduardo Yarto nuevo secretario de turismo de Zacatecas","description":"Eduardo Yarto fue designado como Secretario de Turismo del estado de Zacatecas, para la administraci\u00f3n del gobernador Alejandro Tello Cristerna.","robots":{"index":"index","follow":"follow","max-snippet":"max-snippet:-1","max-image-preview":"max-image-preview:large","max-video-preview":"max-video-preview:-1"},"canonical":"https:\/\/nitu.mx\/index.php\/2016\/09\/25\/eduardo-yarto-nuevo-secretario-de-turismo-de-zacatecas\/","twitter_card":"summary_large_image","twitter_title":"Eduardo Yarto nuevo secretario de turismo de Zacatecas","twitter_description":"Eduardo Yarto fue designado como Secretario de Turismo del estado de Zacatecas, para la administraci\u00f3n del gobernador Alejandro Tello Cristerna.","twitter_image":"https:\/\/nitu.mx\/wp-content\/uploads\/2016\/09\/MG_3281-B.jpg","twitter_creator":"@NITUmx","twitter_site":"@Arturo_Medina_G","twitter_misc":{"Escrito por":"Redacci\u00f3n","Tiempo de lectura":"2 minutos"},"schema":{"@context":"https:\/\/schema.org","@graph":[{"@type":"Article","@id":"https:\/\/nitu.mx\/index.php\/2016\/09\/25\/eduardo-yarto-nuevo-secretario-de-turismo-de-zacatecas\/#article","isPartOf":{"@id":"https:\/\/nitu.mx\/index.php\/2016\/09\/25\/eduardo-yarto-nuevo-secretario-de-turismo-de-zacatecas\/"},"author":{"name":"Redacci\u00f3n","@id":"https:\/\/nitu.mx\/#\/schema\/person\/4a28fe9bd65924f7c90623773daf1b0b"},"headline":"Eduardo Yarto nuevo secretario de Turismo de Zacatecas","datePublished":"2016-09-26T01:10:37+00:00","dateModified":"2016-09-26T04:21:38+00:00","mainEntityOfPage":{"@id":"https:\/\/nitu.mx\/index.php\/2016\/09\/25\/eduardo-yarto-nuevo-secretario-de-turismo-de-zacatecas\/"},"wordCount":377,"commentCount":0,"publisher":{"@id":"https:\/\/nitu.mx\/#\/schema\/person\/ae7a53426417292d3dd07b45a33e01bc"},"image":{"@id":"https:\/\/nitu.mx\/index.php\/2016\/09\/25\/eduardo-yarto-nuevo-secretario-de-turismo-de-zacatecas\/#primaryimage"},"thumbnailUrl":"https:\/\/nitu.mx\/wp-content\/uploads\/2016\/09\/MG_3281-B.jpg","keywords":["Alejandro Tello Cristerna","Eduardo Yarto","Incubatur","Secturz","Tony Yarto"],"articleSection":["Destinos","M\u00e9xico"],"inLanguage":"es-MX","potentialAction":[{"@type":"CommentAction","name":"Comment","target":["https:\/\/nitu.mx\/index.php\/2016\/09\/25\/eduardo-yarto-nuevo-secretario-de-turismo-de-zacatecas\/#respond"]}]},{"@type":"WebPage","@id":"https:\/\/nitu.mx\/index.php\/2016\/09\/25\/eduardo-yarto-nuevo-secretario-de-turismo-de-zacatecas\/","url":"https:\/\/nitu.mx\/index.php\/2016\/09\/25\/eduardo-yarto-nuevo-secretario-de-turismo-de-zacatecas\/","name":"Eduardo Yarto nuevo secretario de turismo de Zacatecas","isPartOf":{"@id":"https:\/\/nitu.mx\/#website"},"primaryImageOfPage":{"@id":"https:\/\/nitu.mx\/index.php\/2016\/09\/25\/eduardo-yarto-nuevo-secretario-de-turismo-de-zacatecas\/#primaryimage"},"image":{"@id":"https:\/\/nitu.mx\/index.php\/2016\/09\/25\/eduardo-yarto-nuevo-secretario-de-turismo-de-zacatecas\/#primaryimage"},"thumbnailUrl":"https:\/\/nitu.mx\/wp-content\/uploads\/2016\/09\/MG_3281-B.jpg","datePublished":"2016-09-26T01:10:37+00:00","dateModified":"2016-09-26T04:21:38+00:00","description":"Eduardo Yarto fue designado como Secretario de Turismo del estado de Zacatecas, para la administraci\u00f3n del gobernador Alejandro Tello Cristerna.","breadcrumb":{"@id":"https:\/\/nitu.mx\/index.php\/2016\/09\/25\/eduardo-yarto-nuevo-secretario-de-turismo-de-zacatecas\/#breadcrumb"},"inLanguage":"es-MX","potentialAction":[{"@type":"ReadAction","target":["https:\/\/nitu.mx\/index.php\/2016\/09\/25\/eduardo-yarto-nuevo-secretario-de-turismo-de-zacatecas\/"]}]},{"@type":"ImageObject","inLanguage":"es-MX","@id":"https:\/\/nitu.mx\/index.php\/2016\/09\/25\/eduardo-yarto-nuevo-secretario-de-turismo-de-zacatecas\/#primaryimage","url":"https:\/\/nitu.mx\/wp-content\/uploads\/2016\/09\/MG_3281-B.jpg","contentUrl":"https:\/\/nitu.mx\/wp-content\/uploads\/2016\/09\/MG_3281-B.jpg","width":1181,"height":658,"caption":"Eduardo Yarto"},{"@type":"BreadcrumbList","@id":"https:\/\/nitu.mx\/index.php\/2016\/09\/25\/eduardo-yarto-nuevo-secretario-de-turismo-de-zacatecas\/#breadcrumb","itemListElement":[{"@type":"ListItem","position":1,"name":"Inicio","item":"https:\/\/nitu.mx\/"},{"@type":"ListItem","position":2,"name":"Eduardo Yarto nuevo secretario de Turismo de Zacatecas"}]},{"@type":"WebSite","@id":"https:\/\/nitu.mx\/#website","url":"https:\/\/nitu.mx\/","name":"Nitu - Noticias de la Industria Turistica","description":"Noticias de la Industria Turistica","publisher":{"@id":"https:\/\/nitu.mx\/#\/schema\/person\/ae7a53426417292d3dd07b45a33e01bc"},"alternateName":"Noticias de la Industria Turistica","potentialAction":[{"@type":"SearchAction","target":{"@type":"EntryPoint","urlTemplate":"https:\/\/nitu.mx\/?s={search_term_string}"},"query-input":"required name=search_term_string"}],"inLanguage":"es-MX"},{"@type":["Person","Organization"],"@id":"https:\/\/nitu.mx\/#\/schema\/person\/ae7a53426417292d3dd07b45a33e01bc","name":"Arturo Medina","image":{"@type":"ImageObject","inLanguage":"es-MX","@id":"https:\/\/nitu.mx\/#\/schema\/person\/image\/","url":"https:\/\/nitu.mx\/wp-content\/uploads\/2024\/04\/4A315622-1904-4D5C-B022-878CDC840E04-90x90-1.jpeg","contentUrl":"https:\/\/nitu.mx\/wp-content\/uploads\/2024\/04\/4A315622-1904-4D5C-B022-878CDC840E04-90x90-1.jpeg","width":90,"height":90,"caption":"Arturo Medina"},"logo":{"@id":"https:\/\/nitu.mx\/#\/schema\/person\/image\/"},"description":"Director NITU.mx, Egresado de la Escuela de Periodismo Carlos Septi\u00e9n Garc\u00eda. Periodista y analista especializado en turismo desde hace 35 a\u00f1os, radicado en Canc\u00fan Q.Roo. arturo@nitu.mx","sameAs":["https:\/\/nitu.mx","https:\/\/www.facebook.com\/NITUmx\/","medinacancun","https:\/\/twitter.com\/@Arturo_Medina_G"]},{"@type":"Person","@id":"https:\/\/nitu.mx\/#\/schema\/person\/4a28fe9bd65924f7c90623773daf1b0b","name":"Redacci\u00f3n","image":{"@type":"ImageObject","inLanguage":"es-MX","@id":"https:\/\/nitu.mx\/#\/schema\/person\/image\/","url":"https:\/\/secure.gravatar.com\/avatar\/5dd011c8ccfc5cd7e4c81e42252aab38?s=96&d=mm&r=g","contentUrl":"https:\/\/secure.gravatar.com\/avatar\/5dd011c8ccfc5cd7e4c81e42252aab38?s=96&d=mm&r=g","caption":"Redacci\u00f3n"},"url":"https:\/\/nitu.mx\/index.php\/author\/redaccion\/"}]}},"views":293,"_links":{"self":[{"href":"https:\/\/nitu.mx\/index.php\/wp-json\/wp\/v2\/posts\/2250"}],"collection":[{"href":"https:\/\/nitu.mx\/index.php\/wp-json\/wp\/v2\/posts"}],"about":[{"href":"https:\/\/nitu.mx\/index.php\/wp-json\/wp\/v2\/types\/post"}],"author":[{"embeddable":true,"href":"https:\/\/nitu.mx\/index.php\/wp-json\/wp\/v2\/users\/17"}],"replies":[{"embeddable":true,"href":"https:\/\/nitu.mx\/index.php\/wp-json\/wp\/v2\/comments?post=2250"}],"version-history":[{"count":5,"href":"https:\/\/nitu.mx\/index.php\/wp-json\/wp\/v2\/posts\/2250\/revisions"}],"predecessor-version":[{"id":2274,"href":"https:\/\/nitu.mx\/index.php\/wp-json\/wp\/v2\/posts\/2250\/revisions\/2274"}],"wp:featuredmedia":[{"embeddable":true,"href":"https:\/\/nitu.mx\/index.php\/wp-json\/wp\/v2\/media\/2254"}],"wp:attachment":[{"href":"https:\/\/nitu.mx\/index.php\/wp-json\/wp\/v2\/media?parent=2250"}],"wp:term":[{"taxonomy":"category","embeddable":true,"href":"https:\/\/nitu.mx\/index.php\/wp-json\/wp\/v2\/categories?post=2250"},{"taxonomy":"post_tag","embeddable":true,"href":"https:\/\/nitu.mx\/index.php\/wp-json\/wp\/v2\/tags?post=2250"}],"curies":[{"name":"wp","href":"https:\/\/api.w.org\/{rel}","templated":true}]}}