{"id":22146,"date":"2018-07-05T23:41:12","date_gmt":"2018-07-06T04:41:12","guid":{"rendered":"http:\/\/www.dev.nitu.mx\/?p=22146"},"modified":"2018-07-06T00:58:33","modified_gmt":"2018-07-06T05:58:33","slug":"festeja-riu-con-reinaguracion-el-20-aniversario-de-su-hotel-tequila-en-riviera-maya","status":"publish","type":"post","link":"https:\/\/nitu.mx\/index.php\/2018\/07\/05\/festeja-riu-con-reinaguracion-el-20-aniversario-de-su-hotel-tequila-en-riviera-maya\/","title":{"rendered":"Festeja Riu con reinaguraci\u00f3n, el 20 aniversario de su hotel Tequila en Riviera Maya"},"content":{"rendered":"<p>Tras varios meses de modificar sus instalaciones RIU Hotels &amp; Resorts reabre uno de sus hoteles m\u00e1s emblem\u00e1ticos de M\u00e9xico, el Riu Tequila, con apertura originalmente en Playa del Carmen en 1998. (<a title=\"En 2018, Riu sumar\u00e1 4 hoteles m\u00e1s en M\u00e9xico, en Playa del Carmen, Costa Mujeres y Los Cabos\" href=\"http:\/\/www.dev.nitu.mx\/index.php\/2018\/02\/09\/en-2018-riu-sumara-4-hoteles-mas-en-mexico-uno-en-playa-del-carmen-otro-en-costa-mujeres-y-dos-en-los-cabos\/\" rel=\"bookmark\">En 2018, Riu sumar\u00e1 4 hoteles m\u00e1s en M\u00e9xico, en Playa del Carmen, Costa Mujeres y Los Cabos<\/a>).<\/p>\n<p>Este hotel, todo Incluido, ha renovado por completo sus zonas comunes, jardines y habitaciones, as\u00ed como su oferta gastron\u00f3mica al a\u00f1adir dos nuevos restaurantes y un kiosko.<\/p>\n<p>Los trabajos en el Riu Tequila incluye la renovaci\u00f3n de sus 630 habitaciones con una decoraci\u00f3n m\u00e1s fresca y moderna, en la que domina el blanco con toques en rojo, manteniendo la calidez de la madera en sus muebles.<\/p>\n<p>Asimismo, en todas las habitaciones se ha instalado parquet cer\u00e1mico, adapt\u00e1ndose as\u00ed al nuevo estilo que RIU est\u00e1 introduciendo en su oferta hotelera. Los ba\u00f1os de las habitaciones, cuyo suelo es del mismo material, cuentan con ducha.<\/p>\n<p>Manteniendo la esencia del caribe mexicano en los bloques de habitaciones que la rodean, el \u00e1rea exterior del Riu Tequila ha pasado de contar con dos grandes piscinas org\u00e1nicas y una para ni\u00f1os, a ofrecer un total de cinco albercas de forma rectangular. Una de ellas es de uso exclusivo para ni\u00f1os y cuenta con toboganes, mientras que otra dispone de swim-up bar.<\/p>\n<p>Tras esta transformaci\u00f3n, el Riu Tequila ofrece el nuevo restaurante italiano \u2018Rinascita\u2019 y un nuevo Steackhouse llamado \u2018Black Cow\u2019. Ambos se suman a los ya existentes buf\u00e9 principal \u2018Rosa Roja\u2019, asi\u00e1tico \u2018Bamboo\u2019 y restaurante de playa \u2018Beach Club\u2019, que por la noche se convierte en tem\u00e1tico de cocina mexicana. Adem\u00e1s, el hotel ofrece ahora la mencionada estaci\u00f3n de barbacoa que prepara especialidades al grill para el almuerzo.<\/p>\n<p>Junto a la piscina para ni\u00f1os se ubican tambi\u00e9n el club RiuLand y un parque infantil, mientras que el nuevo gimnasio y la zona de Riu Fit tambi\u00e9n se encuentran en esta \u00e1rea.<\/p>\n<p>Finalmente, el edificio principal tambi\u00e9n fue modificado, y con esto se han renovado y renombrados el bar del lobby, \u2018La Veranda\u2019; el lounge bar, \u2018La Fiesta\u2019 y el \u2018Sports Bar 24\u2019, de la misma forma que el swim-up bar de la zona de jardines, el \u2018Coco\u2019s Bar\u2019.<\/p>\n","protected":false},"excerpt":{"rendered":"<p>Tras varios meses de modificar sus instalaciones RIU Hotels &amp; Resorts reabre uno de sus hoteles m\u00e1s emblem\u00e1ticos de M\u00e9xico, el Riu Tequila, con apertura originalmente en Playa del Carmen en 1998. (En 2018, Riu sumar\u00e1 4 hoteles m\u00e1s en M\u00e9xico, en Playa del Carmen, Costa Mujeres y Los Cabos). Este hotel, todo Incluido, ha [&hellip;]<\/p>\n","protected":false},"author":17,"featured_media":22174,"comment_status":"open","ping_status":"open","sticky":false,"template":"","format":"standard","meta":{"footnotes":""},"categories":[5,2],"tags":[11030,11031,68,405,11029,630,80],"yoast_head":"<!-- This site is optimized with the Yoast SEO plugin v22.2 - https:\/\/yoast.com\/wordpress\/plugins\/seo\/ -->\n<title>Festeja Riu con reinaguraci\u00f3n, el 20 aniversario de su hotel Tequila en Riviera Maya - Nitu - Noticias de la Industria Turistica<\/title>\n<meta name=\"description\" content=\"Tras varios meses de modificar sus instalaciones RIU Hotels &amp; Resorts reabre uno de sus hoteles m\u00e1s emblem\u00e1ticos de M\u00e9xico, el Riu Tequila.\" \/>\n<meta name=\"robots\" content=\"index, follow, max-snippet:-1, max-image-preview:large, max-video-preview:-1\" \/>\n<link rel=\"canonical\" href=\"https:\/\/nitu.mx\/index.php\/2018\/07\/05\/festeja-riu-con-reinaguracion-el-20-aniversario-de-su-hotel-tequila-en-riviera-maya\/\" \/>\n<meta name=\"twitter:card\" content=\"summary_large_image\" \/>\n<meta name=\"twitter:title\" content=\"Festeja Riu con reinaguraci\u00f3n, el 20 aniversario de su hotel Tequila en Riviera Maya - Nitu - Noticias de la Industria Turistica\" \/>\n<meta name=\"twitter:description\" content=\"Tras varios meses de modificar sus instalaciones RIU Hotels &amp; Resorts reabre uno de sus hoteles m\u00e1s emblem\u00e1ticos de M\u00e9xico, el Riu Tequila.\" \/>\n<meta name=\"twitter:image\" content=\"https:\/\/nitu.mx\/wp-content\/uploads\/2018\/07\/riu-tequila.jpg\" \/>\n<meta name=\"twitter:creator\" content=\"@NITUmx\" \/>\n<meta name=\"twitter:site\" content=\"@Arturo_Medina_G\" \/>\n<meta name=\"twitter:label1\" content=\"Escrito por\" \/>\n\t<meta name=\"twitter:data1\" content=\"Redacci\u00f3n\" \/>\n\t<meta name=\"twitter:label2\" content=\"Tiempo de lectura\" \/>\n\t<meta name=\"twitter:data2\" content=\"2 minutos\" \/>\n<script type=\"application\/ld+json\" class=\"yoast-schema-graph\">{\"@context\":\"https:\/\/schema.org\",\"@graph\":[{\"@type\":\"Article\",\"@id\":\"https:\/\/nitu.mx\/index.php\/2018\/07\/05\/festeja-riu-con-reinaguracion-el-20-aniversario-de-su-hotel-tequila-en-riviera-maya\/#article\",\"isPartOf\":{\"@id\":\"https:\/\/nitu.mx\/index.php\/2018\/07\/05\/festeja-riu-con-reinaguracion-el-20-aniversario-de-su-hotel-tequila-en-riviera-maya\/\"},\"author\":{\"name\":\"Redacci\u00f3n\",\"@id\":\"https:\/\/nitu.mx\/#\/schema\/person\/4a28fe9bd65924f7c90623773daf1b0b\"},\"headline\":\"Festeja Riu con reinaguraci\u00f3n, el 20 aniversario de su hotel Tequila en Riviera Maya\",\"datePublished\":\"2018-07-06T04:41:12+00:00\",\"dateModified\":\"2018-07-06T05:58:33+00:00\",\"mainEntityOfPage\":{\"@id\":\"https:\/\/nitu.mx\/index.php\/2018\/07\/05\/festeja-riu-con-reinaguracion-el-20-aniversario-de-su-hotel-tequila-en-riviera-maya\/\"},\"wordCount\":398,\"commentCount\":0,\"publisher\":{\"@id\":\"https:\/\/nitu.mx\/#\/schema\/person\/ae7a53426417292d3dd07b45a33e01bc\"},\"image\":{\"@id\":\"https:\/\/nitu.mx\/index.php\/2018\/07\/05\/festeja-riu-con-reinaguracion-el-20-aniversario-de-su-hotel-tequila-en-riviera-maya\/#primaryimage\"},\"thumbnailUrl\":\"https:\/\/nitu.mx\/wp-content\/uploads\/2018\/07\/riu-tequila.jpg\",\"keywords\":[\"20 aniversario\",\"hotel Tequila\",\"M\u00e9xico\",\"Playa del Carmen\",\"reinaguraci\u00f3n\",\"Riu Hotels &amp; Resorts\",\"Riviera Maya\"],\"articleSection\":[\"Destinos\",\"Hoteles\"],\"inLanguage\":\"es-MX\",\"potentialAction\":[{\"@type\":\"CommentAction\",\"name\":\"Comment\",\"target\":[\"https:\/\/nitu.mx\/index.php\/2018\/07\/05\/festeja-riu-con-reinaguracion-el-20-aniversario-de-su-hotel-tequila-en-riviera-maya\/#respond\"]}]},{\"@type\":\"WebPage\",\"@id\":\"https:\/\/nitu.mx\/index.php\/2018\/07\/05\/festeja-riu-con-reinaguracion-el-20-aniversario-de-su-hotel-tequila-en-riviera-maya\/\",\"url\":\"https:\/\/nitu.mx\/index.php\/2018\/07\/05\/festeja-riu-con-reinaguracion-el-20-aniversario-de-su-hotel-tequila-en-riviera-maya\/\",\"name\":\"Festeja Riu con reinaguraci\u00f3n, el 20 aniversario de su hotel Tequila en Riviera Maya - Nitu - Noticias de la Industria Turistica\",\"isPartOf\":{\"@id\":\"https:\/\/nitu.mx\/#website\"},\"primaryImageOfPage\":{\"@id\":\"https:\/\/nitu.mx\/index.php\/2018\/07\/05\/festeja-riu-con-reinaguracion-el-20-aniversario-de-su-hotel-tequila-en-riviera-maya\/#primaryimage\"},\"image\":{\"@id\":\"https:\/\/nitu.mx\/index.php\/2018\/07\/05\/festeja-riu-con-reinaguracion-el-20-aniversario-de-su-hotel-tequila-en-riviera-maya\/#primaryimage\"},\"thumbnailUrl\":\"https:\/\/nitu.mx\/wp-content\/uploads\/2018\/07\/riu-tequila.jpg\",\"datePublished\":\"2018-07-06T04:41:12+00:00\",\"dateModified\":\"2018-07-06T05:58:33+00:00\",\"description\":\"Tras varios meses de modificar sus instalaciones RIU Hotels & Resorts reabre uno de sus hoteles m\u00e1s emblem\u00e1ticos de M\u00e9xico, el Riu Tequila.\",\"breadcrumb\":{\"@id\":\"https:\/\/nitu.mx\/index.php\/2018\/07\/05\/festeja-riu-con-reinaguracion-el-20-aniversario-de-su-hotel-tequila-en-riviera-maya\/#breadcrumb\"},\"inLanguage\":\"es-MX\",\"potentialAction\":[{\"@type\":\"ReadAction\",\"target\":[\"https:\/\/nitu.mx\/index.php\/2018\/07\/05\/festeja-riu-con-reinaguracion-el-20-aniversario-de-su-hotel-tequila-en-riviera-maya\/\"]}]},{\"@type\":\"ImageObject\",\"inLanguage\":\"es-MX\",\"@id\":\"https:\/\/nitu.mx\/index.php\/2018\/07\/05\/festeja-riu-con-reinaguracion-el-20-aniversario-de-su-hotel-tequila-en-riviera-maya\/#primaryimage\",\"url\":\"https:\/\/nitu.mx\/wp-content\/uploads\/2018\/07\/riu-tequila.jpg\",\"contentUrl\":\"https:\/\/nitu.mx\/wp-content\/uploads\/2018\/07\/riu-tequila.jpg\",\"width\":850,\"height\":480,\"caption\":\"riu tequila\"},{\"@type\":\"BreadcrumbList\",\"@id\":\"https:\/\/nitu.mx\/index.php\/2018\/07\/05\/festeja-riu-con-reinaguracion-el-20-aniversario-de-su-hotel-tequila-en-riviera-maya\/#breadcrumb\",\"itemListElement\":[{\"@type\":\"ListItem\",\"position\":1,\"name\":\"Inicio\",\"item\":\"https:\/\/nitu.mx\/\"},{\"@type\":\"ListItem\",\"position\":2,\"name\":\"Festeja Riu con reinaguraci\u00f3n, el 20 aniversario de su hotel Tequila en Riviera Maya\"}]},{\"@type\":\"WebSite\",\"@id\":\"https:\/\/nitu.mx\/#website\",\"url\":\"https:\/\/nitu.mx\/\",\"name\":\"Nitu - Noticias de la Industria Turistica\",\"description\":\"Noticias de la Industria Turistica\",\"publisher\":{\"@id\":\"https:\/\/nitu.mx\/#\/schema\/person\/ae7a53426417292d3dd07b45a33e01bc\"},\"alternateName\":\"Noticias de la Industria Turistica\",\"potentialAction\":[{\"@type\":\"SearchAction\",\"target\":{\"@type\":\"EntryPoint\",\"urlTemplate\":\"https:\/\/nitu.mx\/?s={search_term_string}\"},\"query-input\":\"required name=search_term_string\"}],\"inLanguage\":\"es-MX\"},{\"@type\":[\"Person\",\"Organization\"],\"@id\":\"https:\/\/nitu.mx\/#\/schema\/person\/ae7a53426417292d3dd07b45a33e01bc\",\"name\":\"Arturo Medina\",\"image\":{\"@type\":\"ImageObject\",\"inLanguage\":\"es-MX\",\"@id\":\"https:\/\/nitu.mx\/#\/schema\/person\/image\/\",\"url\":\"https:\/\/nitu.mx\/wp-content\/uploads\/2024\/04\/4A315622-1904-4D5C-B022-878CDC840E04-90x90-1.jpeg\",\"contentUrl\":\"https:\/\/nitu.mx\/wp-content\/uploads\/2024\/04\/4A315622-1904-4D5C-B022-878CDC840E04-90x90-1.jpeg\",\"width\":90,\"height\":90,\"caption\":\"Arturo Medina\"},\"logo\":{\"@id\":\"https:\/\/nitu.mx\/#\/schema\/person\/image\/\"},\"description\":\"Director NITU.mx, Egresado de la Escuela de Periodismo Carlos Septi\u00e9n Garc\u00eda. Periodista y analista especializado en turismo desde hace 35 a\u00f1os, radicado en Canc\u00fan Q.Roo. arturo@nitu.mx\",\"sameAs\":[\"https:\/\/nitu.mx\",\"https:\/\/www.facebook.com\/NITUmx\/\",\"medinacancun\",\"https:\/\/twitter.com\/@Arturo_Medina_G\"]},{\"@type\":\"Person\",\"@id\":\"https:\/\/nitu.mx\/#\/schema\/person\/4a28fe9bd65924f7c90623773daf1b0b\",\"name\":\"Redacci\u00f3n\",\"image\":{\"@type\":\"ImageObject\",\"inLanguage\":\"es-MX\",\"@id\":\"https:\/\/nitu.mx\/#\/schema\/person\/image\/\",\"url\":\"https:\/\/secure.gravatar.com\/avatar\/5dd011c8ccfc5cd7e4c81e42252aab38?s=96&d=mm&r=g\",\"contentUrl\":\"https:\/\/secure.gravatar.com\/avatar\/5dd011c8ccfc5cd7e4c81e42252aab38?s=96&d=mm&r=g\",\"caption\":\"Redacci\u00f3n\"},\"url\":\"https:\/\/nitu.mx\/index.php\/author\/redaccion\/\"}]}<\/script>\n<!-- \/ Yoast SEO plugin. -->","yoast_head_json":{"title":"Festeja Riu con reinaguraci\u00f3n, el 20 aniversario de su hotel Tequila en Riviera Maya - Nitu - Noticias de la Industria Turistica","description":"Tras varios meses de modificar sus instalaciones RIU Hotels & Resorts reabre uno de sus hoteles m\u00e1s emblem\u00e1ticos de M\u00e9xico, el Riu Tequila.","robots":{"index":"index","follow":"follow","max-snippet":"max-snippet:-1","max-image-preview":"max-image-preview:large","max-video-preview":"max-video-preview:-1"},"canonical":"https:\/\/nitu.mx\/index.php\/2018\/07\/05\/festeja-riu-con-reinaguracion-el-20-aniversario-de-su-hotel-tequila-en-riviera-maya\/","twitter_card":"summary_large_image","twitter_title":"Festeja Riu con reinaguraci\u00f3n, el 20 aniversario de su hotel Tequila en Riviera Maya - Nitu - Noticias de la Industria Turistica","twitter_description":"Tras varios meses de modificar sus instalaciones RIU Hotels & Resorts reabre uno de sus hoteles m\u00e1s emblem\u00e1ticos de M\u00e9xico, el Riu Tequila.","twitter_image":"https:\/\/nitu.mx\/wp-content\/uploads\/2018\/07\/riu-tequila.jpg","twitter_creator":"@NITUmx","twitter_site":"@Arturo_Medina_G","twitter_misc":{"Escrito por":"Redacci\u00f3n","Tiempo de lectura":"2 minutos"},"schema":{"@context":"https:\/\/schema.org","@graph":[{"@type":"Article","@id":"https:\/\/nitu.mx\/index.php\/2018\/07\/05\/festeja-riu-con-reinaguracion-el-20-aniversario-de-su-hotel-tequila-en-riviera-maya\/#article","isPartOf":{"@id":"https:\/\/nitu.mx\/index.php\/2018\/07\/05\/festeja-riu-con-reinaguracion-el-20-aniversario-de-su-hotel-tequila-en-riviera-maya\/"},"author":{"name":"Redacci\u00f3n","@id":"https:\/\/nitu.mx\/#\/schema\/person\/4a28fe9bd65924f7c90623773daf1b0b"},"headline":"Festeja Riu con reinaguraci\u00f3n, el 20 aniversario de su hotel Tequila en Riviera Maya","datePublished":"2018-07-06T04:41:12+00:00","dateModified":"2018-07-06T05:58:33+00:00","mainEntityOfPage":{"@id":"https:\/\/nitu.mx\/index.php\/2018\/07\/05\/festeja-riu-con-reinaguracion-el-20-aniversario-de-su-hotel-tequila-en-riviera-maya\/"},"wordCount":398,"commentCount":0,"publisher":{"@id":"https:\/\/nitu.mx\/#\/schema\/person\/ae7a53426417292d3dd07b45a33e01bc"},"image":{"@id":"https:\/\/nitu.mx\/index.php\/2018\/07\/05\/festeja-riu-con-reinaguracion-el-20-aniversario-de-su-hotel-tequila-en-riviera-maya\/#primaryimage"},"thumbnailUrl":"https:\/\/nitu.mx\/wp-content\/uploads\/2018\/07\/riu-tequila.jpg","keywords":["20 aniversario","hotel Tequila","M\u00e9xico","Playa del Carmen","reinaguraci\u00f3n","Riu Hotels &amp; Resorts","Riviera Maya"],"articleSection":["Destinos","Hoteles"],"inLanguage":"es-MX","potentialAction":[{"@type":"CommentAction","name":"Comment","target":["https:\/\/nitu.mx\/index.php\/2018\/07\/05\/festeja-riu-con-reinaguracion-el-20-aniversario-de-su-hotel-tequila-en-riviera-maya\/#respond"]}]},{"@type":"WebPage","@id":"https:\/\/nitu.mx\/index.php\/2018\/07\/05\/festeja-riu-con-reinaguracion-el-20-aniversario-de-su-hotel-tequila-en-riviera-maya\/","url":"https:\/\/nitu.mx\/index.php\/2018\/07\/05\/festeja-riu-con-reinaguracion-el-20-aniversario-de-su-hotel-tequila-en-riviera-maya\/","name":"Festeja Riu con reinaguraci\u00f3n, el 20 aniversario de su hotel Tequila en Riviera Maya - Nitu - Noticias de la Industria Turistica","isPartOf":{"@id":"https:\/\/nitu.mx\/#website"},"primaryImageOfPage":{"@id":"https:\/\/nitu.mx\/index.php\/2018\/07\/05\/festeja-riu-con-reinaguracion-el-20-aniversario-de-su-hotel-tequila-en-riviera-maya\/#primaryimage"},"image":{"@id":"https:\/\/nitu.mx\/index.php\/2018\/07\/05\/festeja-riu-con-reinaguracion-el-20-aniversario-de-su-hotel-tequila-en-riviera-maya\/#primaryimage"},"thumbnailUrl":"https:\/\/nitu.mx\/wp-content\/uploads\/2018\/07\/riu-tequila.jpg","datePublished":"2018-07-06T04:41:12+00:00","dateModified":"2018-07-06T05:58:33+00:00","description":"Tras varios meses de modificar sus instalaciones RIU Hotels & Resorts reabre uno de sus hoteles m\u00e1s emblem\u00e1ticos de M\u00e9xico, el Riu Tequila.","breadcrumb":{"@id":"https:\/\/nitu.mx\/index.php\/2018\/07\/05\/festeja-riu-con-reinaguracion-el-20-aniversario-de-su-hotel-tequila-en-riviera-maya\/#breadcrumb"},"inLanguage":"es-MX","potentialAction":[{"@type":"ReadAction","target":["https:\/\/nitu.mx\/index.php\/2018\/07\/05\/festeja-riu-con-reinaguracion-el-20-aniversario-de-su-hotel-tequila-en-riviera-maya\/"]}]},{"@type":"ImageObject","inLanguage":"es-MX","@id":"https:\/\/nitu.mx\/index.php\/2018\/07\/05\/festeja-riu-con-reinaguracion-el-20-aniversario-de-su-hotel-tequila-en-riviera-maya\/#primaryimage","url":"https:\/\/nitu.mx\/wp-content\/uploads\/2018\/07\/riu-tequila.jpg","contentUrl":"https:\/\/nitu.mx\/wp-content\/uploads\/2018\/07\/riu-tequila.jpg","width":850,"height":480,"caption":"riu tequila"},{"@type":"BreadcrumbList","@id":"https:\/\/nitu.mx\/index.php\/2018\/07\/05\/festeja-riu-con-reinaguracion-el-20-aniversario-de-su-hotel-tequila-en-riviera-maya\/#breadcrumb","itemListElement":[{"@type":"ListItem","position":1,"name":"Inicio","item":"https:\/\/nitu.mx\/"},{"@type":"ListItem","position":2,"name":"Festeja Riu con reinaguraci\u00f3n, el 20 aniversario de su hotel Tequila en Riviera Maya"}]},{"@type":"WebSite","@id":"https:\/\/nitu.mx\/#website","url":"https:\/\/nitu.mx\/","name":"Nitu - Noticias de la Industria Turistica","description":"Noticias de la Industria Turistica","publisher":{"@id":"https:\/\/nitu.mx\/#\/schema\/person\/ae7a53426417292d3dd07b45a33e01bc"},"alternateName":"Noticias de la Industria Turistica","potentialAction":[{"@type":"SearchAction","target":{"@type":"EntryPoint","urlTemplate":"https:\/\/nitu.mx\/?s={search_term_string}"},"query-input":"required name=search_term_string"}],"inLanguage":"es-MX"},{"@type":["Person","Organization"],"@id":"https:\/\/nitu.mx\/#\/schema\/person\/ae7a53426417292d3dd07b45a33e01bc","name":"Arturo Medina","image":{"@type":"ImageObject","inLanguage":"es-MX","@id":"https:\/\/nitu.mx\/#\/schema\/person\/image\/","url":"https:\/\/nitu.mx\/wp-content\/uploads\/2024\/04\/4A315622-1904-4D5C-B022-878CDC840E04-90x90-1.jpeg","contentUrl":"https:\/\/nitu.mx\/wp-content\/uploads\/2024\/04\/4A315622-1904-4D5C-B022-878CDC840E04-90x90-1.jpeg","width":90,"height":90,"caption":"Arturo Medina"},"logo":{"@id":"https:\/\/nitu.mx\/#\/schema\/person\/image\/"},"description":"Director NITU.mx, Egresado de la Escuela de Periodismo Carlos Septi\u00e9n Garc\u00eda. Periodista y analista especializado en turismo desde hace 35 a\u00f1os, radicado en Canc\u00fan Q.Roo. arturo@nitu.mx","sameAs":["https:\/\/nitu.mx","https:\/\/www.facebook.com\/NITUmx\/","medinacancun","https:\/\/twitter.com\/@Arturo_Medina_G"]},{"@type":"Person","@id":"https:\/\/nitu.mx\/#\/schema\/person\/4a28fe9bd65924f7c90623773daf1b0b","name":"Redacci\u00f3n","image":{"@type":"ImageObject","inLanguage":"es-MX","@id":"https:\/\/nitu.mx\/#\/schema\/person\/image\/","url":"https:\/\/secure.gravatar.com\/avatar\/5dd011c8ccfc5cd7e4c81e42252aab38?s=96&d=mm&r=g","contentUrl":"https:\/\/secure.gravatar.com\/avatar\/5dd011c8ccfc5cd7e4c81e42252aab38?s=96&d=mm&r=g","caption":"Redacci\u00f3n"},"url":"https:\/\/nitu.mx\/index.php\/author\/redaccion\/"}]}},"views":300,"_links":{"self":[{"href":"https:\/\/nitu.mx\/index.php\/wp-json\/wp\/v2\/posts\/22146"}],"collection":[{"href":"https:\/\/nitu.mx\/index.php\/wp-json\/wp\/v2\/posts"}],"about":[{"href":"https:\/\/nitu.mx\/index.php\/wp-json\/wp\/v2\/types\/post"}],"author":[{"embeddable":true,"href":"https:\/\/nitu.mx\/index.php\/wp-json\/wp\/v2\/users\/17"}],"replies":[{"embeddable":true,"href":"https:\/\/nitu.mx\/index.php\/wp-json\/wp\/v2\/comments?post=22146"}],"version-history":[{"count":3,"href":"https:\/\/nitu.mx\/index.php\/wp-json\/wp\/v2\/posts\/22146\/revisions"}],"predecessor-version":[{"id":22175,"href":"https:\/\/nitu.mx\/index.php\/wp-json\/wp\/v2\/posts\/22146\/revisions\/22175"}],"wp:featuredmedia":[{"embeddable":true,"href":"https:\/\/nitu.mx\/index.php\/wp-json\/wp\/v2\/media\/22174"}],"wp:attachment":[{"href":"https:\/\/nitu.mx\/index.php\/wp-json\/wp\/v2\/media?parent=22146"}],"wp:term":[{"taxonomy":"category","embeddable":true,"href":"https:\/\/nitu.mx\/index.php\/wp-json\/wp\/v2\/categories?post=22146"},{"taxonomy":"post_tag","embeddable":true,"href":"https:\/\/nitu.mx\/index.php\/wp-json\/wp\/v2\/tags?post=22146"}],"curies":[{"name":"wp","href":"https:\/\/api.w.org\/{rel}","templated":true}]}}