{"id":22060,"date":"2018-07-04T00:50:47","date_gmt":"2018-07-04T05:50:47","guid":{"rendered":"http:\/\/www.dev.nitu.mx\/?p=22060"},"modified":"2018-07-04T00:54:35","modified_gmt":"2018-07-04T05:54:35","slug":"ruta-aerea-cdmx-cancun-transporto-casi-2-millones-de-pasajeros-de-enero-a-mayo","status":"publish","type":"post","link":"https:\/\/nitu.mx\/index.php\/2018\/07\/04\/ruta-aerea-cdmx-cancun-transporto-casi-2-millones-de-pasajeros-de-enero-a-mayo\/","title":{"rendered":"Ruta a\u00e9rea CDMX-Canc\u00fan transport\u00f3 casi 2 millones de pasajeros de enero a mayo"},"content":{"rendered":"<p>La ruta a\u00e9rea CDMX-Canc\u00fan destaca en primer lugar del top 10 de los principales medios de transporte de pasajeros a nivel nacional, con un aumento de 5.9 por ciento en su volumen de viajeros a mayo de este a\u00f1o, en comparaci\u00f3n con los primeros cinco meses del a\u00f1o pasado, de acuerdo con datos de la Secretar\u00eda de Turismo (Sedetur) de Quintana Roo.<\/p>\n<p>El volumen de pasajeros transportados v\u00eda a\u00e9rea y la ruta CDMX-Canc\u00fan pas\u00f3 de un mill\u00f3n 880 mil a mayo de 2017 a un mill\u00f3n 991 mil en los primeros cinco meses de este a\u00f1o. (<a title=\"Canc\u00fan lidera Top 10 de rutas a\u00e9reas en M\u00e9xico\" href=\"http:\/\/www.dev.nitu.mx\/index.php\/2018\/04\/02\/cancun-en-primer-lugar-de-rutas-aereas-en-mexico\/\" rel=\"bookmark\">Canc\u00fan lidera Top 10 de rutas a\u00e9reas en M\u00e9xico<\/a>).<\/p>\n<p>La titular de la secretar\u00eda de Turismo de Quintana Roo (Sedetur), Marisol Vanegas, detall\u00f3 que la entidad tiene una infraestructura tur\u00edstica global de mil 067 hoteles y 100 mil 986 cuartos de hotel, adem\u00e1s de parques tem\u00e1ticos y opciones de entretenimiento, as\u00ed como 13 zonas arqueol\u00f3gicas abiertas al p\u00fablico, entre otros atractivos.<\/p>\n<p>\u201cDerivado del excelente producto tur\u00edstico, infraestructura y calidad en el servicio, la llegada de visitantes nacionales e internacionales a los principales destinos del Caribe Mexicano contin\u00faa en ascenso, lo que mantiene muy altas las expectativas para esta temporada de verano 2018\u201d, afirm\u00f3 Vanegas.<\/p>\n<p>Agreg\u00f3 que Estados Unidos, Canad\u00e1, Argentina, Reino Unido y Brasil contin\u00faan siendo los principales mercados de recepci\u00f3n de turistas internacionales en la entidad, lo que hoy por hoy mantiene el liderazgo de materia tur\u00edstica de Quintana Roo y los primeros lugares nacionales en la generaci\u00f3n de empleos.<\/p>\n<p>En cuanto al mercado estadounidense expres\u00f3 que el total de pasajeros provenientes de Chicago se increment\u00f3 0.06 por ciento y de Houston 2.94 por ciento a mayo. En tanto, los provenientes de Nueva York y Atlanta reportaron una disminuci\u00f3n de 2.5 por ciento cada uno.<\/p>\n","protected":false},"excerpt":{"rendered":"<p>La ruta a\u00e9rea CDMX-Canc\u00fan destaca en primer lugar del top 10 de los principales medios de transporte de pasajeros a nivel nacional, con un aumento de 5.9 por ciento en su volumen de viajeros a mayo de este a\u00f1o, en comparaci\u00f3n con los primeros cinco meses del a\u00f1o pasado, de acuerdo con datos de la [&hellip;]<\/p>\n","protected":false},"author":17,"featured_media":12067,"comment_status":"open","ping_status":"open","sticky":false,"template":"","format":"standard","meta":{"footnotes":""},"categories":[29,5],"tags":[221,1031,1827,1024,260,78,10983,254,1153],"yoast_head":"<!-- This site is optimized with the Yoast SEO plugin v22.2 - https:\/\/yoast.com\/wordpress\/plugins\/seo\/ -->\n<title>Ruta a\u00e9rea CDMX-Canc\u00fan transport\u00f3 casi 2 millones de pasajeros de enero a mayo - Nitu - Noticias de la Industria Turistica<\/title>\n<meta name=\"description\" content=\"La ruta a\u00e9rea CDMX-Canc\u00fan destaca en primer lugar del top 10 de los principales medios de transporte de pasajeros a nivel nacional, con un aumento de 5.9 por ciento en su volumen de viajeros a mayo de este a\u00f1o.\" \/>\n<meta name=\"robots\" content=\"index, follow, max-snippet:-1, max-image-preview:large, max-video-preview:-1\" \/>\n<link rel=\"canonical\" href=\"https:\/\/nitu.mx\/index.php\/2018\/07\/04\/ruta-aerea-cdmx-cancun-transporto-casi-2-millones-de-pasajeros-de-enero-a-mayo\/\" \/>\n<meta name=\"twitter:card\" content=\"summary_large_image\" \/>\n<meta name=\"twitter:title\" content=\"Ruta a\u00e9rea CDMX-Canc\u00fan transport\u00f3 casi 2 millones de pasajeros de enero a mayo - Nitu - Noticias de la Industria Turistica\" \/>\n<meta name=\"twitter:description\" content=\"La ruta a\u00e9rea CDMX-Canc\u00fan destaca en primer lugar del top 10 de los principales medios de transporte de pasajeros a nivel nacional, con un aumento de 5.9 por ciento en su volumen de viajeros a mayo de este a\u00f1o.\" \/>\n<meta name=\"twitter:image\" content=\"https:\/\/nitu.mx\/wp-content\/uploads\/2017\/08\/ASUR-CANCUN-terminal.jpg\" \/>\n<meta name=\"twitter:creator\" content=\"@NITUmx\" \/>\n<meta name=\"twitter:site\" content=\"@Arturo_Medina_G\" \/>\n<meta name=\"twitter:label1\" content=\"Escrito por\" \/>\n\t<meta name=\"twitter:data1\" content=\"Redacci\u00f3n\" \/>\n\t<meta name=\"twitter:label2\" content=\"Tiempo de lectura\" \/>\n\t<meta name=\"twitter:data2\" content=\"2 minutos\" \/>\n<script type=\"application\/ld+json\" class=\"yoast-schema-graph\">{\"@context\":\"https:\/\/schema.org\",\"@graph\":[{\"@type\":\"Article\",\"@id\":\"https:\/\/nitu.mx\/index.php\/2018\/07\/04\/ruta-aerea-cdmx-cancun-transporto-casi-2-millones-de-pasajeros-de-enero-a-mayo\/#article\",\"isPartOf\":{\"@id\":\"https:\/\/nitu.mx\/index.php\/2018\/07\/04\/ruta-aerea-cdmx-cancun-transporto-casi-2-millones-de-pasajeros-de-enero-a-mayo\/\"},\"author\":{\"name\":\"Redacci\u00f3n\",\"@id\":\"https:\/\/nitu.mx\/#\/schema\/person\/4a28fe9bd65924f7c90623773daf1b0b\"},\"headline\":\"Ruta a\u00e9rea CDMX-Canc\u00fan transport\u00f3 casi 2 millones de pasajeros de enero a mayo\",\"datePublished\":\"2018-07-04T05:50:47+00:00\",\"dateModified\":\"2018-07-04T05:54:35+00:00\",\"mainEntityOfPage\":{\"@id\":\"https:\/\/nitu.mx\/index.php\/2018\/07\/04\/ruta-aerea-cdmx-cancun-transporto-casi-2-millones-de-pasajeros-de-enero-a-mayo\/\"},\"wordCount\":320,\"commentCount\":0,\"publisher\":{\"@id\":\"https:\/\/nitu.mx\/#\/schema\/person\/ae7a53426417292d3dd07b45a33e01bc\"},\"image\":{\"@id\":\"https:\/\/nitu.mx\/index.php\/2018\/07\/04\/ruta-aerea-cdmx-cancun-transporto-casi-2-millones-de-pasajeros-de-enero-a-mayo\/#primaryimage\"},\"thumbnailUrl\":\"https:\/\/nitu.mx\/wp-content\/uploads\/2017\/08\/ASUR-CANCUN-terminal.jpg\",\"keywords\":[\"Argentina\",\"Canad\u00e1\",\"EU\",\"Marisol Vanegas\",\"Quintana Roo\",\"Reino Unido\",\"ruta a\u00e9rea CDMX-Canc\u00fan\",\"Secretar\u00eda de Turismo\",\"Sedetur\"],\"articleSection\":[\"Aerol\u00edneas\",\"Destinos\"],\"inLanguage\":\"es-MX\",\"potentialAction\":[{\"@type\":\"CommentAction\",\"name\":\"Comment\",\"target\":[\"https:\/\/nitu.mx\/index.php\/2018\/07\/04\/ruta-aerea-cdmx-cancun-transporto-casi-2-millones-de-pasajeros-de-enero-a-mayo\/#respond\"]}]},{\"@type\":\"WebPage\",\"@id\":\"https:\/\/nitu.mx\/index.php\/2018\/07\/04\/ruta-aerea-cdmx-cancun-transporto-casi-2-millones-de-pasajeros-de-enero-a-mayo\/\",\"url\":\"https:\/\/nitu.mx\/index.php\/2018\/07\/04\/ruta-aerea-cdmx-cancun-transporto-casi-2-millones-de-pasajeros-de-enero-a-mayo\/\",\"name\":\"Ruta a\u00e9rea CDMX-Canc\u00fan transport\u00f3 casi 2 millones de pasajeros de enero a mayo - Nitu - Noticias de la Industria Turistica\",\"isPartOf\":{\"@id\":\"https:\/\/nitu.mx\/#website\"},\"primaryImageOfPage\":{\"@id\":\"https:\/\/nitu.mx\/index.php\/2018\/07\/04\/ruta-aerea-cdmx-cancun-transporto-casi-2-millones-de-pasajeros-de-enero-a-mayo\/#primaryimage\"},\"image\":{\"@id\":\"https:\/\/nitu.mx\/index.php\/2018\/07\/04\/ruta-aerea-cdmx-cancun-transporto-casi-2-millones-de-pasajeros-de-enero-a-mayo\/#primaryimage\"},\"thumbnailUrl\":\"https:\/\/nitu.mx\/wp-content\/uploads\/2017\/08\/ASUR-CANCUN-terminal.jpg\",\"datePublished\":\"2018-07-04T05:50:47+00:00\",\"dateModified\":\"2018-07-04T05:54:35+00:00\",\"description\":\"La ruta a\u00e9rea CDMX-Canc\u00fan destaca en primer lugar del top 10 de los principales medios de transporte de pasajeros a nivel nacional, con un aumento de 5.9 por ciento en su volumen de viajeros a mayo de este a\u00f1o.\",\"breadcrumb\":{\"@id\":\"https:\/\/nitu.mx\/index.php\/2018\/07\/04\/ruta-aerea-cdmx-cancun-transporto-casi-2-millones-de-pasajeros-de-enero-a-mayo\/#breadcrumb\"},\"inLanguage\":\"es-MX\",\"potentialAction\":[{\"@type\":\"ReadAction\",\"target\":[\"https:\/\/nitu.mx\/index.php\/2018\/07\/04\/ruta-aerea-cdmx-cancun-transporto-casi-2-millones-de-pasajeros-de-enero-a-mayo\/\"]}]},{\"@type\":\"ImageObject\",\"inLanguage\":\"es-MX\",\"@id\":\"https:\/\/nitu.mx\/index.php\/2018\/07\/04\/ruta-aerea-cdmx-cancun-transporto-casi-2-millones-de-pasajeros-de-enero-a-mayo\/#primaryimage\",\"url\":\"https:\/\/nitu.mx\/wp-content\/uploads\/2017\/08\/ASUR-CANCUN-terminal.jpg\",\"contentUrl\":\"https:\/\/nitu.mx\/wp-content\/uploads\/2017\/08\/ASUR-CANCUN-terminal.jpg\",\"width\":850,\"height\":480,\"caption\":\"Franklin ASUR CANCUN terminal\"},{\"@type\":\"BreadcrumbList\",\"@id\":\"https:\/\/nitu.mx\/index.php\/2018\/07\/04\/ruta-aerea-cdmx-cancun-transporto-casi-2-millones-de-pasajeros-de-enero-a-mayo\/#breadcrumb\",\"itemListElement\":[{\"@type\":\"ListItem\",\"position\":1,\"name\":\"Inicio\",\"item\":\"https:\/\/nitu.mx\/\"},{\"@type\":\"ListItem\",\"position\":2,\"name\":\"Ruta a\u00e9rea CDMX-Canc\u00fan transport\u00f3 casi 2 millones de pasajeros de enero a mayo\"}]},{\"@type\":\"WebSite\",\"@id\":\"https:\/\/nitu.mx\/#website\",\"url\":\"https:\/\/nitu.mx\/\",\"name\":\"Nitu - Noticias de la Industria Turistica\",\"description\":\"Noticias de la Industria Turistica\",\"publisher\":{\"@id\":\"https:\/\/nitu.mx\/#\/schema\/person\/ae7a53426417292d3dd07b45a33e01bc\"},\"alternateName\":\"Noticias de la Industria Turistica\",\"potentialAction\":[{\"@type\":\"SearchAction\",\"target\":{\"@type\":\"EntryPoint\",\"urlTemplate\":\"https:\/\/nitu.mx\/?s={search_term_string}\"},\"query-input\":\"required name=search_term_string\"}],\"inLanguage\":\"es-MX\"},{\"@type\":[\"Person\",\"Organization\"],\"@id\":\"https:\/\/nitu.mx\/#\/schema\/person\/ae7a53426417292d3dd07b45a33e01bc\",\"name\":\"Arturo Medina\",\"image\":{\"@type\":\"ImageObject\",\"inLanguage\":\"es-MX\",\"@id\":\"https:\/\/nitu.mx\/#\/schema\/person\/image\/\",\"url\":\"https:\/\/nitu.mx\/wp-content\/uploads\/2024\/04\/4A315622-1904-4D5C-B022-878CDC840E04-90x90-1.jpeg\",\"contentUrl\":\"https:\/\/nitu.mx\/wp-content\/uploads\/2024\/04\/4A315622-1904-4D5C-B022-878CDC840E04-90x90-1.jpeg\",\"width\":90,\"height\":90,\"caption\":\"Arturo Medina\"},\"logo\":{\"@id\":\"https:\/\/nitu.mx\/#\/schema\/person\/image\/\"},\"description\":\"Director NITU.mx, Egresado de la Escuela de Periodismo Carlos Septi\u00e9n Garc\u00eda. Periodista y analista especializado en turismo desde hace 35 a\u00f1os, radicado en Canc\u00fan Q.Roo. arturo@nitu.mx\",\"sameAs\":[\"https:\/\/nitu.mx\",\"https:\/\/www.facebook.com\/NITUmx\/\",\"medinacancun\",\"https:\/\/twitter.com\/@Arturo_Medina_G\"]},{\"@type\":\"Person\",\"@id\":\"https:\/\/nitu.mx\/#\/schema\/person\/4a28fe9bd65924f7c90623773daf1b0b\",\"name\":\"Redacci\u00f3n\",\"image\":{\"@type\":\"ImageObject\",\"inLanguage\":\"es-MX\",\"@id\":\"https:\/\/nitu.mx\/#\/schema\/person\/image\/\",\"url\":\"https:\/\/secure.gravatar.com\/avatar\/5dd011c8ccfc5cd7e4c81e42252aab38?s=96&d=mm&r=g\",\"contentUrl\":\"https:\/\/secure.gravatar.com\/avatar\/5dd011c8ccfc5cd7e4c81e42252aab38?s=96&d=mm&r=g\",\"caption\":\"Redacci\u00f3n\"},\"url\":\"https:\/\/nitu.mx\/index.php\/author\/redaccion\/\"}]}<\/script>\n<!-- \/ Yoast SEO plugin. -->","yoast_head_json":{"title":"Ruta a\u00e9rea CDMX-Canc\u00fan transport\u00f3 casi 2 millones de pasajeros de enero a mayo - Nitu - Noticias de la Industria Turistica","description":"La ruta a\u00e9rea CDMX-Canc\u00fan destaca en primer lugar del top 10 de los principales medios de transporte de pasajeros a nivel nacional, con un aumento de 5.9 por ciento en su volumen de viajeros a mayo de este a\u00f1o.","robots":{"index":"index","follow":"follow","max-snippet":"max-snippet:-1","max-image-preview":"max-image-preview:large","max-video-preview":"max-video-preview:-1"},"canonical":"https:\/\/nitu.mx\/index.php\/2018\/07\/04\/ruta-aerea-cdmx-cancun-transporto-casi-2-millones-de-pasajeros-de-enero-a-mayo\/","twitter_card":"summary_large_image","twitter_title":"Ruta a\u00e9rea CDMX-Canc\u00fan transport\u00f3 casi 2 millones de pasajeros de enero a mayo - Nitu - Noticias de la Industria Turistica","twitter_description":"La ruta a\u00e9rea CDMX-Canc\u00fan destaca en primer lugar del top 10 de los principales medios de transporte de pasajeros a nivel nacional, con un aumento de 5.9 por ciento en su volumen de viajeros a mayo de este a\u00f1o.","twitter_image":"https:\/\/nitu.mx\/wp-content\/uploads\/2017\/08\/ASUR-CANCUN-terminal.jpg","twitter_creator":"@NITUmx","twitter_site":"@Arturo_Medina_G","twitter_misc":{"Escrito por":"Redacci\u00f3n","Tiempo de lectura":"2 minutos"},"schema":{"@context":"https:\/\/schema.org","@graph":[{"@type":"Article","@id":"https:\/\/nitu.mx\/index.php\/2018\/07\/04\/ruta-aerea-cdmx-cancun-transporto-casi-2-millones-de-pasajeros-de-enero-a-mayo\/#article","isPartOf":{"@id":"https:\/\/nitu.mx\/index.php\/2018\/07\/04\/ruta-aerea-cdmx-cancun-transporto-casi-2-millones-de-pasajeros-de-enero-a-mayo\/"},"author":{"name":"Redacci\u00f3n","@id":"https:\/\/nitu.mx\/#\/schema\/person\/4a28fe9bd65924f7c90623773daf1b0b"},"headline":"Ruta a\u00e9rea CDMX-Canc\u00fan transport\u00f3 casi 2 millones de pasajeros de enero a mayo","datePublished":"2018-07-04T05:50:47+00:00","dateModified":"2018-07-04T05:54:35+00:00","mainEntityOfPage":{"@id":"https:\/\/nitu.mx\/index.php\/2018\/07\/04\/ruta-aerea-cdmx-cancun-transporto-casi-2-millones-de-pasajeros-de-enero-a-mayo\/"},"wordCount":320,"commentCount":0,"publisher":{"@id":"https:\/\/nitu.mx\/#\/schema\/person\/ae7a53426417292d3dd07b45a33e01bc"},"image":{"@id":"https:\/\/nitu.mx\/index.php\/2018\/07\/04\/ruta-aerea-cdmx-cancun-transporto-casi-2-millones-de-pasajeros-de-enero-a-mayo\/#primaryimage"},"thumbnailUrl":"https:\/\/nitu.mx\/wp-content\/uploads\/2017\/08\/ASUR-CANCUN-terminal.jpg","keywords":["Argentina","Canad\u00e1","EU","Marisol Vanegas","Quintana Roo","Reino Unido","ruta a\u00e9rea CDMX-Canc\u00fan","Secretar\u00eda de Turismo","Sedetur"],"articleSection":["Aerol\u00edneas","Destinos"],"inLanguage":"es-MX","potentialAction":[{"@type":"CommentAction","name":"Comment","target":["https:\/\/nitu.mx\/index.php\/2018\/07\/04\/ruta-aerea-cdmx-cancun-transporto-casi-2-millones-de-pasajeros-de-enero-a-mayo\/#respond"]}]},{"@type":"WebPage","@id":"https:\/\/nitu.mx\/index.php\/2018\/07\/04\/ruta-aerea-cdmx-cancun-transporto-casi-2-millones-de-pasajeros-de-enero-a-mayo\/","url":"https:\/\/nitu.mx\/index.php\/2018\/07\/04\/ruta-aerea-cdmx-cancun-transporto-casi-2-millones-de-pasajeros-de-enero-a-mayo\/","name":"Ruta a\u00e9rea CDMX-Canc\u00fan transport\u00f3 casi 2 millones de pasajeros de enero a mayo - Nitu - Noticias de la Industria Turistica","isPartOf":{"@id":"https:\/\/nitu.mx\/#website"},"primaryImageOfPage":{"@id":"https:\/\/nitu.mx\/index.php\/2018\/07\/04\/ruta-aerea-cdmx-cancun-transporto-casi-2-millones-de-pasajeros-de-enero-a-mayo\/#primaryimage"},"image":{"@id":"https:\/\/nitu.mx\/index.php\/2018\/07\/04\/ruta-aerea-cdmx-cancun-transporto-casi-2-millones-de-pasajeros-de-enero-a-mayo\/#primaryimage"},"thumbnailUrl":"https:\/\/nitu.mx\/wp-content\/uploads\/2017\/08\/ASUR-CANCUN-terminal.jpg","datePublished":"2018-07-04T05:50:47+00:00","dateModified":"2018-07-04T05:54:35+00:00","description":"La ruta a\u00e9rea CDMX-Canc\u00fan destaca en primer lugar del top 10 de los principales medios de transporte de pasajeros a nivel nacional, con un aumento de 5.9 por ciento en su volumen de viajeros a mayo de este a\u00f1o.","breadcrumb":{"@id":"https:\/\/nitu.mx\/index.php\/2018\/07\/04\/ruta-aerea-cdmx-cancun-transporto-casi-2-millones-de-pasajeros-de-enero-a-mayo\/#breadcrumb"},"inLanguage":"es-MX","potentialAction":[{"@type":"ReadAction","target":["https:\/\/nitu.mx\/index.php\/2018\/07\/04\/ruta-aerea-cdmx-cancun-transporto-casi-2-millones-de-pasajeros-de-enero-a-mayo\/"]}]},{"@type":"ImageObject","inLanguage":"es-MX","@id":"https:\/\/nitu.mx\/index.php\/2018\/07\/04\/ruta-aerea-cdmx-cancun-transporto-casi-2-millones-de-pasajeros-de-enero-a-mayo\/#primaryimage","url":"https:\/\/nitu.mx\/wp-content\/uploads\/2017\/08\/ASUR-CANCUN-terminal.jpg","contentUrl":"https:\/\/nitu.mx\/wp-content\/uploads\/2017\/08\/ASUR-CANCUN-terminal.jpg","width":850,"height":480,"caption":"Franklin ASUR CANCUN terminal"},{"@type":"BreadcrumbList","@id":"https:\/\/nitu.mx\/index.php\/2018\/07\/04\/ruta-aerea-cdmx-cancun-transporto-casi-2-millones-de-pasajeros-de-enero-a-mayo\/#breadcrumb","itemListElement":[{"@type":"ListItem","position":1,"name":"Inicio","item":"https:\/\/nitu.mx\/"},{"@type":"ListItem","position":2,"name":"Ruta a\u00e9rea CDMX-Canc\u00fan transport\u00f3 casi 2 millones de pasajeros de enero a mayo"}]},{"@type":"WebSite","@id":"https:\/\/nitu.mx\/#website","url":"https:\/\/nitu.mx\/","name":"Nitu - Noticias de la Industria Turistica","description":"Noticias de la Industria Turistica","publisher":{"@id":"https:\/\/nitu.mx\/#\/schema\/person\/ae7a53426417292d3dd07b45a33e01bc"},"alternateName":"Noticias de la Industria Turistica","potentialAction":[{"@type":"SearchAction","target":{"@type":"EntryPoint","urlTemplate":"https:\/\/nitu.mx\/?s={search_term_string}"},"query-input":"required name=search_term_string"}],"inLanguage":"es-MX"},{"@type":["Person","Organization"],"@id":"https:\/\/nitu.mx\/#\/schema\/person\/ae7a53426417292d3dd07b45a33e01bc","name":"Arturo Medina","image":{"@type":"ImageObject","inLanguage":"es-MX","@id":"https:\/\/nitu.mx\/#\/schema\/person\/image\/","url":"https:\/\/nitu.mx\/wp-content\/uploads\/2024\/04\/4A315622-1904-4D5C-B022-878CDC840E04-90x90-1.jpeg","contentUrl":"https:\/\/nitu.mx\/wp-content\/uploads\/2024\/04\/4A315622-1904-4D5C-B022-878CDC840E04-90x90-1.jpeg","width":90,"height":90,"caption":"Arturo Medina"},"logo":{"@id":"https:\/\/nitu.mx\/#\/schema\/person\/image\/"},"description":"Director NITU.mx, Egresado de la Escuela de Periodismo Carlos Septi\u00e9n Garc\u00eda. Periodista y analista especializado en turismo desde hace 35 a\u00f1os, radicado en Canc\u00fan Q.Roo. arturo@nitu.mx","sameAs":["https:\/\/nitu.mx","https:\/\/www.facebook.com\/NITUmx\/","medinacancun","https:\/\/twitter.com\/@Arturo_Medina_G"]},{"@type":"Person","@id":"https:\/\/nitu.mx\/#\/schema\/person\/4a28fe9bd65924f7c90623773daf1b0b","name":"Redacci\u00f3n","image":{"@type":"ImageObject","inLanguage":"es-MX","@id":"https:\/\/nitu.mx\/#\/schema\/person\/image\/","url":"https:\/\/secure.gravatar.com\/avatar\/5dd011c8ccfc5cd7e4c81e42252aab38?s=96&d=mm&r=g","contentUrl":"https:\/\/secure.gravatar.com\/avatar\/5dd011c8ccfc5cd7e4c81e42252aab38?s=96&d=mm&r=g","caption":"Redacci\u00f3n"},"url":"https:\/\/nitu.mx\/index.php\/author\/redaccion\/"}]}},"views":219,"_links":{"self":[{"href":"https:\/\/nitu.mx\/index.php\/wp-json\/wp\/v2\/posts\/22060"}],"collection":[{"href":"https:\/\/nitu.mx\/index.php\/wp-json\/wp\/v2\/posts"}],"about":[{"href":"https:\/\/nitu.mx\/index.php\/wp-json\/wp\/v2\/types\/post"}],"author":[{"embeddable":true,"href":"https:\/\/nitu.mx\/index.php\/wp-json\/wp\/v2\/users\/17"}],"replies":[{"embeddable":true,"href":"https:\/\/nitu.mx\/index.php\/wp-json\/wp\/v2\/comments?post=22060"}],"version-history":[{"count":3,"href":"https:\/\/nitu.mx\/index.php\/wp-json\/wp\/v2\/posts\/22060\/revisions"}],"predecessor-version":[{"id":22097,"href":"https:\/\/nitu.mx\/index.php\/wp-json\/wp\/v2\/posts\/22060\/revisions\/22097"}],"wp:featuredmedia":[{"embeddable":true,"href":"https:\/\/nitu.mx\/index.php\/wp-json\/wp\/v2\/media\/12067"}],"wp:attachment":[{"href":"https:\/\/nitu.mx\/index.php\/wp-json\/wp\/v2\/media?parent=22060"}],"wp:term":[{"taxonomy":"category","embeddable":true,"href":"https:\/\/nitu.mx\/index.php\/wp-json\/wp\/v2\/categories?post=22060"},{"taxonomy":"post_tag","embeddable":true,"href":"https:\/\/nitu.mx\/index.php\/wp-json\/wp\/v2\/tags?post=22060"}],"curies":[{"name":"wp","href":"https:\/\/api.w.org\/{rel}","templated":true}]}}