{"id":22030,"date":"2018-07-02T23:22:52","date_gmt":"2018-07-03T04:22:52","guid":{"rendered":"http:\/\/www.dev.nitu.mx\/?p=22030"},"modified":"2018-07-03T00:16:30","modified_gmt":"2018-07-03T05:16:30","slug":"volaris-eleva-de-3-a-7-frecuencias-semanales-en-la-ruta-chetumal-cdmx","status":"publish","type":"post","link":"https:\/\/nitu.mx\/index.php\/2018\/07\/02\/volaris-eleva-de-3-a-7-frecuencias-semanales-en-la-ruta-chetumal-cdmx\/","title":{"rendered":"Volaris eleva de 3 a 7 frecuencias semanales en la ruta Chetumal-CDMX"},"content":{"rendered":"<p>En respuesta a la alta demanda de vuelos entre Ciudad de M\u00e9xico y Chetumal, a partir de este domingo 1 de julio, Volaris comenz\u00f3 a operar frecuencias diarias en esta ruta, inform\u00f3 Aeropuertos y Servicios Auxiliares (ASA).<\/p>\n<p>En un comunicado, el organismo descentralizado detall\u00f3 que la aerol\u00ednea de ultra bajo costo elev\u00f3 su cobertura de lunes a domingo, con salidas y llegadas vespertinas y nocturnas.<\/p>\n<p>\u201cCon el incremento de vuelos se beneficiar\u00e1 principalmente a los sectores tur\u00edstico y empresarial, permitiendo focalizar la promoci\u00f3n de visitantes nacionales y extranjeros en los poblados cercanos como Bacalar, Calderitas, Mahahual y Xul Ha, adem\u00e1s de otorgar mayores opciones a los usuarios de Belice\u201d, se\u00f1al\u00f3 ASA.<\/p>\n<p>La dependencia tambi\u00e9n record\u00f3 que Volaris inici\u00f3 operaciones hace tres a\u00f1os en la terminal quintanarroense, con tres frecuencias semanales (martes, jueves y s\u00e1bado). (<a title=\"Despega modernizaci\u00f3n del aeropuerto de Chetumal\" href=\"http:\/\/www.dev.nitu.mx\/index.php\/2017\/11\/28\/despega-modernizacion-del-aeropuerto-chetumal\/\" rel=\"bookmark\">Despega modernizaci\u00f3n del aeropuerto de Chetumal<\/a>).<\/p>\n<p>&nbsp;<\/p>\n","protected":false},"excerpt":{"rendered":"<p>En respuesta a la alta demanda de vuelos entre Ciudad de M\u00e9xico y Chetumal, a partir de este domingo 1 de julio, Volaris comenz\u00f3 a operar frecuencias diarias en esta ruta, inform\u00f3 Aeropuertos y Servicios Auxiliares (ASA). En un comunicado, el organismo descentralizado detall\u00f3 que la aerol\u00ednea de ultra bajo costo elev\u00f3 su cobertura de [&hellip;]<\/p>\n","protected":false},"author":17,"featured_media":19099,"comment_status":"open","ping_status":"open","sticky":false,"template":"","format":"standard","meta":{"footnotes":""},"categories":[29,6],"tags":[1760,3065,6811,454,125,111,10981,2139,131,10982,1016],"yoast_head":"<!-- This site is optimized with the Yoast SEO plugin v22.2 - https:\/\/yoast.com\/wordpress\/plugins\/seo\/ -->\n<title>Volaris eleva de 3 a 7 frecuencias semanales en la ruta Chetumal-CDMX - Nitu - Noticias de la Industria Turistica<\/title>\n<meta name=\"description\" content=\"En respuesta a la alta demanda de vuelos entre Ciudad de M\u00e9xico y Chetumal, a partir de este domingo 1 de julio, Volaris comenz\u00f3 a operar frecuencias diarias en esta ruta, inform\u00f3 Aeropuertos y Servicios Auxiliares (ASA).\" \/>\n<meta name=\"robots\" content=\"index, follow, max-snippet:-1, max-image-preview:large, max-video-preview:-1\" \/>\n<link rel=\"canonical\" href=\"https:\/\/nitu.mx\/index.php\/2018\/07\/02\/volaris-eleva-de-3-a-7-frecuencias-semanales-en-la-ruta-chetumal-cdmx\/\" \/>\n<meta name=\"twitter:card\" content=\"summary_large_image\" \/>\n<meta name=\"twitter:title\" content=\"Volaris eleva de 3 a 7 frecuencias semanales en la ruta Chetumal-CDMX - Nitu - Noticias de la Industria Turistica\" \/>\n<meta name=\"twitter:description\" content=\"En respuesta a la alta demanda de vuelos entre Ciudad de M\u00e9xico y Chetumal, a partir de este domingo 1 de julio, Volaris comenz\u00f3 a operar frecuencias diarias en esta ruta, inform\u00f3 Aeropuertos y Servicios Auxiliares (ASA).\" \/>\n<meta name=\"twitter:image\" content=\"https:\/\/nitu.mx\/wp-content\/uploads\/2018\/04\/Volaris-Segob.jpg\" \/>\n<meta name=\"twitter:creator\" content=\"@NITUmx\" \/>\n<meta name=\"twitter:site\" content=\"@Arturo_Medina_G\" \/>\n<meta name=\"twitter:label1\" content=\"Escrito por\" \/>\n\t<meta name=\"twitter:data1\" content=\"Redacci\u00f3n\" \/>\n\t<meta name=\"twitter:label2\" content=\"Tiempo de lectura\" \/>\n\t<meta name=\"twitter:data2\" content=\"1 minuto\" \/>\n<script type=\"application\/ld+json\" class=\"yoast-schema-graph\">{\"@context\":\"https:\/\/schema.org\",\"@graph\":[{\"@type\":\"Article\",\"@id\":\"https:\/\/nitu.mx\/index.php\/2018\/07\/02\/volaris-eleva-de-3-a-7-frecuencias-semanales-en-la-ruta-chetumal-cdmx\/#article\",\"isPartOf\":{\"@id\":\"https:\/\/nitu.mx\/index.php\/2018\/07\/02\/volaris-eleva-de-3-a-7-frecuencias-semanales-en-la-ruta-chetumal-cdmx\/\"},\"author\":{\"name\":\"Redacci\u00f3n\",\"@id\":\"https:\/\/nitu.mx\/#\/schema\/person\/4a28fe9bd65924f7c90623773daf1b0b\"},\"headline\":\"Volaris eleva de 3 a 7 frecuencias semanales en la ruta Chetumal-CDMX\",\"datePublished\":\"2018-07-03T04:22:52+00:00\",\"dateModified\":\"2018-07-03T05:16:30+00:00\",\"mainEntityOfPage\":{\"@id\":\"https:\/\/nitu.mx\/index.php\/2018\/07\/02\/volaris-eleva-de-3-a-7-frecuencias-semanales-en-la-ruta-chetumal-cdmx\/\"},\"wordCount\":160,\"commentCount\":0,\"publisher\":{\"@id\":\"https:\/\/nitu.mx\/#\/schema\/person\/ae7a53426417292d3dd07b45a33e01bc\"},\"image\":{\"@id\":\"https:\/\/nitu.mx\/index.php\/2018\/07\/02\/volaris-eleva-de-3-a-7-frecuencias-semanales-en-la-ruta-chetumal-cdmx\/#primaryimage\"},\"thumbnailUrl\":\"https:\/\/nitu.mx\/wp-content\/uploads\/2018\/04\/Volaris-Segob.jpg\",\"keywords\":[\"Bacalar\",\"Belice\",\"Calderitas\",\"Chetumal\",\"Ciudad de M\u00e9xico\",\"Mahahual\",\"nuevas frecuencias\",\"Red ASA\",\"Volaris\",\"vuelos de temporada\",\"Xul-H\u00e1\"],\"articleSection\":[\"Aerol\u00edneas\",\"M\u00e9xico\"],\"inLanguage\":\"es-MX\",\"potentialAction\":[{\"@type\":\"CommentAction\",\"name\":\"Comment\",\"target\":[\"https:\/\/nitu.mx\/index.php\/2018\/07\/02\/volaris-eleva-de-3-a-7-frecuencias-semanales-en-la-ruta-chetumal-cdmx\/#respond\"]}]},{\"@type\":\"WebPage\",\"@id\":\"https:\/\/nitu.mx\/index.php\/2018\/07\/02\/volaris-eleva-de-3-a-7-frecuencias-semanales-en-la-ruta-chetumal-cdmx\/\",\"url\":\"https:\/\/nitu.mx\/index.php\/2018\/07\/02\/volaris-eleva-de-3-a-7-frecuencias-semanales-en-la-ruta-chetumal-cdmx\/\",\"name\":\"Volaris eleva de 3 a 7 frecuencias semanales en la ruta Chetumal-CDMX - Nitu - Noticias de la Industria Turistica\",\"isPartOf\":{\"@id\":\"https:\/\/nitu.mx\/#website\"},\"primaryImageOfPage\":{\"@id\":\"https:\/\/nitu.mx\/index.php\/2018\/07\/02\/volaris-eleva-de-3-a-7-frecuencias-semanales-en-la-ruta-chetumal-cdmx\/#primaryimage\"},\"image\":{\"@id\":\"https:\/\/nitu.mx\/index.php\/2018\/07\/02\/volaris-eleva-de-3-a-7-frecuencias-semanales-en-la-ruta-chetumal-cdmx\/#primaryimage\"},\"thumbnailUrl\":\"https:\/\/nitu.mx\/wp-content\/uploads\/2018\/04\/Volaris-Segob.jpg\",\"datePublished\":\"2018-07-03T04:22:52+00:00\",\"dateModified\":\"2018-07-03T05:16:30+00:00\",\"description\":\"En respuesta a la alta demanda de vuelos entre Ciudad de M\u00e9xico y Chetumal, a partir de este domingo 1 de julio, Volaris comenz\u00f3 a operar frecuencias diarias en esta ruta, inform\u00f3 Aeropuertos y Servicios Auxiliares (ASA).\",\"breadcrumb\":{\"@id\":\"https:\/\/nitu.mx\/index.php\/2018\/07\/02\/volaris-eleva-de-3-a-7-frecuencias-semanales-en-la-ruta-chetumal-cdmx\/#breadcrumb\"},\"inLanguage\":\"es-MX\",\"potentialAction\":[{\"@type\":\"ReadAction\",\"target\":[\"https:\/\/nitu.mx\/index.php\/2018\/07\/02\/volaris-eleva-de-3-a-7-frecuencias-semanales-en-la-ruta-chetumal-cdmx\/\"]}]},{\"@type\":\"ImageObject\",\"inLanguage\":\"es-MX\",\"@id\":\"https:\/\/nitu.mx\/index.php\/2018\/07\/02\/volaris-eleva-de-3-a-7-frecuencias-semanales-en-la-ruta-chetumal-cdmx\/#primaryimage\",\"url\":\"https:\/\/nitu.mx\/wp-content\/uploads\/2018\/04\/Volaris-Segob.jpg\",\"contentUrl\":\"https:\/\/nitu.mx\/wp-content\/uploads\/2018\/04\/Volaris-Segob.jpg\",\"width\":850,\"height\":480,\"caption\":\"Volaris\"},{\"@type\":\"BreadcrumbList\",\"@id\":\"https:\/\/nitu.mx\/index.php\/2018\/07\/02\/volaris-eleva-de-3-a-7-frecuencias-semanales-en-la-ruta-chetumal-cdmx\/#breadcrumb\",\"itemListElement\":[{\"@type\":\"ListItem\",\"position\":1,\"name\":\"Inicio\",\"item\":\"https:\/\/nitu.mx\/\"},{\"@type\":\"ListItem\",\"position\":2,\"name\":\"Volaris eleva de 3 a 7 frecuencias semanales en la ruta Chetumal-CDMX\"}]},{\"@type\":\"WebSite\",\"@id\":\"https:\/\/nitu.mx\/#website\",\"url\":\"https:\/\/nitu.mx\/\",\"name\":\"Nitu - Noticias de la Industria Turistica\",\"description\":\"Noticias de la Industria Turistica\",\"publisher\":{\"@id\":\"https:\/\/nitu.mx\/#\/schema\/person\/ae7a53426417292d3dd07b45a33e01bc\"},\"alternateName\":\"Noticias de la Industria Turistica\",\"potentialAction\":[{\"@type\":\"SearchAction\",\"target\":{\"@type\":\"EntryPoint\",\"urlTemplate\":\"https:\/\/nitu.mx\/?s={search_term_string}\"},\"query-input\":\"required name=search_term_string\"}],\"inLanguage\":\"es-MX\"},{\"@type\":[\"Person\",\"Organization\"],\"@id\":\"https:\/\/nitu.mx\/#\/schema\/person\/ae7a53426417292d3dd07b45a33e01bc\",\"name\":\"Arturo Medina\",\"image\":{\"@type\":\"ImageObject\",\"inLanguage\":\"es-MX\",\"@id\":\"https:\/\/nitu.mx\/#\/schema\/person\/image\/\",\"url\":\"https:\/\/nitu.mx\/wp-content\/uploads\/2024\/04\/4A315622-1904-4D5C-B022-878CDC840E04-90x90-1.jpeg\",\"contentUrl\":\"https:\/\/nitu.mx\/wp-content\/uploads\/2024\/04\/4A315622-1904-4D5C-B022-878CDC840E04-90x90-1.jpeg\",\"width\":90,\"height\":90,\"caption\":\"Arturo Medina\"},\"logo\":{\"@id\":\"https:\/\/nitu.mx\/#\/schema\/person\/image\/\"},\"description\":\"Director NITU.mx, Egresado de la Escuela de Periodismo Carlos Septi\u00e9n Garc\u00eda. Periodista y analista especializado en turismo desde hace 35 a\u00f1os, radicado en Canc\u00fan Q.Roo. arturo@nitu.mx\",\"sameAs\":[\"https:\/\/nitu.mx\",\"https:\/\/www.facebook.com\/NITUmx\/\",\"medinacancun\",\"https:\/\/twitter.com\/@Arturo_Medina_G\"]},{\"@type\":\"Person\",\"@id\":\"https:\/\/nitu.mx\/#\/schema\/person\/4a28fe9bd65924f7c90623773daf1b0b\",\"name\":\"Redacci\u00f3n\",\"image\":{\"@type\":\"ImageObject\",\"inLanguage\":\"es-MX\",\"@id\":\"https:\/\/nitu.mx\/#\/schema\/person\/image\/\",\"url\":\"https:\/\/secure.gravatar.com\/avatar\/5dd011c8ccfc5cd7e4c81e42252aab38?s=96&d=mm&r=g\",\"contentUrl\":\"https:\/\/secure.gravatar.com\/avatar\/5dd011c8ccfc5cd7e4c81e42252aab38?s=96&d=mm&r=g\",\"caption\":\"Redacci\u00f3n\"},\"url\":\"https:\/\/nitu.mx\/index.php\/author\/redaccion\/\"}]}<\/script>\n<!-- \/ Yoast SEO plugin. -->","yoast_head_json":{"title":"Volaris eleva de 3 a 7 frecuencias semanales en la ruta Chetumal-CDMX - Nitu - Noticias de la Industria Turistica","description":"En respuesta a la alta demanda de vuelos entre Ciudad de M\u00e9xico y Chetumal, a partir de este domingo 1 de julio, Volaris comenz\u00f3 a operar frecuencias diarias en esta ruta, inform\u00f3 Aeropuertos y Servicios Auxiliares (ASA).","robots":{"index":"index","follow":"follow","max-snippet":"max-snippet:-1","max-image-preview":"max-image-preview:large","max-video-preview":"max-video-preview:-1"},"canonical":"https:\/\/nitu.mx\/index.php\/2018\/07\/02\/volaris-eleva-de-3-a-7-frecuencias-semanales-en-la-ruta-chetumal-cdmx\/","twitter_card":"summary_large_image","twitter_title":"Volaris eleva de 3 a 7 frecuencias semanales en la ruta Chetumal-CDMX - Nitu - Noticias de la Industria Turistica","twitter_description":"En respuesta a la alta demanda de vuelos entre Ciudad de M\u00e9xico y Chetumal, a partir de este domingo 1 de julio, Volaris comenz\u00f3 a operar frecuencias diarias en esta ruta, inform\u00f3 Aeropuertos y Servicios Auxiliares (ASA).","twitter_image":"https:\/\/nitu.mx\/wp-content\/uploads\/2018\/04\/Volaris-Segob.jpg","twitter_creator":"@NITUmx","twitter_site":"@Arturo_Medina_G","twitter_misc":{"Escrito por":"Redacci\u00f3n","Tiempo de lectura":"1 minuto"},"schema":{"@context":"https:\/\/schema.org","@graph":[{"@type":"Article","@id":"https:\/\/nitu.mx\/index.php\/2018\/07\/02\/volaris-eleva-de-3-a-7-frecuencias-semanales-en-la-ruta-chetumal-cdmx\/#article","isPartOf":{"@id":"https:\/\/nitu.mx\/index.php\/2018\/07\/02\/volaris-eleva-de-3-a-7-frecuencias-semanales-en-la-ruta-chetumal-cdmx\/"},"author":{"name":"Redacci\u00f3n","@id":"https:\/\/nitu.mx\/#\/schema\/person\/4a28fe9bd65924f7c90623773daf1b0b"},"headline":"Volaris eleva de 3 a 7 frecuencias semanales en la ruta Chetumal-CDMX","datePublished":"2018-07-03T04:22:52+00:00","dateModified":"2018-07-03T05:16:30+00:00","mainEntityOfPage":{"@id":"https:\/\/nitu.mx\/index.php\/2018\/07\/02\/volaris-eleva-de-3-a-7-frecuencias-semanales-en-la-ruta-chetumal-cdmx\/"},"wordCount":160,"commentCount":0,"publisher":{"@id":"https:\/\/nitu.mx\/#\/schema\/person\/ae7a53426417292d3dd07b45a33e01bc"},"image":{"@id":"https:\/\/nitu.mx\/index.php\/2018\/07\/02\/volaris-eleva-de-3-a-7-frecuencias-semanales-en-la-ruta-chetumal-cdmx\/#primaryimage"},"thumbnailUrl":"https:\/\/nitu.mx\/wp-content\/uploads\/2018\/04\/Volaris-Segob.jpg","keywords":["Bacalar","Belice","Calderitas","Chetumal","Ciudad de M\u00e9xico","Mahahual","nuevas frecuencias","Red ASA","Volaris","vuelos de temporada","Xul-H\u00e1"],"articleSection":["Aerol\u00edneas","M\u00e9xico"],"inLanguage":"es-MX","potentialAction":[{"@type":"CommentAction","name":"Comment","target":["https:\/\/nitu.mx\/index.php\/2018\/07\/02\/volaris-eleva-de-3-a-7-frecuencias-semanales-en-la-ruta-chetumal-cdmx\/#respond"]}]},{"@type":"WebPage","@id":"https:\/\/nitu.mx\/index.php\/2018\/07\/02\/volaris-eleva-de-3-a-7-frecuencias-semanales-en-la-ruta-chetumal-cdmx\/","url":"https:\/\/nitu.mx\/index.php\/2018\/07\/02\/volaris-eleva-de-3-a-7-frecuencias-semanales-en-la-ruta-chetumal-cdmx\/","name":"Volaris eleva de 3 a 7 frecuencias semanales en la ruta Chetumal-CDMX - Nitu - Noticias de la Industria Turistica","isPartOf":{"@id":"https:\/\/nitu.mx\/#website"},"primaryImageOfPage":{"@id":"https:\/\/nitu.mx\/index.php\/2018\/07\/02\/volaris-eleva-de-3-a-7-frecuencias-semanales-en-la-ruta-chetumal-cdmx\/#primaryimage"},"image":{"@id":"https:\/\/nitu.mx\/index.php\/2018\/07\/02\/volaris-eleva-de-3-a-7-frecuencias-semanales-en-la-ruta-chetumal-cdmx\/#primaryimage"},"thumbnailUrl":"https:\/\/nitu.mx\/wp-content\/uploads\/2018\/04\/Volaris-Segob.jpg","datePublished":"2018-07-03T04:22:52+00:00","dateModified":"2018-07-03T05:16:30+00:00","description":"En respuesta a la alta demanda de vuelos entre Ciudad de M\u00e9xico y Chetumal, a partir de este domingo 1 de julio, Volaris comenz\u00f3 a operar frecuencias diarias en esta ruta, inform\u00f3 Aeropuertos y Servicios Auxiliares (ASA).","breadcrumb":{"@id":"https:\/\/nitu.mx\/index.php\/2018\/07\/02\/volaris-eleva-de-3-a-7-frecuencias-semanales-en-la-ruta-chetumal-cdmx\/#breadcrumb"},"inLanguage":"es-MX","potentialAction":[{"@type":"ReadAction","target":["https:\/\/nitu.mx\/index.php\/2018\/07\/02\/volaris-eleva-de-3-a-7-frecuencias-semanales-en-la-ruta-chetumal-cdmx\/"]}]},{"@type":"ImageObject","inLanguage":"es-MX","@id":"https:\/\/nitu.mx\/index.php\/2018\/07\/02\/volaris-eleva-de-3-a-7-frecuencias-semanales-en-la-ruta-chetumal-cdmx\/#primaryimage","url":"https:\/\/nitu.mx\/wp-content\/uploads\/2018\/04\/Volaris-Segob.jpg","contentUrl":"https:\/\/nitu.mx\/wp-content\/uploads\/2018\/04\/Volaris-Segob.jpg","width":850,"height":480,"caption":"Volaris"},{"@type":"BreadcrumbList","@id":"https:\/\/nitu.mx\/index.php\/2018\/07\/02\/volaris-eleva-de-3-a-7-frecuencias-semanales-en-la-ruta-chetumal-cdmx\/#breadcrumb","itemListElement":[{"@type":"ListItem","position":1,"name":"Inicio","item":"https:\/\/nitu.mx\/"},{"@type":"ListItem","position":2,"name":"Volaris eleva de 3 a 7 frecuencias semanales en la ruta Chetumal-CDMX"}]},{"@type":"WebSite","@id":"https:\/\/nitu.mx\/#website","url":"https:\/\/nitu.mx\/","name":"Nitu - Noticias de la Industria Turistica","description":"Noticias de la Industria Turistica","publisher":{"@id":"https:\/\/nitu.mx\/#\/schema\/person\/ae7a53426417292d3dd07b45a33e01bc"},"alternateName":"Noticias de la Industria Turistica","potentialAction":[{"@type":"SearchAction","target":{"@type":"EntryPoint","urlTemplate":"https:\/\/nitu.mx\/?s={search_term_string}"},"query-input":"required name=search_term_string"}],"inLanguage":"es-MX"},{"@type":["Person","Organization"],"@id":"https:\/\/nitu.mx\/#\/schema\/person\/ae7a53426417292d3dd07b45a33e01bc","name":"Arturo Medina","image":{"@type":"ImageObject","inLanguage":"es-MX","@id":"https:\/\/nitu.mx\/#\/schema\/person\/image\/","url":"https:\/\/nitu.mx\/wp-content\/uploads\/2024\/04\/4A315622-1904-4D5C-B022-878CDC840E04-90x90-1.jpeg","contentUrl":"https:\/\/nitu.mx\/wp-content\/uploads\/2024\/04\/4A315622-1904-4D5C-B022-878CDC840E04-90x90-1.jpeg","width":90,"height":90,"caption":"Arturo Medina"},"logo":{"@id":"https:\/\/nitu.mx\/#\/schema\/person\/image\/"},"description":"Director NITU.mx, Egresado de la Escuela de Periodismo Carlos Septi\u00e9n Garc\u00eda. Periodista y analista especializado en turismo desde hace 35 a\u00f1os, radicado en Canc\u00fan Q.Roo. arturo@nitu.mx","sameAs":["https:\/\/nitu.mx","https:\/\/www.facebook.com\/NITUmx\/","medinacancun","https:\/\/twitter.com\/@Arturo_Medina_G"]},{"@type":"Person","@id":"https:\/\/nitu.mx\/#\/schema\/person\/4a28fe9bd65924f7c90623773daf1b0b","name":"Redacci\u00f3n","image":{"@type":"ImageObject","inLanguage":"es-MX","@id":"https:\/\/nitu.mx\/#\/schema\/person\/image\/","url":"https:\/\/secure.gravatar.com\/avatar\/5dd011c8ccfc5cd7e4c81e42252aab38?s=96&d=mm&r=g","contentUrl":"https:\/\/secure.gravatar.com\/avatar\/5dd011c8ccfc5cd7e4c81e42252aab38?s=96&d=mm&r=g","caption":"Redacci\u00f3n"},"url":"https:\/\/nitu.mx\/index.php\/author\/redaccion\/"}]}},"views":307,"_links":{"self":[{"href":"https:\/\/nitu.mx\/index.php\/wp-json\/wp\/v2\/posts\/22030"}],"collection":[{"href":"https:\/\/nitu.mx\/index.php\/wp-json\/wp\/v2\/posts"}],"about":[{"href":"https:\/\/nitu.mx\/index.php\/wp-json\/wp\/v2\/types\/post"}],"author":[{"embeddable":true,"href":"https:\/\/nitu.mx\/index.php\/wp-json\/wp\/v2\/users\/17"}],"replies":[{"embeddable":true,"href":"https:\/\/nitu.mx\/index.php\/wp-json\/wp\/v2\/comments?post=22030"}],"version-history":[{"count":3,"href":"https:\/\/nitu.mx\/index.php\/wp-json\/wp\/v2\/posts\/22030\/revisions"}],"predecessor-version":[{"id":22042,"href":"https:\/\/nitu.mx\/index.php\/wp-json\/wp\/v2\/posts\/22030\/revisions\/22042"}],"wp:featuredmedia":[{"embeddable":true,"href":"https:\/\/nitu.mx\/index.php\/wp-json\/wp\/v2\/media\/19099"}],"wp:attachment":[{"href":"https:\/\/nitu.mx\/index.php\/wp-json\/wp\/v2\/media?parent=22030"}],"wp:term":[{"taxonomy":"category","embeddable":true,"href":"https:\/\/nitu.mx\/index.php\/wp-json\/wp\/v2\/categories?post=22030"},{"taxonomy":"post_tag","embeddable":true,"href":"https:\/\/nitu.mx\/index.php\/wp-json\/wp\/v2\/tags?post=22030"}],"curies":[{"name":"wp","href":"https:\/\/api.w.org\/{rel}","templated":true}]}}