{"id":21928,"date":"2018-06-28T23:44:03","date_gmt":"2018-06-29T04:44:03","guid":{"rendered":"http:\/\/www.dev.nitu.mx\/?p=21928"},"modified":"2018-06-29T00:22:11","modified_gmt":"2018-06-29T05:22:11","slug":"calculan-en-6-mmdd-el-costo-de-la-recuperacion-turistica-en-el-caribe-afectado-por-huracanes-en-2017","status":"publish","type":"post","link":"https:\/\/nitu.mx\/index.php\/2018\/06\/28\/calculan-en-6-mmdd-el-costo-de-la-recuperacion-turistica-en-el-caribe-afectado-por-huracanes-en-2017\/","title":{"rendered":"Calculan en 6 mmdd el costo de la recuperaci\u00f3n tur\u00edstica en el Caribe, afectado por huracanes en 2017"},"content":{"rendered":"<p>El Caribe perdi\u00f3 m\u00e1s de mil millones de d\u00f3lares (mdd) en ingresos por turismo, despu\u00e9s de que huracanes disuadieron a visitantes durante la temporada de tormentas m\u00e1s costosa jam\u00e1s registrada, y los esfuerzos de recuperaci\u00f3n podr\u00edan costar cerca de seis mil mdd, inform\u00f3 la Organizaci\u00f3n de Turismo del Caribe.<\/p>\n<p>Los poderosos huracanes Irma y Mar\u00eda provocaron estragos en su paso por Puerto Rico, las Islas V\u00edrgenes, y otros pa\u00edses caribe\u00f1os en septiembre de 2017, pero el turismo se vio afectado incluso en \u00e1reas cuyas playas y complejos tur\u00edsticos no sufrieron por los fen\u00f3menos clim\u00e1ticos.<\/p>\n<p>\u201cTodos nuestros socios de viajes, todos ellos sin excepci\u00f3n, llamaron y dijeron que \u2018hemos sabido que el Caribe est\u00e1 cerrado&#8217;\u201d, coment\u00f3 Joy Jibrilu, presidente de la Organizaci\u00f3n de Turismo del Caribe.<\/p>\n<p>La cobertura medi\u00e1tica de las tormentas que derribaron \u00e1rboles, arranc\u00f3 techumbres y provocaron inundaciones contribuy\u00f3 a la percepci\u00f3n de que toda la regi\u00f3n fue afectada en forma homog\u00e9nea, lo que llev\u00f3 a potenciales visitantes a optar por otros destinos para sus vacaciones, dijo Jibrilu.<\/p>\n<p>Mar\u00eda, un gran hurac\u00e1n con vientos de casi 241 kil\u00f3metros por hora, caus\u00f3 da\u00f1os por unos 90 mil mdd en Puerto Rico y llev\u00f3 a la huida de muchos residentes. Un estudio de la Universidad de Harvard mostr\u00f3 que el hurac\u00e1n podr\u00eda haber provocado hasta 4 mil 645 muertes.\u00a0<a title=\"Huracanes y sismos debilitan tr\u00e1fico de ASUR\" href=\"http:\/\/www.dev.nitu.mx\/index.php\/2017\/10\/05\/huracanes-y-sismos-debilitan-trafico-de-asur\/\" rel=\"bookmark\">(Huracanes y sismos debilitan tr\u00e1fico de ASUR<\/a>).<\/p>\n<p>Irma, una de las tormentas m\u00e1s feroces en el Atl\u00e1ntico en un siglo, provoc\u00f3 la muerte de decenas de personas y arras\u00f3 viviendas, el tendido el\u00e9ctrico e infraestructura de comunicaciones en varias partes del Caribe, y dej\u00f3 a peque\u00f1as islas casi sin contacto con el mundo exterior.\u00a0<a title=\"Aerol\u00edneas cancelan vuelos al Caribe y EU por hurac\u00e1n Irma\" href=\"http:\/\/www.dev.nitu.mx\/index.php\/2017\/09\/07\/aerolineas-cancelan-vuelos-al-caribe-y-eu-por-huracan-irma\/\" rel=\"bookmark\">(Aerol\u00edneas cancelan vuelos al Caribe y EU por hurac\u00e1n Irma<\/a>).<\/p>\n<p>El turismo en Cuba, que es uno de los pocos sectores saludables en la atribulada econom\u00eda del pa\u00eds, tambi\u00e9n baj\u00f3 tras el paso de Irma.<\/p>\n<p>El Consejo Mundial de Viajes y Turismo afirm\u00f3 en un reporte divulgado en abril, que los huracanes provocaron una ca\u00edda estimada de 826 mil 100 visitantes en el Caribe, y que la recuperaci\u00f3n podr\u00eda demorar hasta cuatro a\u00f1os y costar tres mil mdd a la regi\u00f3n.<\/p>\n","protected":false},"excerpt":{"rendered":"<p>El Caribe perdi\u00f3 m\u00e1s de mil millones de d\u00f3lares (mdd) en ingresos por turismo, despu\u00e9s de que huracanes disuadieron a visitantes durante la temporada de tormentas m\u00e1s costosa jam\u00e1s registrada, y los esfuerzos de recuperaci\u00f3n podr\u00edan costar cerca de seis mil mdd, inform\u00f3 la Organizaci\u00f3n de Turismo del Caribe. Los poderosos huracanes Irma y Mar\u00eda [&hellip;]<\/p>\n","protected":false},"author":17,"featured_media":21953,"comment_status":"open","ping_status":"open","sticky":false,"template":"","format":"standard","meta":{"footnotes":""},"categories":[11,5],"tags":[4282,99,5824,6990,10922,1071,10939,1383],"yoast_head":"<!-- This site is optimized with the Yoast SEO plugin v22.2 - https:\/\/yoast.com\/wordpress\/plugins\/seo\/ -->\n<title>Calculan en 6 mmdd el costo de la recuperaci\u00f3n tur\u00edstica en el Caribe, afectado por huracanes en 2017 - Nitu - Noticias de la Industria Turistica<\/title>\n<meta name=\"description\" content=\"El Caribe perdi\u00f3 m\u00e1s de mil millones de d\u00f3lares en ingresos por turismo, despu\u00e9s de que huracanes disuadieron a visitantes durante la temporada de tormentas m\u00e1s costosa jam\u00e1s registrada.\" \/>\n<meta name=\"robots\" content=\"index, follow, max-snippet:-1, max-image-preview:large, max-video-preview:-1\" \/>\n<link rel=\"canonical\" href=\"https:\/\/nitu.mx\/index.php\/2018\/06\/28\/calculan-en-6-mmdd-el-costo-de-la-recuperacion-turistica-en-el-caribe-afectado-por-huracanes-en-2017\/\" \/>\n<meta name=\"twitter:card\" content=\"summary_large_image\" \/>\n<meta name=\"twitter:title\" content=\"Calculan en 6 mmdd el costo de la recuperaci\u00f3n tur\u00edstica en el Caribe, afectado por huracanes en 2017 - Nitu - Noticias de la Industria Turistica\" \/>\n<meta name=\"twitter:description\" content=\"El Caribe perdi\u00f3 m\u00e1s de mil millones de d\u00f3lares en ingresos por turismo, despu\u00e9s de que huracanes disuadieron a visitantes durante la temporada de tormentas m\u00e1s costosa jam\u00e1s registrada.\" \/>\n<meta name=\"twitter:image\" content=\"https:\/\/nitu.mx\/wp-content\/uploads\/2018\/06\/hurricane-irma-1.jpg\" \/>\n<meta name=\"twitter:creator\" content=\"@NITUmx\" \/>\n<meta name=\"twitter:site\" content=\"@Arturo_Medina_G\" \/>\n<meta name=\"twitter:label1\" content=\"Escrito por\" \/>\n\t<meta name=\"twitter:data1\" content=\"Redacci\u00f3n\" \/>\n\t<meta name=\"twitter:label2\" content=\"Tiempo de lectura\" \/>\n\t<meta name=\"twitter:data2\" content=\"2 minutos\" \/>\n<script type=\"application\/ld+json\" class=\"yoast-schema-graph\">{\"@context\":\"https:\/\/schema.org\",\"@graph\":[{\"@type\":\"Article\",\"@id\":\"https:\/\/nitu.mx\/index.php\/2018\/06\/28\/calculan-en-6-mmdd-el-costo-de-la-recuperacion-turistica-en-el-caribe-afectado-por-huracanes-en-2017\/#article\",\"isPartOf\":{\"@id\":\"https:\/\/nitu.mx\/index.php\/2018\/06\/28\/calculan-en-6-mmdd-el-costo-de-la-recuperacion-turistica-en-el-caribe-afectado-por-huracanes-en-2017\/\"},\"author\":{\"name\":\"Redacci\u00f3n\",\"@id\":\"https:\/\/nitu.mx\/#\/schema\/person\/4a28fe9bd65924f7c90623773daf1b0b\"},\"headline\":\"Calculan en 6 mmdd el costo de la recuperaci\u00f3n tur\u00edstica en el Caribe, afectado por huracanes en 2017\",\"datePublished\":\"2018-06-29T04:44:03+00:00\",\"dateModified\":\"2018-06-29T05:22:11+00:00\",\"mainEntityOfPage\":{\"@id\":\"https:\/\/nitu.mx\/index.php\/2018\/06\/28\/calculan-en-6-mmdd-el-costo-de-la-recuperacion-turistica-en-el-caribe-afectado-por-huracanes-en-2017\/\"},\"wordCount\":406,\"commentCount\":0,\"publisher\":{\"@id\":\"https:\/\/nitu.mx\/#\/schema\/person\/ae7a53426417292d3dd07b45a33e01bc\"},\"image\":{\"@id\":\"https:\/\/nitu.mx\/index.php\/2018\/06\/28\/calculan-en-6-mmdd-el-costo-de-la-recuperacion-turistica-en-el-caribe-afectado-por-huracanes-en-2017\/#primaryimage\"},\"thumbnailUrl\":\"https:\/\/nitu.mx\/wp-content\/uploads\/2018\/06\/hurricane-irma-1.jpg\",\"keywords\":[\"Consejo Mundial de Viajes y Turismo\",\"Cuba\",\"hurac\u00e1n Irma\",\"hurac\u00e1n Mar\u00eda\",\"Islas V\u00edrgenes\",\"Joy Jibrilu\",\"Organizaci\u00f3n de Turismo del Caribe\",\"Puerto Rico\"],\"articleSection\":[\"Caribe\",\"Destinos\"],\"inLanguage\":\"es-MX\",\"potentialAction\":[{\"@type\":\"CommentAction\",\"name\":\"Comment\",\"target\":[\"https:\/\/nitu.mx\/index.php\/2018\/06\/28\/calculan-en-6-mmdd-el-costo-de-la-recuperacion-turistica-en-el-caribe-afectado-por-huracanes-en-2017\/#respond\"]}]},{\"@type\":\"WebPage\",\"@id\":\"https:\/\/nitu.mx\/index.php\/2018\/06\/28\/calculan-en-6-mmdd-el-costo-de-la-recuperacion-turistica-en-el-caribe-afectado-por-huracanes-en-2017\/\",\"url\":\"https:\/\/nitu.mx\/index.php\/2018\/06\/28\/calculan-en-6-mmdd-el-costo-de-la-recuperacion-turistica-en-el-caribe-afectado-por-huracanes-en-2017\/\",\"name\":\"Calculan en 6 mmdd el costo de la recuperaci\u00f3n tur\u00edstica en el Caribe, afectado por huracanes en 2017 - Nitu - Noticias de la Industria Turistica\",\"isPartOf\":{\"@id\":\"https:\/\/nitu.mx\/#website\"},\"primaryImageOfPage\":{\"@id\":\"https:\/\/nitu.mx\/index.php\/2018\/06\/28\/calculan-en-6-mmdd-el-costo-de-la-recuperacion-turistica-en-el-caribe-afectado-por-huracanes-en-2017\/#primaryimage\"},\"image\":{\"@id\":\"https:\/\/nitu.mx\/index.php\/2018\/06\/28\/calculan-en-6-mmdd-el-costo-de-la-recuperacion-turistica-en-el-caribe-afectado-por-huracanes-en-2017\/#primaryimage\"},\"thumbnailUrl\":\"https:\/\/nitu.mx\/wp-content\/uploads\/2018\/06\/hurricane-irma-1.jpg\",\"datePublished\":\"2018-06-29T04:44:03+00:00\",\"dateModified\":\"2018-06-29T05:22:11+00:00\",\"description\":\"El Caribe perdi\u00f3 m\u00e1s de mil millones de d\u00f3lares en ingresos por turismo, despu\u00e9s de que huracanes disuadieron a visitantes durante la temporada de tormentas m\u00e1s costosa jam\u00e1s registrada.\",\"breadcrumb\":{\"@id\":\"https:\/\/nitu.mx\/index.php\/2018\/06\/28\/calculan-en-6-mmdd-el-costo-de-la-recuperacion-turistica-en-el-caribe-afectado-por-huracanes-en-2017\/#breadcrumb\"},\"inLanguage\":\"es-MX\",\"potentialAction\":[{\"@type\":\"ReadAction\",\"target\":[\"https:\/\/nitu.mx\/index.php\/2018\/06\/28\/calculan-en-6-mmdd-el-costo-de-la-recuperacion-turistica-en-el-caribe-afectado-por-huracanes-en-2017\/\"]}]},{\"@type\":\"ImageObject\",\"inLanguage\":\"es-MX\",\"@id\":\"https:\/\/nitu.mx\/index.php\/2018\/06\/28\/calculan-en-6-mmdd-el-costo-de-la-recuperacion-turistica-en-el-caribe-afectado-por-huracanes-en-2017\/#primaryimage\",\"url\":\"https:\/\/nitu.mx\/wp-content\/uploads\/2018\/06\/hurricane-irma-1.jpg\",\"contentUrl\":\"https:\/\/nitu.mx\/wp-content\/uploads\/2018\/06\/hurricane-irma-1.jpg\",\"width\":850,\"height\":480,\"caption\":\"huracanes\"},{\"@type\":\"BreadcrumbList\",\"@id\":\"https:\/\/nitu.mx\/index.php\/2018\/06\/28\/calculan-en-6-mmdd-el-costo-de-la-recuperacion-turistica-en-el-caribe-afectado-por-huracanes-en-2017\/#breadcrumb\",\"itemListElement\":[{\"@type\":\"ListItem\",\"position\":1,\"name\":\"Inicio\",\"item\":\"https:\/\/nitu.mx\/\"},{\"@type\":\"ListItem\",\"position\":2,\"name\":\"Calculan en 6 mmdd el costo de la recuperaci\u00f3n tur\u00edstica en el Caribe, afectado por huracanes en 2017\"}]},{\"@type\":\"WebSite\",\"@id\":\"https:\/\/nitu.mx\/#website\",\"url\":\"https:\/\/nitu.mx\/\",\"name\":\"Nitu - Noticias de la Industria Turistica\",\"description\":\"Noticias de la Industria Turistica\",\"publisher\":{\"@id\":\"https:\/\/nitu.mx\/#\/schema\/person\/ae7a53426417292d3dd07b45a33e01bc\"},\"alternateName\":\"Noticias de la Industria Turistica\",\"potentialAction\":[{\"@type\":\"SearchAction\",\"target\":{\"@type\":\"EntryPoint\",\"urlTemplate\":\"https:\/\/nitu.mx\/?s={search_term_string}\"},\"query-input\":\"required name=search_term_string\"}],\"inLanguage\":\"es-MX\"},{\"@type\":[\"Person\",\"Organization\"],\"@id\":\"https:\/\/nitu.mx\/#\/schema\/person\/ae7a53426417292d3dd07b45a33e01bc\",\"name\":\"Arturo Medina\",\"image\":{\"@type\":\"ImageObject\",\"inLanguage\":\"es-MX\",\"@id\":\"https:\/\/nitu.mx\/#\/schema\/person\/image\/\",\"url\":\"https:\/\/nitu.mx\/wp-content\/uploads\/2024\/04\/4A315622-1904-4D5C-B022-878CDC840E04-90x90-1.jpeg\",\"contentUrl\":\"https:\/\/nitu.mx\/wp-content\/uploads\/2024\/04\/4A315622-1904-4D5C-B022-878CDC840E04-90x90-1.jpeg\",\"width\":90,\"height\":90,\"caption\":\"Arturo Medina\"},\"logo\":{\"@id\":\"https:\/\/nitu.mx\/#\/schema\/person\/image\/\"},\"description\":\"Director NITU.mx, Egresado de la Escuela de Periodismo Carlos Septi\u00e9n Garc\u00eda. Periodista y analista especializado en turismo desde hace 35 a\u00f1os, radicado en Canc\u00fan Q.Roo. arturo@nitu.mx\",\"sameAs\":[\"https:\/\/nitu.mx\",\"https:\/\/www.facebook.com\/NITUmx\/\",\"medinacancun\",\"https:\/\/twitter.com\/@Arturo_Medina_G\"]},{\"@type\":\"Person\",\"@id\":\"https:\/\/nitu.mx\/#\/schema\/person\/4a28fe9bd65924f7c90623773daf1b0b\",\"name\":\"Redacci\u00f3n\",\"image\":{\"@type\":\"ImageObject\",\"inLanguage\":\"es-MX\",\"@id\":\"https:\/\/nitu.mx\/#\/schema\/person\/image\/\",\"url\":\"https:\/\/secure.gravatar.com\/avatar\/5dd011c8ccfc5cd7e4c81e42252aab38?s=96&d=mm&r=g\",\"contentUrl\":\"https:\/\/secure.gravatar.com\/avatar\/5dd011c8ccfc5cd7e4c81e42252aab38?s=96&d=mm&r=g\",\"caption\":\"Redacci\u00f3n\"},\"url\":\"https:\/\/nitu.mx\/index.php\/author\/redaccion\/\"}]}<\/script>\n<!-- \/ Yoast SEO plugin. -->","yoast_head_json":{"title":"Calculan en 6 mmdd el costo de la recuperaci\u00f3n tur\u00edstica en el Caribe, afectado por huracanes en 2017 - Nitu - Noticias de la Industria Turistica","description":"El Caribe perdi\u00f3 m\u00e1s de mil millones de d\u00f3lares en ingresos por turismo, despu\u00e9s de que huracanes disuadieron a visitantes durante la temporada de tormentas m\u00e1s costosa jam\u00e1s registrada.","robots":{"index":"index","follow":"follow","max-snippet":"max-snippet:-1","max-image-preview":"max-image-preview:large","max-video-preview":"max-video-preview:-1"},"canonical":"https:\/\/nitu.mx\/index.php\/2018\/06\/28\/calculan-en-6-mmdd-el-costo-de-la-recuperacion-turistica-en-el-caribe-afectado-por-huracanes-en-2017\/","twitter_card":"summary_large_image","twitter_title":"Calculan en 6 mmdd el costo de la recuperaci\u00f3n tur\u00edstica en el Caribe, afectado por huracanes en 2017 - Nitu - Noticias de la Industria Turistica","twitter_description":"El Caribe perdi\u00f3 m\u00e1s de mil millones de d\u00f3lares en ingresos por turismo, despu\u00e9s de que huracanes disuadieron a visitantes durante la temporada de tormentas m\u00e1s costosa jam\u00e1s registrada.","twitter_image":"https:\/\/nitu.mx\/wp-content\/uploads\/2018\/06\/hurricane-irma-1.jpg","twitter_creator":"@NITUmx","twitter_site":"@Arturo_Medina_G","twitter_misc":{"Escrito por":"Redacci\u00f3n","Tiempo de lectura":"2 minutos"},"schema":{"@context":"https:\/\/schema.org","@graph":[{"@type":"Article","@id":"https:\/\/nitu.mx\/index.php\/2018\/06\/28\/calculan-en-6-mmdd-el-costo-de-la-recuperacion-turistica-en-el-caribe-afectado-por-huracanes-en-2017\/#article","isPartOf":{"@id":"https:\/\/nitu.mx\/index.php\/2018\/06\/28\/calculan-en-6-mmdd-el-costo-de-la-recuperacion-turistica-en-el-caribe-afectado-por-huracanes-en-2017\/"},"author":{"name":"Redacci\u00f3n","@id":"https:\/\/nitu.mx\/#\/schema\/person\/4a28fe9bd65924f7c90623773daf1b0b"},"headline":"Calculan en 6 mmdd el costo de la recuperaci\u00f3n tur\u00edstica en el Caribe, afectado por huracanes en 2017","datePublished":"2018-06-29T04:44:03+00:00","dateModified":"2018-06-29T05:22:11+00:00","mainEntityOfPage":{"@id":"https:\/\/nitu.mx\/index.php\/2018\/06\/28\/calculan-en-6-mmdd-el-costo-de-la-recuperacion-turistica-en-el-caribe-afectado-por-huracanes-en-2017\/"},"wordCount":406,"commentCount":0,"publisher":{"@id":"https:\/\/nitu.mx\/#\/schema\/person\/ae7a53426417292d3dd07b45a33e01bc"},"image":{"@id":"https:\/\/nitu.mx\/index.php\/2018\/06\/28\/calculan-en-6-mmdd-el-costo-de-la-recuperacion-turistica-en-el-caribe-afectado-por-huracanes-en-2017\/#primaryimage"},"thumbnailUrl":"https:\/\/nitu.mx\/wp-content\/uploads\/2018\/06\/hurricane-irma-1.jpg","keywords":["Consejo Mundial de Viajes y Turismo","Cuba","hurac\u00e1n Irma","hurac\u00e1n Mar\u00eda","Islas V\u00edrgenes","Joy Jibrilu","Organizaci\u00f3n de Turismo del Caribe","Puerto Rico"],"articleSection":["Caribe","Destinos"],"inLanguage":"es-MX","potentialAction":[{"@type":"CommentAction","name":"Comment","target":["https:\/\/nitu.mx\/index.php\/2018\/06\/28\/calculan-en-6-mmdd-el-costo-de-la-recuperacion-turistica-en-el-caribe-afectado-por-huracanes-en-2017\/#respond"]}]},{"@type":"WebPage","@id":"https:\/\/nitu.mx\/index.php\/2018\/06\/28\/calculan-en-6-mmdd-el-costo-de-la-recuperacion-turistica-en-el-caribe-afectado-por-huracanes-en-2017\/","url":"https:\/\/nitu.mx\/index.php\/2018\/06\/28\/calculan-en-6-mmdd-el-costo-de-la-recuperacion-turistica-en-el-caribe-afectado-por-huracanes-en-2017\/","name":"Calculan en 6 mmdd el costo de la recuperaci\u00f3n tur\u00edstica en el Caribe, afectado por huracanes en 2017 - Nitu - Noticias de la Industria Turistica","isPartOf":{"@id":"https:\/\/nitu.mx\/#website"},"primaryImageOfPage":{"@id":"https:\/\/nitu.mx\/index.php\/2018\/06\/28\/calculan-en-6-mmdd-el-costo-de-la-recuperacion-turistica-en-el-caribe-afectado-por-huracanes-en-2017\/#primaryimage"},"image":{"@id":"https:\/\/nitu.mx\/index.php\/2018\/06\/28\/calculan-en-6-mmdd-el-costo-de-la-recuperacion-turistica-en-el-caribe-afectado-por-huracanes-en-2017\/#primaryimage"},"thumbnailUrl":"https:\/\/nitu.mx\/wp-content\/uploads\/2018\/06\/hurricane-irma-1.jpg","datePublished":"2018-06-29T04:44:03+00:00","dateModified":"2018-06-29T05:22:11+00:00","description":"El Caribe perdi\u00f3 m\u00e1s de mil millones de d\u00f3lares en ingresos por turismo, despu\u00e9s de que huracanes disuadieron a visitantes durante la temporada de tormentas m\u00e1s costosa jam\u00e1s registrada.","breadcrumb":{"@id":"https:\/\/nitu.mx\/index.php\/2018\/06\/28\/calculan-en-6-mmdd-el-costo-de-la-recuperacion-turistica-en-el-caribe-afectado-por-huracanes-en-2017\/#breadcrumb"},"inLanguage":"es-MX","potentialAction":[{"@type":"ReadAction","target":["https:\/\/nitu.mx\/index.php\/2018\/06\/28\/calculan-en-6-mmdd-el-costo-de-la-recuperacion-turistica-en-el-caribe-afectado-por-huracanes-en-2017\/"]}]},{"@type":"ImageObject","inLanguage":"es-MX","@id":"https:\/\/nitu.mx\/index.php\/2018\/06\/28\/calculan-en-6-mmdd-el-costo-de-la-recuperacion-turistica-en-el-caribe-afectado-por-huracanes-en-2017\/#primaryimage","url":"https:\/\/nitu.mx\/wp-content\/uploads\/2018\/06\/hurricane-irma-1.jpg","contentUrl":"https:\/\/nitu.mx\/wp-content\/uploads\/2018\/06\/hurricane-irma-1.jpg","width":850,"height":480,"caption":"huracanes"},{"@type":"BreadcrumbList","@id":"https:\/\/nitu.mx\/index.php\/2018\/06\/28\/calculan-en-6-mmdd-el-costo-de-la-recuperacion-turistica-en-el-caribe-afectado-por-huracanes-en-2017\/#breadcrumb","itemListElement":[{"@type":"ListItem","position":1,"name":"Inicio","item":"https:\/\/nitu.mx\/"},{"@type":"ListItem","position":2,"name":"Calculan en 6 mmdd el costo de la recuperaci\u00f3n tur\u00edstica en el Caribe, afectado por huracanes en 2017"}]},{"@type":"WebSite","@id":"https:\/\/nitu.mx\/#website","url":"https:\/\/nitu.mx\/","name":"Nitu - Noticias de la Industria Turistica","description":"Noticias de la Industria Turistica","publisher":{"@id":"https:\/\/nitu.mx\/#\/schema\/person\/ae7a53426417292d3dd07b45a33e01bc"},"alternateName":"Noticias de la Industria Turistica","potentialAction":[{"@type":"SearchAction","target":{"@type":"EntryPoint","urlTemplate":"https:\/\/nitu.mx\/?s={search_term_string}"},"query-input":"required name=search_term_string"}],"inLanguage":"es-MX"},{"@type":["Person","Organization"],"@id":"https:\/\/nitu.mx\/#\/schema\/person\/ae7a53426417292d3dd07b45a33e01bc","name":"Arturo Medina","image":{"@type":"ImageObject","inLanguage":"es-MX","@id":"https:\/\/nitu.mx\/#\/schema\/person\/image\/","url":"https:\/\/nitu.mx\/wp-content\/uploads\/2024\/04\/4A315622-1904-4D5C-B022-878CDC840E04-90x90-1.jpeg","contentUrl":"https:\/\/nitu.mx\/wp-content\/uploads\/2024\/04\/4A315622-1904-4D5C-B022-878CDC840E04-90x90-1.jpeg","width":90,"height":90,"caption":"Arturo Medina"},"logo":{"@id":"https:\/\/nitu.mx\/#\/schema\/person\/image\/"},"description":"Director NITU.mx, Egresado de la Escuela de Periodismo Carlos Septi\u00e9n Garc\u00eda. Periodista y analista especializado en turismo desde hace 35 a\u00f1os, radicado en Canc\u00fan Q.Roo. arturo@nitu.mx","sameAs":["https:\/\/nitu.mx","https:\/\/www.facebook.com\/NITUmx\/","medinacancun","https:\/\/twitter.com\/@Arturo_Medina_G"]},{"@type":"Person","@id":"https:\/\/nitu.mx\/#\/schema\/person\/4a28fe9bd65924f7c90623773daf1b0b","name":"Redacci\u00f3n","image":{"@type":"ImageObject","inLanguage":"es-MX","@id":"https:\/\/nitu.mx\/#\/schema\/person\/image\/","url":"https:\/\/secure.gravatar.com\/avatar\/5dd011c8ccfc5cd7e4c81e42252aab38?s=96&d=mm&r=g","contentUrl":"https:\/\/secure.gravatar.com\/avatar\/5dd011c8ccfc5cd7e4c81e42252aab38?s=96&d=mm&r=g","caption":"Redacci\u00f3n"},"url":"https:\/\/nitu.mx\/index.php\/author\/redaccion\/"}]}},"views":427,"_links":{"self":[{"href":"https:\/\/nitu.mx\/index.php\/wp-json\/wp\/v2\/posts\/21928"}],"collection":[{"href":"https:\/\/nitu.mx\/index.php\/wp-json\/wp\/v2\/posts"}],"about":[{"href":"https:\/\/nitu.mx\/index.php\/wp-json\/wp\/v2\/types\/post"}],"author":[{"embeddable":true,"href":"https:\/\/nitu.mx\/index.php\/wp-json\/wp\/v2\/users\/17"}],"replies":[{"embeddable":true,"href":"https:\/\/nitu.mx\/index.php\/wp-json\/wp\/v2\/comments?post=21928"}],"version-history":[{"count":3,"href":"https:\/\/nitu.mx\/index.php\/wp-json\/wp\/v2\/posts\/21928\/revisions"}],"predecessor-version":[{"id":21954,"href":"https:\/\/nitu.mx\/index.php\/wp-json\/wp\/v2\/posts\/21928\/revisions\/21954"}],"wp:featuredmedia":[{"embeddable":true,"href":"https:\/\/nitu.mx\/index.php\/wp-json\/wp\/v2\/media\/21953"}],"wp:attachment":[{"href":"https:\/\/nitu.mx\/index.php\/wp-json\/wp\/v2\/media?parent=21928"}],"wp:term":[{"taxonomy":"category","embeddable":true,"href":"https:\/\/nitu.mx\/index.php\/wp-json\/wp\/v2\/categories?post=21928"},{"taxonomy":"post_tag","embeddable":true,"href":"https:\/\/nitu.mx\/index.php\/wp-json\/wp\/v2\/tags?post=21928"}],"curies":[{"name":"wp","href":"https:\/\/api.w.org\/{rel}","templated":true}]}}