{"id":21524,"date":"2018-06-17T22:53:52","date_gmt":"2018-06-18T03:53:52","guid":{"rendered":"http:\/\/www.dev.nitu.mx\/?p=21524"},"modified":"2018-06-17T23:36:18","modified_gmt":"2018-06-18T04:36:18","slug":"embajador-de-la-india-en-mexico-preside-el-dia-mundial-del-yoga-en-cancun","status":"publish","type":"post","link":"https:\/\/nitu.mx\/index.php\/2018\/06\/17\/embajador-de-la-india-en-mexico-preside-el-dia-mundial-del-yoga-en-cancun\/","title":{"rendered":"Embajador de la India en M\u00e9xico preside el D\u00eda Mundial del Yoga en Canc\u00fan"},"content":{"rendered":"<p>En busca de promover a Canc\u00fan como destino de turismo espiritual y diversificar la afluencia de visitantes para elevar ocupaci\u00f3n hotelera y derrama tur\u00edstica, y a pesar de la lluvia, se celebr\u00f3 con la presencia del embajador de la India en M\u00e9xico, el &#8216;D\u00eda Internacional del Yoga 2018\u201d, que tambi\u00e9n se celebrar\u00e1 en 11 ciudades en el pa\u00eds.<\/p>\n<p>Auspiciado por la Embajada de la India en M\u00e9xico y el grupo Mera Corporation, por segundo a\u00f1o consecutivo Canc\u00fan fue la primera sede de \u00e9ste d\u00eda que se celebr\u00f3 en las instalaciones del Tec Milenio en busca de posicionar a Canc\u00fan como destino de turismo espiritual.<\/p>\n<p>El evento fue encabezado por el embajador de India en M\u00e9xico, su Excelencia Shri Muktesh K. Pardeshi, acompa\u00f1ado del c\u00f3nsul honorario de dicho pa\u00eds en Canc\u00fan, Rafael Aguirre G\u00f3mez. (<a title=\"Canc\u00fan celebra el D\u00eda Internacional del Yoga para atraer turismo\" href=\"http:\/\/www.dev.nitu.mx\/index.php\/2018\/06\/05\/cancun-celebra-el-dia-internacional-del-yoga-para-atraer-turismo\/\" rel=\"bookmark\">Canc\u00fan celebra el D\u00eda Internacional del Yoga para atraer turismo<\/a>).<\/p>\n<p>Su Excelencia Shri Muktesh K. Pardeshi, se\u00f1al\u00f3 que hay muchos hind\u00faes que visitan Canc\u00fan, para realizar bodas y visitar la playa. Adem\u00e1s de que la India es pa\u00eds invitado en el Festival Cervantino y el de Cultura en M\u00e9rida, por lo que su presencia se reforzar\u00e1 este a\u00f1o.<\/p>\n<p>El primer sitio elegido era playa Delfines, pero ante las torrenciales lluvias se usaron las instalaciones del centro educativo. As\u00ed, Canc\u00fan se convirti\u00f3 en una de las cinco sedes de esta celebraci\u00f3n en M\u00e9xico, que incluye lugares como Guadalajara, Monterrey, San Miguel de Allende y la Ciudad de M\u00e9xico, en busca de promover una cultura saludable entre la gente, para lo cual la clase estuvo a cargo del instructor de yoga, Vijaya Ganesha Korikkaru, quien tambi\u00e9n ofreci\u00f3 una pl\u00e1tica sobre el tema.<\/p>\n<p>Aunque oficialmente el D\u00eda Internacional de Yoga se celebra el 21 de junio por acuerdo de la Organizaci\u00f3n de las Naciones Unidas (ONU), en Canc\u00fan se decidi\u00f3 realizarlo de nueva cuenta el s\u00e1bado previo a la celebraci\u00f3n del D\u00eda del Padre, ya que existen otras ciudades que celebrar\u00e1n el evento.<\/p>\n","protected":false},"excerpt":{"rendered":"<p>En busca de promover a Canc\u00fan como destino de turismo espiritual y diversificar la afluencia de visitantes para elevar ocupaci\u00f3n hotelera y derrama tur\u00edstica, y a pesar de la lluvia, se celebr\u00f3 con la presencia del embajador de la India en M\u00e9xico, el &#8216;D\u00eda Internacional del Yoga 2018\u201d, que tambi\u00e9n se celebrar\u00e1 en 11 ciudades [&hellip;]<\/p>\n","protected":false},"author":3,"featured_media":21530,"comment_status":"open","ping_status":"open","sticky":false,"template":"","format":"standard","meta":{"footnotes":""},"categories":[5,12],"tags":[10672,43,10671,10673,3730,10459,10675],"yoast_head":"<!-- This site is optimized with the Yoast SEO plugin v22.2 - https:\/\/yoast.com\/wordpress\/plugins\/seo\/ -->\n<title>Embajador de la India en M\u00e9xico preside el D\u00eda Mundial del Yoga en Canc\u00fan - Nitu - Noticias de la Industria Turistica<\/title>\n<meta name=\"robots\" content=\"index, follow, max-snippet:-1, max-image-preview:large, max-video-preview:-1\" \/>\n<link rel=\"canonical\" href=\"https:\/\/nitu.mx\/index.php\/2018\/06\/17\/embajador-de-la-india-en-mexico-preside-el-dia-mundial-del-yoga-en-cancun\/\" \/>\n<meta name=\"twitter:card\" content=\"summary_large_image\" \/>\n<meta name=\"twitter:title\" content=\"Embajador de la India en M\u00e9xico preside el D\u00eda Mundial del Yoga en Canc\u00fan - Nitu - Noticias de la Industria Turistica\" \/>\n<meta name=\"twitter:description\" content=\"En busca de promover a Canc\u00fan como destino de turismo espiritual y diversificar la afluencia de visitantes para elevar ocupaci\u00f3n hotelera y derrama tur\u00edstica, y a pesar de la lluvia, se celebr\u00f3 con la presencia del embajador de la India en M\u00e9xico, el &#8216;D\u00eda Internacional del Yoga 2018\u201d, que tambi\u00e9n se celebrar\u00e1 en 11 ciudades [&hellip;]\" \/>\n<meta name=\"twitter:image\" content=\"https:\/\/nitu.mx\/wp-content\/uploads\/2018\/06\/dia-del-yoga-cancun.jpg\" \/>\n<meta name=\"twitter:creator\" content=\"@NITUmx\" \/>\n<meta name=\"twitter:site\" content=\"@Arturo_Medina_G\" \/>\n<meta name=\"twitter:label1\" content=\"Escrito por\" \/>\n\t<meta name=\"twitter:data1\" content=\"Alejandra Moncisbays\" \/>\n\t<meta name=\"twitter:label2\" content=\"Tiempo de lectura\" \/>\n\t<meta name=\"twitter:data2\" content=\"2 minutos\" \/>\n<script type=\"application\/ld+json\" class=\"yoast-schema-graph\">{\"@context\":\"https:\/\/schema.org\",\"@graph\":[{\"@type\":\"Article\",\"@id\":\"https:\/\/nitu.mx\/index.php\/2018\/06\/17\/embajador-de-la-india-en-mexico-preside-el-dia-mundial-del-yoga-en-cancun\/#article\",\"isPartOf\":{\"@id\":\"https:\/\/nitu.mx\/index.php\/2018\/06\/17\/embajador-de-la-india-en-mexico-preside-el-dia-mundial-del-yoga-en-cancun\/\"},\"author\":{\"name\":\"Alejandra Moncisbays\",\"@id\":\"https:\/\/nitu.mx\/#\/schema\/person\/2ecd887b19dfd3382d1f14fc5acf24a8\"},\"headline\":\"Embajador de la India en M\u00e9xico preside el D\u00eda Mundial del Yoga en Canc\u00fan\",\"datePublished\":\"2018-06-18T03:53:52+00:00\",\"dateModified\":\"2018-06-18T04:36:18+00:00\",\"mainEntityOfPage\":{\"@id\":\"https:\/\/nitu.mx\/index.php\/2018\/06\/17\/embajador-de-la-india-en-mexico-preside-el-dia-mundial-del-yoga-en-cancun\/\"},\"wordCount\":377,\"commentCount\":0,\"publisher\":{\"@id\":\"https:\/\/nitu.mx\/#\/schema\/person\/ae7a53426417292d3dd07b45a33e01bc\"},\"image\":{\"@id\":\"https:\/\/nitu.mx\/index.php\/2018\/06\/17\/embajador-de-la-india-en-mexico-preside-el-dia-mundial-del-yoga-en-cancun\/#primaryimage\"},\"thumbnailUrl\":\"https:\/\/nitu.mx\/wp-content\/uploads\/2018\/06\/dia-del-yoga-cancun.jpg\",\"keywords\":[\"'D\u00eda Internacional del Yoga 2018\u201d grupo Mera Corporation\",\"Canc\u00fan\",\"Cancunenses\",\"Embajada de la India en M\u00e9xico\",\"Rafael Aguirre G\u00f3mez\",\"Su Excelencia Shri MUKTESH K. PARDESHI\",\"Tec Milenio\"],\"articleSection\":[\"Destinos\",\"Marketing\"],\"inLanguage\":\"es-MX\",\"potentialAction\":[{\"@type\":\"CommentAction\",\"name\":\"Comment\",\"target\":[\"https:\/\/nitu.mx\/index.php\/2018\/06\/17\/embajador-de-la-india-en-mexico-preside-el-dia-mundial-del-yoga-en-cancun\/#respond\"]}]},{\"@type\":\"WebPage\",\"@id\":\"https:\/\/nitu.mx\/index.php\/2018\/06\/17\/embajador-de-la-india-en-mexico-preside-el-dia-mundial-del-yoga-en-cancun\/\",\"url\":\"https:\/\/nitu.mx\/index.php\/2018\/06\/17\/embajador-de-la-india-en-mexico-preside-el-dia-mundial-del-yoga-en-cancun\/\",\"name\":\"Embajador de la India en M\u00e9xico preside el D\u00eda Mundial del Yoga en Canc\u00fan - Nitu - Noticias de la Industria Turistica\",\"isPartOf\":{\"@id\":\"https:\/\/nitu.mx\/#website\"},\"primaryImageOfPage\":{\"@id\":\"https:\/\/nitu.mx\/index.php\/2018\/06\/17\/embajador-de-la-india-en-mexico-preside-el-dia-mundial-del-yoga-en-cancun\/#primaryimage\"},\"image\":{\"@id\":\"https:\/\/nitu.mx\/index.php\/2018\/06\/17\/embajador-de-la-india-en-mexico-preside-el-dia-mundial-del-yoga-en-cancun\/#primaryimage\"},\"thumbnailUrl\":\"https:\/\/nitu.mx\/wp-content\/uploads\/2018\/06\/dia-del-yoga-cancun.jpg\",\"datePublished\":\"2018-06-18T03:53:52+00:00\",\"dateModified\":\"2018-06-18T04:36:18+00:00\",\"breadcrumb\":{\"@id\":\"https:\/\/nitu.mx\/index.php\/2018\/06\/17\/embajador-de-la-india-en-mexico-preside-el-dia-mundial-del-yoga-en-cancun\/#breadcrumb\"},\"inLanguage\":\"es-MX\",\"potentialAction\":[{\"@type\":\"ReadAction\",\"target\":[\"https:\/\/nitu.mx\/index.php\/2018\/06\/17\/embajador-de-la-india-en-mexico-preside-el-dia-mundial-del-yoga-en-cancun\/\"]}]},{\"@type\":\"ImageObject\",\"inLanguage\":\"es-MX\",\"@id\":\"https:\/\/nitu.mx\/index.php\/2018\/06\/17\/embajador-de-la-india-en-mexico-preside-el-dia-mundial-del-yoga-en-cancun\/#primaryimage\",\"url\":\"https:\/\/nitu.mx\/wp-content\/uploads\/2018\/06\/dia-del-yoga-cancun.jpg\",\"contentUrl\":\"https:\/\/nitu.mx\/wp-content\/uploads\/2018\/06\/dia-del-yoga-cancun.jpg\",\"width\":850,\"height\":480,\"caption\":\"dia del yoga cancun\"},{\"@type\":\"BreadcrumbList\",\"@id\":\"https:\/\/nitu.mx\/index.php\/2018\/06\/17\/embajador-de-la-india-en-mexico-preside-el-dia-mundial-del-yoga-en-cancun\/#breadcrumb\",\"itemListElement\":[{\"@type\":\"ListItem\",\"position\":1,\"name\":\"Inicio\",\"item\":\"https:\/\/nitu.mx\/\"},{\"@type\":\"ListItem\",\"position\":2,\"name\":\"Embajador de la India en M\u00e9xico preside el D\u00eda Mundial del Yoga en Canc\u00fan\"}]},{\"@type\":\"WebSite\",\"@id\":\"https:\/\/nitu.mx\/#website\",\"url\":\"https:\/\/nitu.mx\/\",\"name\":\"Nitu - Noticias de la Industria Turistica\",\"description\":\"Noticias de la Industria Turistica\",\"publisher\":{\"@id\":\"https:\/\/nitu.mx\/#\/schema\/person\/ae7a53426417292d3dd07b45a33e01bc\"},\"alternateName\":\"Noticias de la Industria Turistica\",\"potentialAction\":[{\"@type\":\"SearchAction\",\"target\":{\"@type\":\"EntryPoint\",\"urlTemplate\":\"https:\/\/nitu.mx\/?s={search_term_string}\"},\"query-input\":\"required name=search_term_string\"}],\"inLanguage\":\"es-MX\"},{\"@type\":[\"Person\",\"Organization\"],\"@id\":\"https:\/\/nitu.mx\/#\/schema\/person\/ae7a53426417292d3dd07b45a33e01bc\",\"name\":\"Arturo Medina\",\"image\":{\"@type\":\"ImageObject\",\"inLanguage\":\"es-MX\",\"@id\":\"https:\/\/nitu.mx\/#\/schema\/person\/image\/\",\"url\":\"https:\/\/nitu.mx\/wp-content\/uploads\/2024\/04\/4A315622-1904-4D5C-B022-878CDC840E04-90x90-1.jpeg\",\"contentUrl\":\"https:\/\/nitu.mx\/wp-content\/uploads\/2024\/04\/4A315622-1904-4D5C-B022-878CDC840E04-90x90-1.jpeg\",\"width\":90,\"height\":90,\"caption\":\"Arturo Medina\"},\"logo\":{\"@id\":\"https:\/\/nitu.mx\/#\/schema\/person\/image\/\"},\"description\":\"Director NITU.mx, Egresado de la Escuela de Periodismo Carlos Septi\u00e9n Garc\u00eda. Periodista y analista especializado en turismo desde hace 35 a\u00f1os, radicado en Canc\u00fan Q.Roo. arturo@nitu.mx\",\"sameAs\":[\"https:\/\/nitu.mx\",\"https:\/\/www.facebook.com\/NITUmx\/\",\"medinacancun\",\"https:\/\/twitter.com\/@Arturo_Medina_G\"]},{\"@type\":\"Person\",\"@id\":\"https:\/\/nitu.mx\/#\/schema\/person\/2ecd887b19dfd3382d1f14fc5acf24a8\",\"name\":\"Alejandra Moncisbays\",\"image\":{\"@type\":\"ImageObject\",\"inLanguage\":\"es-MX\",\"@id\":\"https:\/\/nitu.mx\/#\/schema\/person\/image\/\",\"url\":\"https:\/\/secure.gravatar.com\/avatar\/e74f7af0be172b7804dacfd0bfbef787?s=96&d=mm&r=g\",\"contentUrl\":\"https:\/\/secure.gravatar.com\/avatar\/e74f7af0be172b7804dacfd0bfbef787?s=96&d=mm&r=g\",\"caption\":\"Alejandra Moncisbays\"},\"description\":\"Curs\u00e9 la carrera de Periodismo y Comunicaci\u00f3n en la Facultad de Estudios Profesionales Acatl\u00e1n. Vivo en Canc\u00fan desde hace 24 a\u00f1os. Fui reportera de La Tarde de Canc\u00fan, y Novedades de Quintana Roo, colabor\u00e9 en TVCUN, edit\u00e9 Cancun\u00edssimo y colabor\u00e9 en las revistas Latitud21, entre otras, con principal enfoque en los sectores empresarial y tur\u00edstico. Desde hace varios a\u00f1os soy Agente de Seguros con c\u00e9dula de la Comisi\u00f3n Nacional de Seguros y Fianzas. Actualmente, me desarrollo en los \u00e1mbitos del periodismo y el sector asegurador.\",\"sameAs\":[\"https:\/\/nitu.mx\"],\"url\":\"https:\/\/nitu.mx\/index.php\/author\/alejandra\/\"}]}<\/script>\n<!-- \/ Yoast SEO plugin. -->","yoast_head_json":{"title":"Embajador de la India en M\u00e9xico preside el D\u00eda Mundial del Yoga en Canc\u00fan - Nitu - Noticias de la Industria Turistica","robots":{"index":"index","follow":"follow","max-snippet":"max-snippet:-1","max-image-preview":"max-image-preview:large","max-video-preview":"max-video-preview:-1"},"canonical":"https:\/\/nitu.mx\/index.php\/2018\/06\/17\/embajador-de-la-india-en-mexico-preside-el-dia-mundial-del-yoga-en-cancun\/","twitter_card":"summary_large_image","twitter_title":"Embajador de la India en M\u00e9xico preside el D\u00eda Mundial del Yoga en Canc\u00fan - Nitu - Noticias de la Industria Turistica","twitter_description":"En busca de promover a Canc\u00fan como destino de turismo espiritual y diversificar la afluencia de visitantes para elevar ocupaci\u00f3n hotelera y derrama tur\u00edstica, y a pesar de la lluvia, se celebr\u00f3 con la presencia del embajador de la India en M\u00e9xico, el &#8216;D\u00eda Internacional del Yoga 2018\u201d, que tambi\u00e9n se celebrar\u00e1 en 11 ciudades [&hellip;]","twitter_image":"https:\/\/nitu.mx\/wp-content\/uploads\/2018\/06\/dia-del-yoga-cancun.jpg","twitter_creator":"@NITUmx","twitter_site":"@Arturo_Medina_G","twitter_misc":{"Escrito por":"Alejandra Moncisbays","Tiempo de lectura":"2 minutos"},"schema":{"@context":"https:\/\/schema.org","@graph":[{"@type":"Article","@id":"https:\/\/nitu.mx\/index.php\/2018\/06\/17\/embajador-de-la-india-en-mexico-preside-el-dia-mundial-del-yoga-en-cancun\/#article","isPartOf":{"@id":"https:\/\/nitu.mx\/index.php\/2018\/06\/17\/embajador-de-la-india-en-mexico-preside-el-dia-mundial-del-yoga-en-cancun\/"},"author":{"name":"Alejandra Moncisbays","@id":"https:\/\/nitu.mx\/#\/schema\/person\/2ecd887b19dfd3382d1f14fc5acf24a8"},"headline":"Embajador de la India en M\u00e9xico preside el D\u00eda Mundial del Yoga en Canc\u00fan","datePublished":"2018-06-18T03:53:52+00:00","dateModified":"2018-06-18T04:36:18+00:00","mainEntityOfPage":{"@id":"https:\/\/nitu.mx\/index.php\/2018\/06\/17\/embajador-de-la-india-en-mexico-preside-el-dia-mundial-del-yoga-en-cancun\/"},"wordCount":377,"commentCount":0,"publisher":{"@id":"https:\/\/nitu.mx\/#\/schema\/person\/ae7a53426417292d3dd07b45a33e01bc"},"image":{"@id":"https:\/\/nitu.mx\/index.php\/2018\/06\/17\/embajador-de-la-india-en-mexico-preside-el-dia-mundial-del-yoga-en-cancun\/#primaryimage"},"thumbnailUrl":"https:\/\/nitu.mx\/wp-content\/uploads\/2018\/06\/dia-del-yoga-cancun.jpg","keywords":["'D\u00eda Internacional del Yoga 2018\u201d grupo Mera Corporation","Canc\u00fan","Cancunenses","Embajada de la India en M\u00e9xico","Rafael Aguirre G\u00f3mez","Su Excelencia Shri MUKTESH K. PARDESHI","Tec Milenio"],"articleSection":["Destinos","Marketing"],"inLanguage":"es-MX","potentialAction":[{"@type":"CommentAction","name":"Comment","target":["https:\/\/nitu.mx\/index.php\/2018\/06\/17\/embajador-de-la-india-en-mexico-preside-el-dia-mundial-del-yoga-en-cancun\/#respond"]}]},{"@type":"WebPage","@id":"https:\/\/nitu.mx\/index.php\/2018\/06\/17\/embajador-de-la-india-en-mexico-preside-el-dia-mundial-del-yoga-en-cancun\/","url":"https:\/\/nitu.mx\/index.php\/2018\/06\/17\/embajador-de-la-india-en-mexico-preside-el-dia-mundial-del-yoga-en-cancun\/","name":"Embajador de la India en M\u00e9xico preside el D\u00eda Mundial del Yoga en Canc\u00fan - Nitu - Noticias de la Industria Turistica","isPartOf":{"@id":"https:\/\/nitu.mx\/#website"},"primaryImageOfPage":{"@id":"https:\/\/nitu.mx\/index.php\/2018\/06\/17\/embajador-de-la-india-en-mexico-preside-el-dia-mundial-del-yoga-en-cancun\/#primaryimage"},"image":{"@id":"https:\/\/nitu.mx\/index.php\/2018\/06\/17\/embajador-de-la-india-en-mexico-preside-el-dia-mundial-del-yoga-en-cancun\/#primaryimage"},"thumbnailUrl":"https:\/\/nitu.mx\/wp-content\/uploads\/2018\/06\/dia-del-yoga-cancun.jpg","datePublished":"2018-06-18T03:53:52+00:00","dateModified":"2018-06-18T04:36:18+00:00","breadcrumb":{"@id":"https:\/\/nitu.mx\/index.php\/2018\/06\/17\/embajador-de-la-india-en-mexico-preside-el-dia-mundial-del-yoga-en-cancun\/#breadcrumb"},"inLanguage":"es-MX","potentialAction":[{"@type":"ReadAction","target":["https:\/\/nitu.mx\/index.php\/2018\/06\/17\/embajador-de-la-india-en-mexico-preside-el-dia-mundial-del-yoga-en-cancun\/"]}]},{"@type":"ImageObject","inLanguage":"es-MX","@id":"https:\/\/nitu.mx\/index.php\/2018\/06\/17\/embajador-de-la-india-en-mexico-preside-el-dia-mundial-del-yoga-en-cancun\/#primaryimage","url":"https:\/\/nitu.mx\/wp-content\/uploads\/2018\/06\/dia-del-yoga-cancun.jpg","contentUrl":"https:\/\/nitu.mx\/wp-content\/uploads\/2018\/06\/dia-del-yoga-cancun.jpg","width":850,"height":480,"caption":"dia del yoga cancun"},{"@type":"BreadcrumbList","@id":"https:\/\/nitu.mx\/index.php\/2018\/06\/17\/embajador-de-la-india-en-mexico-preside-el-dia-mundial-del-yoga-en-cancun\/#breadcrumb","itemListElement":[{"@type":"ListItem","position":1,"name":"Inicio","item":"https:\/\/nitu.mx\/"},{"@type":"ListItem","position":2,"name":"Embajador de la India en M\u00e9xico preside el D\u00eda Mundial del Yoga en Canc\u00fan"}]},{"@type":"WebSite","@id":"https:\/\/nitu.mx\/#website","url":"https:\/\/nitu.mx\/","name":"Nitu - Noticias de la Industria Turistica","description":"Noticias de la Industria Turistica","publisher":{"@id":"https:\/\/nitu.mx\/#\/schema\/person\/ae7a53426417292d3dd07b45a33e01bc"},"alternateName":"Noticias de la Industria Turistica","potentialAction":[{"@type":"SearchAction","target":{"@type":"EntryPoint","urlTemplate":"https:\/\/nitu.mx\/?s={search_term_string}"},"query-input":"required name=search_term_string"}],"inLanguage":"es-MX"},{"@type":["Person","Organization"],"@id":"https:\/\/nitu.mx\/#\/schema\/person\/ae7a53426417292d3dd07b45a33e01bc","name":"Arturo Medina","image":{"@type":"ImageObject","inLanguage":"es-MX","@id":"https:\/\/nitu.mx\/#\/schema\/person\/image\/","url":"https:\/\/nitu.mx\/wp-content\/uploads\/2024\/04\/4A315622-1904-4D5C-B022-878CDC840E04-90x90-1.jpeg","contentUrl":"https:\/\/nitu.mx\/wp-content\/uploads\/2024\/04\/4A315622-1904-4D5C-B022-878CDC840E04-90x90-1.jpeg","width":90,"height":90,"caption":"Arturo Medina"},"logo":{"@id":"https:\/\/nitu.mx\/#\/schema\/person\/image\/"},"description":"Director NITU.mx, Egresado de la Escuela de Periodismo Carlos Septi\u00e9n Garc\u00eda. Periodista y analista especializado en turismo desde hace 35 a\u00f1os, radicado en Canc\u00fan Q.Roo. arturo@nitu.mx","sameAs":["https:\/\/nitu.mx","https:\/\/www.facebook.com\/NITUmx\/","medinacancun","https:\/\/twitter.com\/@Arturo_Medina_G"]},{"@type":"Person","@id":"https:\/\/nitu.mx\/#\/schema\/person\/2ecd887b19dfd3382d1f14fc5acf24a8","name":"Alejandra Moncisbays","image":{"@type":"ImageObject","inLanguage":"es-MX","@id":"https:\/\/nitu.mx\/#\/schema\/person\/image\/","url":"https:\/\/secure.gravatar.com\/avatar\/e74f7af0be172b7804dacfd0bfbef787?s=96&d=mm&r=g","contentUrl":"https:\/\/secure.gravatar.com\/avatar\/e74f7af0be172b7804dacfd0bfbef787?s=96&d=mm&r=g","caption":"Alejandra Moncisbays"},"description":"Curs\u00e9 la carrera de Periodismo y Comunicaci\u00f3n en la Facultad de Estudios Profesionales Acatl\u00e1n. Vivo en Canc\u00fan desde hace 24 a\u00f1os. Fui reportera de La Tarde de Canc\u00fan, y Novedades de Quintana Roo, colabor\u00e9 en TVCUN, edit\u00e9 Cancun\u00edssimo y colabor\u00e9 en las revistas Latitud21, entre otras, con principal enfoque en los sectores empresarial y tur\u00edstico. Desde hace varios a\u00f1os soy Agente de Seguros con c\u00e9dula de la Comisi\u00f3n Nacional de Seguros y Fianzas. Actualmente, me desarrollo en los \u00e1mbitos del periodismo y el sector asegurador.","sameAs":["https:\/\/nitu.mx"],"url":"https:\/\/nitu.mx\/index.php\/author\/alejandra\/"}]}},"views":287,"_links":{"self":[{"href":"https:\/\/nitu.mx\/index.php\/wp-json\/wp\/v2\/posts\/21524"}],"collection":[{"href":"https:\/\/nitu.mx\/index.php\/wp-json\/wp\/v2\/posts"}],"about":[{"href":"https:\/\/nitu.mx\/index.php\/wp-json\/wp\/v2\/types\/post"}],"author":[{"embeddable":true,"href":"https:\/\/nitu.mx\/index.php\/wp-json\/wp\/v2\/users\/3"}],"replies":[{"embeddable":true,"href":"https:\/\/nitu.mx\/index.php\/wp-json\/wp\/v2\/comments?post=21524"}],"version-history":[{"count":3,"href":"https:\/\/nitu.mx\/index.php\/wp-json\/wp\/v2\/posts\/21524\/revisions"}],"predecessor-version":[{"id":21531,"href":"https:\/\/nitu.mx\/index.php\/wp-json\/wp\/v2\/posts\/21524\/revisions\/21531"}],"wp:featuredmedia":[{"embeddable":true,"href":"https:\/\/nitu.mx\/index.php\/wp-json\/wp\/v2\/media\/21530"}],"wp:attachment":[{"href":"https:\/\/nitu.mx\/index.php\/wp-json\/wp\/v2\/media?parent=21524"}],"wp:term":[{"taxonomy":"category","embeddable":true,"href":"https:\/\/nitu.mx\/index.php\/wp-json\/wp\/v2\/categories?post=21524"},{"taxonomy":"post_tag","embeddable":true,"href":"https:\/\/nitu.mx\/index.php\/wp-json\/wp\/v2\/tags?post=21524"}],"curies":[{"name":"wp","href":"https:\/\/api.w.org\/{rel}","templated":true}]}}