{"id":21195,"date":"2018-06-06T13:06:05","date_gmt":"2018-06-06T18:06:05","guid":{"rendered":"http:\/\/www.dev.nitu.mx\/?p=21195"},"modified":"2018-06-06T13:11:51","modified_gmt":"2018-06-06T18:11:51","slug":"titular-de-wttc-en-chetumal-en-el-marco-de-kultur","status":"publish","type":"post","link":"https:\/\/nitu.mx\/index.php\/2018\/06\/06\/titular-de-wttc-en-chetumal-en-el-marco-de-kultur\/","title":{"rendered":"Presente Gloria Guevara CEO de WTTC en Kultur, Chetumal"},"content":{"rendered":"<p>Chetumal, capital de Quintana Roo, fue elegida sede de la VII edici\u00f3n del Foro Nacional de Turismo y Cultura (Kultur, 2018), evento que re\u00fane a expertos nacionales e internacionales y mostrar\u00e1 el gran legado de la ciudad, integrado por bellezas naturales, cultura maya viva, as\u00ed como la calidez y solidaridad de su gente.<\/p>\n<p>Del 7 al 9 de junio, el Foro Kultur 2018 ser\u00e1 un espacio en el que especialistas en materia de turismo cultural, autoridades y personajes claves de este segmento tur\u00edstico impartir\u00e1n conferencias, talleres y ponencias para impulsar y consolidar este segmento de viaje, entre ellos, Gloria Guevara, presidenta del World Travel &amp; Tourism Council (WTTC).<\/p>\n<p>En el Teatro de la Universidad de Quintana Roo, el Foro Nacional reunir\u00e1 a medios de comunicaci\u00f3n nacionales, internacionales y locales. Y, como parte de las actividades de Kultur 2018 ser\u00e1 proyectado por primera vez en el Museo de la Memoria y el Futuro, un Video Mapping referente a la historia del Mestizaje.<\/p>\n<p>De acuerdo con el Instituto Nacional de Antropolog\u00eda e Historia (INAH), en 2017 ingresaron a las 13 zonas arqueol\u00f3gicas abiertas al p\u00fablico en el Estado de Quintana Roo, 3 millones 413 mil 730 personas, casi 20% m\u00e1s que en el mismo periodo de 2016.<\/p>\n<p>Debido a que Quintana Roo es la entrada del Mundo Maya, cada vez atrae a m\u00e1s visitantes nacionales e internacionales. Es tambi\u00e9n la entidad l\u00edder del pa\u00eds con el mayor n\u00famero de visitantes extranjeros a zonas arqueol\u00f3gicas, 65.33% del total. La zona arqueol\u00f3gica quintanarroense m\u00e1s visitada es Tulum, seguida de Cob\u00e1, San Gervasio y Chacchob\u00e9n.<\/p>\n","protected":false},"excerpt":{"rendered":"<p>Chetumal, capital de Quintana Roo, fue elegida sede de la VII edici\u00f3n del Foro Nacional de Turismo y Cultura (Kultur, 2018), evento que re\u00fane a expertos nacionales e internacionales y mostrar\u00e1 el gran legado de la ciudad, integrado por bellezas naturales, cultura maya viva, as\u00ed como la calidez y solidaridad de su gente. Del 7 [&hellip;]<\/p>\n","protected":false},"author":2,"featured_media":21196,"comment_status":"open","ping_status":"open","sticky":false,"template":"","format":"standard","meta":{"footnotes":""},"categories":[5],"tags":[454,5326,260],"yoast_head":"<!-- This site is optimized with the Yoast SEO plugin v22.2 - https:\/\/yoast.com\/wordpress\/plugins\/seo\/ -->\n<title>Presente Gloria Guevara CEO de WTTC en Kultur, Chetumal - Nitu - Noticias de la Industria Turistica<\/title>\n<meta name=\"robots\" content=\"index, follow, max-snippet:-1, max-image-preview:large, max-video-preview:-1\" \/>\n<link rel=\"canonical\" href=\"https:\/\/nitu.mx\/index.php\/2018\/06\/06\/titular-de-wttc-en-chetumal-en-el-marco-de-kultur\/\" \/>\n<meta name=\"twitter:card\" content=\"summary_large_image\" \/>\n<meta name=\"twitter:title\" content=\"Presente Gloria Guevara CEO de WTTC en Kultur, Chetumal - Nitu - Noticias de la Industria Turistica\" \/>\n<meta name=\"twitter:description\" content=\"Chetumal, capital de Quintana Roo, fue elegida sede de la VII edici\u00f3n del Foro Nacional de Turismo y Cultura (Kultur, 2018), evento que re\u00fane a expertos nacionales e internacionales y mostrar\u00e1 el gran legado de la ciudad, integrado por bellezas naturales, cultura maya viva, as\u00ed como la calidez y solidaridad de su gente. Del 7 [&hellip;]\" \/>\n<meta name=\"twitter:image\" content=\"https:\/\/nitu.mx\/wp-content\/uploads\/2018\/06\/D212A64F-7475-4054-8C7D-55D8D51C1A68.jpeg\" \/>\n<meta name=\"twitter:creator\" content=\"@Arturo_Medina_G\" \/>\n<meta name=\"twitter:site\" content=\"@Arturo_Medina_G\" \/>\n<meta name=\"twitter:label1\" content=\"Escrito por\" \/>\n\t<meta name=\"twitter:data1\" content=\"Arturo Medina\" \/>\n\t<meta name=\"twitter:label2\" content=\"Tiempo de lectura\" \/>\n\t<meta name=\"twitter:data2\" content=\"1 minuto\" \/>\n<script type=\"application\/ld+json\" class=\"yoast-schema-graph\">{\"@context\":\"https:\/\/schema.org\",\"@graph\":[{\"@type\":\"Article\",\"@id\":\"https:\/\/nitu.mx\/index.php\/2018\/06\/06\/titular-de-wttc-en-chetumal-en-el-marco-de-kultur\/#article\",\"isPartOf\":{\"@id\":\"https:\/\/nitu.mx\/index.php\/2018\/06\/06\/titular-de-wttc-en-chetumal-en-el-marco-de-kultur\/\"},\"author\":{\"name\":\"Arturo Medina\",\"@id\":\"https:\/\/nitu.mx\/#\/schema\/person\/ae7a53426417292d3dd07b45a33e01bc\"},\"headline\":\"Presente Gloria Guevara CEO de WTTC en Kultur, Chetumal\",\"datePublished\":\"2018-06-06T18:06:05+00:00\",\"dateModified\":\"2018-06-06T18:11:51+00:00\",\"mainEntityOfPage\":{\"@id\":\"https:\/\/nitu.mx\/index.php\/2018\/06\/06\/titular-de-wttc-en-chetumal-en-el-marco-de-kultur\/\"},\"wordCount\":274,\"commentCount\":0,\"publisher\":{\"@id\":\"https:\/\/nitu.mx\/#\/schema\/person\/ae7a53426417292d3dd07b45a33e01bc\"},\"image\":{\"@id\":\"https:\/\/nitu.mx\/index.php\/2018\/06\/06\/titular-de-wttc-en-chetumal-en-el-marco-de-kultur\/#primaryimage\"},\"thumbnailUrl\":\"https:\/\/nitu.mx\/wp-content\/uploads\/2018\/06\/D212A64F-7475-4054-8C7D-55D8D51C1A68.jpeg\",\"keywords\":[\"Chetumal\",\"Gloria Guevara Manzo\",\"Quintana Roo\"],\"articleSection\":[\"Destinos\"],\"inLanguage\":\"es-MX\",\"potentialAction\":[{\"@type\":\"CommentAction\",\"name\":\"Comment\",\"target\":[\"https:\/\/nitu.mx\/index.php\/2018\/06\/06\/titular-de-wttc-en-chetumal-en-el-marco-de-kultur\/#respond\"]}]},{\"@type\":\"WebPage\",\"@id\":\"https:\/\/nitu.mx\/index.php\/2018\/06\/06\/titular-de-wttc-en-chetumal-en-el-marco-de-kultur\/\",\"url\":\"https:\/\/nitu.mx\/index.php\/2018\/06\/06\/titular-de-wttc-en-chetumal-en-el-marco-de-kultur\/\",\"name\":\"Presente Gloria Guevara CEO de WTTC en Kultur, Chetumal - Nitu - Noticias de la Industria Turistica\",\"isPartOf\":{\"@id\":\"https:\/\/nitu.mx\/#website\"},\"primaryImageOfPage\":{\"@id\":\"https:\/\/nitu.mx\/index.php\/2018\/06\/06\/titular-de-wttc-en-chetumal-en-el-marco-de-kultur\/#primaryimage\"},\"image\":{\"@id\":\"https:\/\/nitu.mx\/index.php\/2018\/06\/06\/titular-de-wttc-en-chetumal-en-el-marco-de-kultur\/#primaryimage\"},\"thumbnailUrl\":\"https:\/\/nitu.mx\/wp-content\/uploads\/2018\/06\/D212A64F-7475-4054-8C7D-55D8D51C1A68.jpeg\",\"datePublished\":\"2018-06-06T18:06:05+00:00\",\"dateModified\":\"2018-06-06T18:11:51+00:00\",\"breadcrumb\":{\"@id\":\"https:\/\/nitu.mx\/index.php\/2018\/06\/06\/titular-de-wttc-en-chetumal-en-el-marco-de-kultur\/#breadcrumb\"},\"inLanguage\":\"es-MX\",\"potentialAction\":[{\"@type\":\"ReadAction\",\"target\":[\"https:\/\/nitu.mx\/index.php\/2018\/06\/06\/titular-de-wttc-en-chetumal-en-el-marco-de-kultur\/\"]}]},{\"@type\":\"ImageObject\",\"inLanguage\":\"es-MX\",\"@id\":\"https:\/\/nitu.mx\/index.php\/2018\/06\/06\/titular-de-wttc-en-chetumal-en-el-marco-de-kultur\/#primaryimage\",\"url\":\"https:\/\/nitu.mx\/wp-content\/uploads\/2018\/06\/D212A64F-7475-4054-8C7D-55D8D51C1A68.jpeg\",\"contentUrl\":\"https:\/\/nitu.mx\/wp-content\/uploads\/2018\/06\/D212A64F-7475-4054-8C7D-55D8D51C1A68.jpeg\",\"width\":960,\"height\":1280},{\"@type\":\"BreadcrumbList\",\"@id\":\"https:\/\/nitu.mx\/index.php\/2018\/06\/06\/titular-de-wttc-en-chetumal-en-el-marco-de-kultur\/#breadcrumb\",\"itemListElement\":[{\"@type\":\"ListItem\",\"position\":1,\"name\":\"Inicio\",\"item\":\"https:\/\/nitu.mx\/\"},{\"@type\":\"ListItem\",\"position\":2,\"name\":\"Presente Gloria Guevara CEO de WTTC en Kultur, Chetumal\"}]},{\"@type\":\"WebSite\",\"@id\":\"https:\/\/nitu.mx\/#website\",\"url\":\"https:\/\/nitu.mx\/\",\"name\":\"Nitu - Noticias de la Industria Turistica\",\"description\":\"Noticias de la Industria Turistica\",\"publisher\":{\"@id\":\"https:\/\/nitu.mx\/#\/schema\/person\/ae7a53426417292d3dd07b45a33e01bc\"},\"alternateName\":\"Noticias de la Industria Turistica\",\"potentialAction\":[{\"@type\":\"SearchAction\",\"target\":{\"@type\":\"EntryPoint\",\"urlTemplate\":\"https:\/\/nitu.mx\/?s={search_term_string}\"},\"query-input\":\"required name=search_term_string\"}],\"inLanguage\":\"es-MX\"},{\"@type\":[\"Person\",\"Organization\"],\"@id\":\"https:\/\/nitu.mx\/#\/schema\/person\/ae7a53426417292d3dd07b45a33e01bc\",\"name\":\"Arturo Medina\",\"image\":{\"@type\":\"ImageObject\",\"inLanguage\":\"es-MX\",\"@id\":\"https:\/\/nitu.mx\/#\/schema\/person\/image\/\",\"url\":\"https:\/\/nitu.mx\/wp-content\/uploads\/2024\/04\/4A315622-1904-4D5C-B022-878CDC840E04-90x90-1.jpeg\",\"contentUrl\":\"https:\/\/nitu.mx\/wp-content\/uploads\/2024\/04\/4A315622-1904-4D5C-B022-878CDC840E04-90x90-1.jpeg\",\"width\":90,\"height\":90,\"caption\":\"Arturo Medina\"},\"logo\":{\"@id\":\"https:\/\/nitu.mx\/#\/schema\/person\/image\/\"},\"description\":\"Director NITU.mx, Egresado de la Escuela de Periodismo Carlos Septi\u00e9n Garc\u00eda. Periodista y analista especializado en turismo desde hace 35 a\u00f1os, radicado en Canc\u00fan Q.Roo. arturo@nitu.mx\",\"sameAs\":[\"https:\/\/nitu.mx\",\"https:\/\/www.facebook.com\/NITUmx\/\",\"medinacancun\",\"https:\/\/twitter.com\/@Arturo_Medina_G\"],\"url\":\"https:\/\/nitu.mx\/index.php\/author\/arturo-medina\/\"}]}<\/script>\n<!-- \/ Yoast SEO plugin. -->","yoast_head_json":{"title":"Presente Gloria Guevara CEO de WTTC en Kultur, Chetumal - Nitu - Noticias de la Industria Turistica","robots":{"index":"index","follow":"follow","max-snippet":"max-snippet:-1","max-image-preview":"max-image-preview:large","max-video-preview":"max-video-preview:-1"},"canonical":"https:\/\/nitu.mx\/index.php\/2018\/06\/06\/titular-de-wttc-en-chetumal-en-el-marco-de-kultur\/","twitter_card":"summary_large_image","twitter_title":"Presente Gloria Guevara CEO de WTTC en Kultur, Chetumal - Nitu - Noticias de la Industria Turistica","twitter_description":"Chetumal, capital de Quintana Roo, fue elegida sede de la VII edici\u00f3n del Foro Nacional de Turismo y Cultura (Kultur, 2018), evento que re\u00fane a expertos nacionales e internacionales y mostrar\u00e1 el gran legado de la ciudad, integrado por bellezas naturales, cultura maya viva, as\u00ed como la calidez y solidaridad de su gente. Del 7 [&hellip;]","twitter_image":"https:\/\/nitu.mx\/wp-content\/uploads\/2018\/06\/D212A64F-7475-4054-8C7D-55D8D51C1A68.jpeg","twitter_creator":"@Arturo_Medina_G","twitter_site":"@Arturo_Medina_G","twitter_misc":{"Escrito por":"Arturo Medina","Tiempo de lectura":"1 minuto"},"schema":{"@context":"https:\/\/schema.org","@graph":[{"@type":"Article","@id":"https:\/\/nitu.mx\/index.php\/2018\/06\/06\/titular-de-wttc-en-chetumal-en-el-marco-de-kultur\/#article","isPartOf":{"@id":"https:\/\/nitu.mx\/index.php\/2018\/06\/06\/titular-de-wttc-en-chetumal-en-el-marco-de-kultur\/"},"author":{"name":"Arturo Medina","@id":"https:\/\/nitu.mx\/#\/schema\/person\/ae7a53426417292d3dd07b45a33e01bc"},"headline":"Presente Gloria Guevara CEO de WTTC en Kultur, Chetumal","datePublished":"2018-06-06T18:06:05+00:00","dateModified":"2018-06-06T18:11:51+00:00","mainEntityOfPage":{"@id":"https:\/\/nitu.mx\/index.php\/2018\/06\/06\/titular-de-wttc-en-chetumal-en-el-marco-de-kultur\/"},"wordCount":274,"commentCount":0,"publisher":{"@id":"https:\/\/nitu.mx\/#\/schema\/person\/ae7a53426417292d3dd07b45a33e01bc"},"image":{"@id":"https:\/\/nitu.mx\/index.php\/2018\/06\/06\/titular-de-wttc-en-chetumal-en-el-marco-de-kultur\/#primaryimage"},"thumbnailUrl":"https:\/\/nitu.mx\/wp-content\/uploads\/2018\/06\/D212A64F-7475-4054-8C7D-55D8D51C1A68.jpeg","keywords":["Chetumal","Gloria Guevara Manzo","Quintana Roo"],"articleSection":["Destinos"],"inLanguage":"es-MX","potentialAction":[{"@type":"CommentAction","name":"Comment","target":["https:\/\/nitu.mx\/index.php\/2018\/06\/06\/titular-de-wttc-en-chetumal-en-el-marco-de-kultur\/#respond"]}]},{"@type":"WebPage","@id":"https:\/\/nitu.mx\/index.php\/2018\/06\/06\/titular-de-wttc-en-chetumal-en-el-marco-de-kultur\/","url":"https:\/\/nitu.mx\/index.php\/2018\/06\/06\/titular-de-wttc-en-chetumal-en-el-marco-de-kultur\/","name":"Presente Gloria Guevara CEO de WTTC en Kultur, Chetumal - Nitu - Noticias de la Industria Turistica","isPartOf":{"@id":"https:\/\/nitu.mx\/#website"},"primaryImageOfPage":{"@id":"https:\/\/nitu.mx\/index.php\/2018\/06\/06\/titular-de-wttc-en-chetumal-en-el-marco-de-kultur\/#primaryimage"},"image":{"@id":"https:\/\/nitu.mx\/index.php\/2018\/06\/06\/titular-de-wttc-en-chetumal-en-el-marco-de-kultur\/#primaryimage"},"thumbnailUrl":"https:\/\/nitu.mx\/wp-content\/uploads\/2018\/06\/D212A64F-7475-4054-8C7D-55D8D51C1A68.jpeg","datePublished":"2018-06-06T18:06:05+00:00","dateModified":"2018-06-06T18:11:51+00:00","breadcrumb":{"@id":"https:\/\/nitu.mx\/index.php\/2018\/06\/06\/titular-de-wttc-en-chetumal-en-el-marco-de-kultur\/#breadcrumb"},"inLanguage":"es-MX","potentialAction":[{"@type":"ReadAction","target":["https:\/\/nitu.mx\/index.php\/2018\/06\/06\/titular-de-wttc-en-chetumal-en-el-marco-de-kultur\/"]}]},{"@type":"ImageObject","inLanguage":"es-MX","@id":"https:\/\/nitu.mx\/index.php\/2018\/06\/06\/titular-de-wttc-en-chetumal-en-el-marco-de-kultur\/#primaryimage","url":"https:\/\/nitu.mx\/wp-content\/uploads\/2018\/06\/D212A64F-7475-4054-8C7D-55D8D51C1A68.jpeg","contentUrl":"https:\/\/nitu.mx\/wp-content\/uploads\/2018\/06\/D212A64F-7475-4054-8C7D-55D8D51C1A68.jpeg","width":960,"height":1280},{"@type":"BreadcrumbList","@id":"https:\/\/nitu.mx\/index.php\/2018\/06\/06\/titular-de-wttc-en-chetumal-en-el-marco-de-kultur\/#breadcrumb","itemListElement":[{"@type":"ListItem","position":1,"name":"Inicio","item":"https:\/\/nitu.mx\/"},{"@type":"ListItem","position":2,"name":"Presente Gloria Guevara CEO de WTTC en Kultur, Chetumal"}]},{"@type":"WebSite","@id":"https:\/\/nitu.mx\/#website","url":"https:\/\/nitu.mx\/","name":"Nitu - Noticias de la Industria Turistica","description":"Noticias de la Industria Turistica","publisher":{"@id":"https:\/\/nitu.mx\/#\/schema\/person\/ae7a53426417292d3dd07b45a33e01bc"},"alternateName":"Noticias de la Industria Turistica","potentialAction":[{"@type":"SearchAction","target":{"@type":"EntryPoint","urlTemplate":"https:\/\/nitu.mx\/?s={search_term_string}"},"query-input":"required name=search_term_string"}],"inLanguage":"es-MX"},{"@type":["Person","Organization"],"@id":"https:\/\/nitu.mx\/#\/schema\/person\/ae7a53426417292d3dd07b45a33e01bc","name":"Arturo Medina","image":{"@type":"ImageObject","inLanguage":"es-MX","@id":"https:\/\/nitu.mx\/#\/schema\/person\/image\/","url":"https:\/\/nitu.mx\/wp-content\/uploads\/2024\/04\/4A315622-1904-4D5C-B022-878CDC840E04-90x90-1.jpeg","contentUrl":"https:\/\/nitu.mx\/wp-content\/uploads\/2024\/04\/4A315622-1904-4D5C-B022-878CDC840E04-90x90-1.jpeg","width":90,"height":90,"caption":"Arturo Medina"},"logo":{"@id":"https:\/\/nitu.mx\/#\/schema\/person\/image\/"},"description":"Director NITU.mx, Egresado de la Escuela de Periodismo Carlos Septi\u00e9n Garc\u00eda. Periodista y analista especializado en turismo desde hace 35 a\u00f1os, radicado en Canc\u00fan Q.Roo. arturo@nitu.mx","sameAs":["https:\/\/nitu.mx","https:\/\/www.facebook.com\/NITUmx\/","medinacancun","https:\/\/twitter.com\/@Arturo_Medina_G"],"url":"https:\/\/nitu.mx\/index.php\/author\/arturo-medina\/"}]}},"views":249,"_links":{"self":[{"href":"https:\/\/nitu.mx\/index.php\/wp-json\/wp\/v2\/posts\/21195"}],"collection":[{"href":"https:\/\/nitu.mx\/index.php\/wp-json\/wp\/v2\/posts"}],"about":[{"href":"https:\/\/nitu.mx\/index.php\/wp-json\/wp\/v2\/types\/post"}],"author":[{"embeddable":true,"href":"https:\/\/nitu.mx\/index.php\/wp-json\/wp\/v2\/users\/2"}],"replies":[{"embeddable":true,"href":"https:\/\/nitu.mx\/index.php\/wp-json\/wp\/v2\/comments?post=21195"}],"version-history":[{"count":3,"href":"https:\/\/nitu.mx\/index.php\/wp-json\/wp\/v2\/posts\/21195\/revisions"}],"predecessor-version":[{"id":21199,"href":"https:\/\/nitu.mx\/index.php\/wp-json\/wp\/v2\/posts\/21195\/revisions\/21199"}],"wp:featuredmedia":[{"embeddable":true,"href":"https:\/\/nitu.mx\/index.php\/wp-json\/wp\/v2\/media\/21196"}],"wp:attachment":[{"href":"https:\/\/nitu.mx\/index.php\/wp-json\/wp\/v2\/media?parent=21195"}],"wp:term":[{"taxonomy":"category","embeddable":true,"href":"https:\/\/nitu.mx\/index.php\/wp-json\/wp\/v2\/categories?post=21195"},{"taxonomy":"post_tag","embeddable":true,"href":"https:\/\/nitu.mx\/index.php\/wp-json\/wp\/v2\/tags?post=21195"}],"curies":[{"name":"wp","href":"https:\/\/api.w.org\/{rel}","templated":true}]}}