{"id":21159,"date":"2018-06-05T23:42:50","date_gmt":"2018-06-06T04:42:50","guid":{"rendered":"http:\/\/www.dev.nitu.mx\/?p=21159"},"modified":"2018-06-06T00:20:35","modified_gmt":"2018-06-06T05:20:35","slug":"cancun-celebra-el-dia-internacional-del-yoga-para-atraer-turismo","status":"publish","type":"post","link":"https:\/\/nitu.mx\/index.php\/2018\/06\/05\/cancun-celebra-el-dia-internacional-del-yoga-para-atraer-turismo\/","title":{"rendered":"Canc\u00fan celebra el D\u00eda Internacional del Yoga para atraer turismo"},"content":{"rendered":"<p>Por segundo a\u00f1o consecutivo la belleza de Canc\u00fan, logr\u00f3 que la Embajada de la India en M\u00e9xico lo eligiera como sede de los festejos por el D\u00eda Internacional del Yoga, a celebrarse el pr\u00f3ximo s\u00e1bado 16 de junio en playa Delfines, en un evento gratuito al que se invita a toda la comunidad a participar.<\/p>\n<p>El c\u00f3nsul honorario de la India en Canc\u00fan el empresario Rafael Aguirre, refiri\u00f3 que a las 7:00 de la ma\u00f1ana se iniciar\u00e1n las actividades con una sesi\u00f3n gratuita guiada por un maestro de yoga. Para propiciar la participaci\u00f3n de la comunidad habr\u00e1 transporte gratuito desde Soriana Kabah, Mega Comercial L\u00f3pez Portillo y WalMart Coba hasta Playa Delfines por parte de la empresa Turicun.<\/p>\n<p>Aguirre destac\u00f3 que el turismo de yoguis, catalogado dentro del turismo hol\u00edstico tiene como principal punto en el estado de Quintana Roo a Tulum, en donde se desarrollan importantes encuentros de yoga con gran asistencia. (<a title=\"Canc\u00fan busca atraer nuevos nichos de mercado con eventos internacionales\" href=\"http:\/\/www.dev.nitu.mx\/index.php\/2017\/06\/12\/cancun-busca-atraer-nuevos-nichos-de-mercado-con-eventos-internacionales\/\" rel=\"bookmark\">Canc\u00fan busca atraer nuevos nichos de mercado con eventos internacionales<\/a>)<\/p>\n<p>Resalt\u00f3 que adem\u00e1s de tener presencia en este mercado tur\u00edstico, se busca propiciar la expansi\u00f3n de esta pr\u00e1ctica en la comunidad, ya que propicia el cuidado del f\u00edsico, la meditaci\u00f3n, el ejercicio, la relajaci\u00f3n, en s\u00ed el cuidado de la salud f\u00edsica, mental y espiritual ya que se resalta la armon\u00eda y la actitud positiva otorgando importantes beneficios al ser humano.<br \/>\nPara este evento se anunci\u00f3 la presencia del embajador de la India en M\u00e9xico; Su Excelencia Shri MUKTESH K. PARDESHI.<\/p>\n","protected":false},"excerpt":{"rendered":"<p>Por segundo a\u00f1o consecutivo la belleza de Canc\u00fan, logr\u00f3 que la Embajada de la India en M\u00e9xico lo eligiera como sede de los festejos por el D\u00eda Internacional del Yoga, a celebrarse el pr\u00f3ximo s\u00e1bado 16 de junio en playa Delfines, en un evento gratuito al que se invita a toda la comunidad a participar. [&hellip;]<\/p>\n","protected":false},"author":3,"featured_media":21183,"comment_status":"open","ping_status":"open","sticky":false,"template":"","format":"standard","meta":{"footnotes":""},"categories":[5,12],"tags":[43,4668,10458,68,2728,10459],"yoast_head":"<!-- This site is optimized with the Yoast SEO plugin v22.2 - https:\/\/yoast.com\/wordpress\/plugins\/seo\/ -->\n<title>Canc\u00fan celebra el D\u00eda Internacional del Yoga para atraer turismo - Nitu - Noticias de la Industria Turistica<\/title>\n<meta name=\"description\" content=\"Por segundo a\u00f1o consecutivo la belleza de Canc\u00fan, logr\u00f3 que la Embajada de la India en M\u00e9xico lo eligiera como sede de los festejos por el D\u00eda Internacional del Yoga.\" \/>\n<meta name=\"robots\" content=\"index, follow, max-snippet:-1, max-image-preview:large, max-video-preview:-1\" \/>\n<link rel=\"canonical\" href=\"https:\/\/nitu.mx\/index.php\/2018\/06\/05\/cancun-celebra-el-dia-internacional-del-yoga-para-atraer-turismo\/\" \/>\n<meta name=\"twitter:card\" content=\"summary_large_image\" \/>\n<meta name=\"twitter:title\" content=\"Canc\u00fan celebra el D\u00eda Internacional del Yoga para atraer turismo - Nitu - Noticias de la Industria Turistica\" \/>\n<meta name=\"twitter:description\" content=\"Por segundo a\u00f1o consecutivo la belleza de Canc\u00fan, logr\u00f3 que la Embajada de la India en M\u00e9xico lo eligiera como sede de los festejos por el D\u00eda Internacional del Yoga.\" \/>\n<meta name=\"twitter:image\" content=\"https:\/\/nitu.mx\/wp-content\/uploads\/2018\/06\/dia-internacional-del-yoga-cancun.jpg\" \/>\n<meta name=\"twitter:creator\" content=\"@NITUmx\" \/>\n<meta name=\"twitter:site\" content=\"@Arturo_Medina_G\" \/>\n<meta name=\"twitter:label1\" content=\"Escrito por\" \/>\n\t<meta name=\"twitter:data1\" content=\"Alejandra Moncisbays\" \/>\n\t<meta name=\"twitter:label2\" content=\"Tiempo de lectura\" \/>\n\t<meta name=\"twitter:data2\" content=\"1 minuto\" \/>\n<script type=\"application\/ld+json\" class=\"yoast-schema-graph\">{\"@context\":\"https:\/\/schema.org\",\"@graph\":[{\"@type\":\"Article\",\"@id\":\"https:\/\/nitu.mx\/index.php\/2018\/06\/05\/cancun-celebra-el-dia-internacional-del-yoga-para-atraer-turismo\/#article\",\"isPartOf\":{\"@id\":\"https:\/\/nitu.mx\/index.php\/2018\/06\/05\/cancun-celebra-el-dia-internacional-del-yoga-para-atraer-turismo\/\"},\"author\":{\"name\":\"Alejandra Moncisbays\",\"@id\":\"https:\/\/nitu.mx\/#\/schema\/person\/2ecd887b19dfd3382d1f14fc5acf24a8\"},\"headline\":\"Canc\u00fan celebra el D\u00eda Internacional del Yoga para atraer turismo\",\"datePublished\":\"2018-06-06T04:42:50+00:00\",\"dateModified\":\"2018-06-06T05:20:35+00:00\",\"mainEntityOfPage\":{\"@id\":\"https:\/\/nitu.mx\/index.php\/2018\/06\/05\/cancun-celebra-el-dia-internacional-del-yoga-para-atraer-turismo\/\"},\"wordCount\":279,\"commentCount\":0,\"publisher\":{\"@id\":\"https:\/\/nitu.mx\/#\/schema\/person\/ae7a53426417292d3dd07b45a33e01bc\"},\"image\":{\"@id\":\"https:\/\/nitu.mx\/index.php\/2018\/06\/05\/cancun-celebra-el-dia-internacional-del-yoga-para-atraer-turismo\/#primaryimage\"},\"thumbnailUrl\":\"https:\/\/nitu.mx\/wp-content\/uploads\/2018\/06\/dia-internacional-del-yoga-cancun.jpg\",\"keywords\":[\"Canc\u00fan\",\"D\u00eda internacional del Yoga\",\"Embajada de la India\",\"M\u00e9xico\",\"Rafael Aguirre\",\"Su Excelencia Shri MUKTESH K. PARDESHI\"],\"articleSection\":[\"Destinos\",\"Marketing\"],\"inLanguage\":\"es-MX\",\"potentialAction\":[{\"@type\":\"CommentAction\",\"name\":\"Comment\",\"target\":[\"https:\/\/nitu.mx\/index.php\/2018\/06\/05\/cancun-celebra-el-dia-internacional-del-yoga-para-atraer-turismo\/#respond\"]}]},{\"@type\":\"WebPage\",\"@id\":\"https:\/\/nitu.mx\/index.php\/2018\/06\/05\/cancun-celebra-el-dia-internacional-del-yoga-para-atraer-turismo\/\",\"url\":\"https:\/\/nitu.mx\/index.php\/2018\/06\/05\/cancun-celebra-el-dia-internacional-del-yoga-para-atraer-turismo\/\",\"name\":\"Canc\u00fan celebra el D\u00eda Internacional del Yoga para atraer turismo - Nitu - Noticias de la Industria Turistica\",\"isPartOf\":{\"@id\":\"https:\/\/nitu.mx\/#website\"},\"primaryImageOfPage\":{\"@id\":\"https:\/\/nitu.mx\/index.php\/2018\/06\/05\/cancun-celebra-el-dia-internacional-del-yoga-para-atraer-turismo\/#primaryimage\"},\"image\":{\"@id\":\"https:\/\/nitu.mx\/index.php\/2018\/06\/05\/cancun-celebra-el-dia-internacional-del-yoga-para-atraer-turismo\/#primaryimage\"},\"thumbnailUrl\":\"https:\/\/nitu.mx\/wp-content\/uploads\/2018\/06\/dia-internacional-del-yoga-cancun.jpg\",\"datePublished\":\"2018-06-06T04:42:50+00:00\",\"dateModified\":\"2018-06-06T05:20:35+00:00\",\"description\":\"Por segundo a\u00f1o consecutivo la belleza de Canc\u00fan, logr\u00f3 que la Embajada de la India en M\u00e9xico lo eligiera como sede de los festejos por el D\u00eda Internacional del Yoga.\",\"breadcrumb\":{\"@id\":\"https:\/\/nitu.mx\/index.php\/2018\/06\/05\/cancun-celebra-el-dia-internacional-del-yoga-para-atraer-turismo\/#breadcrumb\"},\"inLanguage\":\"es-MX\",\"potentialAction\":[{\"@type\":\"ReadAction\",\"target\":[\"https:\/\/nitu.mx\/index.php\/2018\/06\/05\/cancun-celebra-el-dia-internacional-del-yoga-para-atraer-turismo\/\"]}]},{\"@type\":\"ImageObject\",\"inLanguage\":\"es-MX\",\"@id\":\"https:\/\/nitu.mx\/index.php\/2018\/06\/05\/cancun-celebra-el-dia-internacional-del-yoga-para-atraer-turismo\/#primaryimage\",\"url\":\"https:\/\/nitu.mx\/wp-content\/uploads\/2018\/06\/dia-internacional-del-yoga-cancun.jpg\",\"contentUrl\":\"https:\/\/nitu.mx\/wp-content\/uploads\/2018\/06\/dia-internacional-del-yoga-cancun.jpg\",\"width\":850,\"height\":480,\"caption\":\"dia internacional del yoga cancun\"},{\"@type\":\"BreadcrumbList\",\"@id\":\"https:\/\/nitu.mx\/index.php\/2018\/06\/05\/cancun-celebra-el-dia-internacional-del-yoga-para-atraer-turismo\/#breadcrumb\",\"itemListElement\":[{\"@type\":\"ListItem\",\"position\":1,\"name\":\"Inicio\",\"item\":\"https:\/\/nitu.mx\/\"},{\"@type\":\"ListItem\",\"position\":2,\"name\":\"Canc\u00fan celebra el D\u00eda Internacional del Yoga para atraer turismo\"}]},{\"@type\":\"WebSite\",\"@id\":\"https:\/\/nitu.mx\/#website\",\"url\":\"https:\/\/nitu.mx\/\",\"name\":\"Nitu - Noticias de la Industria Turistica\",\"description\":\"Noticias de la Industria Turistica\",\"publisher\":{\"@id\":\"https:\/\/nitu.mx\/#\/schema\/person\/ae7a53426417292d3dd07b45a33e01bc\"},\"alternateName\":\"Noticias de la Industria Turistica\",\"potentialAction\":[{\"@type\":\"SearchAction\",\"target\":{\"@type\":\"EntryPoint\",\"urlTemplate\":\"https:\/\/nitu.mx\/?s={search_term_string}\"},\"query-input\":\"required name=search_term_string\"}],\"inLanguage\":\"es-MX\"},{\"@type\":[\"Person\",\"Organization\"],\"@id\":\"https:\/\/nitu.mx\/#\/schema\/person\/ae7a53426417292d3dd07b45a33e01bc\",\"name\":\"Arturo Medina\",\"image\":{\"@type\":\"ImageObject\",\"inLanguage\":\"es-MX\",\"@id\":\"https:\/\/nitu.mx\/#\/schema\/person\/image\/\",\"url\":\"https:\/\/nitu.mx\/wp-content\/uploads\/2024\/04\/4A315622-1904-4D5C-B022-878CDC840E04-90x90-1.jpeg\",\"contentUrl\":\"https:\/\/nitu.mx\/wp-content\/uploads\/2024\/04\/4A315622-1904-4D5C-B022-878CDC840E04-90x90-1.jpeg\",\"width\":90,\"height\":90,\"caption\":\"Arturo Medina\"},\"logo\":{\"@id\":\"https:\/\/nitu.mx\/#\/schema\/person\/image\/\"},\"description\":\"Director NITU.mx, Egresado de la Escuela de Periodismo Carlos Septi\u00e9n Garc\u00eda. Periodista y analista especializado en turismo desde hace 35 a\u00f1os, radicado en Canc\u00fan Q.Roo. arturo@nitu.mx\",\"sameAs\":[\"https:\/\/nitu.mx\",\"https:\/\/www.facebook.com\/NITUmx\/\",\"medinacancun\",\"https:\/\/twitter.com\/@Arturo_Medina_G\"]},{\"@type\":\"Person\",\"@id\":\"https:\/\/nitu.mx\/#\/schema\/person\/2ecd887b19dfd3382d1f14fc5acf24a8\",\"name\":\"Alejandra Moncisbays\",\"image\":{\"@type\":\"ImageObject\",\"inLanguage\":\"es-MX\",\"@id\":\"https:\/\/nitu.mx\/#\/schema\/person\/image\/\",\"url\":\"https:\/\/secure.gravatar.com\/avatar\/e74f7af0be172b7804dacfd0bfbef787?s=96&d=mm&r=g\",\"contentUrl\":\"https:\/\/secure.gravatar.com\/avatar\/e74f7af0be172b7804dacfd0bfbef787?s=96&d=mm&r=g\",\"caption\":\"Alejandra Moncisbays\"},\"description\":\"Curs\u00e9 la carrera de Periodismo y Comunicaci\u00f3n en la Facultad de Estudios Profesionales Acatl\u00e1n. Vivo en Canc\u00fan desde hace 24 a\u00f1os. Fui reportera de La Tarde de Canc\u00fan, y Novedades de Quintana Roo, colabor\u00e9 en TVCUN, edit\u00e9 Cancun\u00edssimo y colabor\u00e9 en las revistas Latitud21, entre otras, con principal enfoque en los sectores empresarial y tur\u00edstico. Desde hace varios a\u00f1os soy Agente de Seguros con c\u00e9dula de la Comisi\u00f3n Nacional de Seguros y Fianzas. Actualmente, me desarrollo en los \u00e1mbitos del periodismo y el sector asegurador.\",\"sameAs\":[\"https:\/\/nitu.mx\"],\"url\":\"https:\/\/nitu.mx\/index.php\/author\/alejandra\/\"}]}<\/script>\n<!-- \/ Yoast SEO plugin. -->","yoast_head_json":{"title":"Canc\u00fan celebra el D\u00eda Internacional del Yoga para atraer turismo - Nitu - Noticias de la Industria Turistica","description":"Por segundo a\u00f1o consecutivo la belleza de Canc\u00fan, logr\u00f3 que la Embajada de la India en M\u00e9xico lo eligiera como sede de los festejos por el D\u00eda Internacional del Yoga.","robots":{"index":"index","follow":"follow","max-snippet":"max-snippet:-1","max-image-preview":"max-image-preview:large","max-video-preview":"max-video-preview:-1"},"canonical":"https:\/\/nitu.mx\/index.php\/2018\/06\/05\/cancun-celebra-el-dia-internacional-del-yoga-para-atraer-turismo\/","twitter_card":"summary_large_image","twitter_title":"Canc\u00fan celebra el D\u00eda Internacional del Yoga para atraer turismo - Nitu - Noticias de la Industria Turistica","twitter_description":"Por segundo a\u00f1o consecutivo la belleza de Canc\u00fan, logr\u00f3 que la Embajada de la India en M\u00e9xico lo eligiera como sede de los festejos por el D\u00eda Internacional del Yoga.","twitter_image":"https:\/\/nitu.mx\/wp-content\/uploads\/2018\/06\/dia-internacional-del-yoga-cancun.jpg","twitter_creator":"@NITUmx","twitter_site":"@Arturo_Medina_G","twitter_misc":{"Escrito por":"Alejandra Moncisbays","Tiempo de lectura":"1 minuto"},"schema":{"@context":"https:\/\/schema.org","@graph":[{"@type":"Article","@id":"https:\/\/nitu.mx\/index.php\/2018\/06\/05\/cancun-celebra-el-dia-internacional-del-yoga-para-atraer-turismo\/#article","isPartOf":{"@id":"https:\/\/nitu.mx\/index.php\/2018\/06\/05\/cancun-celebra-el-dia-internacional-del-yoga-para-atraer-turismo\/"},"author":{"name":"Alejandra Moncisbays","@id":"https:\/\/nitu.mx\/#\/schema\/person\/2ecd887b19dfd3382d1f14fc5acf24a8"},"headline":"Canc\u00fan celebra el D\u00eda Internacional del Yoga para atraer turismo","datePublished":"2018-06-06T04:42:50+00:00","dateModified":"2018-06-06T05:20:35+00:00","mainEntityOfPage":{"@id":"https:\/\/nitu.mx\/index.php\/2018\/06\/05\/cancun-celebra-el-dia-internacional-del-yoga-para-atraer-turismo\/"},"wordCount":279,"commentCount":0,"publisher":{"@id":"https:\/\/nitu.mx\/#\/schema\/person\/ae7a53426417292d3dd07b45a33e01bc"},"image":{"@id":"https:\/\/nitu.mx\/index.php\/2018\/06\/05\/cancun-celebra-el-dia-internacional-del-yoga-para-atraer-turismo\/#primaryimage"},"thumbnailUrl":"https:\/\/nitu.mx\/wp-content\/uploads\/2018\/06\/dia-internacional-del-yoga-cancun.jpg","keywords":["Canc\u00fan","D\u00eda internacional del Yoga","Embajada de la India","M\u00e9xico","Rafael Aguirre","Su Excelencia Shri MUKTESH K. PARDESHI"],"articleSection":["Destinos","Marketing"],"inLanguage":"es-MX","potentialAction":[{"@type":"CommentAction","name":"Comment","target":["https:\/\/nitu.mx\/index.php\/2018\/06\/05\/cancun-celebra-el-dia-internacional-del-yoga-para-atraer-turismo\/#respond"]}]},{"@type":"WebPage","@id":"https:\/\/nitu.mx\/index.php\/2018\/06\/05\/cancun-celebra-el-dia-internacional-del-yoga-para-atraer-turismo\/","url":"https:\/\/nitu.mx\/index.php\/2018\/06\/05\/cancun-celebra-el-dia-internacional-del-yoga-para-atraer-turismo\/","name":"Canc\u00fan celebra el D\u00eda Internacional del Yoga para atraer turismo - Nitu - Noticias de la Industria Turistica","isPartOf":{"@id":"https:\/\/nitu.mx\/#website"},"primaryImageOfPage":{"@id":"https:\/\/nitu.mx\/index.php\/2018\/06\/05\/cancun-celebra-el-dia-internacional-del-yoga-para-atraer-turismo\/#primaryimage"},"image":{"@id":"https:\/\/nitu.mx\/index.php\/2018\/06\/05\/cancun-celebra-el-dia-internacional-del-yoga-para-atraer-turismo\/#primaryimage"},"thumbnailUrl":"https:\/\/nitu.mx\/wp-content\/uploads\/2018\/06\/dia-internacional-del-yoga-cancun.jpg","datePublished":"2018-06-06T04:42:50+00:00","dateModified":"2018-06-06T05:20:35+00:00","description":"Por segundo a\u00f1o consecutivo la belleza de Canc\u00fan, logr\u00f3 que la Embajada de la India en M\u00e9xico lo eligiera como sede de los festejos por el D\u00eda Internacional del Yoga.","breadcrumb":{"@id":"https:\/\/nitu.mx\/index.php\/2018\/06\/05\/cancun-celebra-el-dia-internacional-del-yoga-para-atraer-turismo\/#breadcrumb"},"inLanguage":"es-MX","potentialAction":[{"@type":"ReadAction","target":["https:\/\/nitu.mx\/index.php\/2018\/06\/05\/cancun-celebra-el-dia-internacional-del-yoga-para-atraer-turismo\/"]}]},{"@type":"ImageObject","inLanguage":"es-MX","@id":"https:\/\/nitu.mx\/index.php\/2018\/06\/05\/cancun-celebra-el-dia-internacional-del-yoga-para-atraer-turismo\/#primaryimage","url":"https:\/\/nitu.mx\/wp-content\/uploads\/2018\/06\/dia-internacional-del-yoga-cancun.jpg","contentUrl":"https:\/\/nitu.mx\/wp-content\/uploads\/2018\/06\/dia-internacional-del-yoga-cancun.jpg","width":850,"height":480,"caption":"dia internacional del yoga cancun"},{"@type":"BreadcrumbList","@id":"https:\/\/nitu.mx\/index.php\/2018\/06\/05\/cancun-celebra-el-dia-internacional-del-yoga-para-atraer-turismo\/#breadcrumb","itemListElement":[{"@type":"ListItem","position":1,"name":"Inicio","item":"https:\/\/nitu.mx\/"},{"@type":"ListItem","position":2,"name":"Canc\u00fan celebra el D\u00eda Internacional del Yoga para atraer turismo"}]},{"@type":"WebSite","@id":"https:\/\/nitu.mx\/#website","url":"https:\/\/nitu.mx\/","name":"Nitu - Noticias de la Industria Turistica","description":"Noticias de la Industria Turistica","publisher":{"@id":"https:\/\/nitu.mx\/#\/schema\/person\/ae7a53426417292d3dd07b45a33e01bc"},"alternateName":"Noticias de la Industria Turistica","potentialAction":[{"@type":"SearchAction","target":{"@type":"EntryPoint","urlTemplate":"https:\/\/nitu.mx\/?s={search_term_string}"},"query-input":"required name=search_term_string"}],"inLanguage":"es-MX"},{"@type":["Person","Organization"],"@id":"https:\/\/nitu.mx\/#\/schema\/person\/ae7a53426417292d3dd07b45a33e01bc","name":"Arturo Medina","image":{"@type":"ImageObject","inLanguage":"es-MX","@id":"https:\/\/nitu.mx\/#\/schema\/person\/image\/","url":"https:\/\/nitu.mx\/wp-content\/uploads\/2024\/04\/4A315622-1904-4D5C-B022-878CDC840E04-90x90-1.jpeg","contentUrl":"https:\/\/nitu.mx\/wp-content\/uploads\/2024\/04\/4A315622-1904-4D5C-B022-878CDC840E04-90x90-1.jpeg","width":90,"height":90,"caption":"Arturo Medina"},"logo":{"@id":"https:\/\/nitu.mx\/#\/schema\/person\/image\/"},"description":"Director NITU.mx, Egresado de la Escuela de Periodismo Carlos Septi\u00e9n Garc\u00eda. Periodista y analista especializado en turismo desde hace 35 a\u00f1os, radicado en Canc\u00fan Q.Roo. arturo@nitu.mx","sameAs":["https:\/\/nitu.mx","https:\/\/www.facebook.com\/NITUmx\/","medinacancun","https:\/\/twitter.com\/@Arturo_Medina_G"]},{"@type":"Person","@id":"https:\/\/nitu.mx\/#\/schema\/person\/2ecd887b19dfd3382d1f14fc5acf24a8","name":"Alejandra Moncisbays","image":{"@type":"ImageObject","inLanguage":"es-MX","@id":"https:\/\/nitu.mx\/#\/schema\/person\/image\/","url":"https:\/\/secure.gravatar.com\/avatar\/e74f7af0be172b7804dacfd0bfbef787?s=96&d=mm&r=g","contentUrl":"https:\/\/secure.gravatar.com\/avatar\/e74f7af0be172b7804dacfd0bfbef787?s=96&d=mm&r=g","caption":"Alejandra Moncisbays"},"description":"Curs\u00e9 la carrera de Periodismo y Comunicaci\u00f3n en la Facultad de Estudios Profesionales Acatl\u00e1n. Vivo en Canc\u00fan desde hace 24 a\u00f1os. Fui reportera de La Tarde de Canc\u00fan, y Novedades de Quintana Roo, colabor\u00e9 en TVCUN, edit\u00e9 Cancun\u00edssimo y colabor\u00e9 en las revistas Latitud21, entre otras, con principal enfoque en los sectores empresarial y tur\u00edstico. Desde hace varios a\u00f1os soy Agente de Seguros con c\u00e9dula de la Comisi\u00f3n Nacional de Seguros y Fianzas. Actualmente, me desarrollo en los \u00e1mbitos del periodismo y el sector asegurador.","sameAs":["https:\/\/nitu.mx"],"url":"https:\/\/nitu.mx\/index.php\/author\/alejandra\/"}]}},"views":334,"_links":{"self":[{"href":"https:\/\/nitu.mx\/index.php\/wp-json\/wp\/v2\/posts\/21159"}],"collection":[{"href":"https:\/\/nitu.mx\/index.php\/wp-json\/wp\/v2\/posts"}],"about":[{"href":"https:\/\/nitu.mx\/index.php\/wp-json\/wp\/v2\/types\/post"}],"author":[{"embeddable":true,"href":"https:\/\/nitu.mx\/index.php\/wp-json\/wp\/v2\/users\/3"}],"replies":[{"embeddable":true,"href":"https:\/\/nitu.mx\/index.php\/wp-json\/wp\/v2\/comments?post=21159"}],"version-history":[{"count":3,"href":"https:\/\/nitu.mx\/index.php\/wp-json\/wp\/v2\/posts\/21159\/revisions"}],"predecessor-version":[{"id":21184,"href":"https:\/\/nitu.mx\/index.php\/wp-json\/wp\/v2\/posts\/21159\/revisions\/21184"}],"wp:featuredmedia":[{"embeddable":true,"href":"https:\/\/nitu.mx\/index.php\/wp-json\/wp\/v2\/media\/21183"}],"wp:attachment":[{"href":"https:\/\/nitu.mx\/index.php\/wp-json\/wp\/v2\/media?parent=21159"}],"wp:term":[{"taxonomy":"category","embeddable":true,"href":"https:\/\/nitu.mx\/index.php\/wp-json\/wp\/v2\/categories?post=21159"},{"taxonomy":"post_tag","embeddable":true,"href":"https:\/\/nitu.mx\/index.php\/wp-json\/wp\/v2\/tags?post=21159"}],"curies":[{"name":"wp","href":"https:\/\/api.w.org\/{rel}","templated":true}]}}