{"id":2103,"date":"2016-09-21T08:49:16","date_gmt":"2016-09-21T13:49:16","guid":{"rendered":"http:\/\/www.dev.nitu.mx\/?p=2103"},"modified":"2016-09-21T10:11:42","modified_gmt":"2016-09-21T15:11:42","slug":"cole-y-vanegas-suenan-para-la-secretaria-de-turismo-en-q-roo","status":"publish","type":"post","link":"https:\/\/nitu.mx\/index.php\/2016\/09\/21\/cole-y-vanegas-suenan-para-la-secretaria-de-turismo-en-q-roo\/","title":{"rendered":"Cole y Vanegas suenan para la Secretar\u00eda de Turismo en Q. Roo"},"content":{"rendered":"<p><span style=\"color: #000000; font-family: Calibri;\">Con la toma de protesta de Carlos Joaqu\u00edn Gonz\u00e1lez, habr\u00e1 sustituciones, y una de las secretar\u00edas de gran relevancia en Quintana Roo, la de Turismo, es de las m\u00e1s esperadas. Hoy Dinero se\u00f1ala que desde este jueves, se ir\u00e1 dando a conocer en Quintana Roo el gabinete del nuevo gobernador, y que para turismo suenan principalmente dos nombres, ambas mujeres: Marisol Vanegas P\u00e9rez y Lizzie Cole.<\/span><\/p>\n<p><span style=\"color: #000000; font-family: Calibri;\">Seg\u00fan la publicaci\u00f3n, hasta hoy las dos punteras son Marisol Venegas, licenciada en Turismo con Maestr\u00eda en Planeaci\u00f3n Tur\u00edstica y varios diplomados en el rubro. Consultora e investigadora que ha desarrollado m\u00e1s de 20 investigaciones sobre Desarrollo y Gesti\u00f3n. Actualmente es presidenta de la Academia de Turismo de la Sociedad Andr\u00e9s Quintana Roo.<\/span><\/p>\n<p><span style=\"color: #000000; font-family: Calibri;\">El otro nombre que se ha mencionado es el de Lizzie Cole, la n\u00famero dos del Fideicomiso de Riviera Maya, quien fue impulsada por el propio Joaqu\u00edn para ser la secretaria de Turismo de la Ciudad de M\u00e9xico al inicio del gobierno de Miguel \u00c1ngel Mancera, se se\u00f1ala. <\/span><\/p>\n<p><span style=\"color: #000000; font-family: Calibri;\">Cole es Directora de Promoci\u00f3n y Mercadotecnia del Fideicomiso de Promoci\u00f3n Tur\u00edstica de la Riviera Maya desde el 2010. Particip\u00f3 en el desarrollo del plan estrat\u00e9gico de mercadotecnia de la Riviera Maya.<\/span><\/p>\n<p><span style=\"color: #000000; font-family: Calibri;\">Fue directora de Mercadotecnia de la Secretar\u00eda de Turismo del Estado de Quintana Roo desde el 2002 hasta el 2010. Estudi\u00f3 en la Escuela Mexicana de Turismo.<\/span><\/p>\n<p><span style=\"color: #000000; font-family: Calibri;\">\u00a0<\/span><\/p>\n<p>&nbsp;<\/p>\n","protected":false},"excerpt":{"rendered":"<p>Con la toma de protesta de Carlos Joaqu\u00edn Gonz\u00e1lez, habr\u00e1 sustituciones, y una de las secretar\u00edas de gran relevancia en Quintana Roo, la de Turismo, es de las m\u00e1s esperadas. Hoy Dinero se\u00f1ala que desde este jueves, se ir\u00e1 dando a conocer en Quintana Roo el gabinete del nuevo gobernador, y que para turismo suenan [&hellip;]<\/p>\n","protected":false},"author":3,"featured_media":0,"comment_status":"open","ping_status":"open","sticky":false,"template":"","format":"standard","meta":{"footnotes":""},"categories":[5,6],"tags":[505,261,504,499,501,496,495,502,498,503,500,497],"yoast_head":"<!-- This site is optimized with the Yoast SEO plugin v22.2 - https:\/\/yoast.com\/wordpress\/plugins\/seo\/ -->\n<title>Cole y Vanegas suenan para la Secretar\u00eda de Turismo en Q. Roo<\/title>\n<meta name=\"description\" content=\"Marisol Vanegas P\u00e9rez y Lizzie Cole son los nombres que suenan para ocupar la Secretar\u00eda de Turismo de Quintana Roo, en la nueva administraci\u00f3n.\" \/>\n<meta name=\"robots\" content=\"index, follow, max-snippet:-1, max-image-preview:large, max-video-preview:-1\" \/>\n<link rel=\"canonical\" href=\"https:\/\/nitu.mx\/index.php\/2016\/09\/21\/cole-y-vanegas-suenan-para-la-secretaria-de-turismo-en-q-roo\/\" \/>\n<meta name=\"twitter:card\" content=\"summary_large_image\" \/>\n<meta name=\"twitter:title\" content=\"Cole y Vanegas suenan para la Secretar\u00eda de Turismo en Q. Roo\" \/>\n<meta name=\"twitter:description\" content=\"Marisol Vanegas P\u00e9rez y Lizzie Cole son los nombres que suenan para ocupar la Secretar\u00eda de Turismo de Quintana Roo, en la nueva administraci\u00f3n.\" \/>\n<meta name=\"twitter:creator\" content=\"@NITUmx\" \/>\n<meta name=\"twitter:site\" content=\"@Arturo_Medina_G\" \/>\n<meta name=\"twitter:label1\" content=\"Escrito por\" \/>\n\t<meta name=\"twitter:data1\" content=\"Alejandra Moncisbays\" \/>\n\t<meta name=\"twitter:label2\" content=\"Tiempo de lectura\" \/>\n\t<meta name=\"twitter:data2\" content=\"1 minuto\" \/>\n<script type=\"application\/ld+json\" class=\"yoast-schema-graph\">{\"@context\":\"https:\/\/schema.org\",\"@graph\":[{\"@type\":\"Article\",\"@id\":\"https:\/\/nitu.mx\/index.php\/2016\/09\/21\/cole-y-vanegas-suenan-para-la-secretaria-de-turismo-en-q-roo\/#article\",\"isPartOf\":{\"@id\":\"https:\/\/nitu.mx\/index.php\/2016\/09\/21\/cole-y-vanegas-suenan-para-la-secretaria-de-turismo-en-q-roo\/\"},\"author\":{\"name\":\"Alejandra Moncisbays\",\"@id\":\"https:\/\/nitu.mx\/#\/schema\/person\/2ecd887b19dfd3382d1f14fc5acf24a8\"},\"headline\":\"Cole y Vanegas suenan para la Secretar\u00eda de Turismo en Q. Roo\",\"datePublished\":\"2016-09-21T13:49:16+00:00\",\"dateModified\":\"2016-09-21T15:11:42+00:00\",\"mainEntityOfPage\":{\"@id\":\"https:\/\/nitu.mx\/index.php\/2016\/09\/21\/cole-y-vanegas-suenan-para-la-secretaria-de-turismo-en-q-roo\/\"},\"wordCount\":259,\"commentCount\":0,\"publisher\":{\"@id\":\"https:\/\/nitu.mx\/#\/schema\/person\/ae7a53426417292d3dd07b45a33e01bc\"},\"keywords\":[\"Academia de Turismo de la Sociedad Andr\u00e9s Quintana Roo\",\"Carlos Joaqu\u00edn Gonz\u00e1lez\",\"Desarrollo y Gesti\u00f3n\",\"Directora de Promoci\u00f3n y Mercadotecnia del Fideicomiso de Promoci\u00f3n Tur\u00edstica de la Riviera Maya\",\"Escuela Mexicana de Turismo\",\"Fideicomiso de Riviera Maya\",\"Lizzie Cole\",\"Marisol Venegas\",\"Miguel Mancera\",\"Planeaci\u00f3n Tur\u00edstica\",\"Secretar\u00eda de Turismo del Estado de Quintana Roo\",\"Turismo de la Ciudad de M\u00e9xico\"],\"articleSection\":[\"Destinos\",\"M\u00e9xico\"],\"inLanguage\":\"es-MX\",\"potentialAction\":[{\"@type\":\"CommentAction\",\"name\":\"Comment\",\"target\":[\"https:\/\/nitu.mx\/index.php\/2016\/09\/21\/cole-y-vanegas-suenan-para-la-secretaria-de-turismo-en-q-roo\/#respond\"]}]},{\"@type\":\"WebPage\",\"@id\":\"https:\/\/nitu.mx\/index.php\/2016\/09\/21\/cole-y-vanegas-suenan-para-la-secretaria-de-turismo-en-q-roo\/\",\"url\":\"https:\/\/nitu.mx\/index.php\/2016\/09\/21\/cole-y-vanegas-suenan-para-la-secretaria-de-turismo-en-q-roo\/\",\"name\":\"Cole y Vanegas suenan para la Secretar\u00eda de Turismo en Q. Roo\",\"isPartOf\":{\"@id\":\"https:\/\/nitu.mx\/#website\"},\"datePublished\":\"2016-09-21T13:49:16+00:00\",\"dateModified\":\"2016-09-21T15:11:42+00:00\",\"description\":\"Marisol Vanegas P\u00e9rez y Lizzie Cole son los nombres que suenan para ocupar la Secretar\u00eda de Turismo de Quintana Roo, en la nueva administraci\u00f3n.\",\"breadcrumb\":{\"@id\":\"https:\/\/nitu.mx\/index.php\/2016\/09\/21\/cole-y-vanegas-suenan-para-la-secretaria-de-turismo-en-q-roo\/#breadcrumb\"},\"inLanguage\":\"es-MX\",\"potentialAction\":[{\"@type\":\"ReadAction\",\"target\":[\"https:\/\/nitu.mx\/index.php\/2016\/09\/21\/cole-y-vanegas-suenan-para-la-secretaria-de-turismo-en-q-roo\/\"]}]},{\"@type\":\"BreadcrumbList\",\"@id\":\"https:\/\/nitu.mx\/index.php\/2016\/09\/21\/cole-y-vanegas-suenan-para-la-secretaria-de-turismo-en-q-roo\/#breadcrumb\",\"itemListElement\":[{\"@type\":\"ListItem\",\"position\":1,\"name\":\"Inicio\",\"item\":\"https:\/\/nitu.mx\/\"},{\"@type\":\"ListItem\",\"position\":2,\"name\":\"Cole y Vanegas suenan para la Secretar\u00eda de Turismo en Q. Roo\"}]},{\"@type\":\"WebSite\",\"@id\":\"https:\/\/nitu.mx\/#website\",\"url\":\"https:\/\/nitu.mx\/\",\"name\":\"Nitu - Noticias de la Industria Turistica\",\"description\":\"Noticias de la Industria Turistica\",\"publisher\":{\"@id\":\"https:\/\/nitu.mx\/#\/schema\/person\/ae7a53426417292d3dd07b45a33e01bc\"},\"alternateName\":\"Noticias de la Industria Turistica\",\"potentialAction\":[{\"@type\":\"SearchAction\",\"target\":{\"@type\":\"EntryPoint\",\"urlTemplate\":\"https:\/\/nitu.mx\/?s={search_term_string}\"},\"query-input\":\"required name=search_term_string\"}],\"inLanguage\":\"es-MX\"},{\"@type\":[\"Person\",\"Organization\"],\"@id\":\"https:\/\/nitu.mx\/#\/schema\/person\/ae7a53426417292d3dd07b45a33e01bc\",\"name\":\"Arturo Medina\",\"image\":{\"@type\":\"ImageObject\",\"inLanguage\":\"es-MX\",\"@id\":\"https:\/\/nitu.mx\/#\/schema\/person\/image\/\",\"url\":\"https:\/\/nitu.mx\/wp-content\/uploads\/2024\/04\/4A315622-1904-4D5C-B022-878CDC840E04-90x90-1.jpeg\",\"contentUrl\":\"https:\/\/nitu.mx\/wp-content\/uploads\/2024\/04\/4A315622-1904-4D5C-B022-878CDC840E04-90x90-1.jpeg\",\"width\":90,\"height\":90,\"caption\":\"Arturo Medina\"},\"logo\":{\"@id\":\"https:\/\/nitu.mx\/#\/schema\/person\/image\/\"},\"description\":\"Director NITU.mx, Egresado de la Escuela de Periodismo Carlos Septi\u00e9n Garc\u00eda. Periodista y analista especializado en turismo desde hace 35 a\u00f1os, radicado en Canc\u00fan Q.Roo. arturo@nitu.mx\",\"sameAs\":[\"https:\/\/nitu.mx\",\"https:\/\/www.facebook.com\/NITUmx\/\",\"medinacancun\",\"https:\/\/twitter.com\/@Arturo_Medina_G\"]},{\"@type\":\"Person\",\"@id\":\"https:\/\/nitu.mx\/#\/schema\/person\/2ecd887b19dfd3382d1f14fc5acf24a8\",\"name\":\"Alejandra Moncisbays\",\"image\":{\"@type\":\"ImageObject\",\"inLanguage\":\"es-MX\",\"@id\":\"https:\/\/nitu.mx\/#\/schema\/person\/image\/\",\"url\":\"https:\/\/secure.gravatar.com\/avatar\/e74f7af0be172b7804dacfd0bfbef787?s=96&d=mm&r=g\",\"contentUrl\":\"https:\/\/secure.gravatar.com\/avatar\/e74f7af0be172b7804dacfd0bfbef787?s=96&d=mm&r=g\",\"caption\":\"Alejandra Moncisbays\"},\"description\":\"Curs\u00e9 la carrera de Periodismo y Comunicaci\u00f3n en la Facultad de Estudios Profesionales Acatl\u00e1n. Vivo en Canc\u00fan desde hace 24 a\u00f1os. Fui reportera de La Tarde de Canc\u00fan, y Novedades de Quintana Roo, colabor\u00e9 en TVCUN, edit\u00e9 Cancun\u00edssimo y colabor\u00e9 en las revistas Latitud21, entre otras, con principal enfoque en los sectores empresarial y tur\u00edstico. Desde hace varios a\u00f1os soy Agente de Seguros con c\u00e9dula de la Comisi\u00f3n Nacional de Seguros y Fianzas. Actualmente, me desarrollo en los \u00e1mbitos del periodismo y el sector asegurador.\",\"sameAs\":[\"https:\/\/nitu.mx\"],\"url\":\"https:\/\/nitu.mx\/index.php\/author\/alejandra\/\"}]}<\/script>\n<!-- \/ Yoast SEO plugin. -->","yoast_head_json":{"title":"Cole y Vanegas suenan para la Secretar\u00eda de Turismo en Q. Roo","description":"Marisol Vanegas P\u00e9rez y Lizzie Cole son los nombres que suenan para ocupar la Secretar\u00eda de Turismo de Quintana Roo, en la nueva administraci\u00f3n.","robots":{"index":"index","follow":"follow","max-snippet":"max-snippet:-1","max-image-preview":"max-image-preview:large","max-video-preview":"max-video-preview:-1"},"canonical":"https:\/\/nitu.mx\/index.php\/2016\/09\/21\/cole-y-vanegas-suenan-para-la-secretaria-de-turismo-en-q-roo\/","twitter_card":"summary_large_image","twitter_title":"Cole y Vanegas suenan para la Secretar\u00eda de Turismo en Q. Roo","twitter_description":"Marisol Vanegas P\u00e9rez y Lizzie Cole son los nombres que suenan para ocupar la Secretar\u00eda de Turismo de Quintana Roo, en la nueva administraci\u00f3n.","twitter_creator":"@NITUmx","twitter_site":"@Arturo_Medina_G","twitter_misc":{"Escrito por":"Alejandra Moncisbays","Tiempo de lectura":"1 minuto"},"schema":{"@context":"https:\/\/schema.org","@graph":[{"@type":"Article","@id":"https:\/\/nitu.mx\/index.php\/2016\/09\/21\/cole-y-vanegas-suenan-para-la-secretaria-de-turismo-en-q-roo\/#article","isPartOf":{"@id":"https:\/\/nitu.mx\/index.php\/2016\/09\/21\/cole-y-vanegas-suenan-para-la-secretaria-de-turismo-en-q-roo\/"},"author":{"name":"Alejandra Moncisbays","@id":"https:\/\/nitu.mx\/#\/schema\/person\/2ecd887b19dfd3382d1f14fc5acf24a8"},"headline":"Cole y Vanegas suenan para la Secretar\u00eda de Turismo en Q. Roo","datePublished":"2016-09-21T13:49:16+00:00","dateModified":"2016-09-21T15:11:42+00:00","mainEntityOfPage":{"@id":"https:\/\/nitu.mx\/index.php\/2016\/09\/21\/cole-y-vanegas-suenan-para-la-secretaria-de-turismo-en-q-roo\/"},"wordCount":259,"commentCount":0,"publisher":{"@id":"https:\/\/nitu.mx\/#\/schema\/person\/ae7a53426417292d3dd07b45a33e01bc"},"keywords":["Academia de Turismo de la Sociedad Andr\u00e9s Quintana Roo","Carlos Joaqu\u00edn Gonz\u00e1lez","Desarrollo y Gesti\u00f3n","Directora de Promoci\u00f3n y Mercadotecnia del Fideicomiso de Promoci\u00f3n Tur\u00edstica de la Riviera Maya","Escuela Mexicana de Turismo","Fideicomiso de Riviera Maya","Lizzie Cole","Marisol Venegas","Miguel Mancera","Planeaci\u00f3n Tur\u00edstica","Secretar\u00eda de Turismo del Estado de Quintana Roo","Turismo de la Ciudad de M\u00e9xico"],"articleSection":["Destinos","M\u00e9xico"],"inLanguage":"es-MX","potentialAction":[{"@type":"CommentAction","name":"Comment","target":["https:\/\/nitu.mx\/index.php\/2016\/09\/21\/cole-y-vanegas-suenan-para-la-secretaria-de-turismo-en-q-roo\/#respond"]}]},{"@type":"WebPage","@id":"https:\/\/nitu.mx\/index.php\/2016\/09\/21\/cole-y-vanegas-suenan-para-la-secretaria-de-turismo-en-q-roo\/","url":"https:\/\/nitu.mx\/index.php\/2016\/09\/21\/cole-y-vanegas-suenan-para-la-secretaria-de-turismo-en-q-roo\/","name":"Cole y Vanegas suenan para la Secretar\u00eda de Turismo en Q. Roo","isPartOf":{"@id":"https:\/\/nitu.mx\/#website"},"datePublished":"2016-09-21T13:49:16+00:00","dateModified":"2016-09-21T15:11:42+00:00","description":"Marisol Vanegas P\u00e9rez y Lizzie Cole son los nombres que suenan para ocupar la Secretar\u00eda de Turismo de Quintana Roo, en la nueva administraci\u00f3n.","breadcrumb":{"@id":"https:\/\/nitu.mx\/index.php\/2016\/09\/21\/cole-y-vanegas-suenan-para-la-secretaria-de-turismo-en-q-roo\/#breadcrumb"},"inLanguage":"es-MX","potentialAction":[{"@type":"ReadAction","target":["https:\/\/nitu.mx\/index.php\/2016\/09\/21\/cole-y-vanegas-suenan-para-la-secretaria-de-turismo-en-q-roo\/"]}]},{"@type":"BreadcrumbList","@id":"https:\/\/nitu.mx\/index.php\/2016\/09\/21\/cole-y-vanegas-suenan-para-la-secretaria-de-turismo-en-q-roo\/#breadcrumb","itemListElement":[{"@type":"ListItem","position":1,"name":"Inicio","item":"https:\/\/nitu.mx\/"},{"@type":"ListItem","position":2,"name":"Cole y Vanegas suenan para la Secretar\u00eda de Turismo en Q. Roo"}]},{"@type":"WebSite","@id":"https:\/\/nitu.mx\/#website","url":"https:\/\/nitu.mx\/","name":"Nitu - Noticias de la Industria Turistica","description":"Noticias de la Industria Turistica","publisher":{"@id":"https:\/\/nitu.mx\/#\/schema\/person\/ae7a53426417292d3dd07b45a33e01bc"},"alternateName":"Noticias de la Industria Turistica","potentialAction":[{"@type":"SearchAction","target":{"@type":"EntryPoint","urlTemplate":"https:\/\/nitu.mx\/?s={search_term_string}"},"query-input":"required name=search_term_string"}],"inLanguage":"es-MX"},{"@type":["Person","Organization"],"@id":"https:\/\/nitu.mx\/#\/schema\/person\/ae7a53426417292d3dd07b45a33e01bc","name":"Arturo Medina","image":{"@type":"ImageObject","inLanguage":"es-MX","@id":"https:\/\/nitu.mx\/#\/schema\/person\/image\/","url":"https:\/\/nitu.mx\/wp-content\/uploads\/2024\/04\/4A315622-1904-4D5C-B022-878CDC840E04-90x90-1.jpeg","contentUrl":"https:\/\/nitu.mx\/wp-content\/uploads\/2024\/04\/4A315622-1904-4D5C-B022-878CDC840E04-90x90-1.jpeg","width":90,"height":90,"caption":"Arturo Medina"},"logo":{"@id":"https:\/\/nitu.mx\/#\/schema\/person\/image\/"},"description":"Director NITU.mx, Egresado de la Escuela de Periodismo Carlos Septi\u00e9n Garc\u00eda. Periodista y analista especializado en turismo desde hace 35 a\u00f1os, radicado en Canc\u00fan Q.Roo. arturo@nitu.mx","sameAs":["https:\/\/nitu.mx","https:\/\/www.facebook.com\/NITUmx\/","medinacancun","https:\/\/twitter.com\/@Arturo_Medina_G"]},{"@type":"Person","@id":"https:\/\/nitu.mx\/#\/schema\/person\/2ecd887b19dfd3382d1f14fc5acf24a8","name":"Alejandra Moncisbays","image":{"@type":"ImageObject","inLanguage":"es-MX","@id":"https:\/\/nitu.mx\/#\/schema\/person\/image\/","url":"https:\/\/secure.gravatar.com\/avatar\/e74f7af0be172b7804dacfd0bfbef787?s=96&d=mm&r=g","contentUrl":"https:\/\/secure.gravatar.com\/avatar\/e74f7af0be172b7804dacfd0bfbef787?s=96&d=mm&r=g","caption":"Alejandra Moncisbays"},"description":"Curs\u00e9 la carrera de Periodismo y Comunicaci\u00f3n en la Facultad de Estudios Profesionales Acatl\u00e1n. Vivo en Canc\u00fan desde hace 24 a\u00f1os. Fui reportera de La Tarde de Canc\u00fan, y Novedades de Quintana Roo, colabor\u00e9 en TVCUN, edit\u00e9 Cancun\u00edssimo y colabor\u00e9 en las revistas Latitud21, entre otras, con principal enfoque en los sectores empresarial y tur\u00edstico. Desde hace varios a\u00f1os soy Agente de Seguros con c\u00e9dula de la Comisi\u00f3n Nacional de Seguros y Fianzas. Actualmente, me desarrollo en los \u00e1mbitos del periodismo y el sector asegurador.","sameAs":["https:\/\/nitu.mx"],"url":"https:\/\/nitu.mx\/index.php\/author\/alejandra\/"}]}},"views":235,"_links":{"self":[{"href":"https:\/\/nitu.mx\/index.php\/wp-json\/wp\/v2\/posts\/2103"}],"collection":[{"href":"https:\/\/nitu.mx\/index.php\/wp-json\/wp\/v2\/posts"}],"about":[{"href":"https:\/\/nitu.mx\/index.php\/wp-json\/wp\/v2\/types\/post"}],"author":[{"embeddable":true,"href":"https:\/\/nitu.mx\/index.php\/wp-json\/wp\/v2\/users\/3"}],"replies":[{"embeddable":true,"href":"https:\/\/nitu.mx\/index.php\/wp-json\/wp\/v2\/comments?post=2103"}],"version-history":[{"count":5,"href":"https:\/\/nitu.mx\/index.php\/wp-json\/wp\/v2\/posts\/2103\/revisions"}],"predecessor-version":[{"id":2118,"href":"https:\/\/nitu.mx\/index.php\/wp-json\/wp\/v2\/posts\/2103\/revisions\/2118"}],"wp:attachment":[{"href":"https:\/\/nitu.mx\/index.php\/wp-json\/wp\/v2\/media?parent=2103"}],"wp:term":[{"taxonomy":"category","embeddable":true,"href":"https:\/\/nitu.mx\/index.php\/wp-json\/wp\/v2\/categories?post=2103"},{"taxonomy":"post_tag","embeddable":true,"href":"https:\/\/nitu.mx\/index.php\/wp-json\/wp\/v2\/tags?post=2103"}],"curies":[{"name":"wp","href":"https:\/\/api.w.org\/{rel}","templated":true}]}}