{"id":20901,"date":"2018-05-27T21:39:25","date_gmt":"2018-05-28T02:39:25","guid":{"rendered":"http:\/\/www.dev.nitu.mx\/?p=20901"},"modified":"2018-05-29T00:30:29","modified_gmt":"2018-05-29T05:30:29","slug":"melia-abrira-dos-hoteles-mas-en-cuba-este-ano-para-llegar-a-34","status":"publish","type":"post","link":"https:\/\/nitu.mx\/index.php\/2018\/05\/27\/melia-abrira-dos-hoteles-mas-en-cuba-este-ano-para-llegar-a-34\/","title":{"rendered":"Meli\u00e1 abrir\u00e1 dos hoteles m\u00e1s en Cuba este a\u00f1o, para llegar a 34"},"content":{"rendered":"<p>La compa\u00f1\u00eda hotelera espa\u00f1ola Meli\u00e1 Hotels International avanza en el crecimiento de sus operaciones en Cuba con la construcci\u00f3n de nuevos hoteles y la remodelaci\u00f3n de varios establecimientos.<\/p>\n<p>Seg\u00fan anunci\u00f3 en un comunicado, la firma espera cerrar este a\u00f1o con 34 hoteles y 14 mil 670 habitaciones bajo su administraci\u00f3n en la isla.<\/p>\n<p>Desde principio de a\u00f1o, Meli\u00e1 ha abierto ocho nuevos hoteles (cuatro en Cuba, dos en Espa\u00f1a y dos en Vietnam) y hasta la fecha, ha firmado siete nuevos hoteles: tres en Vietnam y uno en Tailandia, Portugal, Dub\u00e1i y Marruecos. Al 31 de marzo, la cartera del grupo es de 63 hoteles y 16 mil habitaciones, el 85 por ciento de la oferta bajo contratos de gesti\u00f3n.<\/p>\n<p>Entre las novedades que proyecta figura la apertura de un lujoso hotel de la marca Paradisus en Cayo Santa Mar\u00eda, ubicado al norte de la provincia central de Villa Clara, en una de las zonas tur\u00edsticas m\u00e1s importantes de Cuba. (<a title=\"Hoteles de Meli\u00e1 Cuba regresan renovados tr\u00e1s el paso de Irma\" href=\"http:\/\/www.dev.nitu.mx\/index.php\/2017\/10\/19\/hoteles-de-melia-cuba-regresan-renovados-tras-el-paso-de-irma\/\" rel=\"bookmark\">Hoteles de Meli\u00e1 Cuba regresan renovados tr\u00e1s el paso de Irma<\/a>).<\/p>\n<p>El Paradisus Los Cayos, cuarto de esta l\u00ednea en la naci\u00f3n caribe\u00f1a y primero de nueva generaci\u00f3n, estar\u00e1 abriendo sus puertas a finales de a\u00f1o, dijo una portavoz de la compa\u00f1\u00eda.<\/p>\n<p>Esta nueva instalaci\u00f3n contar\u00e1 con 802 habitaciones, 34 piscinas, 190 habitaciones Garden Swim Up, 12 restaurantes y 14 bares, adem\u00e1s de facilidades para acoger turismo de eventos y bodas, entre otros servicios, detalla el comunicado.<\/p>\n<p>Por las mismas fechas ser\u00e1 la apertura del Meli\u00e1 Internacional en Varadero. \u201cEs un hotel que se levanta majestuoso en la mejor zona de playa de Varadero\u201d, se\u00f1al\u00f3 la representante.<\/p>\n<p>La presencia en urbes patrimoniales como Cienfuegos y Camag\u00fcey tambi\u00e9n ser\u00e1 estrat\u00e9gica para Meli\u00e1 este a\u00f1o. \u201cLo que estamos haciendo es impulsar ese segmento de turismo de circuitos para que los clientes recorran la Isla de oriente a occidente de la mano de Meli\u00e1\u201d.<\/p>\n<p>Para 2020, la firma espa\u00f1ola tambi\u00e9n prev\u00e9 gestionar nuevos hoteles ya en construcci\u00f3n en Trinidad considerada uno de los enclaves coloniales mejor conservados de Am\u00e9rica y que desde 1988 integra la lista del Patrimonio Mundial de la Humanidad de la Unesco.<\/p>\n<p>La construcci\u00f3n del hotel de cuatro estrellas se levantar\u00e1 en las orillas de la playa Mar\u00eda Aguilar, a unos 325 kil\u00f3metros al sureste de La Habana, estar\u00e1 dotada de 400 habitaciones y cuenta con un dise\u00f1o de tres pisos.<\/p>\n","protected":false},"excerpt":{"rendered":"<p>La compa\u00f1\u00eda hotelera espa\u00f1ola Meli\u00e1 Hotels International avanza en el crecimiento de sus operaciones en Cuba con la construcci\u00f3n de nuevos hoteles y la remodelaci\u00f3n de varios establecimientos. Seg\u00fan anunci\u00f3 en un comunicado, la firma espera cerrar este a\u00f1o con 34 hoteles y 14 mil 670 habitaciones bajo su administraci\u00f3n en la isla. Desde principio [&hellip;]<\/p>\n","protected":false},"author":17,"featured_media":20921,"comment_status":"open","ping_status":"open","sticky":false,"template":"","format":"standard","meta":{"footnotes":""},"categories":[2,374],"tags":[158,10204,99,2596,10307,6595,7351,388,3759,3758],"yoast_head":"<!-- This site is optimized with the Yoast SEO plugin v22.2 - https:\/\/yoast.com\/wordpress\/plugins\/seo\/ -->\n<title>Meli\u00e1 abrir\u00e1 dos hoteles m\u00e1s en Cuba este a\u00f1o, para llegar a 34 - Nitu - Noticias de la Industria Turistica<\/title>\n<meta name=\"robots\" content=\"index, follow, max-snippet:-1, max-image-preview:large, max-video-preview:-1\" \/>\n<link rel=\"canonical\" href=\"https:\/\/nitu.mx\/index.php\/2018\/05\/27\/melia-abrira-dos-hoteles-mas-en-cuba-este-ano-para-llegar-a-34\/\" \/>\n<meta name=\"twitter:card\" content=\"summary_large_image\" \/>\n<meta name=\"twitter:title\" content=\"Meli\u00e1 abrir\u00e1 dos hoteles m\u00e1s en Cuba este a\u00f1o, para llegar a 34 - Nitu - Noticias de la Industria Turistica\" \/>\n<meta name=\"twitter:description\" content=\"La compa\u00f1\u00eda hotelera espa\u00f1ola Meli\u00e1 Hotels International avanza en el crecimiento de sus operaciones en Cuba con la construcci\u00f3n de nuevos hoteles y la remodelaci\u00f3n de varios establecimientos. Seg\u00fan anunci\u00f3 en un comunicado, la firma espera cerrar este a\u00f1o con 34 hoteles y 14 mil 670 habitaciones bajo su administraci\u00f3n en la isla. Desde principio [&hellip;]\" \/>\n<meta name=\"twitter:image\" content=\"https:\/\/nitu.mx\/wp-content\/uploads\/2018\/05\/melia-paradisus-los-cayos.jpg\" \/>\n<meta name=\"twitter:creator\" content=\"@NITUmx\" \/>\n<meta name=\"twitter:site\" content=\"@Arturo_Medina_G\" \/>\n<meta name=\"twitter:label1\" content=\"Escrito por\" \/>\n\t<meta name=\"twitter:data1\" content=\"Redacci\u00f3n\" \/>\n\t<meta name=\"twitter:label2\" content=\"Tiempo de lectura\" \/>\n\t<meta name=\"twitter:data2\" content=\"2 minutos\" \/>\n<script type=\"application\/ld+json\" class=\"yoast-schema-graph\">{\"@context\":\"https:\/\/schema.org\",\"@graph\":[{\"@type\":\"Article\",\"@id\":\"https:\/\/nitu.mx\/index.php\/2018\/05\/27\/melia-abrira-dos-hoteles-mas-en-cuba-este-ano-para-llegar-a-34\/#article\",\"isPartOf\":{\"@id\":\"https:\/\/nitu.mx\/index.php\/2018\/05\/27\/melia-abrira-dos-hoteles-mas-en-cuba-este-ano-para-llegar-a-34\/\"},\"author\":{\"name\":\"Redacci\u00f3n\",\"@id\":\"https:\/\/nitu.mx\/#\/schema\/person\/4a28fe9bd65924f7c90623773daf1b0b\"},\"headline\":\"Meli\u00e1 abrir\u00e1 dos hoteles m\u00e1s en Cuba este a\u00f1o, para llegar a 34\",\"datePublished\":\"2018-05-28T02:39:25+00:00\",\"dateModified\":\"2018-05-29T05:30:29+00:00\",\"mainEntityOfPage\":{\"@id\":\"https:\/\/nitu.mx\/index.php\/2018\/05\/27\/melia-abrira-dos-hoteles-mas-en-cuba-este-ano-para-llegar-a-34\/\"},\"wordCount\":425,\"commentCount\":0,\"publisher\":{\"@id\":\"https:\/\/nitu.mx\/#\/schema\/person\/ae7a53426417292d3dd07b45a33e01bc\"},\"image\":{\"@id\":\"https:\/\/nitu.mx\/index.php\/2018\/05\/27\/melia-abrira-dos-hoteles-mas-en-cuba-este-ano-para-llegar-a-34\/#primaryimage\"},\"thumbnailUrl\":\"https:\/\/nitu.mx\/wp-content\/uploads\/2018\/05\/melia-paradisus-los-cayos.jpg\",\"keywords\":[\"Camaguey\",\"cayo Santa Mar\u00eda\",\"Cuba\",\"Dub\u00e1i\",\"Marruecos\",\"Meli\u00e1 Hotels International\",\"Paradisus\",\"Portugal\",\"Tailandia\",\"Vietnam\"],\"articleSection\":[\"Hoteles\",\"Internacional\"],\"inLanguage\":\"es-MX\",\"potentialAction\":[{\"@type\":\"CommentAction\",\"name\":\"Comment\",\"target\":[\"https:\/\/nitu.mx\/index.php\/2018\/05\/27\/melia-abrira-dos-hoteles-mas-en-cuba-este-ano-para-llegar-a-34\/#respond\"]}]},{\"@type\":\"WebPage\",\"@id\":\"https:\/\/nitu.mx\/index.php\/2018\/05\/27\/melia-abrira-dos-hoteles-mas-en-cuba-este-ano-para-llegar-a-34\/\",\"url\":\"https:\/\/nitu.mx\/index.php\/2018\/05\/27\/melia-abrira-dos-hoteles-mas-en-cuba-este-ano-para-llegar-a-34\/\",\"name\":\"Meli\u00e1 abrir\u00e1 dos hoteles m\u00e1s en Cuba este a\u00f1o, para llegar a 34 - Nitu - Noticias de la Industria Turistica\",\"isPartOf\":{\"@id\":\"https:\/\/nitu.mx\/#website\"},\"primaryImageOfPage\":{\"@id\":\"https:\/\/nitu.mx\/index.php\/2018\/05\/27\/melia-abrira-dos-hoteles-mas-en-cuba-este-ano-para-llegar-a-34\/#primaryimage\"},\"image\":{\"@id\":\"https:\/\/nitu.mx\/index.php\/2018\/05\/27\/melia-abrira-dos-hoteles-mas-en-cuba-este-ano-para-llegar-a-34\/#primaryimage\"},\"thumbnailUrl\":\"https:\/\/nitu.mx\/wp-content\/uploads\/2018\/05\/melia-paradisus-los-cayos.jpg\",\"datePublished\":\"2018-05-28T02:39:25+00:00\",\"dateModified\":\"2018-05-29T05:30:29+00:00\",\"breadcrumb\":{\"@id\":\"https:\/\/nitu.mx\/index.php\/2018\/05\/27\/melia-abrira-dos-hoteles-mas-en-cuba-este-ano-para-llegar-a-34\/#breadcrumb\"},\"inLanguage\":\"es-MX\",\"potentialAction\":[{\"@type\":\"ReadAction\",\"target\":[\"https:\/\/nitu.mx\/index.php\/2018\/05\/27\/melia-abrira-dos-hoteles-mas-en-cuba-este-ano-para-llegar-a-34\/\"]}]},{\"@type\":\"ImageObject\",\"inLanguage\":\"es-MX\",\"@id\":\"https:\/\/nitu.mx\/index.php\/2018\/05\/27\/melia-abrira-dos-hoteles-mas-en-cuba-este-ano-para-llegar-a-34\/#primaryimage\",\"url\":\"https:\/\/nitu.mx\/wp-content\/uploads\/2018\/05\/melia-paradisus-los-cayos.jpg\",\"contentUrl\":\"https:\/\/nitu.mx\/wp-content\/uploads\/2018\/05\/melia-paradisus-los-cayos.jpg\",\"width\":850,\"height\":480,\"caption\":\"melia paradisus los cayos\"},{\"@type\":\"BreadcrumbList\",\"@id\":\"https:\/\/nitu.mx\/index.php\/2018\/05\/27\/melia-abrira-dos-hoteles-mas-en-cuba-este-ano-para-llegar-a-34\/#breadcrumb\",\"itemListElement\":[{\"@type\":\"ListItem\",\"position\":1,\"name\":\"Inicio\",\"item\":\"https:\/\/nitu.mx\/\"},{\"@type\":\"ListItem\",\"position\":2,\"name\":\"Meli\u00e1 abrir\u00e1 dos hoteles m\u00e1s en Cuba este a\u00f1o, para llegar a 34\"}]},{\"@type\":\"WebSite\",\"@id\":\"https:\/\/nitu.mx\/#website\",\"url\":\"https:\/\/nitu.mx\/\",\"name\":\"Nitu - Noticias de la Industria Turistica\",\"description\":\"Noticias de la Industria Turistica\",\"publisher\":{\"@id\":\"https:\/\/nitu.mx\/#\/schema\/person\/ae7a53426417292d3dd07b45a33e01bc\"},\"alternateName\":\"Noticias de la Industria Turistica\",\"potentialAction\":[{\"@type\":\"SearchAction\",\"target\":{\"@type\":\"EntryPoint\",\"urlTemplate\":\"https:\/\/nitu.mx\/?s={search_term_string}\"},\"query-input\":\"required name=search_term_string\"}],\"inLanguage\":\"es-MX\"},{\"@type\":[\"Person\",\"Organization\"],\"@id\":\"https:\/\/nitu.mx\/#\/schema\/person\/ae7a53426417292d3dd07b45a33e01bc\",\"name\":\"Arturo Medina\",\"image\":{\"@type\":\"ImageObject\",\"inLanguage\":\"es-MX\",\"@id\":\"https:\/\/nitu.mx\/#\/schema\/person\/image\/\",\"url\":\"https:\/\/nitu.mx\/wp-content\/uploads\/2024\/04\/4A315622-1904-4D5C-B022-878CDC840E04-90x90-1.jpeg\",\"contentUrl\":\"https:\/\/nitu.mx\/wp-content\/uploads\/2024\/04\/4A315622-1904-4D5C-B022-878CDC840E04-90x90-1.jpeg\",\"width\":90,\"height\":90,\"caption\":\"Arturo Medina\"},\"logo\":{\"@id\":\"https:\/\/nitu.mx\/#\/schema\/person\/image\/\"},\"description\":\"Director NITU.mx, Egresado de la Escuela de Periodismo Carlos Septi\u00e9n Garc\u00eda. Periodista y analista especializado en turismo desde hace 35 a\u00f1os, radicado en Canc\u00fan Q.Roo. arturo@nitu.mx\",\"sameAs\":[\"https:\/\/nitu.mx\",\"https:\/\/www.facebook.com\/NITUmx\/\",\"medinacancun\",\"https:\/\/twitter.com\/@Arturo_Medina_G\"]},{\"@type\":\"Person\",\"@id\":\"https:\/\/nitu.mx\/#\/schema\/person\/4a28fe9bd65924f7c90623773daf1b0b\",\"name\":\"Redacci\u00f3n\",\"image\":{\"@type\":\"ImageObject\",\"inLanguage\":\"es-MX\",\"@id\":\"https:\/\/nitu.mx\/#\/schema\/person\/image\/\",\"url\":\"https:\/\/secure.gravatar.com\/avatar\/5dd011c8ccfc5cd7e4c81e42252aab38?s=96&d=mm&r=g\",\"contentUrl\":\"https:\/\/secure.gravatar.com\/avatar\/5dd011c8ccfc5cd7e4c81e42252aab38?s=96&d=mm&r=g\",\"caption\":\"Redacci\u00f3n\"},\"url\":\"https:\/\/nitu.mx\/index.php\/author\/redaccion\/\"}]}<\/script>\n<!-- \/ Yoast SEO plugin. -->","yoast_head_json":{"title":"Meli\u00e1 abrir\u00e1 dos hoteles m\u00e1s en Cuba este a\u00f1o, para llegar a 34 - Nitu - Noticias de la Industria Turistica","robots":{"index":"index","follow":"follow","max-snippet":"max-snippet:-1","max-image-preview":"max-image-preview:large","max-video-preview":"max-video-preview:-1"},"canonical":"https:\/\/nitu.mx\/index.php\/2018\/05\/27\/melia-abrira-dos-hoteles-mas-en-cuba-este-ano-para-llegar-a-34\/","twitter_card":"summary_large_image","twitter_title":"Meli\u00e1 abrir\u00e1 dos hoteles m\u00e1s en Cuba este a\u00f1o, para llegar a 34 - Nitu - Noticias de la Industria Turistica","twitter_description":"La compa\u00f1\u00eda hotelera espa\u00f1ola Meli\u00e1 Hotels International avanza en el crecimiento de sus operaciones en Cuba con la construcci\u00f3n de nuevos hoteles y la remodelaci\u00f3n de varios establecimientos. Seg\u00fan anunci\u00f3 en un comunicado, la firma espera cerrar este a\u00f1o con 34 hoteles y 14 mil 670 habitaciones bajo su administraci\u00f3n en la isla. Desde principio [&hellip;]","twitter_image":"https:\/\/nitu.mx\/wp-content\/uploads\/2018\/05\/melia-paradisus-los-cayos.jpg","twitter_creator":"@NITUmx","twitter_site":"@Arturo_Medina_G","twitter_misc":{"Escrito por":"Redacci\u00f3n","Tiempo de lectura":"2 minutos"},"schema":{"@context":"https:\/\/schema.org","@graph":[{"@type":"Article","@id":"https:\/\/nitu.mx\/index.php\/2018\/05\/27\/melia-abrira-dos-hoteles-mas-en-cuba-este-ano-para-llegar-a-34\/#article","isPartOf":{"@id":"https:\/\/nitu.mx\/index.php\/2018\/05\/27\/melia-abrira-dos-hoteles-mas-en-cuba-este-ano-para-llegar-a-34\/"},"author":{"name":"Redacci\u00f3n","@id":"https:\/\/nitu.mx\/#\/schema\/person\/4a28fe9bd65924f7c90623773daf1b0b"},"headline":"Meli\u00e1 abrir\u00e1 dos hoteles m\u00e1s en Cuba este a\u00f1o, para llegar a 34","datePublished":"2018-05-28T02:39:25+00:00","dateModified":"2018-05-29T05:30:29+00:00","mainEntityOfPage":{"@id":"https:\/\/nitu.mx\/index.php\/2018\/05\/27\/melia-abrira-dos-hoteles-mas-en-cuba-este-ano-para-llegar-a-34\/"},"wordCount":425,"commentCount":0,"publisher":{"@id":"https:\/\/nitu.mx\/#\/schema\/person\/ae7a53426417292d3dd07b45a33e01bc"},"image":{"@id":"https:\/\/nitu.mx\/index.php\/2018\/05\/27\/melia-abrira-dos-hoteles-mas-en-cuba-este-ano-para-llegar-a-34\/#primaryimage"},"thumbnailUrl":"https:\/\/nitu.mx\/wp-content\/uploads\/2018\/05\/melia-paradisus-los-cayos.jpg","keywords":["Camaguey","cayo Santa Mar\u00eda","Cuba","Dub\u00e1i","Marruecos","Meli\u00e1 Hotels International","Paradisus","Portugal","Tailandia","Vietnam"],"articleSection":["Hoteles","Internacional"],"inLanguage":"es-MX","potentialAction":[{"@type":"CommentAction","name":"Comment","target":["https:\/\/nitu.mx\/index.php\/2018\/05\/27\/melia-abrira-dos-hoteles-mas-en-cuba-este-ano-para-llegar-a-34\/#respond"]}]},{"@type":"WebPage","@id":"https:\/\/nitu.mx\/index.php\/2018\/05\/27\/melia-abrira-dos-hoteles-mas-en-cuba-este-ano-para-llegar-a-34\/","url":"https:\/\/nitu.mx\/index.php\/2018\/05\/27\/melia-abrira-dos-hoteles-mas-en-cuba-este-ano-para-llegar-a-34\/","name":"Meli\u00e1 abrir\u00e1 dos hoteles m\u00e1s en Cuba este a\u00f1o, para llegar a 34 - Nitu - Noticias de la Industria Turistica","isPartOf":{"@id":"https:\/\/nitu.mx\/#website"},"primaryImageOfPage":{"@id":"https:\/\/nitu.mx\/index.php\/2018\/05\/27\/melia-abrira-dos-hoteles-mas-en-cuba-este-ano-para-llegar-a-34\/#primaryimage"},"image":{"@id":"https:\/\/nitu.mx\/index.php\/2018\/05\/27\/melia-abrira-dos-hoteles-mas-en-cuba-este-ano-para-llegar-a-34\/#primaryimage"},"thumbnailUrl":"https:\/\/nitu.mx\/wp-content\/uploads\/2018\/05\/melia-paradisus-los-cayos.jpg","datePublished":"2018-05-28T02:39:25+00:00","dateModified":"2018-05-29T05:30:29+00:00","breadcrumb":{"@id":"https:\/\/nitu.mx\/index.php\/2018\/05\/27\/melia-abrira-dos-hoteles-mas-en-cuba-este-ano-para-llegar-a-34\/#breadcrumb"},"inLanguage":"es-MX","potentialAction":[{"@type":"ReadAction","target":["https:\/\/nitu.mx\/index.php\/2018\/05\/27\/melia-abrira-dos-hoteles-mas-en-cuba-este-ano-para-llegar-a-34\/"]}]},{"@type":"ImageObject","inLanguage":"es-MX","@id":"https:\/\/nitu.mx\/index.php\/2018\/05\/27\/melia-abrira-dos-hoteles-mas-en-cuba-este-ano-para-llegar-a-34\/#primaryimage","url":"https:\/\/nitu.mx\/wp-content\/uploads\/2018\/05\/melia-paradisus-los-cayos.jpg","contentUrl":"https:\/\/nitu.mx\/wp-content\/uploads\/2018\/05\/melia-paradisus-los-cayos.jpg","width":850,"height":480,"caption":"melia paradisus los cayos"},{"@type":"BreadcrumbList","@id":"https:\/\/nitu.mx\/index.php\/2018\/05\/27\/melia-abrira-dos-hoteles-mas-en-cuba-este-ano-para-llegar-a-34\/#breadcrumb","itemListElement":[{"@type":"ListItem","position":1,"name":"Inicio","item":"https:\/\/nitu.mx\/"},{"@type":"ListItem","position":2,"name":"Meli\u00e1 abrir\u00e1 dos hoteles m\u00e1s en Cuba este a\u00f1o, para llegar a 34"}]},{"@type":"WebSite","@id":"https:\/\/nitu.mx\/#website","url":"https:\/\/nitu.mx\/","name":"Nitu - Noticias de la Industria Turistica","description":"Noticias de la Industria Turistica","publisher":{"@id":"https:\/\/nitu.mx\/#\/schema\/person\/ae7a53426417292d3dd07b45a33e01bc"},"alternateName":"Noticias de la Industria Turistica","potentialAction":[{"@type":"SearchAction","target":{"@type":"EntryPoint","urlTemplate":"https:\/\/nitu.mx\/?s={search_term_string}"},"query-input":"required name=search_term_string"}],"inLanguage":"es-MX"},{"@type":["Person","Organization"],"@id":"https:\/\/nitu.mx\/#\/schema\/person\/ae7a53426417292d3dd07b45a33e01bc","name":"Arturo Medina","image":{"@type":"ImageObject","inLanguage":"es-MX","@id":"https:\/\/nitu.mx\/#\/schema\/person\/image\/","url":"https:\/\/nitu.mx\/wp-content\/uploads\/2024\/04\/4A315622-1904-4D5C-B022-878CDC840E04-90x90-1.jpeg","contentUrl":"https:\/\/nitu.mx\/wp-content\/uploads\/2024\/04\/4A315622-1904-4D5C-B022-878CDC840E04-90x90-1.jpeg","width":90,"height":90,"caption":"Arturo Medina"},"logo":{"@id":"https:\/\/nitu.mx\/#\/schema\/person\/image\/"},"description":"Director NITU.mx, Egresado de la Escuela de Periodismo Carlos Septi\u00e9n Garc\u00eda. Periodista y analista especializado en turismo desde hace 35 a\u00f1os, radicado en Canc\u00fan Q.Roo. arturo@nitu.mx","sameAs":["https:\/\/nitu.mx","https:\/\/www.facebook.com\/NITUmx\/","medinacancun","https:\/\/twitter.com\/@Arturo_Medina_G"]},{"@type":"Person","@id":"https:\/\/nitu.mx\/#\/schema\/person\/4a28fe9bd65924f7c90623773daf1b0b","name":"Redacci\u00f3n","image":{"@type":"ImageObject","inLanguage":"es-MX","@id":"https:\/\/nitu.mx\/#\/schema\/person\/image\/","url":"https:\/\/secure.gravatar.com\/avatar\/5dd011c8ccfc5cd7e4c81e42252aab38?s=96&d=mm&r=g","contentUrl":"https:\/\/secure.gravatar.com\/avatar\/5dd011c8ccfc5cd7e4c81e42252aab38?s=96&d=mm&r=g","caption":"Redacci\u00f3n"},"url":"https:\/\/nitu.mx\/index.php\/author\/redaccion\/"}]}},"views":250,"_links":{"self":[{"href":"https:\/\/nitu.mx\/index.php\/wp-json\/wp\/v2\/posts\/20901"}],"collection":[{"href":"https:\/\/nitu.mx\/index.php\/wp-json\/wp\/v2\/posts"}],"about":[{"href":"https:\/\/nitu.mx\/index.php\/wp-json\/wp\/v2\/types\/post"}],"author":[{"embeddable":true,"href":"https:\/\/nitu.mx\/index.php\/wp-json\/wp\/v2\/users\/17"}],"replies":[{"embeddable":true,"href":"https:\/\/nitu.mx\/index.php\/wp-json\/wp\/v2\/comments?post=20901"}],"version-history":[{"count":3,"href":"https:\/\/nitu.mx\/index.php\/wp-json\/wp\/v2\/posts\/20901\/revisions"}],"predecessor-version":[{"id":20922,"href":"https:\/\/nitu.mx\/index.php\/wp-json\/wp\/v2\/posts\/20901\/revisions\/20922"}],"wp:featuredmedia":[{"embeddable":true,"href":"https:\/\/nitu.mx\/index.php\/wp-json\/wp\/v2\/media\/20921"}],"wp:attachment":[{"href":"https:\/\/nitu.mx\/index.php\/wp-json\/wp\/v2\/media?parent=20901"}],"wp:term":[{"taxonomy":"category","embeddable":true,"href":"https:\/\/nitu.mx\/index.php\/wp-json\/wp\/v2\/categories?post=20901"},{"taxonomy":"post_tag","embeddable":true,"href":"https:\/\/nitu.mx\/index.php\/wp-json\/wp\/v2\/tags?post=20901"}],"curies":[{"name":"wp","href":"https:\/\/api.w.org\/{rel}","templated":true}]}}