{"id":20834,"date":"2018-05-23T22:52:53","date_gmt":"2018-05-24T03:52:53","guid":{"rendered":"http:\/\/www.dev.nitu.mx\/?p=20834"},"modified":"2018-05-24T00:23:39","modified_gmt":"2018-05-24T05:23:39","slug":"profeco-logra-que-juez-admita-demanda-contra-viva-aerobus-un-ano-despues","status":"publish","type":"post","link":"https:\/\/nitu.mx\/index.php\/2018\/05\/23\/profeco-logra-que-juez-admita-demanda-contra-viva-aerobus-un-ano-despues\/","title":{"rendered":"Profeco logra que juez admita demanda contra Viva Aerobus, un a\u00f1o despu\u00e9s"},"content":{"rendered":"<p class=\"m_-1043779006423352793gmail-MsoNoSpacing\">Tras haber sido desechada tres veces, finalmente la Procuradur\u00eda Federal del Consumidor (Profeco) logr\u00f3 que se admitiera la demanda de acci\u00f3n colectiva en contra de la aerol\u00ednea Viva Aerobus, que promovi\u00f3 el 7 de abril de 2017.<\/p>\n<p class=\"m_-1043779006423352793gmail-MsoNoSpacing\">La demanda surgi\u00f3 por la afectaci\u00f3n a 200 pasajeros entre 2014 y 2015, quienes reportaron una serie de irregularidades como cancelaciones, p\u00e9rdidas y retrasos en vuelos, cambios de horario e itinerarios sin justificaci\u00f3n, penalizaciones excesivas, sobreventa de boletos y p\u00e9rdida de equipaje.<\/p>\n<p class=\"m_-1043779006423352793gmail-MsoNoSpacing\">Al ser rechazada en tres ocasiones, la Profeco promovi\u00f3 recursos de apelaci\u00f3n desde el 22 de enero de 2018, y finalmente el H. Cuarto Tribunal Unitario del Cuarto Circuito fall\u00f3 en favor de la dependencia federal, y orden\u00f3 al Juzgado Segundo de Distrito en Materias Civil y del Trabajo en Nuevo Le\u00f3n, que admitiera la demanda, lo cual sucedi\u00f3 el 11 de mayo pasado. (<a title=\"Cancelaciones y demoras afectan a 11 mil 500 usuarios de Viva Aerobus: Profeco\" href=\"http:\/\/www.dev.nitu.mx\/index.php\/2018\/03\/28\/cancelaciones-y-demoras-afectan-a-11500-usuarios-de-viva-aerobus-profeco\/\" rel=\"bookmark\">Cancelaciones y demoras afectan a 11 mil 500 usuarios de Viva Aerobus: Profeco<\/a>).<\/p>\n<p class=\"m_-1043779006423352793gmail-MsoNoSpacing\">Por su parte, Viva Aerobus, quien tiene 15 d\u00edas h\u00e1biles para contestar la demanda, inform\u00f3 que ya ten\u00eda conocimiento del caso desde que Profeco promovi\u00f3 esta demanda de acci\u00f3n colectiva el a\u00f1o pasado, por lo que dio seguimiento y estuvo a la expectativa de la resoluci\u00f3n.<\/p>\n<p class=\"m_-1043779006423352793gmail-MsoNoSpacing\">La aerol\u00ednea de bajo costo agreg\u00f3 que dar\u00e1 contestaci\u00f3n a la demanda en tiempo y forma, al presentar toda la informaci\u00f3n que solicita el \u00f3rgano judicial. Reiter\u00f3 su compromiso por brindar un servicio de calidad y atenci\u00f3n a sus pasajeros, y estima salir airosa de este procedimiento.<\/p>\n","protected":false},"excerpt":{"rendered":"<p>Tras haber sido desechada tres veces, finalmente la Procuradur\u00eda Federal del Consumidor (Profeco) logr\u00f3 que se admitiera la demanda de acci\u00f3n colectiva en contra de la aerol\u00ednea Viva Aerobus, que promovi\u00f3 el 7 de abril de 2017. La demanda surgi\u00f3 por la afectaci\u00f3n a 200 pasajeros entre 2014 y 2015, quienes reportaron una serie de [&hellip;]<\/p>\n","protected":false},"author":5,"featured_media":14673,"comment_status":"open","ping_status":"open","sticky":false,"template":"","format":"standard","meta":{"footnotes":""},"categories":[29],"tags":[850,31,2102],"yoast_head":"<!-- This site is optimized with the Yoast SEO plugin v22.2 - https:\/\/yoast.com\/wordpress\/plugins\/seo\/ -->\n<title>Profeco logra que juez admita demanda contra Viva Aerobus, un a\u00f1o despu\u00e9s - Nitu - Noticias de la Industria Turistica<\/title>\n<meta name=\"description\" content=\"Tras haber sido desechada tres veces, finalmente la Procuradur\u00eda Federal del Consumidor (Profeco) logr\u00f3 que se admitiera la demanda de acci\u00f3n colectiva en contra de la aerol\u00ednea Viva Aerobus, que promovi\u00f3 el 7 de abril de 2017.\" \/>\n<meta name=\"robots\" content=\"index, follow, max-snippet:-1, max-image-preview:large, max-video-preview:-1\" \/>\n<link rel=\"canonical\" href=\"https:\/\/nitu.mx\/index.php\/2018\/05\/23\/profeco-logra-que-juez-admita-demanda-contra-viva-aerobus-un-ano-despues\/\" \/>\n<meta name=\"twitter:card\" content=\"summary_large_image\" \/>\n<meta name=\"twitter:title\" content=\"Profeco logra que juez admita demanda contra Viva Aerobus, un a\u00f1o despu\u00e9s - Nitu - Noticias de la Industria Turistica\" \/>\n<meta name=\"twitter:description\" content=\"Tras haber sido desechada tres veces, finalmente la Procuradur\u00eda Federal del Consumidor (Profeco) logr\u00f3 que se admitiera la demanda de acci\u00f3n colectiva en contra de la aerol\u00ednea Viva Aerobus, que promovi\u00f3 el 7 de abril de 2017.\" \/>\n<meta name=\"twitter:image\" content=\"https:\/\/nitu.mx\/wp-content\/uploads\/2017\/11\/Viva-Aerobus-AICM.jpg\" \/>\n<meta name=\"twitter:creator\" content=\"@NITUmx\" \/>\n<meta name=\"twitter:site\" content=\"@Arturo_Medina_G\" \/>\n<meta name=\"twitter:label1\" content=\"Escrito por\" \/>\n\t<meta name=\"twitter:data1\" content=\"Mari Soto\" \/>\n\t<meta name=\"twitter:label2\" content=\"Tiempo de lectura\" \/>\n\t<meta name=\"twitter:data2\" content=\"1 minuto\" \/>\n<script type=\"application\/ld+json\" class=\"yoast-schema-graph\">{\"@context\":\"https:\/\/schema.org\",\"@graph\":[{\"@type\":\"Article\",\"@id\":\"https:\/\/nitu.mx\/index.php\/2018\/05\/23\/profeco-logra-que-juez-admita-demanda-contra-viva-aerobus-un-ano-despues\/#article\",\"isPartOf\":{\"@id\":\"https:\/\/nitu.mx\/index.php\/2018\/05\/23\/profeco-logra-que-juez-admita-demanda-contra-viva-aerobus-un-ano-despues\/\"},\"author\":{\"name\":\"Mari Soto\",\"@id\":\"https:\/\/nitu.mx\/#\/schema\/person\/afc52e313e27e660739556d421d3d6b4\"},\"headline\":\"Profeco logra que juez admita demanda contra Viva Aerobus, un a\u00f1o despu\u00e9s\",\"datePublished\":\"2018-05-24T03:52:53+00:00\",\"dateModified\":\"2018-05-24T05:23:39+00:00\",\"mainEntityOfPage\":{\"@id\":\"https:\/\/nitu.mx\/index.php\/2018\/05\/23\/profeco-logra-que-juez-admita-demanda-contra-viva-aerobus-un-ano-despues\/\"},\"wordCount\":271,\"commentCount\":0,\"publisher\":{\"@id\":\"https:\/\/nitu.mx\/#\/schema\/person\/ae7a53426417292d3dd07b45a33e01bc\"},\"image\":{\"@id\":\"https:\/\/nitu.mx\/index.php\/2018\/05\/23\/profeco-logra-que-juez-admita-demanda-contra-viva-aerobus-un-ano-despues\/#primaryimage\"},\"thumbnailUrl\":\"https:\/\/nitu.mx\/wp-content\/uploads\/2017\/11\/Viva-Aerobus-AICM.jpg\",\"keywords\":[\"Nuevo Le\u00f3n\",\"Profeco\",\"Viva Aerobus\"],\"articleSection\":[\"Aerol\u00edneas\"],\"inLanguage\":\"es-MX\",\"potentialAction\":[{\"@type\":\"CommentAction\",\"name\":\"Comment\",\"target\":[\"https:\/\/nitu.mx\/index.php\/2018\/05\/23\/profeco-logra-que-juez-admita-demanda-contra-viva-aerobus-un-ano-despues\/#respond\"]}]},{\"@type\":\"WebPage\",\"@id\":\"https:\/\/nitu.mx\/index.php\/2018\/05\/23\/profeco-logra-que-juez-admita-demanda-contra-viva-aerobus-un-ano-despues\/\",\"url\":\"https:\/\/nitu.mx\/index.php\/2018\/05\/23\/profeco-logra-que-juez-admita-demanda-contra-viva-aerobus-un-ano-despues\/\",\"name\":\"Profeco logra que juez admita demanda contra Viva Aerobus, un a\u00f1o despu\u00e9s - Nitu - Noticias de la Industria Turistica\",\"isPartOf\":{\"@id\":\"https:\/\/nitu.mx\/#website\"},\"primaryImageOfPage\":{\"@id\":\"https:\/\/nitu.mx\/index.php\/2018\/05\/23\/profeco-logra-que-juez-admita-demanda-contra-viva-aerobus-un-ano-despues\/#primaryimage\"},\"image\":{\"@id\":\"https:\/\/nitu.mx\/index.php\/2018\/05\/23\/profeco-logra-que-juez-admita-demanda-contra-viva-aerobus-un-ano-despues\/#primaryimage\"},\"thumbnailUrl\":\"https:\/\/nitu.mx\/wp-content\/uploads\/2017\/11\/Viva-Aerobus-AICM.jpg\",\"datePublished\":\"2018-05-24T03:52:53+00:00\",\"dateModified\":\"2018-05-24T05:23:39+00:00\",\"description\":\"Tras haber sido desechada tres veces, finalmente la Procuradur\u00eda Federal del Consumidor (Profeco) logr\u00f3 que se admitiera la demanda de acci\u00f3n colectiva en contra de la aerol\u00ednea Viva Aerobus, que promovi\u00f3 el 7 de abril de 2017.\",\"breadcrumb\":{\"@id\":\"https:\/\/nitu.mx\/index.php\/2018\/05\/23\/profeco-logra-que-juez-admita-demanda-contra-viva-aerobus-un-ano-despues\/#breadcrumb\"},\"inLanguage\":\"es-MX\",\"potentialAction\":[{\"@type\":\"ReadAction\",\"target\":[\"https:\/\/nitu.mx\/index.php\/2018\/05\/23\/profeco-logra-que-juez-admita-demanda-contra-viva-aerobus-un-ano-despues\/\"]}]},{\"@type\":\"ImageObject\",\"inLanguage\":\"es-MX\",\"@id\":\"https:\/\/nitu.mx\/index.php\/2018\/05\/23\/profeco-logra-que-juez-admita-demanda-contra-viva-aerobus-un-ano-despues\/#primaryimage\",\"url\":\"https:\/\/nitu.mx\/wp-content\/uploads\/2017\/11\/Viva-Aerobus-AICM.jpg\",\"contentUrl\":\"https:\/\/nitu.mx\/wp-content\/uploads\/2017\/11\/Viva-Aerobus-AICM.jpg\",\"width\":850,\"height\":480,\"caption\":\"Viva Aerobus\"},{\"@type\":\"BreadcrumbList\",\"@id\":\"https:\/\/nitu.mx\/index.php\/2018\/05\/23\/profeco-logra-que-juez-admita-demanda-contra-viva-aerobus-un-ano-despues\/#breadcrumb\",\"itemListElement\":[{\"@type\":\"ListItem\",\"position\":1,\"name\":\"Inicio\",\"item\":\"https:\/\/nitu.mx\/\"},{\"@type\":\"ListItem\",\"position\":2,\"name\":\"Profeco logra que juez admita demanda contra Viva Aerobus, un a\u00f1o despu\u00e9s\"}]},{\"@type\":\"WebSite\",\"@id\":\"https:\/\/nitu.mx\/#website\",\"url\":\"https:\/\/nitu.mx\/\",\"name\":\"Nitu - Noticias de la Industria Turistica\",\"description\":\"Noticias de la Industria Turistica\",\"publisher\":{\"@id\":\"https:\/\/nitu.mx\/#\/schema\/person\/ae7a53426417292d3dd07b45a33e01bc\"},\"alternateName\":\"Noticias de la Industria Turistica\",\"potentialAction\":[{\"@type\":\"SearchAction\",\"target\":{\"@type\":\"EntryPoint\",\"urlTemplate\":\"https:\/\/nitu.mx\/?s={search_term_string}\"},\"query-input\":\"required name=search_term_string\"}],\"inLanguage\":\"es-MX\"},{\"@type\":[\"Person\",\"Organization\"],\"@id\":\"https:\/\/nitu.mx\/#\/schema\/person\/ae7a53426417292d3dd07b45a33e01bc\",\"name\":\"Arturo Medina\",\"image\":{\"@type\":\"ImageObject\",\"inLanguage\":\"es-MX\",\"@id\":\"https:\/\/nitu.mx\/#\/schema\/person\/image\/\",\"url\":\"https:\/\/nitu.mx\/wp-content\/uploads\/2024\/04\/4A315622-1904-4D5C-B022-878CDC840E04-90x90-1.jpeg\",\"contentUrl\":\"https:\/\/nitu.mx\/wp-content\/uploads\/2024\/04\/4A315622-1904-4D5C-B022-878CDC840E04-90x90-1.jpeg\",\"width\":90,\"height\":90,\"caption\":\"Arturo Medina\"},\"logo\":{\"@id\":\"https:\/\/nitu.mx\/#\/schema\/person\/image\/\"},\"description\":\"Director NITU.mx, Egresado de la Escuela de Periodismo Carlos Septi\u00e9n Garc\u00eda. Periodista y analista especializado en turismo desde hace 35 a\u00f1os, radicado en Canc\u00fan Q.Roo. arturo@nitu.mx\",\"sameAs\":[\"https:\/\/nitu.mx\",\"https:\/\/www.facebook.com\/NITUmx\/\",\"medinacancun\",\"https:\/\/twitter.com\/@Arturo_Medina_G\"]},{\"@type\":\"Person\",\"@id\":\"https:\/\/nitu.mx\/#\/schema\/person\/afc52e313e27e660739556d421d3d6b4\",\"name\":\"Mari Soto\",\"image\":{\"@type\":\"ImageObject\",\"inLanguage\":\"es-MX\",\"@id\":\"https:\/\/nitu.mx\/#\/schema\/person\/image\/\",\"url\":\"https:\/\/secure.gravatar.com\/avatar\/2619c282a180a20d89fcaea82a6736e2?s=96&d=mm&r=g\",\"contentUrl\":\"https:\/\/secure.gravatar.com\/avatar\/2619c282a180a20d89fcaea82a6736e2?s=96&d=mm&r=g\",\"caption\":\"Mari Soto\"},\"sameAs\":[\"https:\/\/nitu.mx\"],\"url\":\"https:\/\/nitu.mx\/index.php\/author\/guadalupe\/\"}]}<\/script>\n<!-- \/ Yoast SEO plugin. -->","yoast_head_json":{"title":"Profeco logra que juez admita demanda contra Viva Aerobus, un a\u00f1o despu\u00e9s - Nitu - Noticias de la Industria Turistica","description":"Tras haber sido desechada tres veces, finalmente la Procuradur\u00eda Federal del Consumidor (Profeco) logr\u00f3 que se admitiera la demanda de acci\u00f3n colectiva en contra de la aerol\u00ednea Viva Aerobus, que promovi\u00f3 el 7 de abril de 2017.","robots":{"index":"index","follow":"follow","max-snippet":"max-snippet:-1","max-image-preview":"max-image-preview:large","max-video-preview":"max-video-preview:-1"},"canonical":"https:\/\/nitu.mx\/index.php\/2018\/05\/23\/profeco-logra-que-juez-admita-demanda-contra-viva-aerobus-un-ano-despues\/","twitter_card":"summary_large_image","twitter_title":"Profeco logra que juez admita demanda contra Viva Aerobus, un a\u00f1o despu\u00e9s - Nitu - Noticias de la Industria Turistica","twitter_description":"Tras haber sido desechada tres veces, finalmente la Procuradur\u00eda Federal del Consumidor (Profeco) logr\u00f3 que se admitiera la demanda de acci\u00f3n colectiva en contra de la aerol\u00ednea Viva Aerobus, que promovi\u00f3 el 7 de abril de 2017.","twitter_image":"https:\/\/nitu.mx\/wp-content\/uploads\/2017\/11\/Viva-Aerobus-AICM.jpg","twitter_creator":"@NITUmx","twitter_site":"@Arturo_Medina_G","twitter_misc":{"Escrito por":"Mari Soto","Tiempo de lectura":"1 minuto"},"schema":{"@context":"https:\/\/schema.org","@graph":[{"@type":"Article","@id":"https:\/\/nitu.mx\/index.php\/2018\/05\/23\/profeco-logra-que-juez-admita-demanda-contra-viva-aerobus-un-ano-despues\/#article","isPartOf":{"@id":"https:\/\/nitu.mx\/index.php\/2018\/05\/23\/profeco-logra-que-juez-admita-demanda-contra-viva-aerobus-un-ano-despues\/"},"author":{"name":"Mari Soto","@id":"https:\/\/nitu.mx\/#\/schema\/person\/afc52e313e27e660739556d421d3d6b4"},"headline":"Profeco logra que juez admita demanda contra Viva Aerobus, un a\u00f1o despu\u00e9s","datePublished":"2018-05-24T03:52:53+00:00","dateModified":"2018-05-24T05:23:39+00:00","mainEntityOfPage":{"@id":"https:\/\/nitu.mx\/index.php\/2018\/05\/23\/profeco-logra-que-juez-admita-demanda-contra-viva-aerobus-un-ano-despues\/"},"wordCount":271,"commentCount":0,"publisher":{"@id":"https:\/\/nitu.mx\/#\/schema\/person\/ae7a53426417292d3dd07b45a33e01bc"},"image":{"@id":"https:\/\/nitu.mx\/index.php\/2018\/05\/23\/profeco-logra-que-juez-admita-demanda-contra-viva-aerobus-un-ano-despues\/#primaryimage"},"thumbnailUrl":"https:\/\/nitu.mx\/wp-content\/uploads\/2017\/11\/Viva-Aerobus-AICM.jpg","keywords":["Nuevo Le\u00f3n","Profeco","Viva Aerobus"],"articleSection":["Aerol\u00edneas"],"inLanguage":"es-MX","potentialAction":[{"@type":"CommentAction","name":"Comment","target":["https:\/\/nitu.mx\/index.php\/2018\/05\/23\/profeco-logra-que-juez-admita-demanda-contra-viva-aerobus-un-ano-despues\/#respond"]}]},{"@type":"WebPage","@id":"https:\/\/nitu.mx\/index.php\/2018\/05\/23\/profeco-logra-que-juez-admita-demanda-contra-viva-aerobus-un-ano-despues\/","url":"https:\/\/nitu.mx\/index.php\/2018\/05\/23\/profeco-logra-que-juez-admita-demanda-contra-viva-aerobus-un-ano-despues\/","name":"Profeco logra que juez admita demanda contra Viva Aerobus, un a\u00f1o despu\u00e9s - Nitu - Noticias de la Industria Turistica","isPartOf":{"@id":"https:\/\/nitu.mx\/#website"},"primaryImageOfPage":{"@id":"https:\/\/nitu.mx\/index.php\/2018\/05\/23\/profeco-logra-que-juez-admita-demanda-contra-viva-aerobus-un-ano-despues\/#primaryimage"},"image":{"@id":"https:\/\/nitu.mx\/index.php\/2018\/05\/23\/profeco-logra-que-juez-admita-demanda-contra-viva-aerobus-un-ano-despues\/#primaryimage"},"thumbnailUrl":"https:\/\/nitu.mx\/wp-content\/uploads\/2017\/11\/Viva-Aerobus-AICM.jpg","datePublished":"2018-05-24T03:52:53+00:00","dateModified":"2018-05-24T05:23:39+00:00","description":"Tras haber sido desechada tres veces, finalmente la Procuradur\u00eda Federal del Consumidor (Profeco) logr\u00f3 que se admitiera la demanda de acci\u00f3n colectiva en contra de la aerol\u00ednea Viva Aerobus, que promovi\u00f3 el 7 de abril de 2017.","breadcrumb":{"@id":"https:\/\/nitu.mx\/index.php\/2018\/05\/23\/profeco-logra-que-juez-admita-demanda-contra-viva-aerobus-un-ano-despues\/#breadcrumb"},"inLanguage":"es-MX","potentialAction":[{"@type":"ReadAction","target":["https:\/\/nitu.mx\/index.php\/2018\/05\/23\/profeco-logra-que-juez-admita-demanda-contra-viva-aerobus-un-ano-despues\/"]}]},{"@type":"ImageObject","inLanguage":"es-MX","@id":"https:\/\/nitu.mx\/index.php\/2018\/05\/23\/profeco-logra-que-juez-admita-demanda-contra-viva-aerobus-un-ano-despues\/#primaryimage","url":"https:\/\/nitu.mx\/wp-content\/uploads\/2017\/11\/Viva-Aerobus-AICM.jpg","contentUrl":"https:\/\/nitu.mx\/wp-content\/uploads\/2017\/11\/Viva-Aerobus-AICM.jpg","width":850,"height":480,"caption":"Viva Aerobus"},{"@type":"BreadcrumbList","@id":"https:\/\/nitu.mx\/index.php\/2018\/05\/23\/profeco-logra-que-juez-admita-demanda-contra-viva-aerobus-un-ano-despues\/#breadcrumb","itemListElement":[{"@type":"ListItem","position":1,"name":"Inicio","item":"https:\/\/nitu.mx\/"},{"@type":"ListItem","position":2,"name":"Profeco logra que juez admita demanda contra Viva Aerobus, un a\u00f1o despu\u00e9s"}]},{"@type":"WebSite","@id":"https:\/\/nitu.mx\/#website","url":"https:\/\/nitu.mx\/","name":"Nitu - Noticias de la Industria Turistica","description":"Noticias de la Industria Turistica","publisher":{"@id":"https:\/\/nitu.mx\/#\/schema\/person\/ae7a53426417292d3dd07b45a33e01bc"},"alternateName":"Noticias de la Industria Turistica","potentialAction":[{"@type":"SearchAction","target":{"@type":"EntryPoint","urlTemplate":"https:\/\/nitu.mx\/?s={search_term_string}"},"query-input":"required name=search_term_string"}],"inLanguage":"es-MX"},{"@type":["Person","Organization"],"@id":"https:\/\/nitu.mx\/#\/schema\/person\/ae7a53426417292d3dd07b45a33e01bc","name":"Arturo Medina","image":{"@type":"ImageObject","inLanguage":"es-MX","@id":"https:\/\/nitu.mx\/#\/schema\/person\/image\/","url":"https:\/\/nitu.mx\/wp-content\/uploads\/2024\/04\/4A315622-1904-4D5C-B022-878CDC840E04-90x90-1.jpeg","contentUrl":"https:\/\/nitu.mx\/wp-content\/uploads\/2024\/04\/4A315622-1904-4D5C-B022-878CDC840E04-90x90-1.jpeg","width":90,"height":90,"caption":"Arturo Medina"},"logo":{"@id":"https:\/\/nitu.mx\/#\/schema\/person\/image\/"},"description":"Director NITU.mx, Egresado de la Escuela de Periodismo Carlos Septi\u00e9n Garc\u00eda. Periodista y analista especializado en turismo desde hace 35 a\u00f1os, radicado en Canc\u00fan Q.Roo. arturo@nitu.mx","sameAs":["https:\/\/nitu.mx","https:\/\/www.facebook.com\/NITUmx\/","medinacancun","https:\/\/twitter.com\/@Arturo_Medina_G"]},{"@type":"Person","@id":"https:\/\/nitu.mx\/#\/schema\/person\/afc52e313e27e660739556d421d3d6b4","name":"Mari Soto","image":{"@type":"ImageObject","inLanguage":"es-MX","@id":"https:\/\/nitu.mx\/#\/schema\/person\/image\/","url":"https:\/\/secure.gravatar.com\/avatar\/2619c282a180a20d89fcaea82a6736e2?s=96&d=mm&r=g","contentUrl":"https:\/\/secure.gravatar.com\/avatar\/2619c282a180a20d89fcaea82a6736e2?s=96&d=mm&r=g","caption":"Mari Soto"},"sameAs":["https:\/\/nitu.mx"],"url":"https:\/\/nitu.mx\/index.php\/author\/guadalupe\/"}]}},"views":224,"_links":{"self":[{"href":"https:\/\/nitu.mx\/index.php\/wp-json\/wp\/v2\/posts\/20834"}],"collection":[{"href":"https:\/\/nitu.mx\/index.php\/wp-json\/wp\/v2\/posts"}],"about":[{"href":"https:\/\/nitu.mx\/index.php\/wp-json\/wp\/v2\/types\/post"}],"author":[{"embeddable":true,"href":"https:\/\/nitu.mx\/index.php\/wp-json\/wp\/v2\/users\/5"}],"replies":[{"embeddable":true,"href":"https:\/\/nitu.mx\/index.php\/wp-json\/wp\/v2\/comments?post=20834"}],"version-history":[{"count":1,"href":"https:\/\/nitu.mx\/index.php\/wp-json\/wp\/v2\/posts\/20834\/revisions"}],"predecessor-version":[{"id":20836,"href":"https:\/\/nitu.mx\/index.php\/wp-json\/wp\/v2\/posts\/20834\/revisions\/20836"}],"wp:featuredmedia":[{"embeddable":true,"href":"https:\/\/nitu.mx\/index.php\/wp-json\/wp\/v2\/media\/14673"}],"wp:attachment":[{"href":"https:\/\/nitu.mx\/index.php\/wp-json\/wp\/v2\/media?parent=20834"}],"wp:term":[{"taxonomy":"category","embeddable":true,"href":"https:\/\/nitu.mx\/index.php\/wp-json\/wp\/v2\/categories?post=20834"},{"taxonomy":"post_tag","embeddable":true,"href":"https:\/\/nitu.mx\/index.php\/wp-json\/wp\/v2\/tags?post=20834"}],"curies":[{"name":"wp","href":"https:\/\/api.w.org\/{rel}","templated":true}]}}