{"id":20721,"date":"2018-05-21T23:20:27","date_gmt":"2018-05-22T04:20:27","guid":{"rendered":"http:\/\/www.dev.nitu.mx\/?p=20721"},"modified":"2018-05-22T00:18:26","modified_gmt":"2018-05-22T05:18:26","slug":"aeromar-pone-a-disposicion-45-vuelos-redondos-para-desastres-naturales-en-el-pais","status":"publish","type":"post","link":"https:\/\/nitu.mx\/index.php\/2018\/05\/21\/aeromar-pone-a-disposicion-45-vuelos-redondos-para-desastres-naturales-en-el-pais\/","title":{"rendered":"Aeromar pone a disposici\u00f3n 45 vuelos redondos para desastres naturales en el pa\u00eds"},"content":{"rendered":"<p>La aerol\u00ednea ejecutiva de M\u00e9xico, Aeromar, formaliz\u00f3 un convenio con la Asociaci\u00f3n Civil Comit\u00e9 de Ayuda a Desastres y Emergencias Nacionales (Cadena), para poder transportar equipo humano y v\u00edveres para atender cat\u00e1strofes en M\u00e9xico. Este convenio formaliza la relaci\u00f3n que existe entre la aerol\u00ednea y\u00a0 la instituci\u00f3n que se dio desde el sismo del 7 de septiembre de 2017.<\/p>\n<p>Aeromar entreg\u00f3 a la Fundaci\u00f3n Cadena, un certificado por 45 vuelos redondos para que puedan realizar el traslado de su equipo humano, que dar\u00e1 continuidad a las labores de la asociaci\u00f3n tras los pasados sismos, as\u00ed como en apoyo de futuras emergencias nacionales.<\/p>\n<p>Ren\u00e9 Giesemann, director Comercial de Aeromar, precis\u00f3 que la relaci\u00f3n con Cadena, surgi\u00f3 a partir del sismo que afect\u00f3 a comunidades del Istmo de Tehuantepec, hacia donde vuela la aerol\u00ednea, v\u00eda el Aeropuerto de Ixtepec.<\/p>\n<p>Aeromar asign\u00f3 vuelos especiales de carga para hacer llegar ayuda humanitaria a los afectados por este suceso y ha transportado entre vuelos especiales y carga en vuelos regulares, m\u00e1s de 79 toneladas de ayuda. A la fecha, la aerol\u00ednea\u00a0 sigue transportando voluntarios que est\u00e1n participando en la reconstrucci\u00f3n de la zona.<\/p>\n<p>\u201cTen\u00edamos pendiente formalizar la relaci\u00f3n, ayudar a otros en necesidad ha sido y es parte de nuestro ADN como empresa\u201d, afirm\u00f3 Giesemann.<\/p>\n<p>Por su parte, Benjam\u00edn Laniado Kassin, presidente y fundador de Cadena, coment\u00f3 que la asociaci\u00f3n fundada hace 15 a\u00f1os, tiene presencia internacional con seis oficinas internacionales.<\/p>\n<p>Cabe destacar que Aeromar cuenta con una flota ATR generaci\u00f3n 600 recientemente renovada, con una edad promedio de 1.2 a\u00f1os, con la que transporta a cerca de 700 mil pasajeros anualmente.\u00a0<a title=\"Aeromar conf\u00eda en la proyecci\u00f3n internacional de Acapulco\" href=\"http:\/\/www.dev.nitu.mx\/index.php\/2018\/05\/13\/aeromar-confia-en-la-proyeccion-internacional-de-acapulco\/\" rel=\"bookmark\">(Aeromar conf\u00eda en la proyecci\u00f3n internacional de Acapulco<\/a>).<\/p>\n","protected":false},"excerpt":{"rendered":"<p>La aerol\u00ednea ejecutiva de M\u00e9xico, Aeromar, formaliz\u00f3 un convenio con la Asociaci\u00f3n Civil Comit\u00e9 de Ayuda a Desastres y Emergencias Nacionales (Cadena), para poder transportar equipo humano y v\u00edveres para atender cat\u00e1strofes en M\u00e9xico. Este convenio formaliza la relaci\u00f3n que existe entre la aerol\u00ednea y\u00a0 la instituci\u00f3n que se dio desde el sismo del 7 [&hellip;]<\/p>\n","protected":false},"author":17,"featured_media":16067,"comment_status":"open","ping_status":"open","sticky":false,"template":"","format":"standard","meta":{"footnotes":""},"categories":[29,6],"tags":[473,1697,10205,10206,10207,4682],"yoast_head":"<!-- This site is optimized with the Yoast SEO plugin v22.2 - https:\/\/yoast.com\/wordpress\/plugins\/seo\/ -->\n<title>Aeromar pone a disposici\u00f3n 45 vuelos redondos para desastres naturales en el pa\u00eds - Nitu - Noticias de la Industria Turistica<\/title>\n<meta name=\"description\" content=\"Aeromar formaliz\u00f3 un convenio con la Asociaci\u00f3n Civil Comit\u00e9 de Ayuda a Desastres y Emergencias Nacionales (Cadena), para poder transportar equipo humano y v\u00edveres para atender cat\u00e1strofes en M\u00e9xico.\" \/>\n<meta name=\"robots\" content=\"index, follow, max-snippet:-1, max-image-preview:large, max-video-preview:-1\" \/>\n<link rel=\"canonical\" href=\"https:\/\/nitu.mx\/index.php\/2018\/05\/21\/aeromar-pone-a-disposicion-45-vuelos-redondos-para-desastres-naturales-en-el-pais\/\" \/>\n<meta name=\"twitter:card\" content=\"summary_large_image\" \/>\n<meta name=\"twitter:title\" content=\"Aeromar pone a disposici\u00f3n 45 vuelos redondos para desastres naturales en el pa\u00eds - Nitu - Noticias de la Industria Turistica\" \/>\n<meta name=\"twitter:description\" content=\"Aeromar formaliz\u00f3 un convenio con la Asociaci\u00f3n Civil Comit\u00e9 de Ayuda a Desastres y Emergencias Nacionales (Cadena), para poder transportar equipo humano y v\u00edveres para atender cat\u00e1strofes en M\u00e9xico.\" \/>\n<meta name=\"twitter:image\" content=\"https:\/\/nitu.mx\/wp-content\/uploads\/2017\/12\/Aeromar-AICM.jpg\" \/>\n<meta name=\"twitter:creator\" content=\"@NITUmx\" \/>\n<meta name=\"twitter:site\" content=\"@Arturo_Medina_G\" \/>\n<meta name=\"twitter:label1\" content=\"Escrito por\" \/>\n\t<meta name=\"twitter:data1\" content=\"Redacci\u00f3n\" \/>\n\t<meta name=\"twitter:label2\" content=\"Tiempo de lectura\" \/>\n\t<meta name=\"twitter:data2\" content=\"1 minuto\" \/>\n<script type=\"application\/ld+json\" class=\"yoast-schema-graph\">{\"@context\":\"https:\/\/schema.org\",\"@graph\":[{\"@type\":\"Article\",\"@id\":\"https:\/\/nitu.mx\/index.php\/2018\/05\/21\/aeromar-pone-a-disposicion-45-vuelos-redondos-para-desastres-naturales-en-el-pais\/#article\",\"isPartOf\":{\"@id\":\"https:\/\/nitu.mx\/index.php\/2018\/05\/21\/aeromar-pone-a-disposicion-45-vuelos-redondos-para-desastres-naturales-en-el-pais\/\"},\"author\":{\"name\":\"Redacci\u00f3n\",\"@id\":\"https:\/\/nitu.mx\/#\/schema\/person\/4a28fe9bd65924f7c90623773daf1b0b\"},\"headline\":\"Aeromar pone a disposici\u00f3n 45 vuelos redondos para desastres naturales en el pa\u00eds\",\"datePublished\":\"2018-05-22T04:20:27+00:00\",\"dateModified\":\"2018-05-22T05:18:26+00:00\",\"mainEntityOfPage\":{\"@id\":\"https:\/\/nitu.mx\/index.php\/2018\/05\/21\/aeromar-pone-a-disposicion-45-vuelos-redondos-para-desastres-naturales-en-el-pais\/\"},\"wordCount\":308,\"commentCount\":0,\"publisher\":{\"@id\":\"https:\/\/nitu.mx\/#\/schema\/person\/ae7a53426417292d3dd07b45a33e01bc\"},\"image\":{\"@id\":\"https:\/\/nitu.mx\/index.php\/2018\/05\/21\/aeromar-pone-a-disposicion-45-vuelos-redondos-para-desastres-naturales-en-el-pais\/#primaryimage\"},\"thumbnailUrl\":\"https:\/\/nitu.mx\/wp-content\/uploads\/2017\/12\/Aeromar-AICM.jpg\",\"keywords\":[\"Aeromar\",\"ATR\",\"Benjam\u00edn Laniado Kassin\",\"Fundaci\u00f3n Cadena\",\"Itsmo de Tehuantepec\",\"Ren\u00e9 Giesemann\"],\"articleSection\":[\"Aerol\u00edneas\",\"M\u00e9xico\"],\"inLanguage\":\"es-MX\",\"potentialAction\":[{\"@type\":\"CommentAction\",\"name\":\"Comment\",\"target\":[\"https:\/\/nitu.mx\/index.php\/2018\/05\/21\/aeromar-pone-a-disposicion-45-vuelos-redondos-para-desastres-naturales-en-el-pais\/#respond\"]}]},{\"@type\":\"WebPage\",\"@id\":\"https:\/\/nitu.mx\/index.php\/2018\/05\/21\/aeromar-pone-a-disposicion-45-vuelos-redondos-para-desastres-naturales-en-el-pais\/\",\"url\":\"https:\/\/nitu.mx\/index.php\/2018\/05\/21\/aeromar-pone-a-disposicion-45-vuelos-redondos-para-desastres-naturales-en-el-pais\/\",\"name\":\"Aeromar pone a disposici\u00f3n 45 vuelos redondos para desastres naturales en el pa\u00eds - Nitu - Noticias de la Industria Turistica\",\"isPartOf\":{\"@id\":\"https:\/\/nitu.mx\/#website\"},\"primaryImageOfPage\":{\"@id\":\"https:\/\/nitu.mx\/index.php\/2018\/05\/21\/aeromar-pone-a-disposicion-45-vuelos-redondos-para-desastres-naturales-en-el-pais\/#primaryimage\"},\"image\":{\"@id\":\"https:\/\/nitu.mx\/index.php\/2018\/05\/21\/aeromar-pone-a-disposicion-45-vuelos-redondos-para-desastres-naturales-en-el-pais\/#primaryimage\"},\"thumbnailUrl\":\"https:\/\/nitu.mx\/wp-content\/uploads\/2017\/12\/Aeromar-AICM.jpg\",\"datePublished\":\"2018-05-22T04:20:27+00:00\",\"dateModified\":\"2018-05-22T05:18:26+00:00\",\"description\":\"Aeromar formaliz\u00f3 un convenio con la Asociaci\u00f3n Civil Comit\u00e9 de Ayuda a Desastres y Emergencias Nacionales (Cadena), para poder transportar equipo humano y v\u00edveres para atender cat\u00e1strofes en M\u00e9xico.\",\"breadcrumb\":{\"@id\":\"https:\/\/nitu.mx\/index.php\/2018\/05\/21\/aeromar-pone-a-disposicion-45-vuelos-redondos-para-desastres-naturales-en-el-pais\/#breadcrumb\"},\"inLanguage\":\"es-MX\",\"potentialAction\":[{\"@type\":\"ReadAction\",\"target\":[\"https:\/\/nitu.mx\/index.php\/2018\/05\/21\/aeromar-pone-a-disposicion-45-vuelos-redondos-para-desastres-naturales-en-el-pais\/\"]}]},{\"@type\":\"ImageObject\",\"inLanguage\":\"es-MX\",\"@id\":\"https:\/\/nitu.mx\/index.php\/2018\/05\/21\/aeromar-pone-a-disposicion-45-vuelos-redondos-para-desastres-naturales-en-el-pais\/#primaryimage\",\"url\":\"https:\/\/nitu.mx\/wp-content\/uploads\/2017\/12\/Aeromar-AICM.jpg\",\"contentUrl\":\"https:\/\/nitu.mx\/wp-content\/uploads\/2017\/12\/Aeromar-AICM.jpg\",\"width\":850,\"height\":480,\"caption\":\"Aeromar\"},{\"@type\":\"BreadcrumbList\",\"@id\":\"https:\/\/nitu.mx\/index.php\/2018\/05\/21\/aeromar-pone-a-disposicion-45-vuelos-redondos-para-desastres-naturales-en-el-pais\/#breadcrumb\",\"itemListElement\":[{\"@type\":\"ListItem\",\"position\":1,\"name\":\"Inicio\",\"item\":\"https:\/\/nitu.mx\/\"},{\"@type\":\"ListItem\",\"position\":2,\"name\":\"Aeromar pone a disposici\u00f3n 45 vuelos redondos para desastres naturales en el pa\u00eds\"}]},{\"@type\":\"WebSite\",\"@id\":\"https:\/\/nitu.mx\/#website\",\"url\":\"https:\/\/nitu.mx\/\",\"name\":\"Nitu - Noticias de la Industria Turistica\",\"description\":\"Noticias de la Industria Turistica\",\"publisher\":{\"@id\":\"https:\/\/nitu.mx\/#\/schema\/person\/ae7a53426417292d3dd07b45a33e01bc\"},\"alternateName\":\"Noticias de la Industria Turistica\",\"potentialAction\":[{\"@type\":\"SearchAction\",\"target\":{\"@type\":\"EntryPoint\",\"urlTemplate\":\"https:\/\/nitu.mx\/?s={search_term_string}\"},\"query-input\":\"required name=search_term_string\"}],\"inLanguage\":\"es-MX\"},{\"@type\":[\"Person\",\"Organization\"],\"@id\":\"https:\/\/nitu.mx\/#\/schema\/person\/ae7a53426417292d3dd07b45a33e01bc\",\"name\":\"Arturo Medina\",\"image\":{\"@type\":\"ImageObject\",\"inLanguage\":\"es-MX\",\"@id\":\"https:\/\/nitu.mx\/#\/schema\/person\/image\/\",\"url\":\"https:\/\/nitu.mx\/wp-content\/uploads\/2024\/04\/4A315622-1904-4D5C-B022-878CDC840E04-90x90-1.jpeg\",\"contentUrl\":\"https:\/\/nitu.mx\/wp-content\/uploads\/2024\/04\/4A315622-1904-4D5C-B022-878CDC840E04-90x90-1.jpeg\",\"width\":90,\"height\":90,\"caption\":\"Arturo Medina\"},\"logo\":{\"@id\":\"https:\/\/nitu.mx\/#\/schema\/person\/image\/\"},\"description\":\"Director NITU.mx, Egresado de la Escuela de Periodismo Carlos Septi\u00e9n Garc\u00eda. Periodista y analista especializado en turismo desde hace 35 a\u00f1os, radicado en Canc\u00fan Q.Roo. arturo@nitu.mx\",\"sameAs\":[\"https:\/\/nitu.mx\",\"https:\/\/www.facebook.com\/NITUmx\/\",\"medinacancun\",\"https:\/\/twitter.com\/@Arturo_Medina_G\"]},{\"@type\":\"Person\",\"@id\":\"https:\/\/nitu.mx\/#\/schema\/person\/4a28fe9bd65924f7c90623773daf1b0b\",\"name\":\"Redacci\u00f3n\",\"image\":{\"@type\":\"ImageObject\",\"inLanguage\":\"es-MX\",\"@id\":\"https:\/\/nitu.mx\/#\/schema\/person\/image\/\",\"url\":\"https:\/\/secure.gravatar.com\/avatar\/5dd011c8ccfc5cd7e4c81e42252aab38?s=96&d=mm&r=g\",\"contentUrl\":\"https:\/\/secure.gravatar.com\/avatar\/5dd011c8ccfc5cd7e4c81e42252aab38?s=96&d=mm&r=g\",\"caption\":\"Redacci\u00f3n\"},\"url\":\"https:\/\/nitu.mx\/index.php\/author\/redaccion\/\"}]}<\/script>\n<!-- \/ Yoast SEO plugin. -->","yoast_head_json":{"title":"Aeromar pone a disposici\u00f3n 45 vuelos redondos para desastres naturales en el pa\u00eds - Nitu - Noticias de la Industria Turistica","description":"Aeromar formaliz\u00f3 un convenio con la Asociaci\u00f3n Civil Comit\u00e9 de Ayuda a Desastres y Emergencias Nacionales (Cadena), para poder transportar equipo humano y v\u00edveres para atender cat\u00e1strofes en M\u00e9xico.","robots":{"index":"index","follow":"follow","max-snippet":"max-snippet:-1","max-image-preview":"max-image-preview:large","max-video-preview":"max-video-preview:-1"},"canonical":"https:\/\/nitu.mx\/index.php\/2018\/05\/21\/aeromar-pone-a-disposicion-45-vuelos-redondos-para-desastres-naturales-en-el-pais\/","twitter_card":"summary_large_image","twitter_title":"Aeromar pone a disposici\u00f3n 45 vuelos redondos para desastres naturales en el pa\u00eds - Nitu - Noticias de la Industria Turistica","twitter_description":"Aeromar formaliz\u00f3 un convenio con la Asociaci\u00f3n Civil Comit\u00e9 de Ayuda a Desastres y Emergencias Nacionales (Cadena), para poder transportar equipo humano y v\u00edveres para atender cat\u00e1strofes en M\u00e9xico.","twitter_image":"https:\/\/nitu.mx\/wp-content\/uploads\/2017\/12\/Aeromar-AICM.jpg","twitter_creator":"@NITUmx","twitter_site":"@Arturo_Medina_G","twitter_misc":{"Escrito por":"Redacci\u00f3n","Tiempo de lectura":"1 minuto"},"schema":{"@context":"https:\/\/schema.org","@graph":[{"@type":"Article","@id":"https:\/\/nitu.mx\/index.php\/2018\/05\/21\/aeromar-pone-a-disposicion-45-vuelos-redondos-para-desastres-naturales-en-el-pais\/#article","isPartOf":{"@id":"https:\/\/nitu.mx\/index.php\/2018\/05\/21\/aeromar-pone-a-disposicion-45-vuelos-redondos-para-desastres-naturales-en-el-pais\/"},"author":{"name":"Redacci\u00f3n","@id":"https:\/\/nitu.mx\/#\/schema\/person\/4a28fe9bd65924f7c90623773daf1b0b"},"headline":"Aeromar pone a disposici\u00f3n 45 vuelos redondos para desastres naturales en el pa\u00eds","datePublished":"2018-05-22T04:20:27+00:00","dateModified":"2018-05-22T05:18:26+00:00","mainEntityOfPage":{"@id":"https:\/\/nitu.mx\/index.php\/2018\/05\/21\/aeromar-pone-a-disposicion-45-vuelos-redondos-para-desastres-naturales-en-el-pais\/"},"wordCount":308,"commentCount":0,"publisher":{"@id":"https:\/\/nitu.mx\/#\/schema\/person\/ae7a53426417292d3dd07b45a33e01bc"},"image":{"@id":"https:\/\/nitu.mx\/index.php\/2018\/05\/21\/aeromar-pone-a-disposicion-45-vuelos-redondos-para-desastres-naturales-en-el-pais\/#primaryimage"},"thumbnailUrl":"https:\/\/nitu.mx\/wp-content\/uploads\/2017\/12\/Aeromar-AICM.jpg","keywords":["Aeromar","ATR","Benjam\u00edn Laniado Kassin","Fundaci\u00f3n Cadena","Itsmo de Tehuantepec","Ren\u00e9 Giesemann"],"articleSection":["Aerol\u00edneas","M\u00e9xico"],"inLanguage":"es-MX","potentialAction":[{"@type":"CommentAction","name":"Comment","target":["https:\/\/nitu.mx\/index.php\/2018\/05\/21\/aeromar-pone-a-disposicion-45-vuelos-redondos-para-desastres-naturales-en-el-pais\/#respond"]}]},{"@type":"WebPage","@id":"https:\/\/nitu.mx\/index.php\/2018\/05\/21\/aeromar-pone-a-disposicion-45-vuelos-redondos-para-desastres-naturales-en-el-pais\/","url":"https:\/\/nitu.mx\/index.php\/2018\/05\/21\/aeromar-pone-a-disposicion-45-vuelos-redondos-para-desastres-naturales-en-el-pais\/","name":"Aeromar pone a disposici\u00f3n 45 vuelos redondos para desastres naturales en el pa\u00eds - Nitu - Noticias de la Industria Turistica","isPartOf":{"@id":"https:\/\/nitu.mx\/#website"},"primaryImageOfPage":{"@id":"https:\/\/nitu.mx\/index.php\/2018\/05\/21\/aeromar-pone-a-disposicion-45-vuelos-redondos-para-desastres-naturales-en-el-pais\/#primaryimage"},"image":{"@id":"https:\/\/nitu.mx\/index.php\/2018\/05\/21\/aeromar-pone-a-disposicion-45-vuelos-redondos-para-desastres-naturales-en-el-pais\/#primaryimage"},"thumbnailUrl":"https:\/\/nitu.mx\/wp-content\/uploads\/2017\/12\/Aeromar-AICM.jpg","datePublished":"2018-05-22T04:20:27+00:00","dateModified":"2018-05-22T05:18:26+00:00","description":"Aeromar formaliz\u00f3 un convenio con la Asociaci\u00f3n Civil Comit\u00e9 de Ayuda a Desastres y Emergencias Nacionales (Cadena), para poder transportar equipo humano y v\u00edveres para atender cat\u00e1strofes en M\u00e9xico.","breadcrumb":{"@id":"https:\/\/nitu.mx\/index.php\/2018\/05\/21\/aeromar-pone-a-disposicion-45-vuelos-redondos-para-desastres-naturales-en-el-pais\/#breadcrumb"},"inLanguage":"es-MX","potentialAction":[{"@type":"ReadAction","target":["https:\/\/nitu.mx\/index.php\/2018\/05\/21\/aeromar-pone-a-disposicion-45-vuelos-redondos-para-desastres-naturales-en-el-pais\/"]}]},{"@type":"ImageObject","inLanguage":"es-MX","@id":"https:\/\/nitu.mx\/index.php\/2018\/05\/21\/aeromar-pone-a-disposicion-45-vuelos-redondos-para-desastres-naturales-en-el-pais\/#primaryimage","url":"https:\/\/nitu.mx\/wp-content\/uploads\/2017\/12\/Aeromar-AICM.jpg","contentUrl":"https:\/\/nitu.mx\/wp-content\/uploads\/2017\/12\/Aeromar-AICM.jpg","width":850,"height":480,"caption":"Aeromar"},{"@type":"BreadcrumbList","@id":"https:\/\/nitu.mx\/index.php\/2018\/05\/21\/aeromar-pone-a-disposicion-45-vuelos-redondos-para-desastres-naturales-en-el-pais\/#breadcrumb","itemListElement":[{"@type":"ListItem","position":1,"name":"Inicio","item":"https:\/\/nitu.mx\/"},{"@type":"ListItem","position":2,"name":"Aeromar pone a disposici\u00f3n 45 vuelos redondos para desastres naturales en el pa\u00eds"}]},{"@type":"WebSite","@id":"https:\/\/nitu.mx\/#website","url":"https:\/\/nitu.mx\/","name":"Nitu - Noticias de la Industria Turistica","description":"Noticias de la Industria Turistica","publisher":{"@id":"https:\/\/nitu.mx\/#\/schema\/person\/ae7a53426417292d3dd07b45a33e01bc"},"alternateName":"Noticias de la Industria Turistica","potentialAction":[{"@type":"SearchAction","target":{"@type":"EntryPoint","urlTemplate":"https:\/\/nitu.mx\/?s={search_term_string}"},"query-input":"required name=search_term_string"}],"inLanguage":"es-MX"},{"@type":["Person","Organization"],"@id":"https:\/\/nitu.mx\/#\/schema\/person\/ae7a53426417292d3dd07b45a33e01bc","name":"Arturo Medina","image":{"@type":"ImageObject","inLanguage":"es-MX","@id":"https:\/\/nitu.mx\/#\/schema\/person\/image\/","url":"https:\/\/nitu.mx\/wp-content\/uploads\/2024\/04\/4A315622-1904-4D5C-B022-878CDC840E04-90x90-1.jpeg","contentUrl":"https:\/\/nitu.mx\/wp-content\/uploads\/2024\/04\/4A315622-1904-4D5C-B022-878CDC840E04-90x90-1.jpeg","width":90,"height":90,"caption":"Arturo Medina"},"logo":{"@id":"https:\/\/nitu.mx\/#\/schema\/person\/image\/"},"description":"Director NITU.mx, Egresado de la Escuela de Periodismo Carlos Septi\u00e9n Garc\u00eda. Periodista y analista especializado en turismo desde hace 35 a\u00f1os, radicado en Canc\u00fan Q.Roo. arturo@nitu.mx","sameAs":["https:\/\/nitu.mx","https:\/\/www.facebook.com\/NITUmx\/","medinacancun","https:\/\/twitter.com\/@Arturo_Medina_G"]},{"@type":"Person","@id":"https:\/\/nitu.mx\/#\/schema\/person\/4a28fe9bd65924f7c90623773daf1b0b","name":"Redacci\u00f3n","image":{"@type":"ImageObject","inLanguage":"es-MX","@id":"https:\/\/nitu.mx\/#\/schema\/person\/image\/","url":"https:\/\/secure.gravatar.com\/avatar\/5dd011c8ccfc5cd7e4c81e42252aab38?s=96&d=mm&r=g","contentUrl":"https:\/\/secure.gravatar.com\/avatar\/5dd011c8ccfc5cd7e4c81e42252aab38?s=96&d=mm&r=g","caption":"Redacci\u00f3n"},"url":"https:\/\/nitu.mx\/index.php\/author\/redaccion\/"}]}},"views":302,"_links":{"self":[{"href":"https:\/\/nitu.mx\/index.php\/wp-json\/wp\/v2\/posts\/20721"}],"collection":[{"href":"https:\/\/nitu.mx\/index.php\/wp-json\/wp\/v2\/posts"}],"about":[{"href":"https:\/\/nitu.mx\/index.php\/wp-json\/wp\/v2\/types\/post"}],"author":[{"embeddable":true,"href":"https:\/\/nitu.mx\/index.php\/wp-json\/wp\/v2\/users\/17"}],"replies":[{"embeddable":true,"href":"https:\/\/nitu.mx\/index.php\/wp-json\/wp\/v2\/comments?post=20721"}],"version-history":[{"count":3,"href":"https:\/\/nitu.mx\/index.php\/wp-json\/wp\/v2\/posts\/20721\/revisions"}],"predecessor-version":[{"id":20739,"href":"https:\/\/nitu.mx\/index.php\/wp-json\/wp\/v2\/posts\/20721\/revisions\/20739"}],"wp:featuredmedia":[{"embeddable":true,"href":"https:\/\/nitu.mx\/index.php\/wp-json\/wp\/v2\/media\/16067"}],"wp:attachment":[{"href":"https:\/\/nitu.mx\/index.php\/wp-json\/wp\/v2\/media?parent=20721"}],"wp:term":[{"taxonomy":"category","embeddable":true,"href":"https:\/\/nitu.mx\/index.php\/wp-json\/wp\/v2\/categories?post=20721"},{"taxonomy":"post_tag","embeddable":true,"href":"https:\/\/nitu.mx\/index.php\/wp-json\/wp\/v2\/tags?post=20721"}],"curies":[{"name":"wp","href":"https:\/\/api.w.org\/{rel}","templated":true}]}}