{"id":20335,"date":"2018-05-09T00:26:26","date_gmt":"2018-05-09T05:26:26","guid":{"rendered":"http:\/\/www.dev.nitu.mx\/?p=20335"},"modified":"2018-05-09T00:54:51","modified_gmt":"2018-05-09T05:54:51","slug":"grandes-retos-para-posicionar-a-mexico-como-potencia-turistica","status":"publish","type":"post","link":"https:\/\/nitu.mx\/index.php\/2018\/05\/09\/grandes-retos-para-posicionar-a-mexico-como-potencia-turistica\/","title":{"rendered":"Grandes retos para posicionar a M\u00e9xico como potencia tur\u00edstica: De la Madrid"},"content":{"rendered":"<p>Durante la inauguraci\u00f3n del XVI Foro Nacional de Turismo el secretario de Turismo del Gobierno Federal, Enrique de la Madrid resalt\u00f3 que la actividad tur\u00edstica es uno de los motores econ\u00f3micos m\u00e1s importantes de M\u00e9xico, pero para que siga creciendo es necesaria una visi\u00f3n de largo plazo en las pol\u00edticas p\u00fablicas.<\/p>\n<p>El titular de la Sectur declar\u00f3 que M\u00e9xico se consolida como una potencia tur\u00edstica pues es el sexto pa\u00eds m\u00e1s visitado en el mundo, \u201cen 2012 \u00e9ramos el\u00a0n\u00famero 15 con 23 millones de turistas del exterior, y en 2017 recibimos 39.3 millones de visitantes, eso hizo que rebas\u00e1ramos a pa\u00edses como Alemania,\u00a0 Reino Unido\u00a0y Turqu\u00eda\u201d, recalc\u00f3.<\/p>\n<p>Tambi\u00e9n dej\u00f3 claro que el reto para la siguiente administraci\u00f3n es muy grande, pues para continuar con este desarrollo tur\u00edstico es necesaria mayor conectividad, m\u00e1s rutas a\u00e9reas y un nuevo aeropuerto, el aeropuerto no es una opci\u00f3n, para M\u00e9xico es una necesidad, \u201cSi no hay aeropuerto, no llegaremos avanzar en el ranking de pa\u00edses m\u00e1s visitados del mundo, no generaremos los sesenta millones de visitantes, no generaremos los millones de empleos; por eso necesitamos esa nueva terminal a\u00e9rea\u201d. (<a title=\"Confrontan ideas sobre turismo candidatos a la presidencia de M\u00e9xico\" href=\"http:\/\/www.dev.nitu.mx\/index.php\/2018\/05\/08\/confrontan-ideas-sobre-turismo-candidatos-a-la-presidencia-de-mexico\/\" rel=\"bookmark\">Confrontan ideas sobre turismo candidatos a la presidencia de M\u00e9xico<\/a>).<\/p>\n<p>En esta primera mesa tambi\u00e9n particip\u00f3 Carlos Joaqu\u00edn Gonz\u00e1lez, gobernador del estado de Quintana Roo, quien destac\u00f3 la importancia de este tipo de foros ya que permiten el dialogo y la participaci\u00f3n de muchos expertos en el sector tur\u00edstico. \u201cEste foro naci\u00f3 en Quintana Roo hace 16 a\u00f1os lo que reafirma al estado como l\u00edder en la industria tur\u00edstica de nuestro pa\u00eds\u201d, mencion\u00f3 el gobernador.<\/p>\n<p>Sirve para que diversos actores de la industria presenten sus iniciativas, las cuales ayudan a seguir impulsando el desarrollo tur\u00edstico. As\u00ed mismo, Carlos Joaqu\u00edn se sum\u00f3 al llamado del secretario de Turismo Enrique de la Madrid, de\u00a0fortalecer el sector tur\u00edstico y consolidarlo como uno de los principales motores de la econom\u00eda\u00a0para el desarrollo integral de las comunidades.<\/p>\n<p>Por su parte Jorge Hern\u00e1ndez Delgado presidente nacional de la Asociaci\u00f3n Mexicana de Agencias de Viajes (AMAV), comparti\u00f3 que para este campo del sector debe atenderse tambi\u00e9n la conectividad para proveer a los turistas de traslados oportunos. \u201cPoner atenci\u00f3n en la persistencia de fraudes cibern\u00e9ticos de empresas fantasmas que da\u00f1an nuestra imagen y labor; atender la inexistencia de est\u00edmulos fiscales en nuestro ramo\u201d. Tambi\u00e9n, mejorar el trato para las agencias de viajes por parte de prestadores de servicio tur\u00edstico directo, como lo son aerol\u00edneas, hoteles y autobuses, sobre todo en garantizar las reservaciones, y reconocimiento de la aportaci\u00f3n del gremio a la econom\u00eda, a\u00f1adi\u00f3.<\/p>\n<p>Tambi\u00e9n estuvo presente Rafael Garc\u00eda Gonz\u00e1lez, presidente de la Asociaci\u00f3n Mexicana de Hoteles y Moteles, quien coment\u00f3 por su parte que la hoteler\u00eda en M\u00e9xico representa cerca de 800 mil cuartos con 22 mil hoteles, y es la segunda hoteler\u00eda m\u00e1s importante de Am\u00e9rica Latina e Iberoam\u00e9rica, despu\u00e9s de Espa\u00f1a.<\/p>\n<p>Fernando Mart\u00ed,\u00a0director del Foro Nacional de Turismo, luego de hacer un reconocimiento al trabajo de la Sectur para impulsar la actividad en el pa\u00eds, indic\u00f3 que para mantener el buen momento por el que atraviesa el turismo en M\u00e9xico es necesario resolver la agenda de trabajo del sector, como: resolver los problemas de transporte de pasajeros en destinos del pa\u00eds regulando las plataformas que existen; prevenir a trav\u00e9s de una pol\u00edtica de regulaci\u00f3n los fraudes cibern\u00e9ticos por parte de empresas fantasmas que desprestigian al gremio y erosionan la confianza del consumidor en las agencias de viajes.<\/p>\n","protected":false},"excerpt":{"rendered":"<p>Durante la inauguraci\u00f3n del XVI Foro Nacional de Turismo el secretario de Turismo del Gobierno Federal, Enrique de la Madrid resalt\u00f3 que la actividad tur\u00edstica es uno de los motores econ\u00f3micos m\u00e1s importantes de M\u00e9xico, pero para que siga creciendo es necesaria una visi\u00f3n de largo plazo en las pol\u00edticas p\u00fablicas. El titular de la [&hellip;]<\/p>\n","protected":false},"author":5,"featured_media":20348,"comment_status":"open","ping_status":"open","sticky":false,"template":"","format":"standard","meta":{"footnotes":""},"categories":[12],"tags":[176,9911,3190,9912,9910],"yoast_head":"<!-- This site is optimized with the Yoast SEO plugin v22.2 - https:\/\/yoast.com\/wordpress\/plugins\/seo\/ -->\n<title>Grandes retos para posicionar a M\u00e9xico como potencia tur\u00edstica: De la Madrid - Nitu - Noticias de la Industria Turistica<\/title>\n<meta name=\"description\" content=\"el secretario de Turismo del Gobierno Federal, Enrique de la Madrid resalt\u00f3 que la actividad tur\u00edstica es uno de los motores econ\u00f3micos m\u00e1s importantes de M\u00e9xico, pero para que siga creciendo es necesaria una visi\u00f3n de largo plazo en las pol\u00edticas p\u00fablicas.\" \/>\n<meta name=\"robots\" content=\"index, follow, max-snippet:-1, max-image-preview:large, max-video-preview:-1\" \/>\n<link rel=\"canonical\" href=\"https:\/\/nitu.mx\/index.php\/2018\/05\/09\/grandes-retos-para-posicionar-a-mexico-como-potencia-turistica\/\" \/>\n<meta name=\"twitter:card\" content=\"summary_large_image\" \/>\n<meta name=\"twitter:title\" content=\"Grandes retos para posicionar a M\u00e9xico como potencia tur\u00edstica: De la Madrid - Nitu - Noticias de la Industria Turistica\" \/>\n<meta name=\"twitter:description\" content=\"el secretario de Turismo del Gobierno Federal, Enrique de la Madrid resalt\u00f3 que la actividad tur\u00edstica es uno de los motores econ\u00f3micos m\u00e1s importantes de M\u00e9xico, pero para que siga creciendo es necesaria una visi\u00f3n de largo plazo en las pol\u00edticas p\u00fablicas.\" \/>\n<meta name=\"twitter:image\" content=\"https:\/\/nitu.mx\/wp-content\/uploads\/2018\/05\/foro-nacional-de-turismo.jpg\" \/>\n<meta name=\"twitter:creator\" content=\"@NITUmx\" \/>\n<meta name=\"twitter:site\" content=\"@Arturo_Medina_G\" \/>\n<meta name=\"twitter:label1\" content=\"Escrito por\" \/>\n\t<meta name=\"twitter:data1\" content=\"Mari Soto\" \/>\n\t<meta name=\"twitter:label2\" content=\"Tiempo de lectura\" \/>\n\t<meta name=\"twitter:data2\" content=\"3 minutos\" \/>\n<script type=\"application\/ld+json\" class=\"yoast-schema-graph\">{\"@context\":\"https:\/\/schema.org\",\"@graph\":[{\"@type\":\"Article\",\"@id\":\"https:\/\/nitu.mx\/index.php\/2018\/05\/09\/grandes-retos-para-posicionar-a-mexico-como-potencia-turistica\/#article\",\"isPartOf\":{\"@id\":\"https:\/\/nitu.mx\/index.php\/2018\/05\/09\/grandes-retos-para-posicionar-a-mexico-como-potencia-turistica\/\"},\"author\":{\"name\":\"Mari Soto\",\"@id\":\"https:\/\/nitu.mx\/#\/schema\/person\/afc52e313e27e660739556d421d3d6b4\"},\"headline\":\"Grandes retos para posicionar a M\u00e9xico como potencia tur\u00edstica: De la Madrid\",\"datePublished\":\"2018-05-09T05:26:26+00:00\",\"dateModified\":\"2018-05-09T05:54:51+00:00\",\"mainEntityOfPage\":{\"@id\":\"https:\/\/nitu.mx\/index.php\/2018\/05\/09\/grandes-retos-para-posicionar-a-mexico-como-potencia-turistica\/\"},\"wordCount\":650,\"commentCount\":0,\"publisher\":{\"@id\":\"https:\/\/nitu.mx\/#\/schema\/person\/ae7a53426417292d3dd07b45a33e01bc\"},\"image\":{\"@id\":\"https:\/\/nitu.mx\/index.php\/2018\/05\/09\/grandes-retos-para-posicionar-a-mexico-como-potencia-turistica\/#primaryimage\"},\"thumbnailUrl\":\"https:\/\/nitu.mx\/wp-content\/uploads\/2018\/05\/foro-nacional-de-turismo.jpg\",\"keywords\":[\"Enrique de la Madrid\",\"Fernando Mart\u00ed\",\"Foro Nacional de Turismo\",\"Jorge Hern\u00e1ndez Delgado\",\"Rafael Gonz\u00e1lez Garc\u00eda\"],\"articleSection\":[\"Marketing\"],\"inLanguage\":\"es-MX\",\"potentialAction\":[{\"@type\":\"CommentAction\",\"name\":\"Comment\",\"target\":[\"https:\/\/nitu.mx\/index.php\/2018\/05\/09\/grandes-retos-para-posicionar-a-mexico-como-potencia-turistica\/#respond\"]}]},{\"@type\":\"WebPage\",\"@id\":\"https:\/\/nitu.mx\/index.php\/2018\/05\/09\/grandes-retos-para-posicionar-a-mexico-como-potencia-turistica\/\",\"url\":\"https:\/\/nitu.mx\/index.php\/2018\/05\/09\/grandes-retos-para-posicionar-a-mexico-como-potencia-turistica\/\",\"name\":\"Grandes retos para posicionar a M\u00e9xico como potencia tur\u00edstica: De la Madrid - Nitu - Noticias de la Industria Turistica\",\"isPartOf\":{\"@id\":\"https:\/\/nitu.mx\/#website\"},\"primaryImageOfPage\":{\"@id\":\"https:\/\/nitu.mx\/index.php\/2018\/05\/09\/grandes-retos-para-posicionar-a-mexico-como-potencia-turistica\/#primaryimage\"},\"image\":{\"@id\":\"https:\/\/nitu.mx\/index.php\/2018\/05\/09\/grandes-retos-para-posicionar-a-mexico-como-potencia-turistica\/#primaryimage\"},\"thumbnailUrl\":\"https:\/\/nitu.mx\/wp-content\/uploads\/2018\/05\/foro-nacional-de-turismo.jpg\",\"datePublished\":\"2018-05-09T05:26:26+00:00\",\"dateModified\":\"2018-05-09T05:54:51+00:00\",\"description\":\"el secretario de Turismo del Gobierno Federal, Enrique de la Madrid resalt\u00f3 que la actividad tur\u00edstica es uno de los motores econ\u00f3micos m\u00e1s importantes de M\u00e9xico, pero para que siga creciendo es necesaria una visi\u00f3n de largo plazo en las pol\u00edticas p\u00fablicas.\",\"breadcrumb\":{\"@id\":\"https:\/\/nitu.mx\/index.php\/2018\/05\/09\/grandes-retos-para-posicionar-a-mexico-como-potencia-turistica\/#breadcrumb\"},\"inLanguage\":\"es-MX\",\"potentialAction\":[{\"@type\":\"ReadAction\",\"target\":[\"https:\/\/nitu.mx\/index.php\/2018\/05\/09\/grandes-retos-para-posicionar-a-mexico-como-potencia-turistica\/\"]}]},{\"@type\":\"ImageObject\",\"inLanguage\":\"es-MX\",\"@id\":\"https:\/\/nitu.mx\/index.php\/2018\/05\/09\/grandes-retos-para-posicionar-a-mexico-como-potencia-turistica\/#primaryimage\",\"url\":\"https:\/\/nitu.mx\/wp-content\/uploads\/2018\/05\/foro-nacional-de-turismo.jpg\",\"contentUrl\":\"https:\/\/nitu.mx\/wp-content\/uploads\/2018\/05\/foro-nacional-de-turismo.jpg\",\"width\":850,\"height\":480,\"caption\":\"foro nacional de turismo\"},{\"@type\":\"BreadcrumbList\",\"@id\":\"https:\/\/nitu.mx\/index.php\/2018\/05\/09\/grandes-retos-para-posicionar-a-mexico-como-potencia-turistica\/#breadcrumb\",\"itemListElement\":[{\"@type\":\"ListItem\",\"position\":1,\"name\":\"Inicio\",\"item\":\"https:\/\/nitu.mx\/\"},{\"@type\":\"ListItem\",\"position\":2,\"name\":\"Grandes retos para posicionar a M\u00e9xico como potencia tur\u00edstica: De la Madrid\"}]},{\"@type\":\"WebSite\",\"@id\":\"https:\/\/nitu.mx\/#website\",\"url\":\"https:\/\/nitu.mx\/\",\"name\":\"Nitu - Noticias de la Industria Turistica\",\"description\":\"Noticias de la Industria Turistica\",\"publisher\":{\"@id\":\"https:\/\/nitu.mx\/#\/schema\/person\/ae7a53426417292d3dd07b45a33e01bc\"},\"alternateName\":\"Noticias de la Industria Turistica\",\"potentialAction\":[{\"@type\":\"SearchAction\",\"target\":{\"@type\":\"EntryPoint\",\"urlTemplate\":\"https:\/\/nitu.mx\/?s={search_term_string}\"},\"query-input\":\"required name=search_term_string\"}],\"inLanguage\":\"es-MX\"},{\"@type\":[\"Person\",\"Organization\"],\"@id\":\"https:\/\/nitu.mx\/#\/schema\/person\/ae7a53426417292d3dd07b45a33e01bc\",\"name\":\"Arturo Medina\",\"image\":{\"@type\":\"ImageObject\",\"inLanguage\":\"es-MX\",\"@id\":\"https:\/\/nitu.mx\/#\/schema\/person\/image\/\",\"url\":\"https:\/\/nitu.mx\/wp-content\/uploads\/2024\/04\/4A315622-1904-4D5C-B022-878CDC840E04-90x90-1.jpeg\",\"contentUrl\":\"https:\/\/nitu.mx\/wp-content\/uploads\/2024\/04\/4A315622-1904-4D5C-B022-878CDC840E04-90x90-1.jpeg\",\"width\":90,\"height\":90,\"caption\":\"Arturo Medina\"},\"logo\":{\"@id\":\"https:\/\/nitu.mx\/#\/schema\/person\/image\/\"},\"description\":\"Director NITU.mx, Egresado de la Escuela de Periodismo Carlos Septi\u00e9n Garc\u00eda. Periodista y analista especializado en turismo desde hace 35 a\u00f1os, radicado en Canc\u00fan Q.Roo. arturo@nitu.mx\",\"sameAs\":[\"https:\/\/nitu.mx\",\"https:\/\/www.facebook.com\/NITUmx\/\",\"medinacancun\",\"https:\/\/twitter.com\/@Arturo_Medina_G\"]},{\"@type\":\"Person\",\"@id\":\"https:\/\/nitu.mx\/#\/schema\/person\/afc52e313e27e660739556d421d3d6b4\",\"name\":\"Mari Soto\",\"image\":{\"@type\":\"ImageObject\",\"inLanguage\":\"es-MX\",\"@id\":\"https:\/\/nitu.mx\/#\/schema\/person\/image\/\",\"url\":\"https:\/\/secure.gravatar.com\/avatar\/2619c282a180a20d89fcaea82a6736e2?s=96&d=mm&r=g\",\"contentUrl\":\"https:\/\/secure.gravatar.com\/avatar\/2619c282a180a20d89fcaea82a6736e2?s=96&d=mm&r=g\",\"caption\":\"Mari Soto\"},\"sameAs\":[\"https:\/\/nitu.mx\"],\"url\":\"https:\/\/nitu.mx\/index.php\/author\/guadalupe\/\"}]}<\/script>\n<!-- \/ Yoast SEO plugin. -->","yoast_head_json":{"title":"Grandes retos para posicionar a M\u00e9xico como potencia tur\u00edstica: De la Madrid - Nitu - Noticias de la Industria Turistica","description":"el secretario de Turismo del Gobierno Federal, Enrique de la Madrid resalt\u00f3 que la actividad tur\u00edstica es uno de los motores econ\u00f3micos m\u00e1s importantes de M\u00e9xico, pero para que siga creciendo es necesaria una visi\u00f3n de largo plazo en las pol\u00edticas p\u00fablicas.","robots":{"index":"index","follow":"follow","max-snippet":"max-snippet:-1","max-image-preview":"max-image-preview:large","max-video-preview":"max-video-preview:-1"},"canonical":"https:\/\/nitu.mx\/index.php\/2018\/05\/09\/grandes-retos-para-posicionar-a-mexico-como-potencia-turistica\/","twitter_card":"summary_large_image","twitter_title":"Grandes retos para posicionar a M\u00e9xico como potencia tur\u00edstica: De la Madrid - Nitu - Noticias de la Industria Turistica","twitter_description":"el secretario de Turismo del Gobierno Federal, Enrique de la Madrid resalt\u00f3 que la actividad tur\u00edstica es uno de los motores econ\u00f3micos m\u00e1s importantes de M\u00e9xico, pero para que siga creciendo es necesaria una visi\u00f3n de largo plazo en las pol\u00edticas p\u00fablicas.","twitter_image":"https:\/\/nitu.mx\/wp-content\/uploads\/2018\/05\/foro-nacional-de-turismo.jpg","twitter_creator":"@NITUmx","twitter_site":"@Arturo_Medina_G","twitter_misc":{"Escrito por":"Mari Soto","Tiempo de lectura":"3 minutos"},"schema":{"@context":"https:\/\/schema.org","@graph":[{"@type":"Article","@id":"https:\/\/nitu.mx\/index.php\/2018\/05\/09\/grandes-retos-para-posicionar-a-mexico-como-potencia-turistica\/#article","isPartOf":{"@id":"https:\/\/nitu.mx\/index.php\/2018\/05\/09\/grandes-retos-para-posicionar-a-mexico-como-potencia-turistica\/"},"author":{"name":"Mari Soto","@id":"https:\/\/nitu.mx\/#\/schema\/person\/afc52e313e27e660739556d421d3d6b4"},"headline":"Grandes retos para posicionar a M\u00e9xico como potencia tur\u00edstica: De la Madrid","datePublished":"2018-05-09T05:26:26+00:00","dateModified":"2018-05-09T05:54:51+00:00","mainEntityOfPage":{"@id":"https:\/\/nitu.mx\/index.php\/2018\/05\/09\/grandes-retos-para-posicionar-a-mexico-como-potencia-turistica\/"},"wordCount":650,"commentCount":0,"publisher":{"@id":"https:\/\/nitu.mx\/#\/schema\/person\/ae7a53426417292d3dd07b45a33e01bc"},"image":{"@id":"https:\/\/nitu.mx\/index.php\/2018\/05\/09\/grandes-retos-para-posicionar-a-mexico-como-potencia-turistica\/#primaryimage"},"thumbnailUrl":"https:\/\/nitu.mx\/wp-content\/uploads\/2018\/05\/foro-nacional-de-turismo.jpg","keywords":["Enrique de la Madrid","Fernando Mart\u00ed","Foro Nacional de Turismo","Jorge Hern\u00e1ndez Delgado","Rafael Gonz\u00e1lez Garc\u00eda"],"articleSection":["Marketing"],"inLanguage":"es-MX","potentialAction":[{"@type":"CommentAction","name":"Comment","target":["https:\/\/nitu.mx\/index.php\/2018\/05\/09\/grandes-retos-para-posicionar-a-mexico-como-potencia-turistica\/#respond"]}]},{"@type":"WebPage","@id":"https:\/\/nitu.mx\/index.php\/2018\/05\/09\/grandes-retos-para-posicionar-a-mexico-como-potencia-turistica\/","url":"https:\/\/nitu.mx\/index.php\/2018\/05\/09\/grandes-retos-para-posicionar-a-mexico-como-potencia-turistica\/","name":"Grandes retos para posicionar a M\u00e9xico como potencia tur\u00edstica: De la Madrid - Nitu - Noticias de la Industria Turistica","isPartOf":{"@id":"https:\/\/nitu.mx\/#website"},"primaryImageOfPage":{"@id":"https:\/\/nitu.mx\/index.php\/2018\/05\/09\/grandes-retos-para-posicionar-a-mexico-como-potencia-turistica\/#primaryimage"},"image":{"@id":"https:\/\/nitu.mx\/index.php\/2018\/05\/09\/grandes-retos-para-posicionar-a-mexico-como-potencia-turistica\/#primaryimage"},"thumbnailUrl":"https:\/\/nitu.mx\/wp-content\/uploads\/2018\/05\/foro-nacional-de-turismo.jpg","datePublished":"2018-05-09T05:26:26+00:00","dateModified":"2018-05-09T05:54:51+00:00","description":"el secretario de Turismo del Gobierno Federal, Enrique de la Madrid resalt\u00f3 que la actividad tur\u00edstica es uno de los motores econ\u00f3micos m\u00e1s importantes de M\u00e9xico, pero para que siga creciendo es necesaria una visi\u00f3n de largo plazo en las pol\u00edticas p\u00fablicas.","breadcrumb":{"@id":"https:\/\/nitu.mx\/index.php\/2018\/05\/09\/grandes-retos-para-posicionar-a-mexico-como-potencia-turistica\/#breadcrumb"},"inLanguage":"es-MX","potentialAction":[{"@type":"ReadAction","target":["https:\/\/nitu.mx\/index.php\/2018\/05\/09\/grandes-retos-para-posicionar-a-mexico-como-potencia-turistica\/"]}]},{"@type":"ImageObject","inLanguage":"es-MX","@id":"https:\/\/nitu.mx\/index.php\/2018\/05\/09\/grandes-retos-para-posicionar-a-mexico-como-potencia-turistica\/#primaryimage","url":"https:\/\/nitu.mx\/wp-content\/uploads\/2018\/05\/foro-nacional-de-turismo.jpg","contentUrl":"https:\/\/nitu.mx\/wp-content\/uploads\/2018\/05\/foro-nacional-de-turismo.jpg","width":850,"height":480,"caption":"foro nacional de turismo"},{"@type":"BreadcrumbList","@id":"https:\/\/nitu.mx\/index.php\/2018\/05\/09\/grandes-retos-para-posicionar-a-mexico-como-potencia-turistica\/#breadcrumb","itemListElement":[{"@type":"ListItem","position":1,"name":"Inicio","item":"https:\/\/nitu.mx\/"},{"@type":"ListItem","position":2,"name":"Grandes retos para posicionar a M\u00e9xico como potencia tur\u00edstica: De la Madrid"}]},{"@type":"WebSite","@id":"https:\/\/nitu.mx\/#website","url":"https:\/\/nitu.mx\/","name":"Nitu - Noticias de la Industria Turistica","description":"Noticias de la Industria Turistica","publisher":{"@id":"https:\/\/nitu.mx\/#\/schema\/person\/ae7a53426417292d3dd07b45a33e01bc"},"alternateName":"Noticias de la Industria Turistica","potentialAction":[{"@type":"SearchAction","target":{"@type":"EntryPoint","urlTemplate":"https:\/\/nitu.mx\/?s={search_term_string}"},"query-input":"required name=search_term_string"}],"inLanguage":"es-MX"},{"@type":["Person","Organization"],"@id":"https:\/\/nitu.mx\/#\/schema\/person\/ae7a53426417292d3dd07b45a33e01bc","name":"Arturo Medina","image":{"@type":"ImageObject","inLanguage":"es-MX","@id":"https:\/\/nitu.mx\/#\/schema\/person\/image\/","url":"https:\/\/nitu.mx\/wp-content\/uploads\/2024\/04\/4A315622-1904-4D5C-B022-878CDC840E04-90x90-1.jpeg","contentUrl":"https:\/\/nitu.mx\/wp-content\/uploads\/2024\/04\/4A315622-1904-4D5C-B022-878CDC840E04-90x90-1.jpeg","width":90,"height":90,"caption":"Arturo Medina"},"logo":{"@id":"https:\/\/nitu.mx\/#\/schema\/person\/image\/"},"description":"Director NITU.mx, Egresado de la Escuela de Periodismo Carlos Septi\u00e9n Garc\u00eda. Periodista y analista especializado en turismo desde hace 35 a\u00f1os, radicado en Canc\u00fan Q.Roo. arturo@nitu.mx","sameAs":["https:\/\/nitu.mx","https:\/\/www.facebook.com\/NITUmx\/","medinacancun","https:\/\/twitter.com\/@Arturo_Medina_G"]},{"@type":"Person","@id":"https:\/\/nitu.mx\/#\/schema\/person\/afc52e313e27e660739556d421d3d6b4","name":"Mari Soto","image":{"@type":"ImageObject","inLanguage":"es-MX","@id":"https:\/\/nitu.mx\/#\/schema\/person\/image\/","url":"https:\/\/secure.gravatar.com\/avatar\/2619c282a180a20d89fcaea82a6736e2?s=96&d=mm&r=g","contentUrl":"https:\/\/secure.gravatar.com\/avatar\/2619c282a180a20d89fcaea82a6736e2?s=96&d=mm&r=g","caption":"Mari Soto"},"sameAs":["https:\/\/nitu.mx"],"url":"https:\/\/nitu.mx\/index.php\/author\/guadalupe\/"}]}},"views":304,"_links":{"self":[{"href":"https:\/\/nitu.mx\/index.php\/wp-json\/wp\/v2\/posts\/20335"}],"collection":[{"href":"https:\/\/nitu.mx\/index.php\/wp-json\/wp\/v2\/posts"}],"about":[{"href":"https:\/\/nitu.mx\/index.php\/wp-json\/wp\/v2\/types\/post"}],"author":[{"embeddable":true,"href":"https:\/\/nitu.mx\/index.php\/wp-json\/wp\/v2\/users\/5"}],"replies":[{"embeddable":true,"href":"https:\/\/nitu.mx\/index.php\/wp-json\/wp\/v2\/comments?post=20335"}],"version-history":[{"count":4,"href":"https:\/\/nitu.mx\/index.php\/wp-json\/wp\/v2\/posts\/20335\/revisions"}],"predecessor-version":[{"id":20349,"href":"https:\/\/nitu.mx\/index.php\/wp-json\/wp\/v2\/posts\/20335\/revisions\/20349"}],"wp:featuredmedia":[{"embeddable":true,"href":"https:\/\/nitu.mx\/index.php\/wp-json\/wp\/v2\/media\/20348"}],"wp:attachment":[{"href":"https:\/\/nitu.mx\/index.php\/wp-json\/wp\/v2\/media?parent=20335"}],"wp:term":[{"taxonomy":"category","embeddable":true,"href":"https:\/\/nitu.mx\/index.php\/wp-json\/wp\/v2\/categories?post=20335"},{"taxonomy":"post_tag","embeddable":true,"href":"https:\/\/nitu.mx\/index.php\/wp-json\/wp\/v2\/tags?post=20335"}],"curies":[{"name":"wp","href":"https:\/\/api.w.org\/{rel}","templated":true}]}}