{"id":20212,"date":"2018-05-06T22:11:12","date_gmt":"2018-05-07T03:11:12","guid":{"rendered":"http:\/\/www.dev.nitu.mx\/?p=20212"},"modified":"2018-05-07T00:00:39","modified_gmt":"2018-05-07T05:00:39","slug":"a-la-venta-el-iconico-hotel-plaza-de-ny-por-600-mdd","status":"publish","type":"post","link":"https:\/\/nitu.mx\/index.php\/2018\/05\/06\/a-la-venta-el-iconico-hotel-plaza-de-ny-por-600-mdd\/","title":{"rendered":"A la venta el ic\u00f3nico Hotel Plaza de NY por 600 mdd"},"content":{"rendered":"<p>El legendario Hotel Plaza de Nueva York ser\u00e1 comprado por 600 millones de d\u00f3lares (500 millones de euros), indic\u00f3 a la AFP uno de los compradores con sede en Dub\u00e1i que prev\u00e9 convertirlo en una &#8220;marca mundial&#8221;.<\/p>\n<p>Situado en la Quinta avenida de Nueva York, el Hotel Plaza, que existe desde hace m\u00e1s de 100 a\u00f1os, aparece en m\u00e1s de 30 filmes hollywoodenses.<\/p>\n<p>Shahal Khan, cuya sociedad White City Ventures tiene su sede en Dub\u00e1i, dijo a la AFP que se asoci\u00f3 con el inversionista Kamran Hakim, con sede en Nueva York, para comprar el hotel. La transacci\u00f3n debe concluir el 25 de junio.<\/p>\n<p>Entre los propietarios actuales del hotel figura el pr\u00edncipe y millonario saud\u00ed Al-Walid Ben Talal, quien fue detenido durante cerca de tres meses en el hotel Ritz-Carlton de Ryad en el marco de una ola de detenciones destinadas, seg\u00fan las autoridades saud\u00edes, a luchar contra la corrupci\u00f3n.<\/p>\n<p>El Plaza, que perteneci\u00f3 hace algunos a\u00f1os al ahora presidente de Estados Unidos Donald Trump, es en la actualidad administrado por el grupo franc\u00e9s Accor.<\/p>\n<p>&#8220;El Plaza es \u00fanico, pero nadie lo ha convertido en una marca mundial&#8221;, subray\u00f3 Shahal Khan.<\/p>\n<p>&#8220;Busco ahora un lugar, tal vez China, tal vez un lugar en Europa, pero pienso que ser\u00eda bueno tambi\u00e9n que el \u00fanico otro Plaza est\u00e9 en Abu Dhabi o Dub\u00e1i&#8221;, a\u00f1adi\u00f3.<\/p>\n<p>&#8220;Tengo el plan de abrir un Plaza en los Emiratos \u00c1rabes Unidos de aqu\u00ed a 2020&#8221;, agreg\u00f3 el empresario, muy presente en Pakist\u00e1n.<\/p>\n<p>Situado en el centro de rutas intercontinentales, el aeropuerto de Dub\u00e1i es el m\u00e1s frecuentado del mundo en t\u00e9rminos de pasajeros internacionales con 88.2 millones de viajeros en 2017.<\/p>\n<p>Abu Dhabi alberga desde noviembre pasado el museo Louvre Abu Dhabi, que se considera como &#8220;primer museo universal del mundo \u00e1rabe&#8221;.<\/p>\n<p>En 2005 el edificio fue renovado y fue convertido parcialmente en viviendas de lujo. De todas formas, sigue funcionando como hotel y la entrada, el lobby y el restaurante Palm Court siguen igual que siempre. Una noche en una habitaci\u00f3n individual cuesta unos 600 d\u00f3lares, mientras que en la suite m\u00e1s cara sale unos 30.000 d\u00f3lares. El hotel tiene 19 pisos y se ubica en la parte sur del Central Park. Fue inaugurado el 1 de octubre de 1907. (<a title=\"Nueva York se renueva para conquistar al viajero mexicano\" href=\"http:\/\/www.dev.nitu.mx\/index.php\/2017\/11\/22\/nueva-york-se-renueva-para-conquistar-al-viajero-mexicano\/\" rel=\"bookmark\">Nueva York se renueva para conquistar al viajero mexicano<\/a>).<\/p>\n<p>El Hotel Plaza ha logrado ser protagonista de an\u00e9cdotas muy interesantes de la ciudad de Nueva York. Las instalaciones del hotel han formado parte del set de pel\u00edculas que trascendieron en el cine. Una de ellas fue \u201cMi Pobre Angelito 2\u201d. En el mismo orden de ideas tambi\u00e9n se us\u00f3 el concepto del Hotel Plaza para algunas novelas americanas. Con informaci\u00f3n de AFP.<\/p>\n","protected":false},"excerpt":{"rendered":"<p>El legendario Hotel Plaza de Nueva York ser\u00e1 comprado por 600 millones de d\u00f3lares (500 millones de euros), indic\u00f3 a la AFP uno de los compradores con sede en Dub\u00e1i que prev\u00e9 convertirlo en una &#8220;marca mundial&#8221;. Situado en la Quinta avenida de Nueva York, el Hotel Plaza, que existe desde hace m\u00e1s de 100 [&hellip;]<\/p>\n","protected":false},"author":17,"featured_media":20224,"comment_status":"open","ping_status":"open","sticky":false,"template":"","format":"standard","meta":{"footnotes":""},"categories":[2,374],"tags":[9815,2596,9822,9814,9818,452,9821,9819,5587,5118,9820,9816,9817],"yoast_head":"<!-- This site is optimized with the Yoast SEO plugin v22.2 - https:\/\/yoast.com\/wordpress\/plugins\/seo\/ -->\n<title>A la venta el ic\u00f3nico Hotel Plaza de NY por 600 mdd - Nitu - Noticias de la Industria Turistica<\/title>\n<meta name=\"robots\" content=\"index, follow, max-snippet:-1, max-image-preview:large, max-video-preview:-1\" \/>\n<link rel=\"canonical\" href=\"https:\/\/nitu.mx\/index.php\/2018\/05\/06\/a-la-venta-el-iconico-hotel-plaza-de-ny-por-600-mdd\/\" \/>\n<meta name=\"twitter:card\" content=\"summary_large_image\" \/>\n<meta name=\"twitter:title\" content=\"A la venta el ic\u00f3nico Hotel Plaza de NY por 600 mdd - Nitu - Noticias de la Industria Turistica\" \/>\n<meta name=\"twitter:description\" content=\"El legendario Hotel Plaza de Nueva York ser\u00e1 comprado por 600 millones de d\u00f3lares (500 millones de euros), indic\u00f3 a la AFP uno de los compradores con sede en Dub\u00e1i que prev\u00e9 convertirlo en una &#8220;marca mundial&#8221;. Situado en la Quinta avenida de Nueva York, el Hotel Plaza, que existe desde hace m\u00e1s de 100 [&hellip;]\" \/>\n<meta name=\"twitter:image\" content=\"https:\/\/nitu.mx\/wp-content\/uploads\/2018\/05\/hotel-plaza-nueva-york.jpg\" \/>\n<meta name=\"twitter:creator\" content=\"@NITUmx\" \/>\n<meta name=\"twitter:site\" content=\"@Arturo_Medina_G\" \/>\n<meta name=\"twitter:label1\" content=\"Escrito por\" \/>\n\t<meta name=\"twitter:data1\" content=\"Redacci\u00f3n\" \/>\n\t<meta name=\"twitter:label2\" content=\"Tiempo de lectura\" \/>\n\t<meta name=\"twitter:data2\" content=\"2 minutos\" \/>\n<script type=\"application\/ld+json\" class=\"yoast-schema-graph\">{\"@context\":\"https:\/\/schema.org\",\"@graph\":[{\"@type\":\"Article\",\"@id\":\"https:\/\/nitu.mx\/index.php\/2018\/05\/06\/a-la-venta-el-iconico-hotel-plaza-de-ny-por-600-mdd\/#article\",\"isPartOf\":{\"@id\":\"https:\/\/nitu.mx\/index.php\/2018\/05\/06\/a-la-venta-el-iconico-hotel-plaza-de-ny-por-600-mdd\/\"},\"author\":{\"name\":\"Redacci\u00f3n\",\"@id\":\"https:\/\/nitu.mx\/#\/schema\/person\/4a28fe9bd65924f7c90623773daf1b0b\"},\"headline\":\"A la venta el ic\u00f3nico Hotel Plaza de NY por 600 mdd\",\"datePublished\":\"2018-05-07T03:11:12+00:00\",\"dateModified\":\"2018-05-07T05:00:39+00:00\",\"mainEntityOfPage\":{\"@id\":\"https:\/\/nitu.mx\/index.php\/2018\/05\/06\/a-la-venta-el-iconico-hotel-plaza-de-ny-por-600-mdd\/\"},\"wordCount\":473,\"commentCount\":0,\"publisher\":{\"@id\":\"https:\/\/nitu.mx\/#\/schema\/person\/ae7a53426417292d3dd07b45a33e01bc\"},\"image\":{\"@id\":\"https:\/\/nitu.mx\/index.php\/2018\/05\/06\/a-la-venta-el-iconico-hotel-plaza-de-ny-por-600-mdd\/#primaryimage\"},\"thumbnailUrl\":\"https:\/\/nitu.mx\/wp-content\/uploads\/2018\/05\/hotel-plaza-nueva-york.jpg\",\"keywords\":[\"Central Park\",\"Dub\u00e1i\",\"grupo franc\u00e9s Accor\",\"Hotel Plaza\",\"inversionista Kamran Hakim\",\"Nueva York\",\"presidente de Estados Unidos Donald Trump\",\"pr\u00edncipe y millonario saud\u00ed Al-Walid Ben Talal\",\"Quinta Avenida\",\"Ritz-Carlton\",\"Ryad\",\"Shahal Khan\",\"White City Ventures\"],\"articleSection\":[\"Hoteles\",\"Internacional\"],\"inLanguage\":\"es-MX\",\"potentialAction\":[{\"@type\":\"CommentAction\",\"name\":\"Comment\",\"target\":[\"https:\/\/nitu.mx\/index.php\/2018\/05\/06\/a-la-venta-el-iconico-hotel-plaza-de-ny-por-600-mdd\/#respond\"]}]},{\"@type\":\"WebPage\",\"@id\":\"https:\/\/nitu.mx\/index.php\/2018\/05\/06\/a-la-venta-el-iconico-hotel-plaza-de-ny-por-600-mdd\/\",\"url\":\"https:\/\/nitu.mx\/index.php\/2018\/05\/06\/a-la-venta-el-iconico-hotel-plaza-de-ny-por-600-mdd\/\",\"name\":\"A la venta el ic\u00f3nico Hotel Plaza de NY por 600 mdd - Nitu - Noticias de la Industria Turistica\",\"isPartOf\":{\"@id\":\"https:\/\/nitu.mx\/#website\"},\"primaryImageOfPage\":{\"@id\":\"https:\/\/nitu.mx\/index.php\/2018\/05\/06\/a-la-venta-el-iconico-hotel-plaza-de-ny-por-600-mdd\/#primaryimage\"},\"image\":{\"@id\":\"https:\/\/nitu.mx\/index.php\/2018\/05\/06\/a-la-venta-el-iconico-hotel-plaza-de-ny-por-600-mdd\/#primaryimage\"},\"thumbnailUrl\":\"https:\/\/nitu.mx\/wp-content\/uploads\/2018\/05\/hotel-plaza-nueva-york.jpg\",\"datePublished\":\"2018-05-07T03:11:12+00:00\",\"dateModified\":\"2018-05-07T05:00:39+00:00\",\"breadcrumb\":{\"@id\":\"https:\/\/nitu.mx\/index.php\/2018\/05\/06\/a-la-venta-el-iconico-hotel-plaza-de-ny-por-600-mdd\/#breadcrumb\"},\"inLanguage\":\"es-MX\",\"potentialAction\":[{\"@type\":\"ReadAction\",\"target\":[\"https:\/\/nitu.mx\/index.php\/2018\/05\/06\/a-la-venta-el-iconico-hotel-plaza-de-ny-por-600-mdd\/\"]}]},{\"@type\":\"ImageObject\",\"inLanguage\":\"es-MX\",\"@id\":\"https:\/\/nitu.mx\/index.php\/2018\/05\/06\/a-la-venta-el-iconico-hotel-plaza-de-ny-por-600-mdd\/#primaryimage\",\"url\":\"https:\/\/nitu.mx\/wp-content\/uploads\/2018\/05\/hotel-plaza-nueva-york.jpg\",\"contentUrl\":\"https:\/\/nitu.mx\/wp-content\/uploads\/2018\/05\/hotel-plaza-nueva-york.jpg\",\"width\":850,\"height\":480,\"caption\":\"hotel plaza nueva york\"},{\"@type\":\"BreadcrumbList\",\"@id\":\"https:\/\/nitu.mx\/index.php\/2018\/05\/06\/a-la-venta-el-iconico-hotel-plaza-de-ny-por-600-mdd\/#breadcrumb\",\"itemListElement\":[{\"@type\":\"ListItem\",\"position\":1,\"name\":\"Inicio\",\"item\":\"https:\/\/nitu.mx\/\"},{\"@type\":\"ListItem\",\"position\":2,\"name\":\"A la venta el ic\u00f3nico Hotel Plaza de NY por 600 mdd\"}]},{\"@type\":\"WebSite\",\"@id\":\"https:\/\/nitu.mx\/#website\",\"url\":\"https:\/\/nitu.mx\/\",\"name\":\"Nitu - Noticias de la Industria Turistica\",\"description\":\"Noticias de la Industria Turistica\",\"publisher\":{\"@id\":\"https:\/\/nitu.mx\/#\/schema\/person\/ae7a53426417292d3dd07b45a33e01bc\"},\"alternateName\":\"Noticias de la Industria Turistica\",\"potentialAction\":[{\"@type\":\"SearchAction\",\"target\":{\"@type\":\"EntryPoint\",\"urlTemplate\":\"https:\/\/nitu.mx\/?s={search_term_string}\"},\"query-input\":\"required name=search_term_string\"}],\"inLanguage\":\"es-MX\"},{\"@type\":[\"Person\",\"Organization\"],\"@id\":\"https:\/\/nitu.mx\/#\/schema\/person\/ae7a53426417292d3dd07b45a33e01bc\",\"name\":\"Arturo Medina\",\"image\":{\"@type\":\"ImageObject\",\"inLanguage\":\"es-MX\",\"@id\":\"https:\/\/nitu.mx\/#\/schema\/person\/image\/\",\"url\":\"https:\/\/nitu.mx\/wp-content\/uploads\/2024\/04\/4A315622-1904-4D5C-B022-878CDC840E04-90x90-1.jpeg\",\"contentUrl\":\"https:\/\/nitu.mx\/wp-content\/uploads\/2024\/04\/4A315622-1904-4D5C-B022-878CDC840E04-90x90-1.jpeg\",\"width\":90,\"height\":90,\"caption\":\"Arturo Medina\"},\"logo\":{\"@id\":\"https:\/\/nitu.mx\/#\/schema\/person\/image\/\"},\"description\":\"Director NITU.mx, Egresado de la Escuela de Periodismo Carlos Septi\u00e9n Garc\u00eda. Periodista y analista especializado en turismo desde hace 35 a\u00f1os, radicado en Canc\u00fan Q.Roo. arturo@nitu.mx\",\"sameAs\":[\"https:\/\/nitu.mx\",\"https:\/\/www.facebook.com\/NITUmx\/\",\"medinacancun\",\"https:\/\/twitter.com\/@Arturo_Medina_G\"]},{\"@type\":\"Person\",\"@id\":\"https:\/\/nitu.mx\/#\/schema\/person\/4a28fe9bd65924f7c90623773daf1b0b\",\"name\":\"Redacci\u00f3n\",\"image\":{\"@type\":\"ImageObject\",\"inLanguage\":\"es-MX\",\"@id\":\"https:\/\/nitu.mx\/#\/schema\/person\/image\/\",\"url\":\"https:\/\/secure.gravatar.com\/avatar\/5dd011c8ccfc5cd7e4c81e42252aab38?s=96&d=mm&r=g\",\"contentUrl\":\"https:\/\/secure.gravatar.com\/avatar\/5dd011c8ccfc5cd7e4c81e42252aab38?s=96&d=mm&r=g\",\"caption\":\"Redacci\u00f3n\"},\"url\":\"https:\/\/nitu.mx\/index.php\/author\/redaccion\/\"}]}<\/script>\n<!-- \/ Yoast SEO plugin. -->","yoast_head_json":{"title":"A la venta el ic\u00f3nico Hotel Plaza de NY por 600 mdd - Nitu - Noticias de la Industria Turistica","robots":{"index":"index","follow":"follow","max-snippet":"max-snippet:-1","max-image-preview":"max-image-preview:large","max-video-preview":"max-video-preview:-1"},"canonical":"https:\/\/nitu.mx\/index.php\/2018\/05\/06\/a-la-venta-el-iconico-hotel-plaza-de-ny-por-600-mdd\/","twitter_card":"summary_large_image","twitter_title":"A la venta el ic\u00f3nico Hotel Plaza de NY por 600 mdd - Nitu - Noticias de la Industria Turistica","twitter_description":"El legendario Hotel Plaza de Nueva York ser\u00e1 comprado por 600 millones de d\u00f3lares (500 millones de euros), indic\u00f3 a la AFP uno de los compradores con sede en Dub\u00e1i que prev\u00e9 convertirlo en una &#8220;marca mundial&#8221;. Situado en la Quinta avenida de Nueva York, el Hotel Plaza, que existe desde hace m\u00e1s de 100 [&hellip;]","twitter_image":"https:\/\/nitu.mx\/wp-content\/uploads\/2018\/05\/hotel-plaza-nueva-york.jpg","twitter_creator":"@NITUmx","twitter_site":"@Arturo_Medina_G","twitter_misc":{"Escrito por":"Redacci\u00f3n","Tiempo de lectura":"2 minutos"},"schema":{"@context":"https:\/\/schema.org","@graph":[{"@type":"Article","@id":"https:\/\/nitu.mx\/index.php\/2018\/05\/06\/a-la-venta-el-iconico-hotel-plaza-de-ny-por-600-mdd\/#article","isPartOf":{"@id":"https:\/\/nitu.mx\/index.php\/2018\/05\/06\/a-la-venta-el-iconico-hotel-plaza-de-ny-por-600-mdd\/"},"author":{"name":"Redacci\u00f3n","@id":"https:\/\/nitu.mx\/#\/schema\/person\/4a28fe9bd65924f7c90623773daf1b0b"},"headline":"A la venta el ic\u00f3nico Hotel Plaza de NY por 600 mdd","datePublished":"2018-05-07T03:11:12+00:00","dateModified":"2018-05-07T05:00:39+00:00","mainEntityOfPage":{"@id":"https:\/\/nitu.mx\/index.php\/2018\/05\/06\/a-la-venta-el-iconico-hotel-plaza-de-ny-por-600-mdd\/"},"wordCount":473,"commentCount":0,"publisher":{"@id":"https:\/\/nitu.mx\/#\/schema\/person\/ae7a53426417292d3dd07b45a33e01bc"},"image":{"@id":"https:\/\/nitu.mx\/index.php\/2018\/05\/06\/a-la-venta-el-iconico-hotel-plaza-de-ny-por-600-mdd\/#primaryimage"},"thumbnailUrl":"https:\/\/nitu.mx\/wp-content\/uploads\/2018\/05\/hotel-plaza-nueva-york.jpg","keywords":["Central Park","Dub\u00e1i","grupo franc\u00e9s Accor","Hotel Plaza","inversionista Kamran Hakim","Nueva York","presidente de Estados Unidos Donald Trump","pr\u00edncipe y millonario saud\u00ed Al-Walid Ben Talal","Quinta Avenida","Ritz-Carlton","Ryad","Shahal Khan","White City Ventures"],"articleSection":["Hoteles","Internacional"],"inLanguage":"es-MX","potentialAction":[{"@type":"CommentAction","name":"Comment","target":["https:\/\/nitu.mx\/index.php\/2018\/05\/06\/a-la-venta-el-iconico-hotel-plaza-de-ny-por-600-mdd\/#respond"]}]},{"@type":"WebPage","@id":"https:\/\/nitu.mx\/index.php\/2018\/05\/06\/a-la-venta-el-iconico-hotel-plaza-de-ny-por-600-mdd\/","url":"https:\/\/nitu.mx\/index.php\/2018\/05\/06\/a-la-venta-el-iconico-hotel-plaza-de-ny-por-600-mdd\/","name":"A la venta el ic\u00f3nico Hotel Plaza de NY por 600 mdd - Nitu - Noticias de la Industria Turistica","isPartOf":{"@id":"https:\/\/nitu.mx\/#website"},"primaryImageOfPage":{"@id":"https:\/\/nitu.mx\/index.php\/2018\/05\/06\/a-la-venta-el-iconico-hotel-plaza-de-ny-por-600-mdd\/#primaryimage"},"image":{"@id":"https:\/\/nitu.mx\/index.php\/2018\/05\/06\/a-la-venta-el-iconico-hotel-plaza-de-ny-por-600-mdd\/#primaryimage"},"thumbnailUrl":"https:\/\/nitu.mx\/wp-content\/uploads\/2018\/05\/hotel-plaza-nueva-york.jpg","datePublished":"2018-05-07T03:11:12+00:00","dateModified":"2018-05-07T05:00:39+00:00","breadcrumb":{"@id":"https:\/\/nitu.mx\/index.php\/2018\/05\/06\/a-la-venta-el-iconico-hotel-plaza-de-ny-por-600-mdd\/#breadcrumb"},"inLanguage":"es-MX","potentialAction":[{"@type":"ReadAction","target":["https:\/\/nitu.mx\/index.php\/2018\/05\/06\/a-la-venta-el-iconico-hotel-plaza-de-ny-por-600-mdd\/"]}]},{"@type":"ImageObject","inLanguage":"es-MX","@id":"https:\/\/nitu.mx\/index.php\/2018\/05\/06\/a-la-venta-el-iconico-hotel-plaza-de-ny-por-600-mdd\/#primaryimage","url":"https:\/\/nitu.mx\/wp-content\/uploads\/2018\/05\/hotel-plaza-nueva-york.jpg","contentUrl":"https:\/\/nitu.mx\/wp-content\/uploads\/2018\/05\/hotel-plaza-nueva-york.jpg","width":850,"height":480,"caption":"hotel plaza nueva york"},{"@type":"BreadcrumbList","@id":"https:\/\/nitu.mx\/index.php\/2018\/05\/06\/a-la-venta-el-iconico-hotel-plaza-de-ny-por-600-mdd\/#breadcrumb","itemListElement":[{"@type":"ListItem","position":1,"name":"Inicio","item":"https:\/\/nitu.mx\/"},{"@type":"ListItem","position":2,"name":"A la venta el ic\u00f3nico Hotel Plaza de NY por 600 mdd"}]},{"@type":"WebSite","@id":"https:\/\/nitu.mx\/#website","url":"https:\/\/nitu.mx\/","name":"Nitu - Noticias de la Industria Turistica","description":"Noticias de la Industria Turistica","publisher":{"@id":"https:\/\/nitu.mx\/#\/schema\/person\/ae7a53426417292d3dd07b45a33e01bc"},"alternateName":"Noticias de la Industria Turistica","potentialAction":[{"@type":"SearchAction","target":{"@type":"EntryPoint","urlTemplate":"https:\/\/nitu.mx\/?s={search_term_string}"},"query-input":"required name=search_term_string"}],"inLanguage":"es-MX"},{"@type":["Person","Organization"],"@id":"https:\/\/nitu.mx\/#\/schema\/person\/ae7a53426417292d3dd07b45a33e01bc","name":"Arturo Medina","image":{"@type":"ImageObject","inLanguage":"es-MX","@id":"https:\/\/nitu.mx\/#\/schema\/person\/image\/","url":"https:\/\/nitu.mx\/wp-content\/uploads\/2024\/04\/4A315622-1904-4D5C-B022-878CDC840E04-90x90-1.jpeg","contentUrl":"https:\/\/nitu.mx\/wp-content\/uploads\/2024\/04\/4A315622-1904-4D5C-B022-878CDC840E04-90x90-1.jpeg","width":90,"height":90,"caption":"Arturo Medina"},"logo":{"@id":"https:\/\/nitu.mx\/#\/schema\/person\/image\/"},"description":"Director NITU.mx, Egresado de la Escuela de Periodismo Carlos Septi\u00e9n Garc\u00eda. Periodista y analista especializado en turismo desde hace 35 a\u00f1os, radicado en Canc\u00fan Q.Roo. arturo@nitu.mx","sameAs":["https:\/\/nitu.mx","https:\/\/www.facebook.com\/NITUmx\/","medinacancun","https:\/\/twitter.com\/@Arturo_Medina_G"]},{"@type":"Person","@id":"https:\/\/nitu.mx\/#\/schema\/person\/4a28fe9bd65924f7c90623773daf1b0b","name":"Redacci\u00f3n","image":{"@type":"ImageObject","inLanguage":"es-MX","@id":"https:\/\/nitu.mx\/#\/schema\/person\/image\/","url":"https:\/\/secure.gravatar.com\/avatar\/5dd011c8ccfc5cd7e4c81e42252aab38?s=96&d=mm&r=g","contentUrl":"https:\/\/secure.gravatar.com\/avatar\/5dd011c8ccfc5cd7e4c81e42252aab38?s=96&d=mm&r=g","caption":"Redacci\u00f3n"},"url":"https:\/\/nitu.mx\/index.php\/author\/redaccion\/"}]}},"views":355,"_links":{"self":[{"href":"https:\/\/nitu.mx\/index.php\/wp-json\/wp\/v2\/posts\/20212"}],"collection":[{"href":"https:\/\/nitu.mx\/index.php\/wp-json\/wp\/v2\/posts"}],"about":[{"href":"https:\/\/nitu.mx\/index.php\/wp-json\/wp\/v2\/types\/post"}],"author":[{"embeddable":true,"href":"https:\/\/nitu.mx\/index.php\/wp-json\/wp\/v2\/users\/17"}],"replies":[{"embeddable":true,"href":"https:\/\/nitu.mx\/index.php\/wp-json\/wp\/v2\/comments?post=20212"}],"version-history":[{"count":3,"href":"https:\/\/nitu.mx\/index.php\/wp-json\/wp\/v2\/posts\/20212\/revisions"}],"predecessor-version":[{"id":20226,"href":"https:\/\/nitu.mx\/index.php\/wp-json\/wp\/v2\/posts\/20212\/revisions\/20226"}],"wp:featuredmedia":[{"embeddable":true,"href":"https:\/\/nitu.mx\/index.php\/wp-json\/wp\/v2\/media\/20224"}],"wp:attachment":[{"href":"https:\/\/nitu.mx\/index.php\/wp-json\/wp\/v2\/media?parent=20212"}],"wp:term":[{"taxonomy":"category","embeddable":true,"href":"https:\/\/nitu.mx\/index.php\/wp-json\/wp\/v2\/categories?post=20212"},{"taxonomy":"post_tag","embeddable":true,"href":"https:\/\/nitu.mx\/index.php\/wp-json\/wp\/v2\/tags?post=20212"}],"curies":[{"name":"wp","href":"https:\/\/api.w.org\/{rel}","templated":true}]}}