{"id":20155,"date":"2018-05-03T23:54:02","date_gmt":"2018-05-04T04:54:02","guid":{"rendered":"http:\/\/www.dev.nitu.mx\/?p=20155"},"modified":"2018-05-04T00:50:12","modified_gmt":"2018-05-04T05:50:12","slug":"extiende-cancun-conectividad-aerea-con-chihuahua","status":"publish","type":"post","link":"https:\/\/nitu.mx\/index.php\/2018\/05\/03\/extiende-cancun-conectividad-aerea-con-chihuahua\/","title":{"rendered":"Extiende Canc\u00fan conectividad a\u00e9rea con Chihuahua"},"content":{"rendered":"<p>Viva Aerobus estren\u00f3 hace unos d\u00edas su nueva ruta Chihuahua-Canc\u00fan, resultado de su compromiso por ampliar la conectividad a\u00e9rea de M\u00e9xico con los mejores precios del mercado.<\/p>\n<p>La ceremonia cont\u00f3 con la presencia de Gerardo Vidales Sandoval, subdirector de Turismo de la Direcci\u00f3n de Desarrollo de Econ\u00f3mico y Tur\u00edstico del municipio de Chihuahua, Hugo Hern\u00e1ndez, Administrador del Aeropuerto Internacional de Chihuahua y Yuri Salinas, director de Relaciones Institucionales de Viva Aerobus, entre otras autoridades y representantes de la empresa.<\/p>\n<p>\u201cCon Viva Aerobus los pasajeros gastan menos y disfrutan m\u00e1s. A partir del ahorro en su boleto de avi\u00f3n pueden extender su estad\u00eda o realizar m\u00e1s actividades\u201d, dijo Salinas.<\/p>\n<p>Viva Aerobus, la aerol\u00ednea que m\u00e1s creci\u00f3 el a\u00f1o pasado en el mercado dom\u00e9stico, registrar\u00e1 una menor tasa de crecimiento en pasaje para 2018, estim\u00f3 su director general, Juan Carlos Zuazua.<\/p>\n<p>En 2018, dijo Zuazua, la empresa reportar\u00e1 un avance en torno a 20 por ciento, lo que implicar\u00e1 atender cerca de 10 millones de viajeros.<\/p>\n<p>Esto representar\u00e1 una desaceleraci\u00f3n, pues en los primeros 11 meses de 2017 la empresa registr\u00f3 un crecimiento anual de 29 por ciento, seg\u00fan datos de la Direcci\u00f3n General de Aeron\u00e1utica Civil (DGAC).<\/p>\n<p>Dentro de las cuatro aerol\u00edneas con mayor participaci\u00f3n de mercado en el pa\u00eds est\u00e1n Aerom\u00e9xico, Volaris, Interjet y Viva Aerobus. Esta \u00faltima ha mostrado el mayor crecimiento por una reestructuraci\u00f3n comercial y una renovaci\u00f3n de su flota de aviones que le permiti\u00f3 ampliar su oferta de asientos en 25 por ciento en cada vuelo.\u00a0<a title=\"VivaAerobus estima transportar a 10 millones de pasajeros en 2018\" href=\"http:\/\/www.dev.nitu.mx\/index.php\/2017\/12\/14\/vivaaerobus-estima-transportar-a-10-millones-de-pasajeros-en-2018\/\" rel=\"bookmark\">(VivaAerobus estima transportar a 10 millones de pasajeros en 2018<\/a>).<\/p>\n","protected":false},"excerpt":{"rendered":"<p>Viva Aerobus estren\u00f3 hace unos d\u00edas su nueva ruta Chihuahua-Canc\u00fan, resultado de su compromiso por ampliar la conectividad a\u00e9rea de M\u00e9xico con los mejores precios del mercado. La ceremonia cont\u00f3 con la presencia de Gerardo Vidales Sandoval, subdirector de Turismo de la Direcci\u00f3n de Desarrollo de Econ\u00f3mico y Tur\u00edstico del municipio de Chihuahua, Hugo Hern\u00e1ndez, [&hellip;]<\/p>\n","protected":false},"author":17,"featured_media":20188,"comment_status":"open","ping_status":"open","sticky":false,"template":"","format":"standard","meta":{"footnotes":""},"categories":[29,6],"tags":[9791,30,9787,2161,9788,9790,172,295,2102,131,2849],"yoast_head":"<!-- This site is optimized with the Yoast SEO plugin v22.2 - https:\/\/yoast.com\/wordpress\/plugins\/seo\/ -->\n<title>Extiende Canc\u00fan conectividad a\u00e9rea con Chihuahua - Nitu - Noticias de la Industria Turistica<\/title>\n<meta name=\"description\" content=\"Viva Aerobus estren\u00f3 hace unos d\u00edas su nueva ruta Chihuahua-Canc\u00fan, resultado de su compromiso por ampliar la conectividad a\u00e9rea de M\u00e9xico con los mejores precios del mercado.\" \/>\n<meta name=\"robots\" content=\"index, follow, max-snippet:-1, max-image-preview:large, max-video-preview:-1\" \/>\n<link rel=\"canonical\" href=\"https:\/\/nitu.mx\/index.php\/2018\/05\/03\/extiende-cancun-conectividad-aerea-con-chihuahua\/\" \/>\n<meta name=\"twitter:card\" content=\"summary_large_image\" \/>\n<meta name=\"twitter:title\" content=\"Extiende Canc\u00fan conectividad a\u00e9rea con Chihuahua - Nitu - Noticias de la Industria Turistica\" \/>\n<meta name=\"twitter:description\" content=\"Viva Aerobus estren\u00f3 hace unos d\u00edas su nueva ruta Chihuahua-Canc\u00fan, resultado de su compromiso por ampliar la conectividad a\u00e9rea de M\u00e9xico con los mejores precios del mercado.\" \/>\n<meta name=\"twitter:image\" content=\"https:\/\/nitu.mx\/wp-content\/uploads\/2018\/05\/viva-a-1.jpg\" \/>\n<meta name=\"twitter:creator\" content=\"@NITUmx\" \/>\n<meta name=\"twitter:site\" content=\"@Arturo_Medina_G\" \/>\n<meta name=\"twitter:label1\" content=\"Escrito por\" \/>\n\t<meta name=\"twitter:data1\" content=\"Redacci\u00f3n\" \/>\n\t<meta name=\"twitter:label2\" content=\"Tiempo de lectura\" \/>\n\t<meta name=\"twitter:data2\" content=\"1 minuto\" \/>\n<script type=\"application\/ld+json\" class=\"yoast-schema-graph\">{\"@context\":\"https:\/\/schema.org\",\"@graph\":[{\"@type\":\"Article\",\"@id\":\"https:\/\/nitu.mx\/index.php\/2018\/05\/03\/extiende-cancun-conectividad-aerea-con-chihuahua\/#article\",\"isPartOf\":{\"@id\":\"https:\/\/nitu.mx\/index.php\/2018\/05\/03\/extiende-cancun-conectividad-aerea-con-chihuahua\/\"},\"author\":{\"name\":\"Redacci\u00f3n\",\"@id\":\"https:\/\/nitu.mx\/#\/schema\/person\/4a28fe9bd65924f7c90623773daf1b0b\"},\"headline\":\"Extiende Canc\u00fan conectividad a\u00e9rea con Chihuahua\",\"datePublished\":\"2018-05-04T04:54:02+00:00\",\"dateModified\":\"2018-05-04T05:50:12+00:00\",\"mainEntityOfPage\":{\"@id\":\"https:\/\/nitu.mx\/index.php\/2018\/05\/03\/extiende-cancun-conectividad-aerea-con-chihuahua\/\"},\"wordCount\":285,\"commentCount\":0,\"publisher\":{\"@id\":\"https:\/\/nitu.mx\/#\/schema\/person\/ae7a53426417292d3dd07b45a33e01bc\"},\"image\":{\"@id\":\"https:\/\/nitu.mx\/index.php\/2018\/05\/03\/extiende-cancun-conectividad-aerea-con-chihuahua\/#primaryimage\"},\"thumbnailUrl\":\"https:\/\/nitu.mx\/wp-content\/uploads\/2018\/05\/viva-a-1.jpg\",\"keywords\":[\"Administrador del Aeropuerto Internacional de Chihuahua\",\"Aerom\u00e9xico\",\"Chihuahua-Canc\u00fan\",\"Direcci\u00f3n General de Aeron\u00e1utica Civil\",\"Gerardo Vidales Sandoval\",\"Hugo Hern\u00e1ndez\",\"Interjet\",\"Juan Carlos Zuazua\",\"Viva Aerobus\",\"Volaris\",\"Yuri Salinas\"],\"articleSection\":[\"Aerol\u00edneas\",\"M\u00e9xico\"],\"inLanguage\":\"es-MX\",\"potentialAction\":[{\"@type\":\"CommentAction\",\"name\":\"Comment\",\"target\":[\"https:\/\/nitu.mx\/index.php\/2018\/05\/03\/extiende-cancun-conectividad-aerea-con-chihuahua\/#respond\"]}]},{\"@type\":\"WebPage\",\"@id\":\"https:\/\/nitu.mx\/index.php\/2018\/05\/03\/extiende-cancun-conectividad-aerea-con-chihuahua\/\",\"url\":\"https:\/\/nitu.mx\/index.php\/2018\/05\/03\/extiende-cancun-conectividad-aerea-con-chihuahua\/\",\"name\":\"Extiende Canc\u00fan conectividad a\u00e9rea con Chihuahua - Nitu - Noticias de la Industria Turistica\",\"isPartOf\":{\"@id\":\"https:\/\/nitu.mx\/#website\"},\"primaryImageOfPage\":{\"@id\":\"https:\/\/nitu.mx\/index.php\/2018\/05\/03\/extiende-cancun-conectividad-aerea-con-chihuahua\/#primaryimage\"},\"image\":{\"@id\":\"https:\/\/nitu.mx\/index.php\/2018\/05\/03\/extiende-cancun-conectividad-aerea-con-chihuahua\/#primaryimage\"},\"thumbnailUrl\":\"https:\/\/nitu.mx\/wp-content\/uploads\/2018\/05\/viva-a-1.jpg\",\"datePublished\":\"2018-05-04T04:54:02+00:00\",\"dateModified\":\"2018-05-04T05:50:12+00:00\",\"description\":\"Viva Aerobus estren\u00f3 hace unos d\u00edas su nueva ruta Chihuahua-Canc\u00fan, resultado de su compromiso por ampliar la conectividad a\u00e9rea de M\u00e9xico con los mejores precios del mercado.\",\"breadcrumb\":{\"@id\":\"https:\/\/nitu.mx\/index.php\/2018\/05\/03\/extiende-cancun-conectividad-aerea-con-chihuahua\/#breadcrumb\"},\"inLanguage\":\"es-MX\",\"potentialAction\":[{\"@type\":\"ReadAction\",\"target\":[\"https:\/\/nitu.mx\/index.php\/2018\/05\/03\/extiende-cancun-conectividad-aerea-con-chihuahua\/\"]}]},{\"@type\":\"ImageObject\",\"inLanguage\":\"es-MX\",\"@id\":\"https:\/\/nitu.mx\/index.php\/2018\/05\/03\/extiende-cancun-conectividad-aerea-con-chihuahua\/#primaryimage\",\"url\":\"https:\/\/nitu.mx\/wp-content\/uploads\/2018\/05\/viva-a-1.jpg\",\"contentUrl\":\"https:\/\/nitu.mx\/wp-content\/uploads\/2018\/05\/viva-a-1.jpg\",\"width\":850,\"height\":480,\"caption\":\"viva aerobus\"},{\"@type\":\"BreadcrumbList\",\"@id\":\"https:\/\/nitu.mx\/index.php\/2018\/05\/03\/extiende-cancun-conectividad-aerea-con-chihuahua\/#breadcrumb\",\"itemListElement\":[{\"@type\":\"ListItem\",\"position\":1,\"name\":\"Inicio\",\"item\":\"https:\/\/nitu.mx\/\"},{\"@type\":\"ListItem\",\"position\":2,\"name\":\"Extiende Canc\u00fan conectividad a\u00e9rea con Chihuahua\"}]},{\"@type\":\"WebSite\",\"@id\":\"https:\/\/nitu.mx\/#website\",\"url\":\"https:\/\/nitu.mx\/\",\"name\":\"Nitu - Noticias de la Industria Turistica\",\"description\":\"Noticias de la Industria Turistica\",\"publisher\":{\"@id\":\"https:\/\/nitu.mx\/#\/schema\/person\/ae7a53426417292d3dd07b45a33e01bc\"},\"alternateName\":\"Noticias de la Industria Turistica\",\"potentialAction\":[{\"@type\":\"SearchAction\",\"target\":{\"@type\":\"EntryPoint\",\"urlTemplate\":\"https:\/\/nitu.mx\/?s={search_term_string}\"},\"query-input\":\"required name=search_term_string\"}],\"inLanguage\":\"es-MX\"},{\"@type\":[\"Person\",\"Organization\"],\"@id\":\"https:\/\/nitu.mx\/#\/schema\/person\/ae7a53426417292d3dd07b45a33e01bc\",\"name\":\"Arturo Medina\",\"image\":{\"@type\":\"ImageObject\",\"inLanguage\":\"es-MX\",\"@id\":\"https:\/\/nitu.mx\/#\/schema\/person\/image\/\",\"url\":\"https:\/\/nitu.mx\/wp-content\/uploads\/2024\/04\/4A315622-1904-4D5C-B022-878CDC840E04-90x90-1.jpeg\",\"contentUrl\":\"https:\/\/nitu.mx\/wp-content\/uploads\/2024\/04\/4A315622-1904-4D5C-B022-878CDC840E04-90x90-1.jpeg\",\"width\":90,\"height\":90,\"caption\":\"Arturo Medina\"},\"logo\":{\"@id\":\"https:\/\/nitu.mx\/#\/schema\/person\/image\/\"},\"description\":\"Director NITU.mx, Egresado de la Escuela de Periodismo Carlos Septi\u00e9n Garc\u00eda. Periodista y analista especializado en turismo desde hace 35 a\u00f1os, radicado en Canc\u00fan Q.Roo. arturo@nitu.mx\",\"sameAs\":[\"https:\/\/nitu.mx\",\"https:\/\/www.facebook.com\/NITUmx\/\",\"medinacancun\",\"https:\/\/twitter.com\/@Arturo_Medina_G\"]},{\"@type\":\"Person\",\"@id\":\"https:\/\/nitu.mx\/#\/schema\/person\/4a28fe9bd65924f7c90623773daf1b0b\",\"name\":\"Redacci\u00f3n\",\"image\":{\"@type\":\"ImageObject\",\"inLanguage\":\"es-MX\",\"@id\":\"https:\/\/nitu.mx\/#\/schema\/person\/image\/\",\"url\":\"https:\/\/secure.gravatar.com\/avatar\/5dd011c8ccfc5cd7e4c81e42252aab38?s=96&d=mm&r=g\",\"contentUrl\":\"https:\/\/secure.gravatar.com\/avatar\/5dd011c8ccfc5cd7e4c81e42252aab38?s=96&d=mm&r=g\",\"caption\":\"Redacci\u00f3n\"},\"url\":\"https:\/\/nitu.mx\/index.php\/author\/redaccion\/\"}]}<\/script>\n<!-- \/ Yoast SEO plugin. -->","yoast_head_json":{"title":"Extiende Canc\u00fan conectividad a\u00e9rea con Chihuahua - Nitu - Noticias de la Industria Turistica","description":"Viva Aerobus estren\u00f3 hace unos d\u00edas su nueva ruta Chihuahua-Canc\u00fan, resultado de su compromiso por ampliar la conectividad a\u00e9rea de M\u00e9xico con los mejores precios del mercado.","robots":{"index":"index","follow":"follow","max-snippet":"max-snippet:-1","max-image-preview":"max-image-preview:large","max-video-preview":"max-video-preview:-1"},"canonical":"https:\/\/nitu.mx\/index.php\/2018\/05\/03\/extiende-cancun-conectividad-aerea-con-chihuahua\/","twitter_card":"summary_large_image","twitter_title":"Extiende Canc\u00fan conectividad a\u00e9rea con Chihuahua - Nitu - Noticias de la Industria Turistica","twitter_description":"Viva Aerobus estren\u00f3 hace unos d\u00edas su nueva ruta Chihuahua-Canc\u00fan, resultado de su compromiso por ampliar la conectividad a\u00e9rea de M\u00e9xico con los mejores precios del mercado.","twitter_image":"https:\/\/nitu.mx\/wp-content\/uploads\/2018\/05\/viva-a-1.jpg","twitter_creator":"@NITUmx","twitter_site":"@Arturo_Medina_G","twitter_misc":{"Escrito por":"Redacci\u00f3n","Tiempo de lectura":"1 minuto"},"schema":{"@context":"https:\/\/schema.org","@graph":[{"@type":"Article","@id":"https:\/\/nitu.mx\/index.php\/2018\/05\/03\/extiende-cancun-conectividad-aerea-con-chihuahua\/#article","isPartOf":{"@id":"https:\/\/nitu.mx\/index.php\/2018\/05\/03\/extiende-cancun-conectividad-aerea-con-chihuahua\/"},"author":{"name":"Redacci\u00f3n","@id":"https:\/\/nitu.mx\/#\/schema\/person\/4a28fe9bd65924f7c90623773daf1b0b"},"headline":"Extiende Canc\u00fan conectividad a\u00e9rea con Chihuahua","datePublished":"2018-05-04T04:54:02+00:00","dateModified":"2018-05-04T05:50:12+00:00","mainEntityOfPage":{"@id":"https:\/\/nitu.mx\/index.php\/2018\/05\/03\/extiende-cancun-conectividad-aerea-con-chihuahua\/"},"wordCount":285,"commentCount":0,"publisher":{"@id":"https:\/\/nitu.mx\/#\/schema\/person\/ae7a53426417292d3dd07b45a33e01bc"},"image":{"@id":"https:\/\/nitu.mx\/index.php\/2018\/05\/03\/extiende-cancun-conectividad-aerea-con-chihuahua\/#primaryimage"},"thumbnailUrl":"https:\/\/nitu.mx\/wp-content\/uploads\/2018\/05\/viva-a-1.jpg","keywords":["Administrador del Aeropuerto Internacional de Chihuahua","Aerom\u00e9xico","Chihuahua-Canc\u00fan","Direcci\u00f3n General de Aeron\u00e1utica Civil","Gerardo Vidales Sandoval","Hugo Hern\u00e1ndez","Interjet","Juan Carlos Zuazua","Viva Aerobus","Volaris","Yuri Salinas"],"articleSection":["Aerol\u00edneas","M\u00e9xico"],"inLanguage":"es-MX","potentialAction":[{"@type":"CommentAction","name":"Comment","target":["https:\/\/nitu.mx\/index.php\/2018\/05\/03\/extiende-cancun-conectividad-aerea-con-chihuahua\/#respond"]}]},{"@type":"WebPage","@id":"https:\/\/nitu.mx\/index.php\/2018\/05\/03\/extiende-cancun-conectividad-aerea-con-chihuahua\/","url":"https:\/\/nitu.mx\/index.php\/2018\/05\/03\/extiende-cancun-conectividad-aerea-con-chihuahua\/","name":"Extiende Canc\u00fan conectividad a\u00e9rea con Chihuahua - Nitu - Noticias de la Industria Turistica","isPartOf":{"@id":"https:\/\/nitu.mx\/#website"},"primaryImageOfPage":{"@id":"https:\/\/nitu.mx\/index.php\/2018\/05\/03\/extiende-cancun-conectividad-aerea-con-chihuahua\/#primaryimage"},"image":{"@id":"https:\/\/nitu.mx\/index.php\/2018\/05\/03\/extiende-cancun-conectividad-aerea-con-chihuahua\/#primaryimage"},"thumbnailUrl":"https:\/\/nitu.mx\/wp-content\/uploads\/2018\/05\/viva-a-1.jpg","datePublished":"2018-05-04T04:54:02+00:00","dateModified":"2018-05-04T05:50:12+00:00","description":"Viva Aerobus estren\u00f3 hace unos d\u00edas su nueva ruta Chihuahua-Canc\u00fan, resultado de su compromiso por ampliar la conectividad a\u00e9rea de M\u00e9xico con los mejores precios del mercado.","breadcrumb":{"@id":"https:\/\/nitu.mx\/index.php\/2018\/05\/03\/extiende-cancun-conectividad-aerea-con-chihuahua\/#breadcrumb"},"inLanguage":"es-MX","potentialAction":[{"@type":"ReadAction","target":["https:\/\/nitu.mx\/index.php\/2018\/05\/03\/extiende-cancun-conectividad-aerea-con-chihuahua\/"]}]},{"@type":"ImageObject","inLanguage":"es-MX","@id":"https:\/\/nitu.mx\/index.php\/2018\/05\/03\/extiende-cancun-conectividad-aerea-con-chihuahua\/#primaryimage","url":"https:\/\/nitu.mx\/wp-content\/uploads\/2018\/05\/viva-a-1.jpg","contentUrl":"https:\/\/nitu.mx\/wp-content\/uploads\/2018\/05\/viva-a-1.jpg","width":850,"height":480,"caption":"viva aerobus"},{"@type":"BreadcrumbList","@id":"https:\/\/nitu.mx\/index.php\/2018\/05\/03\/extiende-cancun-conectividad-aerea-con-chihuahua\/#breadcrumb","itemListElement":[{"@type":"ListItem","position":1,"name":"Inicio","item":"https:\/\/nitu.mx\/"},{"@type":"ListItem","position":2,"name":"Extiende Canc\u00fan conectividad a\u00e9rea con Chihuahua"}]},{"@type":"WebSite","@id":"https:\/\/nitu.mx\/#website","url":"https:\/\/nitu.mx\/","name":"Nitu - Noticias de la Industria Turistica","description":"Noticias de la Industria Turistica","publisher":{"@id":"https:\/\/nitu.mx\/#\/schema\/person\/ae7a53426417292d3dd07b45a33e01bc"},"alternateName":"Noticias de la Industria Turistica","potentialAction":[{"@type":"SearchAction","target":{"@type":"EntryPoint","urlTemplate":"https:\/\/nitu.mx\/?s={search_term_string}"},"query-input":"required name=search_term_string"}],"inLanguage":"es-MX"},{"@type":["Person","Organization"],"@id":"https:\/\/nitu.mx\/#\/schema\/person\/ae7a53426417292d3dd07b45a33e01bc","name":"Arturo Medina","image":{"@type":"ImageObject","inLanguage":"es-MX","@id":"https:\/\/nitu.mx\/#\/schema\/person\/image\/","url":"https:\/\/nitu.mx\/wp-content\/uploads\/2024\/04\/4A315622-1904-4D5C-B022-878CDC840E04-90x90-1.jpeg","contentUrl":"https:\/\/nitu.mx\/wp-content\/uploads\/2024\/04\/4A315622-1904-4D5C-B022-878CDC840E04-90x90-1.jpeg","width":90,"height":90,"caption":"Arturo Medina"},"logo":{"@id":"https:\/\/nitu.mx\/#\/schema\/person\/image\/"},"description":"Director NITU.mx, Egresado de la Escuela de Periodismo Carlos Septi\u00e9n Garc\u00eda. Periodista y analista especializado en turismo desde hace 35 a\u00f1os, radicado en Canc\u00fan Q.Roo. arturo@nitu.mx","sameAs":["https:\/\/nitu.mx","https:\/\/www.facebook.com\/NITUmx\/","medinacancun","https:\/\/twitter.com\/@Arturo_Medina_G"]},{"@type":"Person","@id":"https:\/\/nitu.mx\/#\/schema\/person\/4a28fe9bd65924f7c90623773daf1b0b","name":"Redacci\u00f3n","image":{"@type":"ImageObject","inLanguage":"es-MX","@id":"https:\/\/nitu.mx\/#\/schema\/person\/image\/","url":"https:\/\/secure.gravatar.com\/avatar\/5dd011c8ccfc5cd7e4c81e42252aab38?s=96&d=mm&r=g","contentUrl":"https:\/\/secure.gravatar.com\/avatar\/5dd011c8ccfc5cd7e4c81e42252aab38?s=96&d=mm&r=g","caption":"Redacci\u00f3n"},"url":"https:\/\/nitu.mx\/index.php\/author\/redaccion\/"}]}},"views":272,"_links":{"self":[{"href":"https:\/\/nitu.mx\/index.php\/wp-json\/wp\/v2\/posts\/20155"}],"collection":[{"href":"https:\/\/nitu.mx\/index.php\/wp-json\/wp\/v2\/posts"}],"about":[{"href":"https:\/\/nitu.mx\/index.php\/wp-json\/wp\/v2\/types\/post"}],"author":[{"embeddable":true,"href":"https:\/\/nitu.mx\/index.php\/wp-json\/wp\/v2\/users\/17"}],"replies":[{"embeddable":true,"href":"https:\/\/nitu.mx\/index.php\/wp-json\/wp\/v2\/comments?post=20155"}],"version-history":[{"count":3,"href":"https:\/\/nitu.mx\/index.php\/wp-json\/wp\/v2\/posts\/20155\/revisions"}],"predecessor-version":[{"id":20189,"href":"https:\/\/nitu.mx\/index.php\/wp-json\/wp\/v2\/posts\/20155\/revisions\/20189"}],"wp:featuredmedia":[{"embeddable":true,"href":"https:\/\/nitu.mx\/index.php\/wp-json\/wp\/v2\/media\/20188"}],"wp:attachment":[{"href":"https:\/\/nitu.mx\/index.php\/wp-json\/wp\/v2\/media?parent=20155"}],"wp:term":[{"taxonomy":"category","embeddable":true,"href":"https:\/\/nitu.mx\/index.php\/wp-json\/wp\/v2\/categories?post=20155"},{"taxonomy":"post_tag","embeddable":true,"href":"https:\/\/nitu.mx\/index.php\/wp-json\/wp\/v2\/tags?post=20155"}],"curies":[{"name":"wp","href":"https:\/\/api.w.org\/{rel}","templated":true}]}}