{"id":20093,"date":"2018-05-02T23:20:15","date_gmt":"2018-05-03T04:20:15","guid":{"rendered":"http:\/\/www.dev.nitu.mx\/?p=20093"},"modified":"2018-05-02T23:23:50","modified_gmt":"2018-05-03T04:23:50","slug":"interjet-va-por-30-nuevas-rutas","status":"publish","type":"post","link":"https:\/\/nitu.mx\/index.php\/2018\/05\/02\/interjet-va-por-30-nuevas-rutas\/","title":{"rendered":"Interjet va por 30 nuevas rutas"},"content":{"rendered":"<p>De enero a marzo de este a\u00f1o, Interjet registr\u00f3 un crecimiento de 15.7 por ciento en el n\u00famero de pasajeros transportados en comparaci\u00f3n con el mismo periodo de 2017.<\/p>\n<p>Para este a\u00f1o, la l\u00ednea a\u00e9rea planea abrir 30 nuevas rutas. A la fecha se han iniciado cinco rutas nacionales y tres rutas internacionales. (<a title=\"Interjet apuesta a detonar aeropuertos regionales\" href=\"http:\/\/www.dev.nitu.mx\/index.php\/2018\/04\/12\/interjet-apuesta-a-detonar-aeropuertos-regionales\/\" rel=\"bookmark\">Interjet apuesta a detonar aeropuertos regionales<\/a>).<\/p>\n<p>La aerol\u00ednea inform\u00f3 en un comunicado que en el primer trimestre del a\u00f1o transport\u00f3 3 millones 187 mil pasajeros; mientras que en igual periodo del a\u00f1o pasado fueron 2 millones 755 mil.<\/p>\n<p>De ah\u00ed que los n\u00fameros confirman la solidez del plan de crecimiento de Interjet, con n\u00fameros positivos en los principales indicadores.<\/p>\n<p>En operaciones internacionales, Interjet transport\u00f3 831 mil 126 pasajeros, cifra que represent\u00f3 un incremento mayor al 38 por ciento respecto al a\u00f1o previo; y en rutas nacionales traslad\u00f3 2 millones 356 mil 979 pasajeros, lo que signific\u00f3 un aumento de 9.1 por ciento frente a 2017.<\/p>\n<p>En el mismo periodo se increment\u00f3 10.3 por ciento el n\u00famero de asientos, con respecto al primer trimestre de 2017.<\/p>\n<p>Asimismo, el factor de ocupaci\u00f3n aument\u00f3 5.8 puntos porcentuales, para ubicarse en 79 por ciento, debido a la estrategia comercial de la empresa, a la optimizaci\u00f3n de sus operaciones y un mejor control de sus operaciones.<\/p>\n","protected":false},"excerpt":{"rendered":"<p>De enero a marzo de este a\u00f1o, Interjet registr\u00f3 un crecimiento de 15.7 por ciento en el n\u00famero de pasajeros transportados en comparaci\u00f3n con el mismo periodo de 2017. Para este a\u00f1o, la l\u00ednea a\u00e9rea planea abrir 30 nuevas rutas. A la fecha se han iniciado cinco rutas nacionales y tres rutas internacionales. (Interjet apuesta [&hellip;]<\/p>\n","protected":false},"author":17,"featured_media":20137,"comment_status":"open","ping_status":"open","sticky":false,"template":"","format":"standard","meta":{"footnotes":""},"categories":[29,5],"tags":[9726,3735,172,5503,9727,9725,8616],"yoast_head":"<!-- This site is optimized with the Yoast SEO plugin v22.2 - https:\/\/yoast.com\/wordpress\/plugins\/seo\/ -->\n<title>Interjet va por 30 nuevas rutas - Nitu - Noticias de la Industria Turistica<\/title>\n<meta name=\"description\" content=\"Interjet planea abrir 30 nuevas rutas. A la fecha la aerol\u00ednea ha iniciado cinco rutas nacionales y tres rutas internacionales.\" \/>\n<meta name=\"robots\" content=\"index, follow, max-snippet:-1, max-image-preview:large, max-video-preview:-1\" \/>\n<link rel=\"canonical\" href=\"https:\/\/nitu.mx\/index.php\/2018\/05\/02\/interjet-va-por-30-nuevas-rutas\/\" \/>\n<meta name=\"twitter:card\" content=\"summary_large_image\" \/>\n<meta name=\"twitter:title\" content=\"Interjet va por 30 nuevas rutas - Nitu - Noticias de la Industria Turistica\" \/>\n<meta name=\"twitter:description\" content=\"Interjet planea abrir 30 nuevas rutas. A la fecha la aerol\u00ednea ha iniciado cinco rutas nacionales y tres rutas internacionales.\" \/>\n<meta name=\"twitter:image\" content=\"https:\/\/nitu.mx\/wp-content\/uploads\/2018\/05\/interjet.jpg\" \/>\n<meta name=\"twitter:creator\" content=\"@NITUmx\" \/>\n<meta name=\"twitter:site\" content=\"@Arturo_Medina_G\" \/>\n<meta name=\"twitter:label1\" content=\"Escrito por\" \/>\n\t<meta name=\"twitter:data1\" content=\"Redacci\u00f3n\" \/>\n\t<meta name=\"twitter:label2\" content=\"Tiempo de lectura\" \/>\n\t<meta name=\"twitter:data2\" content=\"1 minuto\" \/>\n<script type=\"application\/ld+json\" class=\"yoast-schema-graph\">{\"@context\":\"https:\/\/schema.org\",\"@graph\":[{\"@type\":\"Article\",\"@id\":\"https:\/\/nitu.mx\/index.php\/2018\/05\/02\/interjet-va-por-30-nuevas-rutas\/#article\",\"isPartOf\":{\"@id\":\"https:\/\/nitu.mx\/index.php\/2018\/05\/02\/interjet-va-por-30-nuevas-rutas\/\"},\"author\":{\"name\":\"Redacci\u00f3n\",\"@id\":\"https:\/\/nitu.mx\/#\/schema\/person\/4a28fe9bd65924f7c90623773daf1b0b\"},\"headline\":\"Interjet va por 30 nuevas rutas\",\"datePublished\":\"2018-05-03T04:20:15+00:00\",\"dateModified\":\"2018-05-03T04:23:50+00:00\",\"mainEntityOfPage\":{\"@id\":\"https:\/\/nitu.mx\/index.php\/2018\/05\/02\/interjet-va-por-30-nuevas-rutas\/\"},\"wordCount\":215,\"commentCount\":0,\"publisher\":{\"@id\":\"https:\/\/nitu.mx\/#\/schema\/person\/ae7a53426417292d3dd07b45a33e01bc\"},\"image\":{\"@id\":\"https:\/\/nitu.mx\/index.php\/2018\/05\/02\/interjet-va-por-30-nuevas-rutas\/#primaryimage\"},\"thumbnailUrl\":\"https:\/\/nitu.mx\/wp-content\/uploads\/2018\/05\/interjet.jpg\",\"keywords\":[\"30 nuevas rutas pasajeros\",\"Aerol\u00ednea\",\"Interjet\",\"internacionales\",\"operaciones nacionales\",\"primer trimestre\",\"transport\u00f3\"],\"articleSection\":[\"Aerol\u00edneas\",\"Destinos\"],\"inLanguage\":\"es-MX\",\"potentialAction\":[{\"@type\":\"CommentAction\",\"name\":\"Comment\",\"target\":[\"https:\/\/nitu.mx\/index.php\/2018\/05\/02\/interjet-va-por-30-nuevas-rutas\/#respond\"]}]},{\"@type\":\"WebPage\",\"@id\":\"https:\/\/nitu.mx\/index.php\/2018\/05\/02\/interjet-va-por-30-nuevas-rutas\/\",\"url\":\"https:\/\/nitu.mx\/index.php\/2018\/05\/02\/interjet-va-por-30-nuevas-rutas\/\",\"name\":\"Interjet va por 30 nuevas rutas - Nitu - Noticias de la Industria Turistica\",\"isPartOf\":{\"@id\":\"https:\/\/nitu.mx\/#website\"},\"primaryImageOfPage\":{\"@id\":\"https:\/\/nitu.mx\/index.php\/2018\/05\/02\/interjet-va-por-30-nuevas-rutas\/#primaryimage\"},\"image\":{\"@id\":\"https:\/\/nitu.mx\/index.php\/2018\/05\/02\/interjet-va-por-30-nuevas-rutas\/#primaryimage\"},\"thumbnailUrl\":\"https:\/\/nitu.mx\/wp-content\/uploads\/2018\/05\/interjet.jpg\",\"datePublished\":\"2018-05-03T04:20:15+00:00\",\"dateModified\":\"2018-05-03T04:23:50+00:00\",\"description\":\"Interjet planea abrir 30 nuevas rutas. A la fecha la aerol\u00ednea ha iniciado cinco rutas nacionales y tres rutas internacionales.\",\"breadcrumb\":{\"@id\":\"https:\/\/nitu.mx\/index.php\/2018\/05\/02\/interjet-va-por-30-nuevas-rutas\/#breadcrumb\"},\"inLanguage\":\"es-MX\",\"potentialAction\":[{\"@type\":\"ReadAction\",\"target\":[\"https:\/\/nitu.mx\/index.php\/2018\/05\/02\/interjet-va-por-30-nuevas-rutas\/\"]}]},{\"@type\":\"ImageObject\",\"inLanguage\":\"es-MX\",\"@id\":\"https:\/\/nitu.mx\/index.php\/2018\/05\/02\/interjet-va-por-30-nuevas-rutas\/#primaryimage\",\"url\":\"https:\/\/nitu.mx\/wp-content\/uploads\/2018\/05\/interjet.jpg\",\"contentUrl\":\"https:\/\/nitu.mx\/wp-content\/uploads\/2018\/05\/interjet.jpg\",\"width\":850,\"height\":480,\"caption\":\"interjet Hurac\u00e1n Dorian\"},{\"@type\":\"BreadcrumbList\",\"@id\":\"https:\/\/nitu.mx\/index.php\/2018\/05\/02\/interjet-va-por-30-nuevas-rutas\/#breadcrumb\",\"itemListElement\":[{\"@type\":\"ListItem\",\"position\":1,\"name\":\"Inicio\",\"item\":\"https:\/\/nitu.mx\/\"},{\"@type\":\"ListItem\",\"position\":2,\"name\":\"Interjet va por 30 nuevas rutas\"}]},{\"@type\":\"WebSite\",\"@id\":\"https:\/\/nitu.mx\/#website\",\"url\":\"https:\/\/nitu.mx\/\",\"name\":\"Nitu - Noticias de la Industria Turistica\",\"description\":\"Noticias de la Industria Turistica\",\"publisher\":{\"@id\":\"https:\/\/nitu.mx\/#\/schema\/person\/ae7a53426417292d3dd07b45a33e01bc\"},\"alternateName\":\"Noticias de la Industria Turistica\",\"potentialAction\":[{\"@type\":\"SearchAction\",\"target\":{\"@type\":\"EntryPoint\",\"urlTemplate\":\"https:\/\/nitu.mx\/?s={search_term_string}\"},\"query-input\":\"required name=search_term_string\"}],\"inLanguage\":\"es-MX\"},{\"@type\":[\"Person\",\"Organization\"],\"@id\":\"https:\/\/nitu.mx\/#\/schema\/person\/ae7a53426417292d3dd07b45a33e01bc\",\"name\":\"Arturo Medina\",\"image\":{\"@type\":\"ImageObject\",\"inLanguage\":\"es-MX\",\"@id\":\"https:\/\/nitu.mx\/#\/schema\/person\/image\/\",\"url\":\"https:\/\/nitu.mx\/wp-content\/uploads\/2024\/04\/4A315622-1904-4D5C-B022-878CDC840E04-90x90-1.jpeg\",\"contentUrl\":\"https:\/\/nitu.mx\/wp-content\/uploads\/2024\/04\/4A315622-1904-4D5C-B022-878CDC840E04-90x90-1.jpeg\",\"width\":90,\"height\":90,\"caption\":\"Arturo Medina\"},\"logo\":{\"@id\":\"https:\/\/nitu.mx\/#\/schema\/person\/image\/\"},\"description\":\"Director NITU.mx, Egresado de la Escuela de Periodismo Carlos Septi\u00e9n Garc\u00eda. Periodista y analista especializado en turismo desde hace 35 a\u00f1os, radicado en Canc\u00fan Q.Roo. arturo@nitu.mx\",\"sameAs\":[\"https:\/\/nitu.mx\",\"https:\/\/www.facebook.com\/NITUmx\/\",\"medinacancun\",\"https:\/\/twitter.com\/@Arturo_Medina_G\"]},{\"@type\":\"Person\",\"@id\":\"https:\/\/nitu.mx\/#\/schema\/person\/4a28fe9bd65924f7c90623773daf1b0b\",\"name\":\"Redacci\u00f3n\",\"image\":{\"@type\":\"ImageObject\",\"inLanguage\":\"es-MX\",\"@id\":\"https:\/\/nitu.mx\/#\/schema\/person\/image\/\",\"url\":\"https:\/\/secure.gravatar.com\/avatar\/5dd011c8ccfc5cd7e4c81e42252aab38?s=96&d=mm&r=g\",\"contentUrl\":\"https:\/\/secure.gravatar.com\/avatar\/5dd011c8ccfc5cd7e4c81e42252aab38?s=96&d=mm&r=g\",\"caption\":\"Redacci\u00f3n\"},\"url\":\"https:\/\/nitu.mx\/index.php\/author\/redaccion\/\"}]}<\/script>\n<!-- \/ Yoast SEO plugin. -->","yoast_head_json":{"title":"Interjet va por 30 nuevas rutas - Nitu - Noticias de la Industria Turistica","description":"Interjet planea abrir 30 nuevas rutas. A la fecha la aerol\u00ednea ha iniciado cinco rutas nacionales y tres rutas internacionales.","robots":{"index":"index","follow":"follow","max-snippet":"max-snippet:-1","max-image-preview":"max-image-preview:large","max-video-preview":"max-video-preview:-1"},"canonical":"https:\/\/nitu.mx\/index.php\/2018\/05\/02\/interjet-va-por-30-nuevas-rutas\/","twitter_card":"summary_large_image","twitter_title":"Interjet va por 30 nuevas rutas - Nitu - Noticias de la Industria Turistica","twitter_description":"Interjet planea abrir 30 nuevas rutas. A la fecha la aerol\u00ednea ha iniciado cinco rutas nacionales y tres rutas internacionales.","twitter_image":"https:\/\/nitu.mx\/wp-content\/uploads\/2018\/05\/interjet.jpg","twitter_creator":"@NITUmx","twitter_site":"@Arturo_Medina_G","twitter_misc":{"Escrito por":"Redacci\u00f3n","Tiempo de lectura":"1 minuto"},"schema":{"@context":"https:\/\/schema.org","@graph":[{"@type":"Article","@id":"https:\/\/nitu.mx\/index.php\/2018\/05\/02\/interjet-va-por-30-nuevas-rutas\/#article","isPartOf":{"@id":"https:\/\/nitu.mx\/index.php\/2018\/05\/02\/interjet-va-por-30-nuevas-rutas\/"},"author":{"name":"Redacci\u00f3n","@id":"https:\/\/nitu.mx\/#\/schema\/person\/4a28fe9bd65924f7c90623773daf1b0b"},"headline":"Interjet va por 30 nuevas rutas","datePublished":"2018-05-03T04:20:15+00:00","dateModified":"2018-05-03T04:23:50+00:00","mainEntityOfPage":{"@id":"https:\/\/nitu.mx\/index.php\/2018\/05\/02\/interjet-va-por-30-nuevas-rutas\/"},"wordCount":215,"commentCount":0,"publisher":{"@id":"https:\/\/nitu.mx\/#\/schema\/person\/ae7a53426417292d3dd07b45a33e01bc"},"image":{"@id":"https:\/\/nitu.mx\/index.php\/2018\/05\/02\/interjet-va-por-30-nuevas-rutas\/#primaryimage"},"thumbnailUrl":"https:\/\/nitu.mx\/wp-content\/uploads\/2018\/05\/interjet.jpg","keywords":["30 nuevas rutas pasajeros","Aerol\u00ednea","Interjet","internacionales","operaciones nacionales","primer trimestre","transport\u00f3"],"articleSection":["Aerol\u00edneas","Destinos"],"inLanguage":"es-MX","potentialAction":[{"@type":"CommentAction","name":"Comment","target":["https:\/\/nitu.mx\/index.php\/2018\/05\/02\/interjet-va-por-30-nuevas-rutas\/#respond"]}]},{"@type":"WebPage","@id":"https:\/\/nitu.mx\/index.php\/2018\/05\/02\/interjet-va-por-30-nuevas-rutas\/","url":"https:\/\/nitu.mx\/index.php\/2018\/05\/02\/interjet-va-por-30-nuevas-rutas\/","name":"Interjet va por 30 nuevas rutas - Nitu - Noticias de la Industria Turistica","isPartOf":{"@id":"https:\/\/nitu.mx\/#website"},"primaryImageOfPage":{"@id":"https:\/\/nitu.mx\/index.php\/2018\/05\/02\/interjet-va-por-30-nuevas-rutas\/#primaryimage"},"image":{"@id":"https:\/\/nitu.mx\/index.php\/2018\/05\/02\/interjet-va-por-30-nuevas-rutas\/#primaryimage"},"thumbnailUrl":"https:\/\/nitu.mx\/wp-content\/uploads\/2018\/05\/interjet.jpg","datePublished":"2018-05-03T04:20:15+00:00","dateModified":"2018-05-03T04:23:50+00:00","description":"Interjet planea abrir 30 nuevas rutas. A la fecha la aerol\u00ednea ha iniciado cinco rutas nacionales y tres rutas internacionales.","breadcrumb":{"@id":"https:\/\/nitu.mx\/index.php\/2018\/05\/02\/interjet-va-por-30-nuevas-rutas\/#breadcrumb"},"inLanguage":"es-MX","potentialAction":[{"@type":"ReadAction","target":["https:\/\/nitu.mx\/index.php\/2018\/05\/02\/interjet-va-por-30-nuevas-rutas\/"]}]},{"@type":"ImageObject","inLanguage":"es-MX","@id":"https:\/\/nitu.mx\/index.php\/2018\/05\/02\/interjet-va-por-30-nuevas-rutas\/#primaryimage","url":"https:\/\/nitu.mx\/wp-content\/uploads\/2018\/05\/interjet.jpg","contentUrl":"https:\/\/nitu.mx\/wp-content\/uploads\/2018\/05\/interjet.jpg","width":850,"height":480,"caption":"interjet Hurac\u00e1n Dorian"},{"@type":"BreadcrumbList","@id":"https:\/\/nitu.mx\/index.php\/2018\/05\/02\/interjet-va-por-30-nuevas-rutas\/#breadcrumb","itemListElement":[{"@type":"ListItem","position":1,"name":"Inicio","item":"https:\/\/nitu.mx\/"},{"@type":"ListItem","position":2,"name":"Interjet va por 30 nuevas rutas"}]},{"@type":"WebSite","@id":"https:\/\/nitu.mx\/#website","url":"https:\/\/nitu.mx\/","name":"Nitu - Noticias de la Industria Turistica","description":"Noticias de la Industria Turistica","publisher":{"@id":"https:\/\/nitu.mx\/#\/schema\/person\/ae7a53426417292d3dd07b45a33e01bc"},"alternateName":"Noticias de la Industria Turistica","potentialAction":[{"@type":"SearchAction","target":{"@type":"EntryPoint","urlTemplate":"https:\/\/nitu.mx\/?s={search_term_string}"},"query-input":"required name=search_term_string"}],"inLanguage":"es-MX"},{"@type":["Person","Organization"],"@id":"https:\/\/nitu.mx\/#\/schema\/person\/ae7a53426417292d3dd07b45a33e01bc","name":"Arturo Medina","image":{"@type":"ImageObject","inLanguage":"es-MX","@id":"https:\/\/nitu.mx\/#\/schema\/person\/image\/","url":"https:\/\/nitu.mx\/wp-content\/uploads\/2024\/04\/4A315622-1904-4D5C-B022-878CDC840E04-90x90-1.jpeg","contentUrl":"https:\/\/nitu.mx\/wp-content\/uploads\/2024\/04\/4A315622-1904-4D5C-B022-878CDC840E04-90x90-1.jpeg","width":90,"height":90,"caption":"Arturo Medina"},"logo":{"@id":"https:\/\/nitu.mx\/#\/schema\/person\/image\/"},"description":"Director NITU.mx, Egresado de la Escuela de Periodismo Carlos Septi\u00e9n Garc\u00eda. Periodista y analista especializado en turismo desde hace 35 a\u00f1os, radicado en Canc\u00fan Q.Roo. arturo@nitu.mx","sameAs":["https:\/\/nitu.mx","https:\/\/www.facebook.com\/NITUmx\/","medinacancun","https:\/\/twitter.com\/@Arturo_Medina_G"]},{"@type":"Person","@id":"https:\/\/nitu.mx\/#\/schema\/person\/4a28fe9bd65924f7c90623773daf1b0b","name":"Redacci\u00f3n","image":{"@type":"ImageObject","inLanguage":"es-MX","@id":"https:\/\/nitu.mx\/#\/schema\/person\/image\/","url":"https:\/\/secure.gravatar.com\/avatar\/5dd011c8ccfc5cd7e4c81e42252aab38?s=96&d=mm&r=g","contentUrl":"https:\/\/secure.gravatar.com\/avatar\/5dd011c8ccfc5cd7e4c81e42252aab38?s=96&d=mm&r=g","caption":"Redacci\u00f3n"},"url":"https:\/\/nitu.mx\/index.php\/author\/redaccion\/"}]}},"views":205,"_links":{"self":[{"href":"https:\/\/nitu.mx\/index.php\/wp-json\/wp\/v2\/posts\/20093"}],"collection":[{"href":"https:\/\/nitu.mx\/index.php\/wp-json\/wp\/v2\/posts"}],"about":[{"href":"https:\/\/nitu.mx\/index.php\/wp-json\/wp\/v2\/types\/post"}],"author":[{"embeddable":true,"href":"https:\/\/nitu.mx\/index.php\/wp-json\/wp\/v2\/users\/17"}],"replies":[{"embeddable":true,"href":"https:\/\/nitu.mx\/index.php\/wp-json\/wp\/v2\/comments?post=20093"}],"version-history":[{"count":3,"href":"https:\/\/nitu.mx\/index.php\/wp-json\/wp\/v2\/posts\/20093\/revisions"}],"predecessor-version":[{"id":20140,"href":"https:\/\/nitu.mx\/index.php\/wp-json\/wp\/v2\/posts\/20093\/revisions\/20140"}],"wp:featuredmedia":[{"embeddable":true,"href":"https:\/\/nitu.mx\/index.php\/wp-json\/wp\/v2\/media\/20137"}],"wp:attachment":[{"href":"https:\/\/nitu.mx\/index.php\/wp-json\/wp\/v2\/media?parent=20093"}],"wp:term":[{"taxonomy":"category","embeddable":true,"href":"https:\/\/nitu.mx\/index.php\/wp-json\/wp\/v2\/categories?post=20093"},{"taxonomy":"post_tag","embeddable":true,"href":"https:\/\/nitu.mx\/index.php\/wp-json\/wp\/v2\/tags?post=20093"}],"curies":[{"name":"wp","href":"https:\/\/api.w.org\/{rel}","templated":true}]}}