{"id":19909,"date":"2018-04-26T00:09:43","date_gmt":"2018-04-26T05:09:43","guid":{"rendered":"http:\/\/www.dev.nitu.mx\/?p=19909"},"modified":"2018-04-26T00:31:41","modified_gmt":"2018-04-26T05:31:41","slug":"viva-aerobus-transporto-mas-de-2-1-millones-de-pasajeros-en-1t-de-2018","status":"publish","type":"post","link":"https:\/\/nitu.mx\/index.php\/2018\/04\/26\/viva-aerobus-transporto-mas-de-2-1-millones-de-pasajeros-en-1t-de-2018\/","title":{"rendered":"Viva Aerobus transport\u00f3 m\u00e1s de 2.1 millones de pasajeros en 1T de 2018"},"content":{"rendered":"<p>De enero a marzo de 2018, Viva Aerobus transport\u00f3 m\u00e1s de 2.1 millones de pasajeros, un\u00a0 alza del 30 por ciento respecto al mismo periodo de 2017.<\/p>\n<p>En su reporte mensual de tr\u00e1fico, la aerol\u00ednea de ultra bajo costo mostr\u00f3 que el impulso del cierre de a\u00f1o pasado sigui\u00f3 beneficiando sus n\u00fameros del trimestre, pues la capacidad se elev\u00f3 37.11 por ciento en t\u00e9rminos de asientos disponibles por kil\u00f3metro (ASK por sus siglas en ingl\u00e9s).<\/p>\n<p>As\u00ed, el factor de ocupaci\u00f3n acumulado alcanz\u00f3 un 87 por ciento, un crecimiento de 1.7 puntos porcentuales comparado con el mismo periodo del a\u00f1o anterior<\/p>\n<p>En diciembre pasado, Juan Carlos Zuazua, director general de Viva, pronostic\u00f3 que este a\u00f1o la aerol\u00ednea de Grupo IAMSA trasladar\u00e1 &#8220;una cifra cercana a los 9.5 millones de pasajeros\u201d. (<a title=\"Aprueban estrategia financiera de Viva Aerobus\" href=\"http:\/\/www.dev.nitu.mx\/index.php\/2018\/02\/19\/aprueban-estrategia-de-viva-aerobus\/\" rel=\"bookmark\">Aprueban estrategia financiera de Viva Aerobus<\/a>).<\/p>\n<p>Con una aeronave m\u00e1s en su flota (25 Airbus A320 en total), la programaci\u00f3n de horarios parece estar en su punto, aunque se debe considerar el factor temporal de la Semana Santa que este a\u00f1o cay\u00f3 en marzo, a diferencia de 2017 que ocurri\u00f3 en abril.<\/p>\n<p>En cuanto al desempe\u00f1o de marzo, Viva logr\u00f3 un crecimiento interanual del 32 por ciento al transportar m\u00e1s de 780 mil pasajeros, comparado con los casi 600 mil del mismo mes de 2017.<\/p>\n<p>Ese mes, la capacidad tuvo un alza similar (+31.75 por ciento de ASK), por lo que la ocupaci\u00f3n se mantuvo en el mismo nivel de marzo del a\u00f1o pasado (90 por ciento).<\/p>\n","protected":false},"excerpt":{"rendered":"<p>De enero a marzo de 2018, Viva Aerobus transport\u00f3 m\u00e1s de 2.1 millones de pasajeros, un\u00a0 alza del 30 por ciento respecto al mismo periodo de 2017. En su reporte mensual de tr\u00e1fico, la aerol\u00ednea de ultra bajo costo mostr\u00f3 que el impulso del cierre de a\u00f1o pasado sigui\u00f3 beneficiando sus n\u00fameros del trimestre, pues [&hellip;]<\/p>\n","protected":false},"author":17,"featured_media":19911,"comment_status":"open","ping_status":"open","sticky":false,"template":"","format":"standard","meta":{"footnotes":""},"categories":[29,5],"tags":[102,8522,9621,6114,2101,295],"yoast_head":"<!-- This site is optimized with the Yoast SEO plugin v22.2 - https:\/\/yoast.com\/wordpress\/plugins\/seo\/ -->\n<title>Viva Aerobus transport\u00f3 m\u00e1s de 2.1 millones de pasajeros en 1T de 2018 - Nitu - Noticias de la Industria Turistica<\/title>\n<meta name=\"description\" content=\"De enero a marzo de 2018, Viva Aerobus transport\u00f3 m\u00e1s de 2.1 millones de pasajeros, un\u00a0 alza del 30 por ciento respecto al mismo periodo de 2017.\" \/>\n<meta name=\"robots\" content=\"index, follow, max-snippet:-1, max-image-preview:large, max-video-preview:-1\" \/>\n<link rel=\"canonical\" href=\"https:\/\/nitu.mx\/index.php\/2018\/04\/26\/viva-aerobus-transporto-mas-de-2-1-millones-de-pasajeros-en-1t-de-2018\/\" \/>\n<meta name=\"twitter:card\" content=\"summary_large_image\" \/>\n<meta name=\"twitter:title\" content=\"Viva Aerobus transport\u00f3 m\u00e1s de 2.1 millones de pasajeros en 1T de 2018 - Nitu - Noticias de la Industria Turistica\" \/>\n<meta name=\"twitter:description\" content=\"De enero a marzo de 2018, Viva Aerobus transport\u00f3 m\u00e1s de 2.1 millones de pasajeros, un\u00a0 alza del 30 por ciento respecto al mismo periodo de 2017.\" \/>\n<meta name=\"twitter:image\" content=\"https:\/\/nitu.mx\/wp-content\/uploads\/2018\/04\/viva-desembarque-.jpg\" \/>\n<meta name=\"twitter:creator\" content=\"@NITUmx\" \/>\n<meta name=\"twitter:site\" content=\"@Arturo_Medina_G\" \/>\n<meta name=\"twitter:label1\" content=\"Escrito por\" \/>\n\t<meta name=\"twitter:data1\" content=\"Redacci\u00f3n\" \/>\n\t<meta name=\"twitter:label2\" content=\"Tiempo de lectura\" \/>\n\t<meta name=\"twitter:data2\" content=\"1 minuto\" \/>\n<script type=\"application\/ld+json\" class=\"yoast-schema-graph\">{\"@context\":\"https:\/\/schema.org\",\"@graph\":[{\"@type\":\"Article\",\"@id\":\"https:\/\/nitu.mx\/index.php\/2018\/04\/26\/viva-aerobus-transporto-mas-de-2-1-millones-de-pasajeros-en-1t-de-2018\/#article\",\"isPartOf\":{\"@id\":\"https:\/\/nitu.mx\/index.php\/2018\/04\/26\/viva-aerobus-transporto-mas-de-2-1-millones-de-pasajeros-en-1t-de-2018\/\"},\"author\":{\"name\":\"Redacci\u00f3n\",\"@id\":\"https:\/\/nitu.mx\/#\/schema\/person\/4a28fe9bd65924f7c90623773daf1b0b\"},\"headline\":\"Viva Aerobus transport\u00f3 m\u00e1s de 2.1 millones de pasajeros en 1T de 2018\",\"datePublished\":\"2018-04-26T05:09:43+00:00\",\"dateModified\":\"2018-04-26T05:31:41+00:00\",\"mainEntityOfPage\":{\"@id\":\"https:\/\/nitu.mx\/index.php\/2018\/04\/26\/viva-aerobus-transporto-mas-de-2-1-millones-de-pasajeros-en-1t-de-2018\/\"},\"wordCount\":261,\"commentCount\":0,\"publisher\":{\"@id\":\"https:\/\/nitu.mx\/#\/schema\/person\/ae7a53426417292d3dd07b45a33e01bc\"},\"image\":{\"@id\":\"https:\/\/nitu.mx\/index.php\/2018\/04\/26\/viva-aerobus-transporto-mas-de-2-1-millones-de-pasajeros-en-1t-de-2018\/#primaryimage\"},\"thumbnailUrl\":\"https:\/\/nitu.mx\/wp-content\/uploads\/2018\/04\/viva-desembarque-.jpg\",\"keywords\":[\"Airbus A320\",\"director general de Viva Aerobus\",\"enero-marzo\",\"flota\",\"Grupo IAMSA\",\"Juan Carlos Zuazua\"],\"articleSection\":[\"Aerol\u00edneas\",\"Destinos\"],\"inLanguage\":\"es-MX\",\"potentialAction\":[{\"@type\":\"CommentAction\",\"name\":\"Comment\",\"target\":[\"https:\/\/nitu.mx\/index.php\/2018\/04\/26\/viva-aerobus-transporto-mas-de-2-1-millones-de-pasajeros-en-1t-de-2018\/#respond\"]}]},{\"@type\":\"WebPage\",\"@id\":\"https:\/\/nitu.mx\/index.php\/2018\/04\/26\/viva-aerobus-transporto-mas-de-2-1-millones-de-pasajeros-en-1t-de-2018\/\",\"url\":\"https:\/\/nitu.mx\/index.php\/2018\/04\/26\/viva-aerobus-transporto-mas-de-2-1-millones-de-pasajeros-en-1t-de-2018\/\",\"name\":\"Viva Aerobus transport\u00f3 m\u00e1s de 2.1 millones de pasajeros en 1T de 2018 - Nitu - Noticias de la Industria Turistica\",\"isPartOf\":{\"@id\":\"https:\/\/nitu.mx\/#website\"},\"primaryImageOfPage\":{\"@id\":\"https:\/\/nitu.mx\/index.php\/2018\/04\/26\/viva-aerobus-transporto-mas-de-2-1-millones-de-pasajeros-en-1t-de-2018\/#primaryimage\"},\"image\":{\"@id\":\"https:\/\/nitu.mx\/index.php\/2018\/04\/26\/viva-aerobus-transporto-mas-de-2-1-millones-de-pasajeros-en-1t-de-2018\/#primaryimage\"},\"thumbnailUrl\":\"https:\/\/nitu.mx\/wp-content\/uploads\/2018\/04\/viva-desembarque-.jpg\",\"datePublished\":\"2018-04-26T05:09:43+00:00\",\"dateModified\":\"2018-04-26T05:31:41+00:00\",\"description\":\"De enero a marzo de 2018, Viva Aerobus transport\u00f3 m\u00e1s de 2.1 millones de pasajeros, un\u00a0 alza del 30 por ciento respecto al mismo periodo de 2017.\",\"breadcrumb\":{\"@id\":\"https:\/\/nitu.mx\/index.php\/2018\/04\/26\/viva-aerobus-transporto-mas-de-2-1-millones-de-pasajeros-en-1t-de-2018\/#breadcrumb\"},\"inLanguage\":\"es-MX\",\"potentialAction\":[{\"@type\":\"ReadAction\",\"target\":[\"https:\/\/nitu.mx\/index.php\/2018\/04\/26\/viva-aerobus-transporto-mas-de-2-1-millones-de-pasajeros-en-1t-de-2018\/\"]}]},{\"@type\":\"ImageObject\",\"inLanguage\":\"es-MX\",\"@id\":\"https:\/\/nitu.mx\/index.php\/2018\/04\/26\/viva-aerobus-transporto-mas-de-2-1-millones-de-pasajeros-en-1t-de-2018\/#primaryimage\",\"url\":\"https:\/\/nitu.mx\/wp-content\/uploads\/2018\/04\/viva-desembarque-.jpg\",\"contentUrl\":\"https:\/\/nitu.mx\/wp-content\/uploads\/2018\/04\/viva-desembarque-.jpg\",\"width\":1000,\"height\":618,\"caption\":\"Viva Aerobus\"},{\"@type\":\"BreadcrumbList\",\"@id\":\"https:\/\/nitu.mx\/index.php\/2018\/04\/26\/viva-aerobus-transporto-mas-de-2-1-millones-de-pasajeros-en-1t-de-2018\/#breadcrumb\",\"itemListElement\":[{\"@type\":\"ListItem\",\"position\":1,\"name\":\"Inicio\",\"item\":\"https:\/\/nitu.mx\/\"},{\"@type\":\"ListItem\",\"position\":2,\"name\":\"Viva Aerobus transport\u00f3 m\u00e1s de 2.1 millones de pasajeros en 1T de 2018\"}]},{\"@type\":\"WebSite\",\"@id\":\"https:\/\/nitu.mx\/#website\",\"url\":\"https:\/\/nitu.mx\/\",\"name\":\"Nitu - Noticias de la Industria Turistica\",\"description\":\"Noticias de la Industria Turistica\",\"publisher\":{\"@id\":\"https:\/\/nitu.mx\/#\/schema\/person\/ae7a53426417292d3dd07b45a33e01bc\"},\"alternateName\":\"Noticias de la Industria Turistica\",\"potentialAction\":[{\"@type\":\"SearchAction\",\"target\":{\"@type\":\"EntryPoint\",\"urlTemplate\":\"https:\/\/nitu.mx\/?s={search_term_string}\"},\"query-input\":\"required name=search_term_string\"}],\"inLanguage\":\"es-MX\"},{\"@type\":[\"Person\",\"Organization\"],\"@id\":\"https:\/\/nitu.mx\/#\/schema\/person\/ae7a53426417292d3dd07b45a33e01bc\",\"name\":\"Arturo Medina\",\"image\":{\"@type\":\"ImageObject\",\"inLanguage\":\"es-MX\",\"@id\":\"https:\/\/nitu.mx\/#\/schema\/person\/image\/\",\"url\":\"https:\/\/nitu.mx\/wp-content\/uploads\/2024\/04\/4A315622-1904-4D5C-B022-878CDC840E04-90x90-1.jpeg\",\"contentUrl\":\"https:\/\/nitu.mx\/wp-content\/uploads\/2024\/04\/4A315622-1904-4D5C-B022-878CDC840E04-90x90-1.jpeg\",\"width\":90,\"height\":90,\"caption\":\"Arturo Medina\"},\"logo\":{\"@id\":\"https:\/\/nitu.mx\/#\/schema\/person\/image\/\"},\"description\":\"Director NITU.mx, Egresado de la Escuela de Periodismo Carlos Septi\u00e9n Garc\u00eda. Periodista y analista especializado en turismo desde hace 35 a\u00f1os, radicado en Canc\u00fan Q.Roo. arturo@nitu.mx\",\"sameAs\":[\"https:\/\/nitu.mx\",\"https:\/\/www.facebook.com\/NITUmx\/\",\"medinacancun\",\"https:\/\/twitter.com\/@Arturo_Medina_G\"]},{\"@type\":\"Person\",\"@id\":\"https:\/\/nitu.mx\/#\/schema\/person\/4a28fe9bd65924f7c90623773daf1b0b\",\"name\":\"Redacci\u00f3n\",\"image\":{\"@type\":\"ImageObject\",\"inLanguage\":\"es-MX\",\"@id\":\"https:\/\/nitu.mx\/#\/schema\/person\/image\/\",\"url\":\"https:\/\/secure.gravatar.com\/avatar\/5dd011c8ccfc5cd7e4c81e42252aab38?s=96&d=mm&r=g\",\"contentUrl\":\"https:\/\/secure.gravatar.com\/avatar\/5dd011c8ccfc5cd7e4c81e42252aab38?s=96&d=mm&r=g\",\"caption\":\"Redacci\u00f3n\"},\"url\":\"https:\/\/nitu.mx\/index.php\/author\/redaccion\/\"}]}<\/script>\n<!-- \/ Yoast SEO plugin. -->","yoast_head_json":{"title":"Viva Aerobus transport\u00f3 m\u00e1s de 2.1 millones de pasajeros en 1T de 2018 - Nitu - Noticias de la Industria Turistica","description":"De enero a marzo de 2018, Viva Aerobus transport\u00f3 m\u00e1s de 2.1 millones de pasajeros, un\u00a0 alza del 30 por ciento respecto al mismo periodo de 2017.","robots":{"index":"index","follow":"follow","max-snippet":"max-snippet:-1","max-image-preview":"max-image-preview:large","max-video-preview":"max-video-preview:-1"},"canonical":"https:\/\/nitu.mx\/index.php\/2018\/04\/26\/viva-aerobus-transporto-mas-de-2-1-millones-de-pasajeros-en-1t-de-2018\/","twitter_card":"summary_large_image","twitter_title":"Viva Aerobus transport\u00f3 m\u00e1s de 2.1 millones de pasajeros en 1T de 2018 - Nitu - Noticias de la Industria Turistica","twitter_description":"De enero a marzo de 2018, Viva Aerobus transport\u00f3 m\u00e1s de 2.1 millones de pasajeros, un\u00a0 alza del 30 por ciento respecto al mismo periodo de 2017.","twitter_image":"https:\/\/nitu.mx\/wp-content\/uploads\/2018\/04\/viva-desembarque-.jpg","twitter_creator":"@NITUmx","twitter_site":"@Arturo_Medina_G","twitter_misc":{"Escrito por":"Redacci\u00f3n","Tiempo de lectura":"1 minuto"},"schema":{"@context":"https:\/\/schema.org","@graph":[{"@type":"Article","@id":"https:\/\/nitu.mx\/index.php\/2018\/04\/26\/viva-aerobus-transporto-mas-de-2-1-millones-de-pasajeros-en-1t-de-2018\/#article","isPartOf":{"@id":"https:\/\/nitu.mx\/index.php\/2018\/04\/26\/viva-aerobus-transporto-mas-de-2-1-millones-de-pasajeros-en-1t-de-2018\/"},"author":{"name":"Redacci\u00f3n","@id":"https:\/\/nitu.mx\/#\/schema\/person\/4a28fe9bd65924f7c90623773daf1b0b"},"headline":"Viva Aerobus transport\u00f3 m\u00e1s de 2.1 millones de pasajeros en 1T de 2018","datePublished":"2018-04-26T05:09:43+00:00","dateModified":"2018-04-26T05:31:41+00:00","mainEntityOfPage":{"@id":"https:\/\/nitu.mx\/index.php\/2018\/04\/26\/viva-aerobus-transporto-mas-de-2-1-millones-de-pasajeros-en-1t-de-2018\/"},"wordCount":261,"commentCount":0,"publisher":{"@id":"https:\/\/nitu.mx\/#\/schema\/person\/ae7a53426417292d3dd07b45a33e01bc"},"image":{"@id":"https:\/\/nitu.mx\/index.php\/2018\/04\/26\/viva-aerobus-transporto-mas-de-2-1-millones-de-pasajeros-en-1t-de-2018\/#primaryimage"},"thumbnailUrl":"https:\/\/nitu.mx\/wp-content\/uploads\/2018\/04\/viva-desembarque-.jpg","keywords":["Airbus A320","director general de Viva Aerobus","enero-marzo","flota","Grupo IAMSA","Juan Carlos Zuazua"],"articleSection":["Aerol\u00edneas","Destinos"],"inLanguage":"es-MX","potentialAction":[{"@type":"CommentAction","name":"Comment","target":["https:\/\/nitu.mx\/index.php\/2018\/04\/26\/viva-aerobus-transporto-mas-de-2-1-millones-de-pasajeros-en-1t-de-2018\/#respond"]}]},{"@type":"WebPage","@id":"https:\/\/nitu.mx\/index.php\/2018\/04\/26\/viva-aerobus-transporto-mas-de-2-1-millones-de-pasajeros-en-1t-de-2018\/","url":"https:\/\/nitu.mx\/index.php\/2018\/04\/26\/viva-aerobus-transporto-mas-de-2-1-millones-de-pasajeros-en-1t-de-2018\/","name":"Viva Aerobus transport\u00f3 m\u00e1s de 2.1 millones de pasajeros en 1T de 2018 - Nitu - Noticias de la Industria Turistica","isPartOf":{"@id":"https:\/\/nitu.mx\/#website"},"primaryImageOfPage":{"@id":"https:\/\/nitu.mx\/index.php\/2018\/04\/26\/viva-aerobus-transporto-mas-de-2-1-millones-de-pasajeros-en-1t-de-2018\/#primaryimage"},"image":{"@id":"https:\/\/nitu.mx\/index.php\/2018\/04\/26\/viva-aerobus-transporto-mas-de-2-1-millones-de-pasajeros-en-1t-de-2018\/#primaryimage"},"thumbnailUrl":"https:\/\/nitu.mx\/wp-content\/uploads\/2018\/04\/viva-desembarque-.jpg","datePublished":"2018-04-26T05:09:43+00:00","dateModified":"2018-04-26T05:31:41+00:00","description":"De enero a marzo de 2018, Viva Aerobus transport\u00f3 m\u00e1s de 2.1 millones de pasajeros, un\u00a0 alza del 30 por ciento respecto al mismo periodo de 2017.","breadcrumb":{"@id":"https:\/\/nitu.mx\/index.php\/2018\/04\/26\/viva-aerobus-transporto-mas-de-2-1-millones-de-pasajeros-en-1t-de-2018\/#breadcrumb"},"inLanguage":"es-MX","potentialAction":[{"@type":"ReadAction","target":["https:\/\/nitu.mx\/index.php\/2018\/04\/26\/viva-aerobus-transporto-mas-de-2-1-millones-de-pasajeros-en-1t-de-2018\/"]}]},{"@type":"ImageObject","inLanguage":"es-MX","@id":"https:\/\/nitu.mx\/index.php\/2018\/04\/26\/viva-aerobus-transporto-mas-de-2-1-millones-de-pasajeros-en-1t-de-2018\/#primaryimage","url":"https:\/\/nitu.mx\/wp-content\/uploads\/2018\/04\/viva-desembarque-.jpg","contentUrl":"https:\/\/nitu.mx\/wp-content\/uploads\/2018\/04\/viva-desembarque-.jpg","width":1000,"height":618,"caption":"Viva Aerobus"},{"@type":"BreadcrumbList","@id":"https:\/\/nitu.mx\/index.php\/2018\/04\/26\/viva-aerobus-transporto-mas-de-2-1-millones-de-pasajeros-en-1t-de-2018\/#breadcrumb","itemListElement":[{"@type":"ListItem","position":1,"name":"Inicio","item":"https:\/\/nitu.mx\/"},{"@type":"ListItem","position":2,"name":"Viva Aerobus transport\u00f3 m\u00e1s de 2.1 millones de pasajeros en 1T de 2018"}]},{"@type":"WebSite","@id":"https:\/\/nitu.mx\/#website","url":"https:\/\/nitu.mx\/","name":"Nitu - Noticias de la Industria Turistica","description":"Noticias de la Industria Turistica","publisher":{"@id":"https:\/\/nitu.mx\/#\/schema\/person\/ae7a53426417292d3dd07b45a33e01bc"},"alternateName":"Noticias de la Industria Turistica","potentialAction":[{"@type":"SearchAction","target":{"@type":"EntryPoint","urlTemplate":"https:\/\/nitu.mx\/?s={search_term_string}"},"query-input":"required name=search_term_string"}],"inLanguage":"es-MX"},{"@type":["Person","Organization"],"@id":"https:\/\/nitu.mx\/#\/schema\/person\/ae7a53426417292d3dd07b45a33e01bc","name":"Arturo Medina","image":{"@type":"ImageObject","inLanguage":"es-MX","@id":"https:\/\/nitu.mx\/#\/schema\/person\/image\/","url":"https:\/\/nitu.mx\/wp-content\/uploads\/2024\/04\/4A315622-1904-4D5C-B022-878CDC840E04-90x90-1.jpeg","contentUrl":"https:\/\/nitu.mx\/wp-content\/uploads\/2024\/04\/4A315622-1904-4D5C-B022-878CDC840E04-90x90-1.jpeg","width":90,"height":90,"caption":"Arturo Medina"},"logo":{"@id":"https:\/\/nitu.mx\/#\/schema\/person\/image\/"},"description":"Director NITU.mx, Egresado de la Escuela de Periodismo Carlos Septi\u00e9n Garc\u00eda. Periodista y analista especializado en turismo desde hace 35 a\u00f1os, radicado en Canc\u00fan Q.Roo. arturo@nitu.mx","sameAs":["https:\/\/nitu.mx","https:\/\/www.facebook.com\/NITUmx\/","medinacancun","https:\/\/twitter.com\/@Arturo_Medina_G"]},{"@type":"Person","@id":"https:\/\/nitu.mx\/#\/schema\/person\/4a28fe9bd65924f7c90623773daf1b0b","name":"Redacci\u00f3n","image":{"@type":"ImageObject","inLanguage":"es-MX","@id":"https:\/\/nitu.mx\/#\/schema\/person\/image\/","url":"https:\/\/secure.gravatar.com\/avatar\/5dd011c8ccfc5cd7e4c81e42252aab38?s=96&d=mm&r=g","contentUrl":"https:\/\/secure.gravatar.com\/avatar\/5dd011c8ccfc5cd7e4c81e42252aab38?s=96&d=mm&r=g","caption":"Redacci\u00f3n"},"url":"https:\/\/nitu.mx\/index.php\/author\/redaccion\/"}]}},"views":293,"_links":{"self":[{"href":"https:\/\/nitu.mx\/index.php\/wp-json\/wp\/v2\/posts\/19909"}],"collection":[{"href":"https:\/\/nitu.mx\/index.php\/wp-json\/wp\/v2\/posts"}],"about":[{"href":"https:\/\/nitu.mx\/index.php\/wp-json\/wp\/v2\/types\/post"}],"author":[{"embeddable":true,"href":"https:\/\/nitu.mx\/index.php\/wp-json\/wp\/v2\/users\/17"}],"replies":[{"embeddable":true,"href":"https:\/\/nitu.mx\/index.php\/wp-json\/wp\/v2\/comments?post=19909"}],"version-history":[{"count":3,"href":"https:\/\/nitu.mx\/index.php\/wp-json\/wp\/v2\/posts\/19909\/revisions"}],"predecessor-version":[{"id":19932,"href":"https:\/\/nitu.mx\/index.php\/wp-json\/wp\/v2\/posts\/19909\/revisions\/19932"}],"wp:featuredmedia":[{"embeddable":true,"href":"https:\/\/nitu.mx\/index.php\/wp-json\/wp\/v2\/media\/19911"}],"wp:attachment":[{"href":"https:\/\/nitu.mx\/index.php\/wp-json\/wp\/v2\/media?parent=19909"}],"wp:term":[{"taxonomy":"category","embeddable":true,"href":"https:\/\/nitu.mx\/index.php\/wp-json\/wp\/v2\/categories?post=19909"},{"taxonomy":"post_tag","embeddable":true,"href":"https:\/\/nitu.mx\/index.php\/wp-json\/wp\/v2\/tags?post=19909"}],"curies":[{"name":"wp","href":"https:\/\/api.w.org\/{rel}","templated":true}]}}