{"id":19616,"date":"2018-04-17T23:16:34","date_gmt":"2018-04-18T04:16:34","guid":{"rendered":"http:\/\/www.dev.nitu.mx\/?p=19616"},"modified":"2018-04-18T00:18:20","modified_gmt":"2018-04-18T05:18:20","slug":"cancelar-naicm-cederia-el-trafico-aereo-a-otros-hubs-de-la-region","status":"publish","type":"post","link":"https:\/\/nitu.mx\/index.php\/2018\/04\/17\/cancelar-naicm-cederia-el-trafico-aereo-a-otros-hubs-de-la-region\/","title":{"rendered":"Cancelar NAICM ceder\u00eda el tr\u00e1fico a\u00e9reo a otros Hubs de la regi\u00f3n"},"content":{"rendered":"<p>El secretario de Comunicaciones y Transportes, Gerardo Ruiz Esparza, afirm\u00f3 que la propuesta de cancelar la construcci\u00f3n del Nuevo Aeropuerto Internacional de la Ciudad de M\u00e9xico (NAICM), impactar\u00eda en gran medida a la industria a\u00e9rea nacional, al cederle a otras importantes terminales a\u00e9reas de la regi\u00f3n el volumen del tr\u00e1nsito de pasajeros que pasar\u00eda por aqu\u00ed.<\/p>\n<p>En conferencia de prensa durante el Tianguis Tur\u00edstico Mazatl\u00e1n 2018, Ruiz Esparza se\u00f1al\u00f3 que M\u00e9xico se ha consolidado como un gran puente a\u00e9reo para conectar varias regiones del mundo, lo cual se fortalecer\u00e1 con la nueva terminal que iniciar\u00e1 operaciones en 2020. (<a title=\"NAICM desaf\u00edo clave y fundamental para el desarrollo de M\u00e9xico: ALTA\" href=\"http:\/\/www.dev.nitu.mx\/index.php\/2018\/02\/07\/naicm-desafio-clave-y-fundamental-para-el-desarrollo-de-mexico-alta\/\" rel=\"bookmark\">NAICM desaf\u00edo clave y fundamental para el desarrollo de M\u00e9xico: ALTA<\/a>).<\/p>\n<p>\u201cDe no tenerla, simplemente vamos a mandar a toda esa gente que deber\u00eda llegar a M\u00e9xico, a Houston, Dallas, Atlanta y Panam\u00e1\u201d, al no contar con un Hub del alcance que se requiere, como el que se proyect\u00f3.<\/p>\n<p>Acompa\u00f1ado del secretario de Turismo, Enrique de la Madrid, el funcionario de la SCT se\u00f1al\u00f3 que el proyecto fue debidamente estudiado y aprobado por diversas instancias, tan solo MITRE aprob\u00f3 su viabilidad desde hace 20 a\u00f1os. \u201cRecordemos que los aeropuertos se construyen primero desde aire y luego hacia tierra, por lo que el sitio para el NAICM es ideal en este sentido\u201d.<\/p>\n<p>Por su parte, De la Madrid reiter\u00f3 que la otra opci\u00f3n propuesta de habilitar la Base de Santa Luc\u00eda para operar junto con el actual AICM, resulta inviable t\u00e9cnicamente para operar todos los vuelos, impedir\u00eda a los viajeros la movilidad y facilidad de tr\u00e1nsito que requieren para sus conexiones.<\/p>\n","protected":false},"excerpt":{"rendered":"<p>El secretario de Comunicaciones y Transportes, Gerardo Ruiz Esparza, afirm\u00f3 que la propuesta de cancelar la construcci\u00f3n del Nuevo Aeropuerto Internacional de la Ciudad de M\u00e9xico (NAICM), impactar\u00eda en gran medida a la industria a\u00e9rea nacional, al cederle a otras importantes terminales a\u00e9reas de la regi\u00f3n el volumen del tr\u00e1nsito de pasajeros que pasar\u00eda por [&hellip;]<\/p>\n","protected":false},"author":5,"featured_media":19621,"comment_status":"open","ping_status":"open","sticky":false,"template":"","format":"standard","meta":{"footnotes":""},"categories":[29],"tags":[176,436,9406,2589],"yoast_head":"<!-- This site is optimized with the Yoast SEO plugin v22.2 - https:\/\/yoast.com\/wordpress\/plugins\/seo\/ -->\n<title>Cancelar NAICM ceder\u00eda el tr\u00e1fico a\u00e9reo a otros Hubs de la regi\u00f3n - Nitu - Noticias de la Industria Turistica<\/title>\n<meta name=\"description\" content=\"El secretario de Comunicaciones y Transportes, Gerardo Ruiz Esparza, afirm\u00f3 que la propuesta de cancelar la construcci\u00f3n del Nuevo Aeropuerto Internacional de la Ciudad de M\u00e9xico (NAICM), impactar\u00eda en gran medida a la industria a\u00e9rea nacional.\" \/>\n<meta name=\"robots\" content=\"index, follow, max-snippet:-1, max-image-preview:large, max-video-preview:-1\" \/>\n<link rel=\"canonical\" href=\"https:\/\/nitu.mx\/index.php\/2018\/04\/17\/cancelar-naicm-cederia-el-trafico-aereo-a-otros-hubs-de-la-region\/\" \/>\n<meta name=\"twitter:card\" content=\"summary_large_image\" \/>\n<meta name=\"twitter:title\" content=\"Cancelar NAICM ceder\u00eda el tr\u00e1fico a\u00e9reo a otros Hubs de la regi\u00f3n - Nitu - Noticias de la Industria Turistica\" \/>\n<meta name=\"twitter:description\" content=\"El secretario de Comunicaciones y Transportes, Gerardo Ruiz Esparza, afirm\u00f3 que la propuesta de cancelar la construcci\u00f3n del Nuevo Aeropuerto Internacional de la Ciudad de M\u00e9xico (NAICM), impactar\u00eda en gran medida a la industria a\u00e9rea nacional.\" \/>\n<meta name=\"twitter:image\" content=\"https:\/\/nitu.mx\/wp-content\/uploads\/2018\/04\/naicm-mazatlan.jpg\" \/>\n<meta name=\"twitter:creator\" content=\"@NITUmx\" \/>\n<meta name=\"twitter:site\" content=\"@Arturo_Medina_G\" \/>\n<meta name=\"twitter:label1\" content=\"Escrito por\" \/>\n\t<meta name=\"twitter:data1\" content=\"Mari Soto\" \/>\n\t<meta name=\"twitter:label2\" content=\"Tiempo de lectura\" \/>\n\t<meta name=\"twitter:data2\" content=\"1 minuto\" \/>\n<script type=\"application\/ld+json\" class=\"yoast-schema-graph\">{\"@context\":\"https:\/\/schema.org\",\"@graph\":[{\"@type\":\"Article\",\"@id\":\"https:\/\/nitu.mx\/index.php\/2018\/04\/17\/cancelar-naicm-cederia-el-trafico-aereo-a-otros-hubs-de-la-region\/#article\",\"isPartOf\":{\"@id\":\"https:\/\/nitu.mx\/index.php\/2018\/04\/17\/cancelar-naicm-cederia-el-trafico-aereo-a-otros-hubs-de-la-region\/\"},\"author\":{\"name\":\"Mari Soto\",\"@id\":\"https:\/\/nitu.mx\/#\/schema\/person\/afc52e313e27e660739556d421d3d6b4\"},\"headline\":\"Cancelar NAICM ceder\u00eda el tr\u00e1fico a\u00e9reo a otros Hubs de la regi\u00f3n\",\"datePublished\":\"2018-04-18T04:16:34+00:00\",\"dateModified\":\"2018-04-18T05:18:20+00:00\",\"mainEntityOfPage\":{\"@id\":\"https:\/\/nitu.mx\/index.php\/2018\/04\/17\/cancelar-naicm-cederia-el-trafico-aereo-a-otros-hubs-de-la-region\/\"},\"wordCount\":296,\"commentCount\":0,\"publisher\":{\"@id\":\"https:\/\/nitu.mx\/#\/schema\/person\/ae7a53426417292d3dd07b45a33e01bc\"},\"image\":{\"@id\":\"https:\/\/nitu.mx\/index.php\/2018\/04\/17\/cancelar-naicm-cederia-el-trafico-aereo-a-otros-hubs-de-la-region\/#primaryimage\"},\"thumbnailUrl\":\"https:\/\/nitu.mx\/wp-content\/uploads\/2018\/04\/naicm-mazatlan.jpg\",\"keywords\":[\"Enrique de la Madrid\",\"Gerardo Ruiz Esparza\",\"MITRE\",\"NAICM\"],\"articleSection\":[\"Aerol\u00edneas\"],\"inLanguage\":\"es-MX\",\"potentialAction\":[{\"@type\":\"CommentAction\",\"name\":\"Comment\",\"target\":[\"https:\/\/nitu.mx\/index.php\/2018\/04\/17\/cancelar-naicm-cederia-el-trafico-aereo-a-otros-hubs-de-la-region\/#respond\"]}]},{\"@type\":\"WebPage\",\"@id\":\"https:\/\/nitu.mx\/index.php\/2018\/04\/17\/cancelar-naicm-cederia-el-trafico-aereo-a-otros-hubs-de-la-region\/\",\"url\":\"https:\/\/nitu.mx\/index.php\/2018\/04\/17\/cancelar-naicm-cederia-el-trafico-aereo-a-otros-hubs-de-la-region\/\",\"name\":\"Cancelar NAICM ceder\u00eda el tr\u00e1fico a\u00e9reo a otros Hubs de la regi\u00f3n - Nitu - Noticias de la Industria Turistica\",\"isPartOf\":{\"@id\":\"https:\/\/nitu.mx\/#website\"},\"primaryImageOfPage\":{\"@id\":\"https:\/\/nitu.mx\/index.php\/2018\/04\/17\/cancelar-naicm-cederia-el-trafico-aereo-a-otros-hubs-de-la-region\/#primaryimage\"},\"image\":{\"@id\":\"https:\/\/nitu.mx\/index.php\/2018\/04\/17\/cancelar-naicm-cederia-el-trafico-aereo-a-otros-hubs-de-la-region\/#primaryimage\"},\"thumbnailUrl\":\"https:\/\/nitu.mx\/wp-content\/uploads\/2018\/04\/naicm-mazatlan.jpg\",\"datePublished\":\"2018-04-18T04:16:34+00:00\",\"dateModified\":\"2018-04-18T05:18:20+00:00\",\"description\":\"El secretario de Comunicaciones y Transportes, Gerardo Ruiz Esparza, afirm\u00f3 que la propuesta de cancelar la construcci\u00f3n del Nuevo Aeropuerto Internacional de la Ciudad de M\u00e9xico (NAICM), impactar\u00eda en gran medida a la industria a\u00e9rea nacional.\",\"breadcrumb\":{\"@id\":\"https:\/\/nitu.mx\/index.php\/2018\/04\/17\/cancelar-naicm-cederia-el-trafico-aereo-a-otros-hubs-de-la-region\/#breadcrumb\"},\"inLanguage\":\"es-MX\",\"potentialAction\":[{\"@type\":\"ReadAction\",\"target\":[\"https:\/\/nitu.mx\/index.php\/2018\/04\/17\/cancelar-naicm-cederia-el-trafico-aereo-a-otros-hubs-de-la-region\/\"]}]},{\"@type\":\"ImageObject\",\"inLanguage\":\"es-MX\",\"@id\":\"https:\/\/nitu.mx\/index.php\/2018\/04\/17\/cancelar-naicm-cederia-el-trafico-aereo-a-otros-hubs-de-la-region\/#primaryimage\",\"url\":\"https:\/\/nitu.mx\/wp-content\/uploads\/2018\/04\/naicm-mazatlan.jpg\",\"contentUrl\":\"https:\/\/nitu.mx\/wp-content\/uploads\/2018\/04\/naicm-mazatlan.jpg\",\"width\":850,\"height\":480,\"caption\":\"naicm mazatlan\"},{\"@type\":\"BreadcrumbList\",\"@id\":\"https:\/\/nitu.mx\/index.php\/2018\/04\/17\/cancelar-naicm-cederia-el-trafico-aereo-a-otros-hubs-de-la-region\/#breadcrumb\",\"itemListElement\":[{\"@type\":\"ListItem\",\"position\":1,\"name\":\"Inicio\",\"item\":\"https:\/\/nitu.mx\/\"},{\"@type\":\"ListItem\",\"position\":2,\"name\":\"Cancelar NAICM ceder\u00eda el tr\u00e1fico a\u00e9reo a otros Hubs de la regi\u00f3n\"}]},{\"@type\":\"WebSite\",\"@id\":\"https:\/\/nitu.mx\/#website\",\"url\":\"https:\/\/nitu.mx\/\",\"name\":\"Nitu - Noticias de la Industria Turistica\",\"description\":\"Noticias de la Industria Turistica\",\"publisher\":{\"@id\":\"https:\/\/nitu.mx\/#\/schema\/person\/ae7a53426417292d3dd07b45a33e01bc\"},\"alternateName\":\"Noticias de la Industria Turistica\",\"potentialAction\":[{\"@type\":\"SearchAction\",\"target\":{\"@type\":\"EntryPoint\",\"urlTemplate\":\"https:\/\/nitu.mx\/?s={search_term_string}\"},\"query-input\":\"required name=search_term_string\"}],\"inLanguage\":\"es-MX\"},{\"@type\":[\"Person\",\"Organization\"],\"@id\":\"https:\/\/nitu.mx\/#\/schema\/person\/ae7a53426417292d3dd07b45a33e01bc\",\"name\":\"Arturo Medina\",\"image\":{\"@type\":\"ImageObject\",\"inLanguage\":\"es-MX\",\"@id\":\"https:\/\/nitu.mx\/#\/schema\/person\/image\/\",\"url\":\"https:\/\/nitu.mx\/wp-content\/uploads\/2024\/04\/4A315622-1904-4D5C-B022-878CDC840E04-90x90-1.jpeg\",\"contentUrl\":\"https:\/\/nitu.mx\/wp-content\/uploads\/2024\/04\/4A315622-1904-4D5C-B022-878CDC840E04-90x90-1.jpeg\",\"width\":90,\"height\":90,\"caption\":\"Arturo Medina\"},\"logo\":{\"@id\":\"https:\/\/nitu.mx\/#\/schema\/person\/image\/\"},\"description\":\"Director NITU.mx, Egresado de la Escuela de Periodismo Carlos Septi\u00e9n Garc\u00eda. Periodista y analista especializado en turismo desde hace 35 a\u00f1os, radicado en Canc\u00fan Q.Roo. arturo@nitu.mx\",\"sameAs\":[\"https:\/\/nitu.mx\",\"https:\/\/www.facebook.com\/NITUmx\/\",\"medinacancun\",\"https:\/\/twitter.com\/@Arturo_Medina_G\"]},{\"@type\":\"Person\",\"@id\":\"https:\/\/nitu.mx\/#\/schema\/person\/afc52e313e27e660739556d421d3d6b4\",\"name\":\"Mari Soto\",\"image\":{\"@type\":\"ImageObject\",\"inLanguage\":\"es-MX\",\"@id\":\"https:\/\/nitu.mx\/#\/schema\/person\/image\/\",\"url\":\"https:\/\/secure.gravatar.com\/avatar\/2619c282a180a20d89fcaea82a6736e2?s=96&d=mm&r=g\",\"contentUrl\":\"https:\/\/secure.gravatar.com\/avatar\/2619c282a180a20d89fcaea82a6736e2?s=96&d=mm&r=g\",\"caption\":\"Mari Soto\"},\"sameAs\":[\"https:\/\/nitu.mx\"],\"url\":\"https:\/\/nitu.mx\/index.php\/author\/guadalupe\/\"}]}<\/script>\n<!-- \/ Yoast SEO plugin. -->","yoast_head_json":{"title":"Cancelar NAICM ceder\u00eda el tr\u00e1fico a\u00e9reo a otros Hubs de la regi\u00f3n - Nitu - Noticias de la Industria Turistica","description":"El secretario de Comunicaciones y Transportes, Gerardo Ruiz Esparza, afirm\u00f3 que la propuesta de cancelar la construcci\u00f3n del Nuevo Aeropuerto Internacional de la Ciudad de M\u00e9xico (NAICM), impactar\u00eda en gran medida a la industria a\u00e9rea nacional.","robots":{"index":"index","follow":"follow","max-snippet":"max-snippet:-1","max-image-preview":"max-image-preview:large","max-video-preview":"max-video-preview:-1"},"canonical":"https:\/\/nitu.mx\/index.php\/2018\/04\/17\/cancelar-naicm-cederia-el-trafico-aereo-a-otros-hubs-de-la-region\/","twitter_card":"summary_large_image","twitter_title":"Cancelar NAICM ceder\u00eda el tr\u00e1fico a\u00e9reo a otros Hubs de la regi\u00f3n - Nitu - Noticias de la Industria Turistica","twitter_description":"El secretario de Comunicaciones y Transportes, Gerardo Ruiz Esparza, afirm\u00f3 que la propuesta de cancelar la construcci\u00f3n del Nuevo Aeropuerto Internacional de la Ciudad de M\u00e9xico (NAICM), impactar\u00eda en gran medida a la industria a\u00e9rea nacional.","twitter_image":"https:\/\/nitu.mx\/wp-content\/uploads\/2018\/04\/naicm-mazatlan.jpg","twitter_creator":"@NITUmx","twitter_site":"@Arturo_Medina_G","twitter_misc":{"Escrito por":"Mari Soto","Tiempo de lectura":"1 minuto"},"schema":{"@context":"https:\/\/schema.org","@graph":[{"@type":"Article","@id":"https:\/\/nitu.mx\/index.php\/2018\/04\/17\/cancelar-naicm-cederia-el-trafico-aereo-a-otros-hubs-de-la-region\/#article","isPartOf":{"@id":"https:\/\/nitu.mx\/index.php\/2018\/04\/17\/cancelar-naicm-cederia-el-trafico-aereo-a-otros-hubs-de-la-region\/"},"author":{"name":"Mari Soto","@id":"https:\/\/nitu.mx\/#\/schema\/person\/afc52e313e27e660739556d421d3d6b4"},"headline":"Cancelar NAICM ceder\u00eda el tr\u00e1fico a\u00e9reo a otros Hubs de la regi\u00f3n","datePublished":"2018-04-18T04:16:34+00:00","dateModified":"2018-04-18T05:18:20+00:00","mainEntityOfPage":{"@id":"https:\/\/nitu.mx\/index.php\/2018\/04\/17\/cancelar-naicm-cederia-el-trafico-aereo-a-otros-hubs-de-la-region\/"},"wordCount":296,"commentCount":0,"publisher":{"@id":"https:\/\/nitu.mx\/#\/schema\/person\/ae7a53426417292d3dd07b45a33e01bc"},"image":{"@id":"https:\/\/nitu.mx\/index.php\/2018\/04\/17\/cancelar-naicm-cederia-el-trafico-aereo-a-otros-hubs-de-la-region\/#primaryimage"},"thumbnailUrl":"https:\/\/nitu.mx\/wp-content\/uploads\/2018\/04\/naicm-mazatlan.jpg","keywords":["Enrique de la Madrid","Gerardo Ruiz Esparza","MITRE","NAICM"],"articleSection":["Aerol\u00edneas"],"inLanguage":"es-MX","potentialAction":[{"@type":"CommentAction","name":"Comment","target":["https:\/\/nitu.mx\/index.php\/2018\/04\/17\/cancelar-naicm-cederia-el-trafico-aereo-a-otros-hubs-de-la-region\/#respond"]}]},{"@type":"WebPage","@id":"https:\/\/nitu.mx\/index.php\/2018\/04\/17\/cancelar-naicm-cederia-el-trafico-aereo-a-otros-hubs-de-la-region\/","url":"https:\/\/nitu.mx\/index.php\/2018\/04\/17\/cancelar-naicm-cederia-el-trafico-aereo-a-otros-hubs-de-la-region\/","name":"Cancelar NAICM ceder\u00eda el tr\u00e1fico a\u00e9reo a otros Hubs de la regi\u00f3n - Nitu - Noticias de la Industria Turistica","isPartOf":{"@id":"https:\/\/nitu.mx\/#website"},"primaryImageOfPage":{"@id":"https:\/\/nitu.mx\/index.php\/2018\/04\/17\/cancelar-naicm-cederia-el-trafico-aereo-a-otros-hubs-de-la-region\/#primaryimage"},"image":{"@id":"https:\/\/nitu.mx\/index.php\/2018\/04\/17\/cancelar-naicm-cederia-el-trafico-aereo-a-otros-hubs-de-la-region\/#primaryimage"},"thumbnailUrl":"https:\/\/nitu.mx\/wp-content\/uploads\/2018\/04\/naicm-mazatlan.jpg","datePublished":"2018-04-18T04:16:34+00:00","dateModified":"2018-04-18T05:18:20+00:00","description":"El secretario de Comunicaciones y Transportes, Gerardo Ruiz Esparza, afirm\u00f3 que la propuesta de cancelar la construcci\u00f3n del Nuevo Aeropuerto Internacional de la Ciudad de M\u00e9xico (NAICM), impactar\u00eda en gran medida a la industria a\u00e9rea nacional.","breadcrumb":{"@id":"https:\/\/nitu.mx\/index.php\/2018\/04\/17\/cancelar-naicm-cederia-el-trafico-aereo-a-otros-hubs-de-la-region\/#breadcrumb"},"inLanguage":"es-MX","potentialAction":[{"@type":"ReadAction","target":["https:\/\/nitu.mx\/index.php\/2018\/04\/17\/cancelar-naicm-cederia-el-trafico-aereo-a-otros-hubs-de-la-region\/"]}]},{"@type":"ImageObject","inLanguage":"es-MX","@id":"https:\/\/nitu.mx\/index.php\/2018\/04\/17\/cancelar-naicm-cederia-el-trafico-aereo-a-otros-hubs-de-la-region\/#primaryimage","url":"https:\/\/nitu.mx\/wp-content\/uploads\/2018\/04\/naicm-mazatlan.jpg","contentUrl":"https:\/\/nitu.mx\/wp-content\/uploads\/2018\/04\/naicm-mazatlan.jpg","width":850,"height":480,"caption":"naicm mazatlan"},{"@type":"BreadcrumbList","@id":"https:\/\/nitu.mx\/index.php\/2018\/04\/17\/cancelar-naicm-cederia-el-trafico-aereo-a-otros-hubs-de-la-region\/#breadcrumb","itemListElement":[{"@type":"ListItem","position":1,"name":"Inicio","item":"https:\/\/nitu.mx\/"},{"@type":"ListItem","position":2,"name":"Cancelar NAICM ceder\u00eda el tr\u00e1fico a\u00e9reo a otros Hubs de la regi\u00f3n"}]},{"@type":"WebSite","@id":"https:\/\/nitu.mx\/#website","url":"https:\/\/nitu.mx\/","name":"Nitu - Noticias de la Industria Turistica","description":"Noticias de la Industria Turistica","publisher":{"@id":"https:\/\/nitu.mx\/#\/schema\/person\/ae7a53426417292d3dd07b45a33e01bc"},"alternateName":"Noticias de la Industria Turistica","potentialAction":[{"@type":"SearchAction","target":{"@type":"EntryPoint","urlTemplate":"https:\/\/nitu.mx\/?s={search_term_string}"},"query-input":"required name=search_term_string"}],"inLanguage":"es-MX"},{"@type":["Person","Organization"],"@id":"https:\/\/nitu.mx\/#\/schema\/person\/ae7a53426417292d3dd07b45a33e01bc","name":"Arturo Medina","image":{"@type":"ImageObject","inLanguage":"es-MX","@id":"https:\/\/nitu.mx\/#\/schema\/person\/image\/","url":"https:\/\/nitu.mx\/wp-content\/uploads\/2024\/04\/4A315622-1904-4D5C-B022-878CDC840E04-90x90-1.jpeg","contentUrl":"https:\/\/nitu.mx\/wp-content\/uploads\/2024\/04\/4A315622-1904-4D5C-B022-878CDC840E04-90x90-1.jpeg","width":90,"height":90,"caption":"Arturo Medina"},"logo":{"@id":"https:\/\/nitu.mx\/#\/schema\/person\/image\/"},"description":"Director NITU.mx, Egresado de la Escuela de Periodismo Carlos Septi\u00e9n Garc\u00eda. Periodista y analista especializado en turismo desde hace 35 a\u00f1os, radicado en Canc\u00fan Q.Roo. arturo@nitu.mx","sameAs":["https:\/\/nitu.mx","https:\/\/www.facebook.com\/NITUmx\/","medinacancun","https:\/\/twitter.com\/@Arturo_Medina_G"]},{"@type":"Person","@id":"https:\/\/nitu.mx\/#\/schema\/person\/afc52e313e27e660739556d421d3d6b4","name":"Mari Soto","image":{"@type":"ImageObject","inLanguage":"es-MX","@id":"https:\/\/nitu.mx\/#\/schema\/person\/image\/","url":"https:\/\/secure.gravatar.com\/avatar\/2619c282a180a20d89fcaea82a6736e2?s=96&d=mm&r=g","contentUrl":"https:\/\/secure.gravatar.com\/avatar\/2619c282a180a20d89fcaea82a6736e2?s=96&d=mm&r=g","caption":"Mari Soto"},"sameAs":["https:\/\/nitu.mx"],"url":"https:\/\/nitu.mx\/index.php\/author\/guadalupe\/"}]}},"views":254,"_links":{"self":[{"href":"https:\/\/nitu.mx\/index.php\/wp-json\/wp\/v2\/posts\/19616"}],"collection":[{"href":"https:\/\/nitu.mx\/index.php\/wp-json\/wp\/v2\/posts"}],"about":[{"href":"https:\/\/nitu.mx\/index.php\/wp-json\/wp\/v2\/types\/post"}],"author":[{"embeddable":true,"href":"https:\/\/nitu.mx\/index.php\/wp-json\/wp\/v2\/users\/5"}],"replies":[{"embeddable":true,"href":"https:\/\/nitu.mx\/index.php\/wp-json\/wp\/v2\/comments?post=19616"}],"version-history":[{"count":2,"href":"https:\/\/nitu.mx\/index.php\/wp-json\/wp\/v2\/posts\/19616\/revisions"}],"predecessor-version":[{"id":19622,"href":"https:\/\/nitu.mx\/index.php\/wp-json\/wp\/v2\/posts\/19616\/revisions\/19622"}],"wp:featuredmedia":[{"embeddable":true,"href":"https:\/\/nitu.mx\/index.php\/wp-json\/wp\/v2\/media\/19621"}],"wp:attachment":[{"href":"https:\/\/nitu.mx\/index.php\/wp-json\/wp\/v2\/media?parent=19616"}],"wp:term":[{"taxonomy":"category","embeddable":true,"href":"https:\/\/nitu.mx\/index.php\/wp-json\/wp\/v2\/categories?post=19616"},{"taxonomy":"post_tag","embeddable":true,"href":"https:\/\/nitu.mx\/index.php\/wp-json\/wp\/v2\/tags?post=19616"}],"curies":[{"name":"wp","href":"https:\/\/api.w.org\/{rel}","templated":true}]}}