{"id":19611,"date":"2018-04-17T23:29:52","date_gmt":"2018-04-18T04:29:52","guid":{"rendered":"http:\/\/www.dev.nitu.mx\/?p=19611"},"modified":"2018-04-18T00:18:43","modified_gmt":"2018-04-18T05:18:43","slug":"habra-encuentro-binacional-de-empresas-turisticas-en-quintana-roo","status":"publish","type":"post","link":"https:\/\/nitu.mx\/index.php\/2018\/04\/17\/habra-encuentro-binacional-de-empresas-turisticas-en-quintana-roo\/","title":{"rendered":"Habr\u00e1 encuentro binacional de empresas tur\u00edsticas en Quintana Roo"},"content":{"rendered":"<p>Debido a que m\u00e1s de la mitad de las empresas del ramo tur\u00edstico que operan en Quintana Roo son norteamericanas, se acord\u00f3 una reuni\u00f3n comercial entre las empresas de este sector de ambos pa\u00edses, para mayo.<\/p>\n<p>Se trata de algo que nunca se hab\u00eda hecho antes, pues apenas el a\u00f1o pasado se consolid\u00f3 el contacto del Grupo de Turismo y Viajes, dentro de la C\u00e1mara de Comercio de EU, en una labor conjunta del Gobierno del Estado y los empresarios, declar\u00f3 Marisol Vanegas P\u00e9rez, secretaria de Turismo de Quintana Roo.<\/p>\n<p>El principal mercado tur\u00edstico de Quintana Roo es el de Estados Unidos con m\u00e1s del 60 por ciento de los visitantes.<\/p>\n<p>La agenda del encuentro, afirma la funcionaria, a\u00fan se decide entre ambas naciones, aunque las nuevas inversiones ser\u00e1n un punto central en la reuni\u00f3n, adem\u00e1s de mejorar las condiciones para que la industria crezca. (<a title=\"Supera Q. Roo expectativa de llegada de turistas en Semana Santa\" href=\"http:\/\/www.dev.nitu.mx\/index.php\/2018\/04\/02\/supera-q-roo-expectativa-de-llegada-de-turistas-en-semana-santa\/\" rel=\"bookmark\">Supera Q. Roo expectativa de llegada de turistas en Semana Santa<\/a>).<\/p>\n<p>Sobre el aumento de la inseguridad, Vanegas P\u00e9rez se\u00f1al\u00f3 que es una de las preocupaciones que se discutir\u00e1n con los empresarios norteamericanos, aunque se\u00f1al\u00f3 que, a pesar de todo, se ha dado un crecimiento en el sector de 7.5%, cuando a nivel mundial la cifra es de seis por ciento.<\/p>\n<p>NUEVAS RUTAS<\/p>\n<p>Otro tema que se toca, debido al aumento ya se\u00f1alado en la industria, es que otras empresas y destinos quieren m\u00e1s vuelos hacia Canc\u00fan, por lo que mantendr\u00e1n reuniones con diversas aerol\u00edneas como TAR, Magnicharters, Sunway y Delta, por mencionar algunas<\/p>\n","protected":false},"excerpt":{"rendered":"<p>Debido a que m\u00e1s de la mitad de las empresas del ramo tur\u00edstico que operan en Quintana Roo son norteamericanas, se acord\u00f3 una reuni\u00f3n comercial entre las empresas de este sector de ambos pa\u00edses, para mayo. Se trata de algo que nunca se hab\u00eda hecho antes, pues apenas el a\u00f1o pasado se consolid\u00f3 el contacto [&hellip;]<\/p>\n","protected":false},"author":17,"featured_media":19623,"comment_status":"open","ping_status":"open","sticky":false,"template":"","format":"standard","meta":{"footnotes":""},"categories":[29,6],"tags":[9404,534,1339,1024,353,9405,238],"yoast_head":"<!-- This site is optimized with the Yoast SEO plugin v22.2 - https:\/\/yoast.com\/wordpress\/plugins\/seo\/ -->\n<title>Habr\u00e1 encuentro binacional de empresas tur\u00edsticas en Quintana Roo - Nitu - Noticias de la Industria Turistica<\/title>\n<meta name=\"description\" content=\"Debido a que m\u00e1s de la mitad de las empresas del ramo tur\u00edstico que operan en Quintana Roo son norteamericanas, se acord\u00f3 una reuni\u00f3n comercial entre las empresas de este sector de ambos pa\u00edses.\" \/>\n<meta name=\"robots\" content=\"index, follow, max-snippet:-1, max-image-preview:large, max-video-preview:-1\" \/>\n<link rel=\"canonical\" href=\"https:\/\/nitu.mx\/index.php\/2018\/04\/17\/habra-encuentro-binacional-de-empresas-turisticas-en-quintana-roo\/\" \/>\n<meta name=\"twitter:card\" content=\"summary_large_image\" \/>\n<meta name=\"twitter:title\" content=\"Habr\u00e1 encuentro binacional de empresas tur\u00edsticas en Quintana Roo - Nitu - Noticias de la Industria Turistica\" \/>\n<meta name=\"twitter:description\" content=\"Debido a que m\u00e1s de la mitad de las empresas del ramo tur\u00edstico que operan en Quintana Roo son norteamericanas, se acord\u00f3 una reuni\u00f3n comercial entre las empresas de este sector de ambos pa\u00edses.\" \/>\n<meta name=\"twitter:image\" content=\"https:\/\/nitu.mx\/wp-content\/uploads\/2018\/04\/marisol-vanegas-quintana-roo.jpg\" \/>\n<meta name=\"twitter:creator\" content=\"@NITUmx\" \/>\n<meta name=\"twitter:site\" content=\"@Arturo_Medina_G\" \/>\n<meta name=\"twitter:label1\" content=\"Escrito por\" \/>\n\t<meta name=\"twitter:data1\" content=\"Redacci\u00f3n\" \/>\n\t<meta name=\"twitter:label2\" content=\"Tiempo de lectura\" \/>\n\t<meta name=\"twitter:data2\" content=\"1 minuto\" \/>\n<script type=\"application\/ld+json\" class=\"yoast-schema-graph\">{\"@context\":\"https:\/\/schema.org\",\"@graph\":[{\"@type\":\"Article\",\"@id\":\"https:\/\/nitu.mx\/index.php\/2018\/04\/17\/habra-encuentro-binacional-de-empresas-turisticas-en-quintana-roo\/#article\",\"isPartOf\":{\"@id\":\"https:\/\/nitu.mx\/index.php\/2018\/04\/17\/habra-encuentro-binacional-de-empresas-turisticas-en-quintana-roo\/\"},\"author\":{\"name\":\"Redacci\u00f3n\",\"@id\":\"https:\/\/nitu.mx\/#\/schema\/person\/4a28fe9bd65924f7c90623773daf1b0b\"},\"headline\":\"Habr\u00e1 encuentro binacional de empresas tur\u00edsticas en Quintana Roo\",\"datePublished\":\"2018-04-18T04:29:52+00:00\",\"dateModified\":\"2018-04-18T05:18:43+00:00\",\"mainEntityOfPage\":{\"@id\":\"https:\/\/nitu.mx\/index.php\/2018\/04\/17\/habra-encuentro-binacional-de-empresas-turisticas-en-quintana-roo\/\"},\"wordCount\":280,\"commentCount\":0,\"publisher\":{\"@id\":\"https:\/\/nitu.mx\/#\/schema\/person\/ae7a53426417292d3dd07b45a33e01bc\"},\"image\":{\"@id\":\"https:\/\/nitu.mx\/index.php\/2018\/04\/17\/habra-encuentro-binacional-de-empresas-turisticas-en-quintana-roo\/#primaryimage\"},\"thumbnailUrl\":\"https:\/\/nitu.mx\/wp-content\/uploads\/2018\/04\/marisol-vanegas-quintana-roo.jpg\",\"keywords\":[\"C\u00e1mara de Comercio de EU\",\"Delta\",\"Magnicharters\",\"Marisol Vanegas\",\"Secretaria de Turismo de Quintana Roo\",\"Sunway\",\"TAR\"],\"articleSection\":[\"Aerol\u00edneas\",\"M\u00e9xico\"],\"inLanguage\":\"es-MX\",\"potentialAction\":[{\"@type\":\"CommentAction\",\"name\":\"Comment\",\"target\":[\"https:\/\/nitu.mx\/index.php\/2018\/04\/17\/habra-encuentro-binacional-de-empresas-turisticas-en-quintana-roo\/#respond\"]}]},{\"@type\":\"WebPage\",\"@id\":\"https:\/\/nitu.mx\/index.php\/2018\/04\/17\/habra-encuentro-binacional-de-empresas-turisticas-en-quintana-roo\/\",\"url\":\"https:\/\/nitu.mx\/index.php\/2018\/04\/17\/habra-encuentro-binacional-de-empresas-turisticas-en-quintana-roo\/\",\"name\":\"Habr\u00e1 encuentro binacional de empresas tur\u00edsticas en Quintana Roo - Nitu - Noticias de la Industria Turistica\",\"isPartOf\":{\"@id\":\"https:\/\/nitu.mx\/#website\"},\"primaryImageOfPage\":{\"@id\":\"https:\/\/nitu.mx\/index.php\/2018\/04\/17\/habra-encuentro-binacional-de-empresas-turisticas-en-quintana-roo\/#primaryimage\"},\"image\":{\"@id\":\"https:\/\/nitu.mx\/index.php\/2018\/04\/17\/habra-encuentro-binacional-de-empresas-turisticas-en-quintana-roo\/#primaryimage\"},\"thumbnailUrl\":\"https:\/\/nitu.mx\/wp-content\/uploads\/2018\/04\/marisol-vanegas-quintana-roo.jpg\",\"datePublished\":\"2018-04-18T04:29:52+00:00\",\"dateModified\":\"2018-04-18T05:18:43+00:00\",\"description\":\"Debido a que m\u00e1s de la mitad de las empresas del ramo tur\u00edstico que operan en Quintana Roo son norteamericanas, se acord\u00f3 una reuni\u00f3n comercial entre las empresas de este sector de ambos pa\u00edses.\",\"breadcrumb\":{\"@id\":\"https:\/\/nitu.mx\/index.php\/2018\/04\/17\/habra-encuentro-binacional-de-empresas-turisticas-en-quintana-roo\/#breadcrumb\"},\"inLanguage\":\"es-MX\",\"potentialAction\":[{\"@type\":\"ReadAction\",\"target\":[\"https:\/\/nitu.mx\/index.php\/2018\/04\/17\/habra-encuentro-binacional-de-empresas-turisticas-en-quintana-roo\/\"]}]},{\"@type\":\"ImageObject\",\"inLanguage\":\"es-MX\",\"@id\":\"https:\/\/nitu.mx\/index.php\/2018\/04\/17\/habra-encuentro-binacional-de-empresas-turisticas-en-quintana-roo\/#primaryimage\",\"url\":\"https:\/\/nitu.mx\/wp-content\/uploads\/2018\/04\/marisol-vanegas-quintana-roo.jpg\",\"contentUrl\":\"https:\/\/nitu.mx\/wp-content\/uploads\/2018\/04\/marisol-vanegas-quintana-roo.jpg\",\"width\":850,\"height\":480,\"caption\":\"marisol vanegas quintana roo\"},{\"@type\":\"BreadcrumbList\",\"@id\":\"https:\/\/nitu.mx\/index.php\/2018\/04\/17\/habra-encuentro-binacional-de-empresas-turisticas-en-quintana-roo\/#breadcrumb\",\"itemListElement\":[{\"@type\":\"ListItem\",\"position\":1,\"name\":\"Inicio\",\"item\":\"https:\/\/nitu.mx\/\"},{\"@type\":\"ListItem\",\"position\":2,\"name\":\"Habr\u00e1 encuentro binacional de empresas tur\u00edsticas en Quintana Roo\"}]},{\"@type\":\"WebSite\",\"@id\":\"https:\/\/nitu.mx\/#website\",\"url\":\"https:\/\/nitu.mx\/\",\"name\":\"Nitu - Noticias de la Industria Turistica\",\"description\":\"Noticias de la Industria Turistica\",\"publisher\":{\"@id\":\"https:\/\/nitu.mx\/#\/schema\/person\/ae7a53426417292d3dd07b45a33e01bc\"},\"alternateName\":\"Noticias de la Industria Turistica\",\"potentialAction\":[{\"@type\":\"SearchAction\",\"target\":{\"@type\":\"EntryPoint\",\"urlTemplate\":\"https:\/\/nitu.mx\/?s={search_term_string}\"},\"query-input\":\"required name=search_term_string\"}],\"inLanguage\":\"es-MX\"},{\"@type\":[\"Person\",\"Organization\"],\"@id\":\"https:\/\/nitu.mx\/#\/schema\/person\/ae7a53426417292d3dd07b45a33e01bc\",\"name\":\"Arturo Medina\",\"image\":{\"@type\":\"ImageObject\",\"inLanguage\":\"es-MX\",\"@id\":\"https:\/\/nitu.mx\/#\/schema\/person\/image\/\",\"url\":\"https:\/\/nitu.mx\/wp-content\/uploads\/2024\/04\/4A315622-1904-4D5C-B022-878CDC840E04-90x90-1.jpeg\",\"contentUrl\":\"https:\/\/nitu.mx\/wp-content\/uploads\/2024\/04\/4A315622-1904-4D5C-B022-878CDC840E04-90x90-1.jpeg\",\"width\":90,\"height\":90,\"caption\":\"Arturo Medina\"},\"logo\":{\"@id\":\"https:\/\/nitu.mx\/#\/schema\/person\/image\/\"},\"description\":\"Director NITU.mx, Egresado de la Escuela de Periodismo Carlos Septi\u00e9n Garc\u00eda. Periodista y analista especializado en turismo desde hace 35 a\u00f1os, radicado en Canc\u00fan Q.Roo. arturo@nitu.mx\",\"sameAs\":[\"https:\/\/nitu.mx\",\"https:\/\/www.facebook.com\/NITUmx\/\",\"medinacancun\",\"https:\/\/twitter.com\/@Arturo_Medina_G\"]},{\"@type\":\"Person\",\"@id\":\"https:\/\/nitu.mx\/#\/schema\/person\/4a28fe9bd65924f7c90623773daf1b0b\",\"name\":\"Redacci\u00f3n\",\"image\":{\"@type\":\"ImageObject\",\"inLanguage\":\"es-MX\",\"@id\":\"https:\/\/nitu.mx\/#\/schema\/person\/image\/\",\"url\":\"https:\/\/secure.gravatar.com\/avatar\/5dd011c8ccfc5cd7e4c81e42252aab38?s=96&d=mm&r=g\",\"contentUrl\":\"https:\/\/secure.gravatar.com\/avatar\/5dd011c8ccfc5cd7e4c81e42252aab38?s=96&d=mm&r=g\",\"caption\":\"Redacci\u00f3n\"},\"url\":\"https:\/\/nitu.mx\/index.php\/author\/redaccion\/\"}]}<\/script>\n<!-- \/ Yoast SEO plugin. -->","yoast_head_json":{"title":"Habr\u00e1 encuentro binacional de empresas tur\u00edsticas en Quintana Roo - Nitu - Noticias de la Industria Turistica","description":"Debido a que m\u00e1s de la mitad de las empresas del ramo tur\u00edstico que operan en Quintana Roo son norteamericanas, se acord\u00f3 una reuni\u00f3n comercial entre las empresas de este sector de ambos pa\u00edses.","robots":{"index":"index","follow":"follow","max-snippet":"max-snippet:-1","max-image-preview":"max-image-preview:large","max-video-preview":"max-video-preview:-1"},"canonical":"https:\/\/nitu.mx\/index.php\/2018\/04\/17\/habra-encuentro-binacional-de-empresas-turisticas-en-quintana-roo\/","twitter_card":"summary_large_image","twitter_title":"Habr\u00e1 encuentro binacional de empresas tur\u00edsticas en Quintana Roo - Nitu - Noticias de la Industria Turistica","twitter_description":"Debido a que m\u00e1s de la mitad de las empresas del ramo tur\u00edstico que operan en Quintana Roo son norteamericanas, se acord\u00f3 una reuni\u00f3n comercial entre las empresas de este sector de ambos pa\u00edses.","twitter_image":"https:\/\/nitu.mx\/wp-content\/uploads\/2018\/04\/marisol-vanegas-quintana-roo.jpg","twitter_creator":"@NITUmx","twitter_site":"@Arturo_Medina_G","twitter_misc":{"Escrito por":"Redacci\u00f3n","Tiempo de lectura":"1 minuto"},"schema":{"@context":"https:\/\/schema.org","@graph":[{"@type":"Article","@id":"https:\/\/nitu.mx\/index.php\/2018\/04\/17\/habra-encuentro-binacional-de-empresas-turisticas-en-quintana-roo\/#article","isPartOf":{"@id":"https:\/\/nitu.mx\/index.php\/2018\/04\/17\/habra-encuentro-binacional-de-empresas-turisticas-en-quintana-roo\/"},"author":{"name":"Redacci\u00f3n","@id":"https:\/\/nitu.mx\/#\/schema\/person\/4a28fe9bd65924f7c90623773daf1b0b"},"headline":"Habr\u00e1 encuentro binacional de empresas tur\u00edsticas en Quintana Roo","datePublished":"2018-04-18T04:29:52+00:00","dateModified":"2018-04-18T05:18:43+00:00","mainEntityOfPage":{"@id":"https:\/\/nitu.mx\/index.php\/2018\/04\/17\/habra-encuentro-binacional-de-empresas-turisticas-en-quintana-roo\/"},"wordCount":280,"commentCount":0,"publisher":{"@id":"https:\/\/nitu.mx\/#\/schema\/person\/ae7a53426417292d3dd07b45a33e01bc"},"image":{"@id":"https:\/\/nitu.mx\/index.php\/2018\/04\/17\/habra-encuentro-binacional-de-empresas-turisticas-en-quintana-roo\/#primaryimage"},"thumbnailUrl":"https:\/\/nitu.mx\/wp-content\/uploads\/2018\/04\/marisol-vanegas-quintana-roo.jpg","keywords":["C\u00e1mara de Comercio de EU","Delta","Magnicharters","Marisol Vanegas","Secretaria de Turismo de Quintana Roo","Sunway","TAR"],"articleSection":["Aerol\u00edneas","M\u00e9xico"],"inLanguage":"es-MX","potentialAction":[{"@type":"CommentAction","name":"Comment","target":["https:\/\/nitu.mx\/index.php\/2018\/04\/17\/habra-encuentro-binacional-de-empresas-turisticas-en-quintana-roo\/#respond"]}]},{"@type":"WebPage","@id":"https:\/\/nitu.mx\/index.php\/2018\/04\/17\/habra-encuentro-binacional-de-empresas-turisticas-en-quintana-roo\/","url":"https:\/\/nitu.mx\/index.php\/2018\/04\/17\/habra-encuentro-binacional-de-empresas-turisticas-en-quintana-roo\/","name":"Habr\u00e1 encuentro binacional de empresas tur\u00edsticas en Quintana Roo - Nitu - Noticias de la Industria Turistica","isPartOf":{"@id":"https:\/\/nitu.mx\/#website"},"primaryImageOfPage":{"@id":"https:\/\/nitu.mx\/index.php\/2018\/04\/17\/habra-encuentro-binacional-de-empresas-turisticas-en-quintana-roo\/#primaryimage"},"image":{"@id":"https:\/\/nitu.mx\/index.php\/2018\/04\/17\/habra-encuentro-binacional-de-empresas-turisticas-en-quintana-roo\/#primaryimage"},"thumbnailUrl":"https:\/\/nitu.mx\/wp-content\/uploads\/2018\/04\/marisol-vanegas-quintana-roo.jpg","datePublished":"2018-04-18T04:29:52+00:00","dateModified":"2018-04-18T05:18:43+00:00","description":"Debido a que m\u00e1s de la mitad de las empresas del ramo tur\u00edstico que operan en Quintana Roo son norteamericanas, se acord\u00f3 una reuni\u00f3n comercial entre las empresas de este sector de ambos pa\u00edses.","breadcrumb":{"@id":"https:\/\/nitu.mx\/index.php\/2018\/04\/17\/habra-encuentro-binacional-de-empresas-turisticas-en-quintana-roo\/#breadcrumb"},"inLanguage":"es-MX","potentialAction":[{"@type":"ReadAction","target":["https:\/\/nitu.mx\/index.php\/2018\/04\/17\/habra-encuentro-binacional-de-empresas-turisticas-en-quintana-roo\/"]}]},{"@type":"ImageObject","inLanguage":"es-MX","@id":"https:\/\/nitu.mx\/index.php\/2018\/04\/17\/habra-encuentro-binacional-de-empresas-turisticas-en-quintana-roo\/#primaryimage","url":"https:\/\/nitu.mx\/wp-content\/uploads\/2018\/04\/marisol-vanegas-quintana-roo.jpg","contentUrl":"https:\/\/nitu.mx\/wp-content\/uploads\/2018\/04\/marisol-vanegas-quintana-roo.jpg","width":850,"height":480,"caption":"marisol vanegas quintana roo"},{"@type":"BreadcrumbList","@id":"https:\/\/nitu.mx\/index.php\/2018\/04\/17\/habra-encuentro-binacional-de-empresas-turisticas-en-quintana-roo\/#breadcrumb","itemListElement":[{"@type":"ListItem","position":1,"name":"Inicio","item":"https:\/\/nitu.mx\/"},{"@type":"ListItem","position":2,"name":"Habr\u00e1 encuentro binacional de empresas tur\u00edsticas en Quintana Roo"}]},{"@type":"WebSite","@id":"https:\/\/nitu.mx\/#website","url":"https:\/\/nitu.mx\/","name":"Nitu - Noticias de la Industria Turistica","description":"Noticias de la Industria Turistica","publisher":{"@id":"https:\/\/nitu.mx\/#\/schema\/person\/ae7a53426417292d3dd07b45a33e01bc"},"alternateName":"Noticias de la Industria Turistica","potentialAction":[{"@type":"SearchAction","target":{"@type":"EntryPoint","urlTemplate":"https:\/\/nitu.mx\/?s={search_term_string}"},"query-input":"required name=search_term_string"}],"inLanguage":"es-MX"},{"@type":["Person","Organization"],"@id":"https:\/\/nitu.mx\/#\/schema\/person\/ae7a53426417292d3dd07b45a33e01bc","name":"Arturo Medina","image":{"@type":"ImageObject","inLanguage":"es-MX","@id":"https:\/\/nitu.mx\/#\/schema\/person\/image\/","url":"https:\/\/nitu.mx\/wp-content\/uploads\/2024\/04\/4A315622-1904-4D5C-B022-878CDC840E04-90x90-1.jpeg","contentUrl":"https:\/\/nitu.mx\/wp-content\/uploads\/2024\/04\/4A315622-1904-4D5C-B022-878CDC840E04-90x90-1.jpeg","width":90,"height":90,"caption":"Arturo Medina"},"logo":{"@id":"https:\/\/nitu.mx\/#\/schema\/person\/image\/"},"description":"Director NITU.mx, Egresado de la Escuela de Periodismo Carlos Septi\u00e9n Garc\u00eda. Periodista y analista especializado en turismo desde hace 35 a\u00f1os, radicado en Canc\u00fan Q.Roo. arturo@nitu.mx","sameAs":["https:\/\/nitu.mx","https:\/\/www.facebook.com\/NITUmx\/","medinacancun","https:\/\/twitter.com\/@Arturo_Medina_G"]},{"@type":"Person","@id":"https:\/\/nitu.mx\/#\/schema\/person\/4a28fe9bd65924f7c90623773daf1b0b","name":"Redacci\u00f3n","image":{"@type":"ImageObject","inLanguage":"es-MX","@id":"https:\/\/nitu.mx\/#\/schema\/person\/image\/","url":"https:\/\/secure.gravatar.com\/avatar\/5dd011c8ccfc5cd7e4c81e42252aab38?s=96&d=mm&r=g","contentUrl":"https:\/\/secure.gravatar.com\/avatar\/5dd011c8ccfc5cd7e4c81e42252aab38?s=96&d=mm&r=g","caption":"Redacci\u00f3n"},"url":"https:\/\/nitu.mx\/index.php\/author\/redaccion\/"}]}},"views":258,"_links":{"self":[{"href":"https:\/\/nitu.mx\/index.php\/wp-json\/wp\/v2\/posts\/19611"}],"collection":[{"href":"https:\/\/nitu.mx\/index.php\/wp-json\/wp\/v2\/posts"}],"about":[{"href":"https:\/\/nitu.mx\/index.php\/wp-json\/wp\/v2\/types\/post"}],"author":[{"embeddable":true,"href":"https:\/\/nitu.mx\/index.php\/wp-json\/wp\/v2\/users\/17"}],"replies":[{"embeddable":true,"href":"https:\/\/nitu.mx\/index.php\/wp-json\/wp\/v2\/comments?post=19611"}],"version-history":[{"count":3,"href":"https:\/\/nitu.mx\/index.php\/wp-json\/wp\/v2\/posts\/19611\/revisions"}],"predecessor-version":[{"id":19625,"href":"https:\/\/nitu.mx\/index.php\/wp-json\/wp\/v2\/posts\/19611\/revisions\/19625"}],"wp:featuredmedia":[{"embeddable":true,"href":"https:\/\/nitu.mx\/index.php\/wp-json\/wp\/v2\/media\/19623"}],"wp:attachment":[{"href":"https:\/\/nitu.mx\/index.php\/wp-json\/wp\/v2\/media?parent=19611"}],"wp:term":[{"taxonomy":"category","embeddable":true,"href":"https:\/\/nitu.mx\/index.php\/wp-json\/wp\/v2\/categories?post=19611"},{"taxonomy":"post_tag","embeddable":true,"href":"https:\/\/nitu.mx\/index.php\/wp-json\/wp\/v2\/tags?post=19611"}],"curies":[{"name":"wp","href":"https:\/\/api.w.org\/{rel}","templated":true}]}}