{"id":19472,"date":"2018-04-16T00:05:32","date_gmt":"2018-04-16T05:05:32","guid":{"rendered":"http:\/\/www.dev.nitu.mx\/?p=19472"},"modified":"2018-04-16T00:32:52","modified_gmt":"2018-04-16T05:32:52","slug":"interjet-abrira-mas-de-20-nuevas-rutas-nacionales","status":"publish","type":"post","link":"https:\/\/nitu.mx\/index.php\/2018\/04\/16\/interjet-abrira-mas-de-20-nuevas-rutas-nacionales\/","title":{"rendered":"Interjet abrir\u00e1 m\u00e1s de 20 nuevas rutas nacionales"},"content":{"rendered":"<p>Con el compromiso de apoyar la actividad tur\u00edstica, Interjet proyecta abrir m\u00e1s de 20 rutas nacionales con el objetivo de construir una red de conectividad a\u00e9rea al interior del pa\u00eds.<\/p>\n<p>Durante el primer trimestre de 2018 Interjet transport\u00f3 831 mil 126 pasajeros en operaciones internacionales, lo que representa un incremento superior a 38 por ciento en comparaci\u00f3n con el a\u00f1o anterior.<\/p>\n<p>En lo que respecta a rutas nacionales, la empresa transport\u00f3 2 millones 356 mil 979 pasajeros, lo que signific\u00f3 un incremento de 9.1 por ciento comparado con 2017. Dichas cifras confirman la solidez del plan de crecimiento de la aerol\u00ednea.\u00a0<a title=\"Interjet apuesta a detonar aeropuertos regionales\" href=\"http:\/\/www.dev.nitu.mx\/index.php\/2018\/04\/12\/interjet-apuesta-a-detonar-aeropuertos-regionales\/\" rel=\"bookmark\">(Interjet apuesta a detonar aeropuertos regionales<\/a>).<\/p>\n<p>\u201cCon estas cifras que registramos en el primer trimestre de 2018, Interjet apuesta por mejorar la conectividad a\u00e9rea nacional. Por ello aseguramos que nuestra aerol\u00ednea ser\u00e1 la m\u00e1s competitiva al poner al alcance de sus clientes una inmejorable red de rutas y conexiones que har\u00e1n de Interjet la mejor opci\u00f3n para viajar\u201d, asegur\u00f3 Julio Gamero, director ejecutivo comercial de Interjet.<\/p>\n<p>Cabe destacar que en 2017, Interjet report\u00f3 el traslado de 12 millones 377 mil 777 clientes, lo que representa un incremento de 11.29 por ciento con respecto a 2016. La aerol\u00ednea moviliz\u00f3 a 9 millones 603 mil 845 pasajeros nacionales, seis por ciento m\u00e1s en comparaci\u00f3n con 2016.<\/p>\n<p>Por ello, en el Tianguis Tur\u00edstico de M\u00e9xico, que se llevar\u00e1 a cabo en Mazatl\u00e1n, Sinaloa, ejecutivos de Interjet se reunir\u00e1n con los secretarios de Turismo de los estados del pa\u00eds con el fin de establecer una alianza para fortalecer la conectividad y el turismo del pa\u00eds.<\/p>\n<p>Actualmente, la aerol\u00ednea cuenta con 80 aeronaves que atienden m\u00e1s de 55 destinos nacionales e internacionales. Cabe destacar que durante 2017 transport\u00f3 a 2 millones 773 mil 932 pasajeros en operaciones internacionales, lo que representa un incremento de m\u00e1s del 35 por ciento en comparaci\u00f3n con el a\u00f1o anterior.<\/p>\n<p>Es importante se\u00f1alar que en los primeros meses de este a\u00f1o, Interjet recibi\u00f3 dos de los ocho Airbus A321neo con capacidad para 192 asientos que permitir\u00e1n transportar m\u00e1s pasajeros, sin sacrificar la comodidad y el espacio que caracterizan a la aerol\u00ednea, pero con 20 por ciento menos de consumo de combustible.<\/p>\n<p>&nbsp;<\/p>\n","protected":false},"excerpt":{"rendered":"<p>Con el compromiso de apoyar la actividad tur\u00edstica, Interjet proyecta abrir m\u00e1s de 20 rutas nacionales con el objetivo de construir una red de conectividad a\u00e9rea al interior del pa\u00eds. Durante el primer trimestre de 2018 Interjet transport\u00f3 831 mil 126 pasajeros en operaciones internacionales, lo que representa un incremento superior a 38 por ciento [&hellip;]<\/p>\n","protected":false},"author":17,"featured_media":17109,"comment_status":"open","ping_status":"open","sticky":false,"template":"","format":"standard","meta":{"footnotes":""},"categories":[29,6],"tags":[3735,172,9306,38],"yoast_head":"<!-- This site is optimized with the Yoast SEO plugin v22.2 - https:\/\/yoast.com\/wordpress\/plugins\/seo\/ -->\n<title>Interjet abrir\u00e1 m\u00e1s de 20 nuevas rutas nacionales - Nitu - Noticias de la Industria Turistica<\/title>\n<meta name=\"description\" content=\"Interjet proyecta abrir m\u00e1s de 20 rutas nacionales con el objetivo de construir una red de conectividad a\u00e9rea al interior del pa\u00eds.\" \/>\n<meta name=\"robots\" content=\"index, follow, max-snippet:-1, max-image-preview:large, max-video-preview:-1\" \/>\n<link rel=\"canonical\" href=\"https:\/\/nitu.mx\/index.php\/2018\/04\/16\/interjet-abrira-mas-de-20-nuevas-rutas-nacionales\/\" \/>\n<meta name=\"twitter:card\" content=\"summary_large_image\" \/>\n<meta name=\"twitter:title\" content=\"Interjet abrir\u00e1 m\u00e1s de 20 nuevas rutas nacionales - Nitu - Noticias de la Industria Turistica\" \/>\n<meta name=\"twitter:description\" content=\"Interjet proyecta abrir m\u00e1s de 20 rutas nacionales con el objetivo de construir una red de conectividad a\u00e9rea al interior del pa\u00eds.\" \/>\n<meta name=\"twitter:image\" content=\"https:\/\/nitu.mx\/wp-content\/uploads\/2018\/01\/11interjet-848x478-1.jpg\" \/>\n<meta name=\"twitter:creator\" content=\"@NITUmx\" \/>\n<meta name=\"twitter:site\" content=\"@Arturo_Medina_G\" \/>\n<meta name=\"twitter:label1\" content=\"Escrito por\" \/>\n\t<meta name=\"twitter:data1\" content=\"Redacci\u00f3n\" \/>\n\t<meta name=\"twitter:label2\" content=\"Tiempo de lectura\" \/>\n\t<meta name=\"twitter:data2\" content=\"2 minutos\" \/>\n<script type=\"application\/ld+json\" class=\"yoast-schema-graph\">{\"@context\":\"https:\/\/schema.org\",\"@graph\":[{\"@type\":\"Article\",\"@id\":\"https:\/\/nitu.mx\/index.php\/2018\/04\/16\/interjet-abrira-mas-de-20-nuevas-rutas-nacionales\/#article\",\"isPartOf\":{\"@id\":\"https:\/\/nitu.mx\/index.php\/2018\/04\/16\/interjet-abrira-mas-de-20-nuevas-rutas-nacionales\/\"},\"author\":{\"name\":\"Redacci\u00f3n\",\"@id\":\"https:\/\/nitu.mx\/#\/schema\/person\/4a28fe9bd65924f7c90623773daf1b0b\"},\"headline\":\"Interjet abrir\u00e1 m\u00e1s de 20 nuevas rutas nacionales\",\"datePublished\":\"2018-04-16T05:05:32+00:00\",\"dateModified\":\"2018-04-16T05:32:52+00:00\",\"mainEntityOfPage\":{\"@id\":\"https:\/\/nitu.mx\/index.php\/2018\/04\/16\/interjet-abrira-mas-de-20-nuevas-rutas-nacionales\/\"},\"wordCount\":373,\"commentCount\":0,\"publisher\":{\"@id\":\"https:\/\/nitu.mx\/#\/schema\/person\/ae7a53426417292d3dd07b45a33e01bc\"},\"image\":{\"@id\":\"https:\/\/nitu.mx\/index.php\/2018\/04\/16\/interjet-abrira-mas-de-20-nuevas-rutas-nacionales\/#primaryimage\"},\"thumbnailUrl\":\"https:\/\/nitu.mx\/wp-content\/uploads\/2018\/01\/11interjet-848x478-1.jpg\",\"keywords\":[\"Aerol\u00ednea\",\"Interjet\",\"rutas nacionales\",\"Tianguis Tur\u00edstico de M\u00e9xico\"],\"articleSection\":[\"Aerol\u00edneas\",\"M\u00e9xico\"],\"inLanguage\":\"es-MX\",\"potentialAction\":[{\"@type\":\"CommentAction\",\"name\":\"Comment\",\"target\":[\"https:\/\/nitu.mx\/index.php\/2018\/04\/16\/interjet-abrira-mas-de-20-nuevas-rutas-nacionales\/#respond\"]}]},{\"@type\":\"WebPage\",\"@id\":\"https:\/\/nitu.mx\/index.php\/2018\/04\/16\/interjet-abrira-mas-de-20-nuevas-rutas-nacionales\/\",\"url\":\"https:\/\/nitu.mx\/index.php\/2018\/04\/16\/interjet-abrira-mas-de-20-nuevas-rutas-nacionales\/\",\"name\":\"Interjet abrir\u00e1 m\u00e1s de 20 nuevas rutas nacionales - Nitu - Noticias de la Industria Turistica\",\"isPartOf\":{\"@id\":\"https:\/\/nitu.mx\/#website\"},\"primaryImageOfPage\":{\"@id\":\"https:\/\/nitu.mx\/index.php\/2018\/04\/16\/interjet-abrira-mas-de-20-nuevas-rutas-nacionales\/#primaryimage\"},\"image\":{\"@id\":\"https:\/\/nitu.mx\/index.php\/2018\/04\/16\/interjet-abrira-mas-de-20-nuevas-rutas-nacionales\/#primaryimage\"},\"thumbnailUrl\":\"https:\/\/nitu.mx\/wp-content\/uploads\/2018\/01\/11interjet-848x478-1.jpg\",\"datePublished\":\"2018-04-16T05:05:32+00:00\",\"dateModified\":\"2018-04-16T05:32:52+00:00\",\"description\":\"Interjet proyecta abrir m\u00e1s de 20 rutas nacionales con el objetivo de construir una red de conectividad a\u00e9rea al interior del pa\u00eds.\",\"breadcrumb\":{\"@id\":\"https:\/\/nitu.mx\/index.php\/2018\/04\/16\/interjet-abrira-mas-de-20-nuevas-rutas-nacionales\/#breadcrumb\"},\"inLanguage\":\"es-MX\",\"potentialAction\":[{\"@type\":\"ReadAction\",\"target\":[\"https:\/\/nitu.mx\/index.php\/2018\/04\/16\/interjet-abrira-mas-de-20-nuevas-rutas-nacionales\/\"]}]},{\"@type\":\"ImageObject\",\"inLanguage\":\"es-MX\",\"@id\":\"https:\/\/nitu.mx\/index.php\/2018\/04\/16\/interjet-abrira-mas-de-20-nuevas-rutas-nacionales\/#primaryimage\",\"url\":\"https:\/\/nitu.mx\/wp-content\/uploads\/2018\/01\/11interjet-848x478-1.jpg\",\"contentUrl\":\"https:\/\/nitu.mx\/wp-content\/uploads\/2018\/01\/11interjet-848x478-1.jpg\",\"width\":850,\"height\":480,\"caption\":\"Interjet Vacations Sabre\"},{\"@type\":\"BreadcrumbList\",\"@id\":\"https:\/\/nitu.mx\/index.php\/2018\/04\/16\/interjet-abrira-mas-de-20-nuevas-rutas-nacionales\/#breadcrumb\",\"itemListElement\":[{\"@type\":\"ListItem\",\"position\":1,\"name\":\"Inicio\",\"item\":\"https:\/\/nitu.mx\/\"},{\"@type\":\"ListItem\",\"position\":2,\"name\":\"Interjet abrir\u00e1 m\u00e1s de 20 nuevas rutas nacionales\"}]},{\"@type\":\"WebSite\",\"@id\":\"https:\/\/nitu.mx\/#website\",\"url\":\"https:\/\/nitu.mx\/\",\"name\":\"Nitu - Noticias de la Industria Turistica\",\"description\":\"Noticias de la Industria Turistica\",\"publisher\":{\"@id\":\"https:\/\/nitu.mx\/#\/schema\/person\/ae7a53426417292d3dd07b45a33e01bc\"},\"alternateName\":\"Noticias de la Industria Turistica\",\"potentialAction\":[{\"@type\":\"SearchAction\",\"target\":{\"@type\":\"EntryPoint\",\"urlTemplate\":\"https:\/\/nitu.mx\/?s={search_term_string}\"},\"query-input\":\"required name=search_term_string\"}],\"inLanguage\":\"es-MX\"},{\"@type\":[\"Person\",\"Organization\"],\"@id\":\"https:\/\/nitu.mx\/#\/schema\/person\/ae7a53426417292d3dd07b45a33e01bc\",\"name\":\"Arturo Medina\",\"image\":{\"@type\":\"ImageObject\",\"inLanguage\":\"es-MX\",\"@id\":\"https:\/\/nitu.mx\/#\/schema\/person\/image\/\",\"url\":\"https:\/\/nitu.mx\/wp-content\/uploads\/2024\/04\/4A315622-1904-4D5C-B022-878CDC840E04-90x90-1.jpeg\",\"contentUrl\":\"https:\/\/nitu.mx\/wp-content\/uploads\/2024\/04\/4A315622-1904-4D5C-B022-878CDC840E04-90x90-1.jpeg\",\"width\":90,\"height\":90,\"caption\":\"Arturo Medina\"},\"logo\":{\"@id\":\"https:\/\/nitu.mx\/#\/schema\/person\/image\/\"},\"description\":\"Director NITU.mx, Egresado de la Escuela de Periodismo Carlos Septi\u00e9n Garc\u00eda. Periodista y analista especializado en turismo desde hace 35 a\u00f1os, radicado en Canc\u00fan Q.Roo. arturo@nitu.mx\",\"sameAs\":[\"https:\/\/nitu.mx\",\"https:\/\/www.facebook.com\/NITUmx\/\",\"medinacancun\",\"https:\/\/twitter.com\/@Arturo_Medina_G\"]},{\"@type\":\"Person\",\"@id\":\"https:\/\/nitu.mx\/#\/schema\/person\/4a28fe9bd65924f7c90623773daf1b0b\",\"name\":\"Redacci\u00f3n\",\"image\":{\"@type\":\"ImageObject\",\"inLanguage\":\"es-MX\",\"@id\":\"https:\/\/nitu.mx\/#\/schema\/person\/image\/\",\"url\":\"https:\/\/secure.gravatar.com\/avatar\/5dd011c8ccfc5cd7e4c81e42252aab38?s=96&d=mm&r=g\",\"contentUrl\":\"https:\/\/secure.gravatar.com\/avatar\/5dd011c8ccfc5cd7e4c81e42252aab38?s=96&d=mm&r=g\",\"caption\":\"Redacci\u00f3n\"},\"url\":\"https:\/\/nitu.mx\/index.php\/author\/redaccion\/\"}]}<\/script>\n<!-- \/ Yoast SEO plugin. -->","yoast_head_json":{"title":"Interjet abrir\u00e1 m\u00e1s de 20 nuevas rutas nacionales - Nitu - Noticias de la Industria Turistica","description":"Interjet proyecta abrir m\u00e1s de 20 rutas nacionales con el objetivo de construir una red de conectividad a\u00e9rea al interior del pa\u00eds.","robots":{"index":"index","follow":"follow","max-snippet":"max-snippet:-1","max-image-preview":"max-image-preview:large","max-video-preview":"max-video-preview:-1"},"canonical":"https:\/\/nitu.mx\/index.php\/2018\/04\/16\/interjet-abrira-mas-de-20-nuevas-rutas-nacionales\/","twitter_card":"summary_large_image","twitter_title":"Interjet abrir\u00e1 m\u00e1s de 20 nuevas rutas nacionales - Nitu - Noticias de la Industria Turistica","twitter_description":"Interjet proyecta abrir m\u00e1s de 20 rutas nacionales con el objetivo de construir una red de conectividad a\u00e9rea al interior del pa\u00eds.","twitter_image":"https:\/\/nitu.mx\/wp-content\/uploads\/2018\/01\/11interjet-848x478-1.jpg","twitter_creator":"@NITUmx","twitter_site":"@Arturo_Medina_G","twitter_misc":{"Escrito por":"Redacci\u00f3n","Tiempo de lectura":"2 minutos"},"schema":{"@context":"https:\/\/schema.org","@graph":[{"@type":"Article","@id":"https:\/\/nitu.mx\/index.php\/2018\/04\/16\/interjet-abrira-mas-de-20-nuevas-rutas-nacionales\/#article","isPartOf":{"@id":"https:\/\/nitu.mx\/index.php\/2018\/04\/16\/interjet-abrira-mas-de-20-nuevas-rutas-nacionales\/"},"author":{"name":"Redacci\u00f3n","@id":"https:\/\/nitu.mx\/#\/schema\/person\/4a28fe9bd65924f7c90623773daf1b0b"},"headline":"Interjet abrir\u00e1 m\u00e1s de 20 nuevas rutas nacionales","datePublished":"2018-04-16T05:05:32+00:00","dateModified":"2018-04-16T05:32:52+00:00","mainEntityOfPage":{"@id":"https:\/\/nitu.mx\/index.php\/2018\/04\/16\/interjet-abrira-mas-de-20-nuevas-rutas-nacionales\/"},"wordCount":373,"commentCount":0,"publisher":{"@id":"https:\/\/nitu.mx\/#\/schema\/person\/ae7a53426417292d3dd07b45a33e01bc"},"image":{"@id":"https:\/\/nitu.mx\/index.php\/2018\/04\/16\/interjet-abrira-mas-de-20-nuevas-rutas-nacionales\/#primaryimage"},"thumbnailUrl":"https:\/\/nitu.mx\/wp-content\/uploads\/2018\/01\/11interjet-848x478-1.jpg","keywords":["Aerol\u00ednea","Interjet","rutas nacionales","Tianguis Tur\u00edstico de M\u00e9xico"],"articleSection":["Aerol\u00edneas","M\u00e9xico"],"inLanguage":"es-MX","potentialAction":[{"@type":"CommentAction","name":"Comment","target":["https:\/\/nitu.mx\/index.php\/2018\/04\/16\/interjet-abrira-mas-de-20-nuevas-rutas-nacionales\/#respond"]}]},{"@type":"WebPage","@id":"https:\/\/nitu.mx\/index.php\/2018\/04\/16\/interjet-abrira-mas-de-20-nuevas-rutas-nacionales\/","url":"https:\/\/nitu.mx\/index.php\/2018\/04\/16\/interjet-abrira-mas-de-20-nuevas-rutas-nacionales\/","name":"Interjet abrir\u00e1 m\u00e1s de 20 nuevas rutas nacionales - Nitu - Noticias de la Industria Turistica","isPartOf":{"@id":"https:\/\/nitu.mx\/#website"},"primaryImageOfPage":{"@id":"https:\/\/nitu.mx\/index.php\/2018\/04\/16\/interjet-abrira-mas-de-20-nuevas-rutas-nacionales\/#primaryimage"},"image":{"@id":"https:\/\/nitu.mx\/index.php\/2018\/04\/16\/interjet-abrira-mas-de-20-nuevas-rutas-nacionales\/#primaryimage"},"thumbnailUrl":"https:\/\/nitu.mx\/wp-content\/uploads\/2018\/01\/11interjet-848x478-1.jpg","datePublished":"2018-04-16T05:05:32+00:00","dateModified":"2018-04-16T05:32:52+00:00","description":"Interjet proyecta abrir m\u00e1s de 20 rutas nacionales con el objetivo de construir una red de conectividad a\u00e9rea al interior del pa\u00eds.","breadcrumb":{"@id":"https:\/\/nitu.mx\/index.php\/2018\/04\/16\/interjet-abrira-mas-de-20-nuevas-rutas-nacionales\/#breadcrumb"},"inLanguage":"es-MX","potentialAction":[{"@type":"ReadAction","target":["https:\/\/nitu.mx\/index.php\/2018\/04\/16\/interjet-abrira-mas-de-20-nuevas-rutas-nacionales\/"]}]},{"@type":"ImageObject","inLanguage":"es-MX","@id":"https:\/\/nitu.mx\/index.php\/2018\/04\/16\/interjet-abrira-mas-de-20-nuevas-rutas-nacionales\/#primaryimage","url":"https:\/\/nitu.mx\/wp-content\/uploads\/2018\/01\/11interjet-848x478-1.jpg","contentUrl":"https:\/\/nitu.mx\/wp-content\/uploads\/2018\/01\/11interjet-848x478-1.jpg","width":850,"height":480,"caption":"Interjet Vacations Sabre"},{"@type":"BreadcrumbList","@id":"https:\/\/nitu.mx\/index.php\/2018\/04\/16\/interjet-abrira-mas-de-20-nuevas-rutas-nacionales\/#breadcrumb","itemListElement":[{"@type":"ListItem","position":1,"name":"Inicio","item":"https:\/\/nitu.mx\/"},{"@type":"ListItem","position":2,"name":"Interjet abrir\u00e1 m\u00e1s de 20 nuevas rutas nacionales"}]},{"@type":"WebSite","@id":"https:\/\/nitu.mx\/#website","url":"https:\/\/nitu.mx\/","name":"Nitu - Noticias de la Industria Turistica","description":"Noticias de la Industria Turistica","publisher":{"@id":"https:\/\/nitu.mx\/#\/schema\/person\/ae7a53426417292d3dd07b45a33e01bc"},"alternateName":"Noticias de la Industria Turistica","potentialAction":[{"@type":"SearchAction","target":{"@type":"EntryPoint","urlTemplate":"https:\/\/nitu.mx\/?s={search_term_string}"},"query-input":"required name=search_term_string"}],"inLanguage":"es-MX"},{"@type":["Person","Organization"],"@id":"https:\/\/nitu.mx\/#\/schema\/person\/ae7a53426417292d3dd07b45a33e01bc","name":"Arturo Medina","image":{"@type":"ImageObject","inLanguage":"es-MX","@id":"https:\/\/nitu.mx\/#\/schema\/person\/image\/","url":"https:\/\/nitu.mx\/wp-content\/uploads\/2024\/04\/4A315622-1904-4D5C-B022-878CDC840E04-90x90-1.jpeg","contentUrl":"https:\/\/nitu.mx\/wp-content\/uploads\/2024\/04\/4A315622-1904-4D5C-B022-878CDC840E04-90x90-1.jpeg","width":90,"height":90,"caption":"Arturo Medina"},"logo":{"@id":"https:\/\/nitu.mx\/#\/schema\/person\/image\/"},"description":"Director NITU.mx, Egresado de la Escuela de Periodismo Carlos Septi\u00e9n Garc\u00eda. Periodista y analista especializado en turismo desde hace 35 a\u00f1os, radicado en Canc\u00fan Q.Roo. arturo@nitu.mx","sameAs":["https:\/\/nitu.mx","https:\/\/www.facebook.com\/NITUmx\/","medinacancun","https:\/\/twitter.com\/@Arturo_Medina_G"]},{"@type":"Person","@id":"https:\/\/nitu.mx\/#\/schema\/person\/4a28fe9bd65924f7c90623773daf1b0b","name":"Redacci\u00f3n","image":{"@type":"ImageObject","inLanguage":"es-MX","@id":"https:\/\/nitu.mx\/#\/schema\/person\/image\/","url":"https:\/\/secure.gravatar.com\/avatar\/5dd011c8ccfc5cd7e4c81e42252aab38?s=96&d=mm&r=g","contentUrl":"https:\/\/secure.gravatar.com\/avatar\/5dd011c8ccfc5cd7e4c81e42252aab38?s=96&d=mm&r=g","caption":"Redacci\u00f3n"},"url":"https:\/\/nitu.mx\/index.php\/author\/redaccion\/"}]}},"views":199,"_links":{"self":[{"href":"https:\/\/nitu.mx\/index.php\/wp-json\/wp\/v2\/posts\/19472"}],"collection":[{"href":"https:\/\/nitu.mx\/index.php\/wp-json\/wp\/v2\/posts"}],"about":[{"href":"https:\/\/nitu.mx\/index.php\/wp-json\/wp\/v2\/types\/post"}],"author":[{"embeddable":true,"href":"https:\/\/nitu.mx\/index.php\/wp-json\/wp\/v2\/users\/17"}],"replies":[{"embeddable":true,"href":"https:\/\/nitu.mx\/index.php\/wp-json\/wp\/v2\/comments?post=19472"}],"version-history":[{"count":3,"href":"https:\/\/nitu.mx\/index.php\/wp-json\/wp\/v2\/posts\/19472\/revisions"}],"predecessor-version":[{"id":19521,"href":"https:\/\/nitu.mx\/index.php\/wp-json\/wp\/v2\/posts\/19472\/revisions\/19521"}],"wp:featuredmedia":[{"embeddable":true,"href":"https:\/\/nitu.mx\/index.php\/wp-json\/wp\/v2\/media\/17109"}],"wp:attachment":[{"href":"https:\/\/nitu.mx\/index.php\/wp-json\/wp\/v2\/media?parent=19472"}],"wp:term":[{"taxonomy":"category","embeddable":true,"href":"https:\/\/nitu.mx\/index.php\/wp-json\/wp\/v2\/categories?post=19472"},{"taxonomy":"post_tag","embeddable":true,"href":"https:\/\/nitu.mx\/index.php\/wp-json\/wp\/v2\/tags?post=19472"}],"curies":[{"name":"wp","href":"https:\/\/api.w.org\/{rel}","templated":true}]}}