{"id":19431,"date":"2018-04-12T23:52:45","date_gmt":"2018-04-13T04:52:45","guid":{"rendered":"http:\/\/www.dev.nitu.mx\/?p=19431"},"modified":"2018-04-13T00:52:53","modified_gmt":"2018-04-13T05:52:53","slug":"interjet-apuesta-a-detonar-aeropuertos-regionales","status":"publish","type":"post","link":"https:\/\/nitu.mx\/index.php\/2018\/04\/12\/interjet-apuesta-a-detonar-aeropuertos-regionales\/","title":{"rendered":"Interjet apuesta a detonar aeropuertos regionales"},"content":{"rendered":"<p>Interjet espera cristalizar en el 2018 su objetivo de impulsar una red nacional de conectividad en el pa\u00eds m\u00e1s all\u00e1 de la Ciudad de M\u00e9xico, por lo que prev\u00e9n que las m\u00e1s de 30 rutas que abrir\u00e1n este a\u00f1o no toquen el Aeropuerto Internacional de la Ciudad de M\u00e9xico (AICM).<\/p>\n<p>\u201cDesde el \u00faltimo trimestre del 2017 comenzamos el plan de hacer una malla dom\u00e9stica mucho m\u00e1s poderosa sin tocar la Ciudad de M\u00e9xico. Hay una red aeroportuaria muy interesante ya construida, muchos de los aeropuertos no est\u00e1n siendo utilizados (&#8230;) es un mercado virgen. Queremos dar oportunidades de conectividad a muchas ciudades\u201d, se\u00f1al\u00f3 Jos\u00e9 Luis Garza, director general de Interjet en entrevista con el diario El Economista.<\/p>\n<p>En conferencia de prensa, el directivo explic\u00f3 que la limitante de no tener slots en el AICM es una f\u00f3rmula creativa para poder seguir creciendo tanto en el mercado nacional como el internacional sin tener que pasar por el AICM.<\/p>\n<p>\u201cEstamos trabajando con los grupos aeroportuarios y gobiernos estatales. Nuestro argumento con OMA, GAP, ASUR y tambi\u00e9n con el GACM es \u201cay\u00fadame a destrabar este mercado. Por ejemplo, se trata de bajar la TUA (Tarifa de Uso de Aeropuerto) para poder desarrollar tambi\u00e9n una ruta nueva. Esa reducci\u00f3n de TUA se traducir\u00eda en la reducci\u00f3n del precio del boleto\u201d.<\/p>\n<p>Ejemplific\u00f3 con el caso del aeropuerto de Canc\u00fan: \u201cVemos aeropuertos que tienen muy poco tr\u00e1fico y una TUA alt\u00edsima y vemos un Canc\u00fan que tiene una enorme cantidad de tr\u00e1fico y su TUA es las m\u00e1s barata en todo el pa\u00eds. No todo es el AICM, hay mucho m\u00e1s que se puede explotar. Se trata de no tener una visi\u00f3n tan centralista\u201d. (<a title=\"Interjet abre en junio nuevas rutas Guanajuato-Texas\" href=\"http:\/\/www.dev.nitu.mx\/index.php\/2018\/03\/25\/interjet-abre-en-junio-nuevas-rutas-guanajuato-texas\/\" rel=\"bookmark\">Interjet abre en junio nuevas rutas Guanajuato-Texas<\/a>).<\/p>\n<p>Respecto al tema del nuevo aeropuerto, Garza consider\u00f3 que el turismo y el pa\u00eds no se van a frenar por el futuro que pueda tener esta obra, aunque es un hecho que la CDMX requiere de m\u00e1s capacidad aeroportuaria\u201d. Julio Gamero, director ejecutivo comercial de la aerol\u00ednea, aclar\u00f3 que el enfocarse en otros aeropuertos del pa\u00eds no significa que se descuidar\u00e1 al de la CDMX. \u201cNosotros no estamos dejando de crecer ah\u00ed (AICM), muchos de los aviones medianos y peque\u00f1os los estamos sustituyendo por A321 que tienen m\u00e1s capacidad, seguimos creciendo org\u00e1nicamente\u201d.<\/p>\n<p>Al cierre del primer trimestre del 2018, Interjet transport\u00f3 831,126 pasajeros en operaciones internacionales, un crecimiento anual de 38 por ciento. En rutas nacionales, transport\u00f3 a 2.3 millones, un alza de 9.1 por ciento.<\/p>\n","protected":false},"excerpt":{"rendered":"<p>Interjet espera cristalizar en el 2018 su objetivo de impulsar una red nacional de conectividad en el pa\u00eds m\u00e1s all\u00e1 de la Ciudad de M\u00e9xico, por lo que prev\u00e9n que las m\u00e1s de 30 rutas que abrir\u00e1n este a\u00f1o no toquen el Aeropuerto Internacional de la Ciudad de M\u00e9xico (AICM). \u201cDesde el \u00faltimo trimestre del [&hellip;]<\/p>\n","protected":false},"author":17,"featured_media":16581,"comment_status":"open","ping_status":"open","sticky":false,"template":"","format":"standard","meta":{"footnotes":""},"categories":[29,6],"tags":[536,294,43,702,325,7100,701,695,7379],"yoast_head":"<!-- This site is optimized with the Yoast SEO plugin v22.2 - https:\/\/yoast.com\/wordpress\/plugins\/seo\/ -->\n<title>Interjet apuesta a detonar aeropuertos regionales - Nitu - Noticias de la Industria Turistica<\/title>\n<meta name=\"robots\" content=\"index, follow, max-snippet:-1, max-image-preview:large, max-video-preview:-1\" \/>\n<link rel=\"canonical\" href=\"https:\/\/nitu.mx\/index.php\/2018\/04\/12\/interjet-apuesta-a-detonar-aeropuertos-regionales\/\" \/>\n<meta name=\"twitter:card\" content=\"summary_large_image\" \/>\n<meta name=\"twitter:title\" content=\"Interjet apuesta a detonar aeropuertos regionales - Nitu - Noticias de la Industria Turistica\" \/>\n<meta name=\"twitter:description\" content=\"Interjet espera cristalizar en el 2018 su objetivo de impulsar una red nacional de conectividad en el pa\u00eds m\u00e1s all\u00e1 de la Ciudad de M\u00e9xico, por lo que prev\u00e9n que las m\u00e1s de 30 rutas que abrir\u00e1n este a\u00f1o no toquen el Aeropuerto Internacional de la Ciudad de M\u00e9xico (AICM). \u201cDesde el \u00faltimo trimestre del [&hellip;]\" \/>\n<meta name=\"twitter:image\" content=\"https:\/\/nitu.mx\/wp-content\/uploads\/2018\/01\/Interjet-Superjet100.jpg\" \/>\n<meta name=\"twitter:creator\" content=\"@NITUmx\" \/>\n<meta name=\"twitter:site\" content=\"@Arturo_Medina_G\" \/>\n<meta name=\"twitter:label1\" content=\"Escrito por\" \/>\n\t<meta name=\"twitter:data1\" content=\"Redacci\u00f3n\" \/>\n\t<meta name=\"twitter:label2\" content=\"Tiempo de lectura\" \/>\n\t<meta name=\"twitter:data2\" content=\"2 minutos\" \/>\n<script type=\"application\/ld+json\" class=\"yoast-schema-graph\">{\"@context\":\"https:\/\/schema.org\",\"@graph\":[{\"@type\":\"Article\",\"@id\":\"https:\/\/nitu.mx\/index.php\/2018\/04\/12\/interjet-apuesta-a-detonar-aeropuertos-regionales\/#article\",\"isPartOf\":{\"@id\":\"https:\/\/nitu.mx\/index.php\/2018\/04\/12\/interjet-apuesta-a-detonar-aeropuertos-regionales\/\"},\"author\":{\"name\":\"Redacci\u00f3n\",\"@id\":\"https:\/\/nitu.mx\/#\/schema\/person\/4a28fe9bd65924f7c90623773daf1b0b\"},\"headline\":\"Interjet apuesta a detonar aeropuertos regionales\",\"datePublished\":\"2018-04-13T04:52:45+00:00\",\"dateModified\":\"2018-04-13T05:52:53+00:00\",\"mainEntityOfPage\":{\"@id\":\"https:\/\/nitu.mx\/index.php\/2018\/04\/12\/interjet-apuesta-a-detonar-aeropuertos-regionales\/\"},\"wordCount\":444,\"commentCount\":0,\"publisher\":{\"@id\":\"https:\/\/nitu.mx\/#\/schema\/person\/ae7a53426417292d3dd07b45a33e01bc\"},\"image\":{\"@id\":\"https:\/\/nitu.mx\/index.php\/2018\/04\/12\/interjet-apuesta-a-detonar-aeropuertos-regionales\/#primaryimage\"},\"thumbnailUrl\":\"https:\/\/nitu.mx\/wp-content\/uploads\/2018\/01\/Interjet-Superjet100.jpg\",\"keywords\":[\"Aeropuerto Internacional de la Ciudad de M\u00e9xico\",\"AICM\",\"Canc\u00fan\",\"GAP\",\"Jos\u00e9 Luis Garza\",\"Julio Gamero\",\"OMA\",\"Tarifa de Uso de Aeropuerto\",\"TUA\"],\"articleSection\":[\"Aerol\u00edneas\",\"M\u00e9xico\"],\"inLanguage\":\"es-MX\",\"potentialAction\":[{\"@type\":\"CommentAction\",\"name\":\"Comment\",\"target\":[\"https:\/\/nitu.mx\/index.php\/2018\/04\/12\/interjet-apuesta-a-detonar-aeropuertos-regionales\/#respond\"]}]},{\"@type\":\"WebPage\",\"@id\":\"https:\/\/nitu.mx\/index.php\/2018\/04\/12\/interjet-apuesta-a-detonar-aeropuertos-regionales\/\",\"url\":\"https:\/\/nitu.mx\/index.php\/2018\/04\/12\/interjet-apuesta-a-detonar-aeropuertos-regionales\/\",\"name\":\"Interjet apuesta a detonar aeropuertos regionales - Nitu - Noticias de la Industria Turistica\",\"isPartOf\":{\"@id\":\"https:\/\/nitu.mx\/#website\"},\"primaryImageOfPage\":{\"@id\":\"https:\/\/nitu.mx\/index.php\/2018\/04\/12\/interjet-apuesta-a-detonar-aeropuertos-regionales\/#primaryimage\"},\"image\":{\"@id\":\"https:\/\/nitu.mx\/index.php\/2018\/04\/12\/interjet-apuesta-a-detonar-aeropuertos-regionales\/#primaryimage\"},\"thumbnailUrl\":\"https:\/\/nitu.mx\/wp-content\/uploads\/2018\/01\/Interjet-Superjet100.jpg\",\"datePublished\":\"2018-04-13T04:52:45+00:00\",\"dateModified\":\"2018-04-13T05:52:53+00:00\",\"breadcrumb\":{\"@id\":\"https:\/\/nitu.mx\/index.php\/2018\/04\/12\/interjet-apuesta-a-detonar-aeropuertos-regionales\/#breadcrumb\"},\"inLanguage\":\"es-MX\",\"potentialAction\":[{\"@type\":\"ReadAction\",\"target\":[\"https:\/\/nitu.mx\/index.php\/2018\/04\/12\/interjet-apuesta-a-detonar-aeropuertos-regionales\/\"]}]},{\"@type\":\"ImageObject\",\"inLanguage\":\"es-MX\",\"@id\":\"https:\/\/nitu.mx\/index.php\/2018\/04\/12\/interjet-apuesta-a-detonar-aeropuertos-regionales\/#primaryimage\",\"url\":\"https:\/\/nitu.mx\/wp-content\/uploads\/2018\/01\/Interjet-Superjet100.jpg\",\"contentUrl\":\"https:\/\/nitu.mx\/wp-content\/uploads\/2018\/01\/Interjet-Superjet100.jpg\",\"width\":850,\"height\":480,\"caption\":\"Interjet Superjet100\"},{\"@type\":\"BreadcrumbList\",\"@id\":\"https:\/\/nitu.mx\/index.php\/2018\/04\/12\/interjet-apuesta-a-detonar-aeropuertos-regionales\/#breadcrumb\",\"itemListElement\":[{\"@type\":\"ListItem\",\"position\":1,\"name\":\"Inicio\",\"item\":\"https:\/\/nitu.mx\/\"},{\"@type\":\"ListItem\",\"position\":2,\"name\":\"Interjet apuesta a detonar aeropuertos regionales\"}]},{\"@type\":\"WebSite\",\"@id\":\"https:\/\/nitu.mx\/#website\",\"url\":\"https:\/\/nitu.mx\/\",\"name\":\"Nitu - Noticias de la Industria Turistica\",\"description\":\"Noticias de la Industria Turistica\",\"publisher\":{\"@id\":\"https:\/\/nitu.mx\/#\/schema\/person\/ae7a53426417292d3dd07b45a33e01bc\"},\"alternateName\":\"Noticias de la Industria Turistica\",\"potentialAction\":[{\"@type\":\"SearchAction\",\"target\":{\"@type\":\"EntryPoint\",\"urlTemplate\":\"https:\/\/nitu.mx\/?s={search_term_string}\"},\"query-input\":\"required name=search_term_string\"}],\"inLanguage\":\"es-MX\"},{\"@type\":[\"Person\",\"Organization\"],\"@id\":\"https:\/\/nitu.mx\/#\/schema\/person\/ae7a53426417292d3dd07b45a33e01bc\",\"name\":\"Arturo Medina\",\"image\":{\"@type\":\"ImageObject\",\"inLanguage\":\"es-MX\",\"@id\":\"https:\/\/nitu.mx\/#\/schema\/person\/image\/\",\"url\":\"https:\/\/nitu.mx\/wp-content\/uploads\/2024\/04\/4A315622-1904-4D5C-B022-878CDC840E04-90x90-1.jpeg\",\"contentUrl\":\"https:\/\/nitu.mx\/wp-content\/uploads\/2024\/04\/4A315622-1904-4D5C-B022-878CDC840E04-90x90-1.jpeg\",\"width\":90,\"height\":90,\"caption\":\"Arturo Medina\"},\"logo\":{\"@id\":\"https:\/\/nitu.mx\/#\/schema\/person\/image\/\"},\"description\":\"Director NITU.mx, Egresado de la Escuela de Periodismo Carlos Septi\u00e9n Garc\u00eda. Periodista y analista especializado en turismo desde hace 35 a\u00f1os, radicado en Canc\u00fan Q.Roo. arturo@nitu.mx\",\"sameAs\":[\"https:\/\/nitu.mx\",\"https:\/\/www.facebook.com\/NITUmx\/\",\"medinacancun\",\"https:\/\/twitter.com\/@Arturo_Medina_G\"]},{\"@type\":\"Person\",\"@id\":\"https:\/\/nitu.mx\/#\/schema\/person\/4a28fe9bd65924f7c90623773daf1b0b\",\"name\":\"Redacci\u00f3n\",\"image\":{\"@type\":\"ImageObject\",\"inLanguage\":\"es-MX\",\"@id\":\"https:\/\/nitu.mx\/#\/schema\/person\/image\/\",\"url\":\"https:\/\/secure.gravatar.com\/avatar\/5dd011c8ccfc5cd7e4c81e42252aab38?s=96&d=mm&r=g\",\"contentUrl\":\"https:\/\/secure.gravatar.com\/avatar\/5dd011c8ccfc5cd7e4c81e42252aab38?s=96&d=mm&r=g\",\"caption\":\"Redacci\u00f3n\"},\"url\":\"https:\/\/nitu.mx\/index.php\/author\/redaccion\/\"}]}<\/script>\n<!-- \/ Yoast SEO plugin. -->","yoast_head_json":{"title":"Interjet apuesta a detonar aeropuertos regionales - Nitu - Noticias de la Industria Turistica","robots":{"index":"index","follow":"follow","max-snippet":"max-snippet:-1","max-image-preview":"max-image-preview:large","max-video-preview":"max-video-preview:-1"},"canonical":"https:\/\/nitu.mx\/index.php\/2018\/04\/12\/interjet-apuesta-a-detonar-aeropuertos-regionales\/","twitter_card":"summary_large_image","twitter_title":"Interjet apuesta a detonar aeropuertos regionales - Nitu - Noticias de la Industria Turistica","twitter_description":"Interjet espera cristalizar en el 2018 su objetivo de impulsar una red nacional de conectividad en el pa\u00eds m\u00e1s all\u00e1 de la Ciudad de M\u00e9xico, por lo que prev\u00e9n que las m\u00e1s de 30 rutas que abrir\u00e1n este a\u00f1o no toquen el Aeropuerto Internacional de la Ciudad de M\u00e9xico (AICM). \u201cDesde el \u00faltimo trimestre del [&hellip;]","twitter_image":"https:\/\/nitu.mx\/wp-content\/uploads\/2018\/01\/Interjet-Superjet100.jpg","twitter_creator":"@NITUmx","twitter_site":"@Arturo_Medina_G","twitter_misc":{"Escrito por":"Redacci\u00f3n","Tiempo de lectura":"2 minutos"},"schema":{"@context":"https:\/\/schema.org","@graph":[{"@type":"Article","@id":"https:\/\/nitu.mx\/index.php\/2018\/04\/12\/interjet-apuesta-a-detonar-aeropuertos-regionales\/#article","isPartOf":{"@id":"https:\/\/nitu.mx\/index.php\/2018\/04\/12\/interjet-apuesta-a-detonar-aeropuertos-regionales\/"},"author":{"name":"Redacci\u00f3n","@id":"https:\/\/nitu.mx\/#\/schema\/person\/4a28fe9bd65924f7c90623773daf1b0b"},"headline":"Interjet apuesta a detonar aeropuertos regionales","datePublished":"2018-04-13T04:52:45+00:00","dateModified":"2018-04-13T05:52:53+00:00","mainEntityOfPage":{"@id":"https:\/\/nitu.mx\/index.php\/2018\/04\/12\/interjet-apuesta-a-detonar-aeropuertos-regionales\/"},"wordCount":444,"commentCount":0,"publisher":{"@id":"https:\/\/nitu.mx\/#\/schema\/person\/ae7a53426417292d3dd07b45a33e01bc"},"image":{"@id":"https:\/\/nitu.mx\/index.php\/2018\/04\/12\/interjet-apuesta-a-detonar-aeropuertos-regionales\/#primaryimage"},"thumbnailUrl":"https:\/\/nitu.mx\/wp-content\/uploads\/2018\/01\/Interjet-Superjet100.jpg","keywords":["Aeropuerto Internacional de la Ciudad de M\u00e9xico","AICM","Canc\u00fan","GAP","Jos\u00e9 Luis Garza","Julio Gamero","OMA","Tarifa de Uso de Aeropuerto","TUA"],"articleSection":["Aerol\u00edneas","M\u00e9xico"],"inLanguage":"es-MX","potentialAction":[{"@type":"CommentAction","name":"Comment","target":["https:\/\/nitu.mx\/index.php\/2018\/04\/12\/interjet-apuesta-a-detonar-aeropuertos-regionales\/#respond"]}]},{"@type":"WebPage","@id":"https:\/\/nitu.mx\/index.php\/2018\/04\/12\/interjet-apuesta-a-detonar-aeropuertos-regionales\/","url":"https:\/\/nitu.mx\/index.php\/2018\/04\/12\/interjet-apuesta-a-detonar-aeropuertos-regionales\/","name":"Interjet apuesta a detonar aeropuertos regionales - Nitu - Noticias de la Industria Turistica","isPartOf":{"@id":"https:\/\/nitu.mx\/#website"},"primaryImageOfPage":{"@id":"https:\/\/nitu.mx\/index.php\/2018\/04\/12\/interjet-apuesta-a-detonar-aeropuertos-regionales\/#primaryimage"},"image":{"@id":"https:\/\/nitu.mx\/index.php\/2018\/04\/12\/interjet-apuesta-a-detonar-aeropuertos-regionales\/#primaryimage"},"thumbnailUrl":"https:\/\/nitu.mx\/wp-content\/uploads\/2018\/01\/Interjet-Superjet100.jpg","datePublished":"2018-04-13T04:52:45+00:00","dateModified":"2018-04-13T05:52:53+00:00","breadcrumb":{"@id":"https:\/\/nitu.mx\/index.php\/2018\/04\/12\/interjet-apuesta-a-detonar-aeropuertos-regionales\/#breadcrumb"},"inLanguage":"es-MX","potentialAction":[{"@type":"ReadAction","target":["https:\/\/nitu.mx\/index.php\/2018\/04\/12\/interjet-apuesta-a-detonar-aeropuertos-regionales\/"]}]},{"@type":"ImageObject","inLanguage":"es-MX","@id":"https:\/\/nitu.mx\/index.php\/2018\/04\/12\/interjet-apuesta-a-detonar-aeropuertos-regionales\/#primaryimage","url":"https:\/\/nitu.mx\/wp-content\/uploads\/2018\/01\/Interjet-Superjet100.jpg","contentUrl":"https:\/\/nitu.mx\/wp-content\/uploads\/2018\/01\/Interjet-Superjet100.jpg","width":850,"height":480,"caption":"Interjet Superjet100"},{"@type":"BreadcrumbList","@id":"https:\/\/nitu.mx\/index.php\/2018\/04\/12\/interjet-apuesta-a-detonar-aeropuertos-regionales\/#breadcrumb","itemListElement":[{"@type":"ListItem","position":1,"name":"Inicio","item":"https:\/\/nitu.mx\/"},{"@type":"ListItem","position":2,"name":"Interjet apuesta a detonar aeropuertos regionales"}]},{"@type":"WebSite","@id":"https:\/\/nitu.mx\/#website","url":"https:\/\/nitu.mx\/","name":"Nitu - Noticias de la Industria Turistica","description":"Noticias de la Industria Turistica","publisher":{"@id":"https:\/\/nitu.mx\/#\/schema\/person\/ae7a53426417292d3dd07b45a33e01bc"},"alternateName":"Noticias de la Industria Turistica","potentialAction":[{"@type":"SearchAction","target":{"@type":"EntryPoint","urlTemplate":"https:\/\/nitu.mx\/?s={search_term_string}"},"query-input":"required name=search_term_string"}],"inLanguage":"es-MX"},{"@type":["Person","Organization"],"@id":"https:\/\/nitu.mx\/#\/schema\/person\/ae7a53426417292d3dd07b45a33e01bc","name":"Arturo Medina","image":{"@type":"ImageObject","inLanguage":"es-MX","@id":"https:\/\/nitu.mx\/#\/schema\/person\/image\/","url":"https:\/\/nitu.mx\/wp-content\/uploads\/2024\/04\/4A315622-1904-4D5C-B022-878CDC840E04-90x90-1.jpeg","contentUrl":"https:\/\/nitu.mx\/wp-content\/uploads\/2024\/04\/4A315622-1904-4D5C-B022-878CDC840E04-90x90-1.jpeg","width":90,"height":90,"caption":"Arturo Medina"},"logo":{"@id":"https:\/\/nitu.mx\/#\/schema\/person\/image\/"},"description":"Director NITU.mx, Egresado de la Escuela de Periodismo Carlos Septi\u00e9n Garc\u00eda. Periodista y analista especializado en turismo desde hace 35 a\u00f1os, radicado en Canc\u00fan Q.Roo. arturo@nitu.mx","sameAs":["https:\/\/nitu.mx","https:\/\/www.facebook.com\/NITUmx\/","medinacancun","https:\/\/twitter.com\/@Arturo_Medina_G"]},{"@type":"Person","@id":"https:\/\/nitu.mx\/#\/schema\/person\/4a28fe9bd65924f7c90623773daf1b0b","name":"Redacci\u00f3n","image":{"@type":"ImageObject","inLanguage":"es-MX","@id":"https:\/\/nitu.mx\/#\/schema\/person\/image\/","url":"https:\/\/secure.gravatar.com\/avatar\/5dd011c8ccfc5cd7e4c81e42252aab38?s=96&d=mm&r=g","contentUrl":"https:\/\/secure.gravatar.com\/avatar\/5dd011c8ccfc5cd7e4c81e42252aab38?s=96&d=mm&r=g","caption":"Redacci\u00f3n"},"url":"https:\/\/nitu.mx\/index.php\/author\/redaccion\/"}]}},"views":340,"_links":{"self":[{"href":"https:\/\/nitu.mx\/index.php\/wp-json\/wp\/v2\/posts\/19431"}],"collection":[{"href":"https:\/\/nitu.mx\/index.php\/wp-json\/wp\/v2\/posts"}],"about":[{"href":"https:\/\/nitu.mx\/index.php\/wp-json\/wp\/v2\/types\/post"}],"author":[{"embeddable":true,"href":"https:\/\/nitu.mx\/index.php\/wp-json\/wp\/v2\/users\/17"}],"replies":[{"embeddable":true,"href":"https:\/\/nitu.mx\/index.php\/wp-json\/wp\/v2\/comments?post=19431"}],"version-history":[{"count":3,"href":"https:\/\/nitu.mx\/index.php\/wp-json\/wp\/v2\/posts\/19431\/revisions"}],"predecessor-version":[{"id":19455,"href":"https:\/\/nitu.mx\/index.php\/wp-json\/wp\/v2\/posts\/19431\/revisions\/19455"}],"wp:featuredmedia":[{"embeddable":true,"href":"https:\/\/nitu.mx\/index.php\/wp-json\/wp\/v2\/media\/16581"}],"wp:attachment":[{"href":"https:\/\/nitu.mx\/index.php\/wp-json\/wp\/v2\/media?parent=19431"}],"wp:term":[{"taxonomy":"category","embeddable":true,"href":"https:\/\/nitu.mx\/index.php\/wp-json\/wp\/v2\/categories?post=19431"},{"taxonomy":"post_tag","embeddable":true,"href":"https:\/\/nitu.mx\/index.php\/wp-json\/wp\/v2\/tags?post=19431"}],"curies":[{"name":"wp","href":"https:\/\/api.w.org\/{rel}","templated":true}]}}