{"id":18913,"date":"2018-03-29T00:24:04","date_gmt":"2018-03-29T05:24:04","guid":{"rendered":"http:\/\/www.dev.nitu.mx\/?p=18913"},"modified":"2018-03-29T00:48:50","modified_gmt":"2018-03-29T05:48:50","slug":"airbnb-hospedara-a-mas-de-500-mil-turistas-en-semana-santa-y-pascua-en-mexico","status":"publish","type":"post","link":"https:\/\/nitu.mx\/index.php\/2018\/03\/29\/airbnb-hospedara-a-mas-de-500-mil-turistas-en-semana-santa-y-pascua-en-mexico\/","title":{"rendered":"Airbnb hospedar\u00e1 a m\u00e1s de 250 mil turistas en Semana Santa y Pascua en M\u00e9xico"},"content":{"rendered":"<p>De acuerdo con las estimaciones de la plataforma de hospedaje Airbnb, m\u00e1s de 250 mil mexicanos se alojar\u00e1n en alguno de los espacios que ofrece esta herramienta durante el pr\u00f3ximo periodo vacacional de Semana Santa y Semana de Pascua, cifra que representa casi el doble respecto al a\u00f1o anterior.<\/p>\n<p>El portal Pasillo Tur\u00edstico subray\u00f3 que M\u00e9xico se ha convertido en un importante factor en el crecimiento de Airbnb, pues para estas vacaciones tambi\u00e9n se estima la llegada de 300 mil extranjeros que utilizar\u00e1n esta forma de hospedaje; adem\u00e1s, nuestro pa\u00eds encabeza el Top 5 de destinos de Latinoam\u00e9rica, con m\u00e1s crecimiento para la Semana Santa y de Pascua.<\/p>\n<p>La Riviera Maya con 11 mil 619 reservas y la Ciudad de M\u00e9xico con nueve mil 478, suponen un crecimiento de 78 y 94 por ciento respectivamente, contra el mismo periodo del a\u00f1o anterior. Le siguen La Habana con nueve mil 89, R\u00edo de Janeiro con ocho mil 552 y cierra este listado Rep\u00fablica Dominicana con siete mil 859 reservas.<\/p>\n<p>Airbnb estima que los ingresos de un anfitri\u00f3n t\u00edpico ronden los 12 mil pesos, al compartir su casa esta Semana Santa. En M\u00e9xico hay afiliados m\u00e1s de 52 mil 500 anfitriones activos. Dentro de los destinos favoritos en nuestro pa\u00eds se encuentran Acapulco, Riviera Maya, Mazatl\u00e1n, la Ciudad de M\u00e9xico y Cuernavaca.<\/p>\n<p>Sin embargo, cinco destinos han mostrado un repunte importante de triple d\u00edgito para estas vacaciones: Le\u00f3n con 364 por ciento, Guadalajara 352 por ciento, San Luis Potos\u00ed 296 por ciento, Veracruz con 291 por ciento y Monterrey con 278 por ciento.\u00a0<a title=\"Preferred Hotels contraataca a Airbnb con su concepto Residences\" href=\"http:\/\/www.dev.nitu.mx\/index.php\/2018\/03\/21\/preferred-hotels-contraataca-a-airbnb-con-su-concepto-residences\/\" rel=\"bookmark\">(Preferred Hotels contraataca a Airbnb con su concepto Residences<\/a>).<\/p>\n","protected":false},"excerpt":{"rendered":"<p>De acuerdo con las estimaciones de la plataforma de hospedaje Airbnb, m\u00e1s de 250 mil mexicanos se alojar\u00e1n en alguno de los espacios que ofrece esta herramienta durante el pr\u00f3ximo periodo vacacional de Semana Santa y Semana de Pascua, cifra que representa casi el doble respecto al a\u00f1o anterior. El portal Pasillo Tur\u00edstico subray\u00f3 que [&hellip;]<\/p>\n","protected":false},"author":17,"featured_media":6238,"comment_status":"open","ping_status":"open","sticky":false,"template":"","format":"standard","meta":{"footnotes":""},"categories":[5,2],"tags":[1253,69,3820,80,3023],"yoast_head":"<!-- This site is optimized with the Yoast SEO plugin v22.2 - https:\/\/yoast.com\/wordpress\/plugins\/seo\/ -->\n<title>Airbnb hospedar\u00e1 a m\u00e1s de 250 mil turistas en Semana Santa y Pascua en M\u00e9xico - Nitu - Noticias de la Industria Turistica<\/title>\n<meta name=\"description\" content=\"De acuerdo con Airbnb, m\u00e1s de 250 mil mexicanos se alojar\u00e1n en alguno de los espacios que ofrece este pr\u00f3ximo periodo vacacional.\" \/>\n<meta name=\"robots\" content=\"index, follow, max-snippet:-1, max-image-preview:large, max-video-preview:-1\" \/>\n<link rel=\"canonical\" href=\"https:\/\/nitu.mx\/index.php\/2018\/03\/29\/airbnb-hospedara-a-mas-de-500-mil-turistas-en-semana-santa-y-pascua-en-mexico\/\" \/>\n<meta name=\"twitter:card\" content=\"summary_large_image\" \/>\n<meta name=\"twitter:title\" content=\"Airbnb hospedar\u00e1 a m\u00e1s de 250 mil turistas en Semana Santa y Pascua en M\u00e9xico - Nitu - Noticias de la Industria Turistica\" \/>\n<meta name=\"twitter:description\" content=\"De acuerdo con Airbnb, m\u00e1s de 250 mil mexicanos se alojar\u00e1n en alguno de los espacios que ofrece este pr\u00f3ximo periodo vacacional.\" \/>\n<meta name=\"twitter:image\" content=\"https:\/\/nitu.mx\/wp-content\/uploads\/2017\/01\/Airbnb-huespedes.jpg\" \/>\n<meta name=\"twitter:creator\" content=\"@NITUmx\" \/>\n<meta name=\"twitter:site\" content=\"@Arturo_Medina_G\" \/>\n<meta name=\"twitter:label1\" content=\"Escrito por\" \/>\n\t<meta name=\"twitter:data1\" content=\"Redacci\u00f3n\" \/>\n\t<meta name=\"twitter:label2\" content=\"Tiempo de lectura\" \/>\n\t<meta name=\"twitter:data2\" content=\"1 minuto\" \/>\n<script type=\"application\/ld+json\" class=\"yoast-schema-graph\">{\"@context\":\"https:\/\/schema.org\",\"@graph\":[{\"@type\":\"Article\",\"@id\":\"https:\/\/nitu.mx\/index.php\/2018\/03\/29\/airbnb-hospedara-a-mas-de-500-mil-turistas-en-semana-santa-y-pascua-en-mexico\/#article\",\"isPartOf\":{\"@id\":\"https:\/\/nitu.mx\/index.php\/2018\/03\/29\/airbnb-hospedara-a-mas-de-500-mil-turistas-en-semana-santa-y-pascua-en-mexico\/\"},\"author\":{\"name\":\"Redacci\u00f3n\",\"@id\":\"https:\/\/nitu.mx\/#\/schema\/person\/4a28fe9bd65924f7c90623773daf1b0b\"},\"headline\":\"Airbnb hospedar\u00e1 a m\u00e1s de 250 mil turistas en Semana Santa y Pascua en M\u00e9xico\",\"datePublished\":\"2018-03-29T05:24:04+00:00\",\"dateModified\":\"2018-03-29T05:48:50+00:00\",\"mainEntityOfPage\":{\"@id\":\"https:\/\/nitu.mx\/index.php\/2018\/03\/29\/airbnb-hospedara-a-mas-de-500-mil-turistas-en-semana-santa-y-pascua-en-mexico\/\"},\"wordCount\":292,\"commentCount\":0,\"publisher\":{\"@id\":\"https:\/\/nitu.mx\/#\/schema\/person\/ae7a53426417292d3dd07b45a33e01bc\"},\"image\":{\"@id\":\"https:\/\/nitu.mx\/index.php\/2018\/03\/29\/airbnb-hospedara-a-mas-de-500-mil-turistas-en-semana-santa-y-pascua-en-mexico\/#primaryimage\"},\"thumbnailUrl\":\"https:\/\/nitu.mx\/wp-content\/uploads\/2017\/01\/Airbnb-huespedes.jpg\",\"keywords\":[\"Airbnb\",\"Latinoam\u00e9rica\",\"Pascua\",\"Riviera Maya\",\"semana Santa\"],\"articleSection\":[\"Destinos\",\"Hoteles\"],\"inLanguage\":\"es-MX\",\"potentialAction\":[{\"@type\":\"CommentAction\",\"name\":\"Comment\",\"target\":[\"https:\/\/nitu.mx\/index.php\/2018\/03\/29\/airbnb-hospedara-a-mas-de-500-mil-turistas-en-semana-santa-y-pascua-en-mexico\/#respond\"]}]},{\"@type\":\"WebPage\",\"@id\":\"https:\/\/nitu.mx\/index.php\/2018\/03\/29\/airbnb-hospedara-a-mas-de-500-mil-turistas-en-semana-santa-y-pascua-en-mexico\/\",\"url\":\"https:\/\/nitu.mx\/index.php\/2018\/03\/29\/airbnb-hospedara-a-mas-de-500-mil-turistas-en-semana-santa-y-pascua-en-mexico\/\",\"name\":\"Airbnb hospedar\u00e1 a m\u00e1s de 250 mil turistas en Semana Santa y Pascua en M\u00e9xico - Nitu - Noticias de la Industria Turistica\",\"isPartOf\":{\"@id\":\"https:\/\/nitu.mx\/#website\"},\"primaryImageOfPage\":{\"@id\":\"https:\/\/nitu.mx\/index.php\/2018\/03\/29\/airbnb-hospedara-a-mas-de-500-mil-turistas-en-semana-santa-y-pascua-en-mexico\/#primaryimage\"},\"image\":{\"@id\":\"https:\/\/nitu.mx\/index.php\/2018\/03\/29\/airbnb-hospedara-a-mas-de-500-mil-turistas-en-semana-santa-y-pascua-en-mexico\/#primaryimage\"},\"thumbnailUrl\":\"https:\/\/nitu.mx\/wp-content\/uploads\/2017\/01\/Airbnb-huespedes.jpg\",\"datePublished\":\"2018-03-29T05:24:04+00:00\",\"dateModified\":\"2018-03-29T05:48:50+00:00\",\"description\":\"De acuerdo con Airbnb, m\u00e1s de 250 mil mexicanos se alojar\u00e1n en alguno de los espacios que ofrece este pr\u00f3ximo periodo vacacional.\",\"breadcrumb\":{\"@id\":\"https:\/\/nitu.mx\/index.php\/2018\/03\/29\/airbnb-hospedara-a-mas-de-500-mil-turistas-en-semana-santa-y-pascua-en-mexico\/#breadcrumb\"},\"inLanguage\":\"es-MX\",\"potentialAction\":[{\"@type\":\"ReadAction\",\"target\":[\"https:\/\/nitu.mx\/index.php\/2018\/03\/29\/airbnb-hospedara-a-mas-de-500-mil-turistas-en-semana-santa-y-pascua-en-mexico\/\"]}]},{\"@type\":\"ImageObject\",\"inLanguage\":\"es-MX\",\"@id\":\"https:\/\/nitu.mx\/index.php\/2018\/03\/29\/airbnb-hospedara-a-mas-de-500-mil-turistas-en-semana-santa-y-pascua-en-mexico\/#primaryimage\",\"url\":\"https:\/\/nitu.mx\/wp-content\/uploads\/2017\/01\/Airbnb-huespedes.jpg\",\"contentUrl\":\"https:\/\/nitu.mx\/wp-content\/uploads\/2017\/01\/Airbnb-huespedes.jpg\",\"width\":850,\"height\":480,\"caption\":\"Airbnb AMHM\"},{\"@type\":\"BreadcrumbList\",\"@id\":\"https:\/\/nitu.mx\/index.php\/2018\/03\/29\/airbnb-hospedara-a-mas-de-500-mil-turistas-en-semana-santa-y-pascua-en-mexico\/#breadcrumb\",\"itemListElement\":[{\"@type\":\"ListItem\",\"position\":1,\"name\":\"Inicio\",\"item\":\"https:\/\/nitu.mx\/\"},{\"@type\":\"ListItem\",\"position\":2,\"name\":\"Airbnb hospedar\u00e1 a m\u00e1s de 250 mil turistas en Semana Santa y Pascua en M\u00e9xico\"}]},{\"@type\":\"WebSite\",\"@id\":\"https:\/\/nitu.mx\/#website\",\"url\":\"https:\/\/nitu.mx\/\",\"name\":\"Nitu - Noticias de la Industria Turistica\",\"description\":\"Noticias de la Industria Turistica\",\"publisher\":{\"@id\":\"https:\/\/nitu.mx\/#\/schema\/person\/ae7a53426417292d3dd07b45a33e01bc\"},\"alternateName\":\"Noticias de la Industria Turistica\",\"potentialAction\":[{\"@type\":\"SearchAction\",\"target\":{\"@type\":\"EntryPoint\",\"urlTemplate\":\"https:\/\/nitu.mx\/?s={search_term_string}\"},\"query-input\":\"required name=search_term_string\"}],\"inLanguage\":\"es-MX\"},{\"@type\":[\"Person\",\"Organization\"],\"@id\":\"https:\/\/nitu.mx\/#\/schema\/person\/ae7a53426417292d3dd07b45a33e01bc\",\"name\":\"Arturo Medina\",\"image\":{\"@type\":\"ImageObject\",\"inLanguage\":\"es-MX\",\"@id\":\"https:\/\/nitu.mx\/#\/schema\/person\/image\/\",\"url\":\"https:\/\/nitu.mx\/wp-content\/uploads\/2024\/04\/4A315622-1904-4D5C-B022-878CDC840E04-90x90-1.jpeg\",\"contentUrl\":\"https:\/\/nitu.mx\/wp-content\/uploads\/2024\/04\/4A315622-1904-4D5C-B022-878CDC840E04-90x90-1.jpeg\",\"width\":90,\"height\":90,\"caption\":\"Arturo Medina\"},\"logo\":{\"@id\":\"https:\/\/nitu.mx\/#\/schema\/person\/image\/\"},\"description\":\"Director NITU.mx, Egresado de la Escuela de Periodismo Carlos Septi\u00e9n Garc\u00eda. Periodista y analista especializado en turismo desde hace 35 a\u00f1os, radicado en Canc\u00fan Q.Roo. arturo@nitu.mx\",\"sameAs\":[\"https:\/\/nitu.mx\",\"https:\/\/www.facebook.com\/NITUmx\/\",\"medinacancun\",\"https:\/\/twitter.com\/@Arturo_Medina_G\"]},{\"@type\":\"Person\",\"@id\":\"https:\/\/nitu.mx\/#\/schema\/person\/4a28fe9bd65924f7c90623773daf1b0b\",\"name\":\"Redacci\u00f3n\",\"image\":{\"@type\":\"ImageObject\",\"inLanguage\":\"es-MX\",\"@id\":\"https:\/\/nitu.mx\/#\/schema\/person\/image\/\",\"url\":\"https:\/\/secure.gravatar.com\/avatar\/5dd011c8ccfc5cd7e4c81e42252aab38?s=96&d=mm&r=g\",\"contentUrl\":\"https:\/\/secure.gravatar.com\/avatar\/5dd011c8ccfc5cd7e4c81e42252aab38?s=96&d=mm&r=g\",\"caption\":\"Redacci\u00f3n\"},\"url\":\"https:\/\/nitu.mx\/index.php\/author\/redaccion\/\"}]}<\/script>\n<!-- \/ Yoast SEO plugin. -->","yoast_head_json":{"title":"Airbnb hospedar\u00e1 a m\u00e1s de 250 mil turistas en Semana Santa y Pascua en M\u00e9xico - Nitu - Noticias de la Industria Turistica","description":"De acuerdo con Airbnb, m\u00e1s de 250 mil mexicanos se alojar\u00e1n en alguno de los espacios que ofrece este pr\u00f3ximo periodo vacacional.","robots":{"index":"index","follow":"follow","max-snippet":"max-snippet:-1","max-image-preview":"max-image-preview:large","max-video-preview":"max-video-preview:-1"},"canonical":"https:\/\/nitu.mx\/index.php\/2018\/03\/29\/airbnb-hospedara-a-mas-de-500-mil-turistas-en-semana-santa-y-pascua-en-mexico\/","twitter_card":"summary_large_image","twitter_title":"Airbnb hospedar\u00e1 a m\u00e1s de 250 mil turistas en Semana Santa y Pascua en M\u00e9xico - Nitu - Noticias de la Industria Turistica","twitter_description":"De acuerdo con Airbnb, m\u00e1s de 250 mil mexicanos se alojar\u00e1n en alguno de los espacios que ofrece este pr\u00f3ximo periodo vacacional.","twitter_image":"https:\/\/nitu.mx\/wp-content\/uploads\/2017\/01\/Airbnb-huespedes.jpg","twitter_creator":"@NITUmx","twitter_site":"@Arturo_Medina_G","twitter_misc":{"Escrito por":"Redacci\u00f3n","Tiempo de lectura":"1 minuto"},"schema":{"@context":"https:\/\/schema.org","@graph":[{"@type":"Article","@id":"https:\/\/nitu.mx\/index.php\/2018\/03\/29\/airbnb-hospedara-a-mas-de-500-mil-turistas-en-semana-santa-y-pascua-en-mexico\/#article","isPartOf":{"@id":"https:\/\/nitu.mx\/index.php\/2018\/03\/29\/airbnb-hospedara-a-mas-de-500-mil-turistas-en-semana-santa-y-pascua-en-mexico\/"},"author":{"name":"Redacci\u00f3n","@id":"https:\/\/nitu.mx\/#\/schema\/person\/4a28fe9bd65924f7c90623773daf1b0b"},"headline":"Airbnb hospedar\u00e1 a m\u00e1s de 250 mil turistas en Semana Santa y Pascua en M\u00e9xico","datePublished":"2018-03-29T05:24:04+00:00","dateModified":"2018-03-29T05:48:50+00:00","mainEntityOfPage":{"@id":"https:\/\/nitu.mx\/index.php\/2018\/03\/29\/airbnb-hospedara-a-mas-de-500-mil-turistas-en-semana-santa-y-pascua-en-mexico\/"},"wordCount":292,"commentCount":0,"publisher":{"@id":"https:\/\/nitu.mx\/#\/schema\/person\/ae7a53426417292d3dd07b45a33e01bc"},"image":{"@id":"https:\/\/nitu.mx\/index.php\/2018\/03\/29\/airbnb-hospedara-a-mas-de-500-mil-turistas-en-semana-santa-y-pascua-en-mexico\/#primaryimage"},"thumbnailUrl":"https:\/\/nitu.mx\/wp-content\/uploads\/2017\/01\/Airbnb-huespedes.jpg","keywords":["Airbnb","Latinoam\u00e9rica","Pascua","Riviera Maya","semana Santa"],"articleSection":["Destinos","Hoteles"],"inLanguage":"es-MX","potentialAction":[{"@type":"CommentAction","name":"Comment","target":["https:\/\/nitu.mx\/index.php\/2018\/03\/29\/airbnb-hospedara-a-mas-de-500-mil-turistas-en-semana-santa-y-pascua-en-mexico\/#respond"]}]},{"@type":"WebPage","@id":"https:\/\/nitu.mx\/index.php\/2018\/03\/29\/airbnb-hospedara-a-mas-de-500-mil-turistas-en-semana-santa-y-pascua-en-mexico\/","url":"https:\/\/nitu.mx\/index.php\/2018\/03\/29\/airbnb-hospedara-a-mas-de-500-mil-turistas-en-semana-santa-y-pascua-en-mexico\/","name":"Airbnb hospedar\u00e1 a m\u00e1s de 250 mil turistas en Semana Santa y Pascua en M\u00e9xico - Nitu - Noticias de la Industria Turistica","isPartOf":{"@id":"https:\/\/nitu.mx\/#website"},"primaryImageOfPage":{"@id":"https:\/\/nitu.mx\/index.php\/2018\/03\/29\/airbnb-hospedara-a-mas-de-500-mil-turistas-en-semana-santa-y-pascua-en-mexico\/#primaryimage"},"image":{"@id":"https:\/\/nitu.mx\/index.php\/2018\/03\/29\/airbnb-hospedara-a-mas-de-500-mil-turistas-en-semana-santa-y-pascua-en-mexico\/#primaryimage"},"thumbnailUrl":"https:\/\/nitu.mx\/wp-content\/uploads\/2017\/01\/Airbnb-huespedes.jpg","datePublished":"2018-03-29T05:24:04+00:00","dateModified":"2018-03-29T05:48:50+00:00","description":"De acuerdo con Airbnb, m\u00e1s de 250 mil mexicanos se alojar\u00e1n en alguno de los espacios que ofrece este pr\u00f3ximo periodo vacacional.","breadcrumb":{"@id":"https:\/\/nitu.mx\/index.php\/2018\/03\/29\/airbnb-hospedara-a-mas-de-500-mil-turistas-en-semana-santa-y-pascua-en-mexico\/#breadcrumb"},"inLanguage":"es-MX","potentialAction":[{"@type":"ReadAction","target":["https:\/\/nitu.mx\/index.php\/2018\/03\/29\/airbnb-hospedara-a-mas-de-500-mil-turistas-en-semana-santa-y-pascua-en-mexico\/"]}]},{"@type":"ImageObject","inLanguage":"es-MX","@id":"https:\/\/nitu.mx\/index.php\/2018\/03\/29\/airbnb-hospedara-a-mas-de-500-mil-turistas-en-semana-santa-y-pascua-en-mexico\/#primaryimage","url":"https:\/\/nitu.mx\/wp-content\/uploads\/2017\/01\/Airbnb-huespedes.jpg","contentUrl":"https:\/\/nitu.mx\/wp-content\/uploads\/2017\/01\/Airbnb-huespedes.jpg","width":850,"height":480,"caption":"Airbnb AMHM"},{"@type":"BreadcrumbList","@id":"https:\/\/nitu.mx\/index.php\/2018\/03\/29\/airbnb-hospedara-a-mas-de-500-mil-turistas-en-semana-santa-y-pascua-en-mexico\/#breadcrumb","itemListElement":[{"@type":"ListItem","position":1,"name":"Inicio","item":"https:\/\/nitu.mx\/"},{"@type":"ListItem","position":2,"name":"Airbnb hospedar\u00e1 a m\u00e1s de 250 mil turistas en Semana Santa y Pascua en M\u00e9xico"}]},{"@type":"WebSite","@id":"https:\/\/nitu.mx\/#website","url":"https:\/\/nitu.mx\/","name":"Nitu - Noticias de la Industria Turistica","description":"Noticias de la Industria Turistica","publisher":{"@id":"https:\/\/nitu.mx\/#\/schema\/person\/ae7a53426417292d3dd07b45a33e01bc"},"alternateName":"Noticias de la Industria Turistica","potentialAction":[{"@type":"SearchAction","target":{"@type":"EntryPoint","urlTemplate":"https:\/\/nitu.mx\/?s={search_term_string}"},"query-input":"required name=search_term_string"}],"inLanguage":"es-MX"},{"@type":["Person","Organization"],"@id":"https:\/\/nitu.mx\/#\/schema\/person\/ae7a53426417292d3dd07b45a33e01bc","name":"Arturo Medina","image":{"@type":"ImageObject","inLanguage":"es-MX","@id":"https:\/\/nitu.mx\/#\/schema\/person\/image\/","url":"https:\/\/nitu.mx\/wp-content\/uploads\/2024\/04\/4A315622-1904-4D5C-B022-878CDC840E04-90x90-1.jpeg","contentUrl":"https:\/\/nitu.mx\/wp-content\/uploads\/2024\/04\/4A315622-1904-4D5C-B022-878CDC840E04-90x90-1.jpeg","width":90,"height":90,"caption":"Arturo Medina"},"logo":{"@id":"https:\/\/nitu.mx\/#\/schema\/person\/image\/"},"description":"Director NITU.mx, Egresado de la Escuela de Periodismo Carlos Septi\u00e9n Garc\u00eda. Periodista y analista especializado en turismo desde hace 35 a\u00f1os, radicado en Canc\u00fan Q.Roo. arturo@nitu.mx","sameAs":["https:\/\/nitu.mx","https:\/\/www.facebook.com\/NITUmx\/","medinacancun","https:\/\/twitter.com\/@Arturo_Medina_G"]},{"@type":"Person","@id":"https:\/\/nitu.mx\/#\/schema\/person\/4a28fe9bd65924f7c90623773daf1b0b","name":"Redacci\u00f3n","image":{"@type":"ImageObject","inLanguage":"es-MX","@id":"https:\/\/nitu.mx\/#\/schema\/person\/image\/","url":"https:\/\/secure.gravatar.com\/avatar\/5dd011c8ccfc5cd7e4c81e42252aab38?s=96&d=mm&r=g","contentUrl":"https:\/\/secure.gravatar.com\/avatar\/5dd011c8ccfc5cd7e4c81e42252aab38?s=96&d=mm&r=g","caption":"Redacci\u00f3n"},"url":"https:\/\/nitu.mx\/index.php\/author\/redaccion\/"}]}},"views":265,"_links":{"self":[{"href":"https:\/\/nitu.mx\/index.php\/wp-json\/wp\/v2\/posts\/18913"}],"collection":[{"href":"https:\/\/nitu.mx\/index.php\/wp-json\/wp\/v2\/posts"}],"about":[{"href":"https:\/\/nitu.mx\/index.php\/wp-json\/wp\/v2\/types\/post"}],"author":[{"embeddable":true,"href":"https:\/\/nitu.mx\/index.php\/wp-json\/wp\/v2\/users\/17"}],"replies":[{"embeddable":true,"href":"https:\/\/nitu.mx\/index.php\/wp-json\/wp\/v2\/comments?post=18913"}],"version-history":[{"count":3,"href":"https:\/\/nitu.mx\/index.php\/wp-json\/wp\/v2\/posts\/18913\/revisions"}],"predecessor-version":[{"id":18954,"href":"https:\/\/nitu.mx\/index.php\/wp-json\/wp\/v2\/posts\/18913\/revisions\/18954"}],"wp:featuredmedia":[{"embeddable":true,"href":"https:\/\/nitu.mx\/index.php\/wp-json\/wp\/v2\/media\/6238"}],"wp:attachment":[{"href":"https:\/\/nitu.mx\/index.php\/wp-json\/wp\/v2\/media?parent=18913"}],"wp:term":[{"taxonomy":"category","embeddable":true,"href":"https:\/\/nitu.mx\/index.php\/wp-json\/wp\/v2\/categories?post=18913"},{"taxonomy":"post_tag","embeddable":true,"href":"https:\/\/nitu.mx\/index.php\/wp-json\/wp\/v2\/tags?post=18913"}],"curies":[{"name":"wp","href":"https:\/\/api.w.org\/{rel}","templated":true}]}}