{"id":18854,"date":"2018-03-27T23:25:57","date_gmt":"2018-03-28T04:25:57","guid":{"rendered":"http:\/\/www.dev.nitu.mx\/?p=18854"},"modified":"2018-03-28T00:25:28","modified_gmt":"2018-03-28T05:25:28","slug":"hoteleros-se-acabo-el-tiempo-para-regular-a-plataformas-de-rentas-vacacionales","status":"publish","type":"post","link":"https:\/\/nitu.mx\/index.php\/2018\/03\/27\/hoteleros-se-acabo-el-tiempo-para-regular-a-plataformas-de-rentas-vacacionales\/","title":{"rendered":"Hoteleros: Se acab\u00f3 el tiempo para regular a plataformas de rentas vacacionales"},"content":{"rendered":"<p>Tras el fallecimiento de la familia Sharp en una renta vacacional en Tulum, la Asociaci\u00f3n de Hoteles de Canc\u00fan y Puerto Morelos (AHCyPM), la Asociaci\u00f3n de Hoteles de Playa del Carmen, junto con diversas autoridades municipales, advirtieron la urgencia de regular las plataformas digitales que dejan a sus clientes sin protecci\u00f3n ante cualquier eventualidad, afectando a la imagen del Caribe Mexicano y el estado de Quintana Roo.<\/p>\n<p>Adem\u00e1s, se\u00f1alaron que solamente en el pago del IVA, los arrendatarios evaden 125 mil d\u00f3lares diarios, y obtienen ingresos por 630 mil d\u00f3lares cada d\u00eda, ya que se tiene contabilizadas unos 18 mil turistas que se hospedan en estas viviendas, lo que calificaron como \u201cun fraude millonario\u201d, ya que no pagan impuestos, m\u00e1s que el del hospedaje.\u00a0<a title=\"Advertencia de hoteleros, se convirti\u00f3 en realidad\" href=\"http:\/\/www.dev.nitu.mx\/index.php\/2018\/03\/27\/advertencia-de-hoteleros-se-convirtio-en-realidad\/\" rel=\"bookmark\">(Advertencia de hoteleros, se convirti\u00f3 en realidad<\/a>).<\/p>\n<p>Roberto Cintr\u00f3n, titular de la AHCyPM, enfatiz\u00f3 que los hoteleros no quieren que desaparezcan las plataformas de rentas vacacionales, pero s\u00ed exigen una regulaci\u00f3n a los arrendatarios que implique cumplan primero que nada con los requisitos de Protecci\u00f3n Civil, y todos los permisos e impuestos federales, estatales y municipales.<\/p>\n<p>\u201cLa tragedia de la familia Sharp de asfixia por respirar gases t\u00f3xicos pudo haberse evitado, si el departamento que rentaron hubiera tenido la aprobaci\u00f3n de protecci\u00f3n civil y ni que hablar de lo que pasar\u00eda con esos turistas en caso de una contingencia hidrometeorol\u00f3gica\u201d, advirti\u00f3.<\/p>\n<p>Autoridades de Tulum, Puerto Morelos, Benito Ju\u00e1rez, Jean Agarrista de la Asociaci\u00f3n de Hoteles de Playa del Carmen, con el aval de la de Tulum, el Centro y Sur de Quintana Roo, se han reunido para implementar un proyecto sobre el tema que dijeron esperan tenga sus bases legales para entregar al Cabildo de Benito Ju\u00e1rez y otros, en mes y medio.<\/p>\n<p>Miguel Cort\u00e9s, secretario Consejero de la AHCyPM, enfatiz\u00f3 que la legislaci\u00f3n existe, pues una propiedad habitacional, no se puede usar para renta vacacional, por lo que las autoridades s\u00f3lo deben hacer cumplir la legislaci\u00f3n vigente.\u00a0<a title=\"Buscan que todas las plataformas de rentas vacacionales paguen 3% de Impuesto al Hospedaje\" href=\"http:\/\/www.dev.nitu.mx\/index.php\/2017\/12\/19\/buscan-que-todas-las-plataformas-de-rentas-vacacionales-paguen-el-3-de-impuesto-al-hospedaje\/\" rel=\"bookmark\">(Buscan que todas las plataformas de rentas vacacionales paguen 3% de Impuesto al Hospedaje<\/a>).<\/p>\n<p>Asimismo, Ram\u00f3n Rossell\u00f3 Pons, gerente de Inverotel, advirti\u00f3 que en Espa\u00f1a, las rentas vacacionales han tra\u00eddo graves problemas a la comunidad, al desplazarla a los suburbios por encarecimiento de las rentas, sin contar con otros perjuicios como incremento de desechos, uso excesivo de energ\u00eda el\u00e9ctrica y otros tantos servicios que los han llevado a prohibirlas totalmente en Palma de Mallorca, y en Barcelona en el primer cuadro de la ciudad.<\/p>\n","protected":false},"excerpt":{"rendered":"<p>Tras el fallecimiento de la familia Sharp en una renta vacacional en Tulum, la Asociaci\u00f3n de Hoteles de Canc\u00fan y Puerto Morelos (AHCyPM), la Asociaci\u00f3n de Hoteles de Playa del Carmen, junto con diversas autoridades municipales, advirtieron la urgencia de regular las plataformas digitales que dejan a sus clientes sin protecci\u00f3n ante cualquier eventualidad, afectando [&hellip;]<\/p>\n","protected":false},"author":3,"featured_media":14214,"comment_status":"open","ping_status":"open","sticky":false,"template":"","format":"standard","meta":{"footnotes":""},"categories":[2,12],"tags":[842,8964,1213,7025,8965,4878],"yoast_head":"<!-- This site is optimized with the Yoast SEO plugin v22.2 - https:\/\/yoast.com\/wordpress\/plugins\/seo\/ -->\n<title>Hoteleros: Se acab\u00f3 el tiempo para regular a plataformas de rentas vacacionales - Nitu - Noticias de la Industria Turistica<\/title>\n<meta name=\"description\" content=\"Hoteleros advirtieron la urgencia de regular las plataformas digitales que dejan a sus clientes sin protecci\u00f3n ante cualquier eventualidad, afectando a la imagen del Caribe Mexicano y el estado de Quintana Roo.\" \/>\n<meta name=\"robots\" content=\"index, follow, max-snippet:-1, max-image-preview:large, max-video-preview:-1\" \/>\n<link rel=\"canonical\" href=\"https:\/\/nitu.mx\/index.php\/2018\/03\/27\/hoteleros-se-acabo-el-tiempo-para-regular-a-plataformas-de-rentas-vacacionales\/\" \/>\n<meta name=\"twitter:card\" content=\"summary_large_image\" \/>\n<meta name=\"twitter:title\" content=\"Hoteleros: Se acab\u00f3 el tiempo para regular a plataformas de rentas vacacionales - Nitu - Noticias de la Industria Turistica\" \/>\n<meta name=\"twitter:description\" content=\"Hoteleros advirtieron la urgencia de regular las plataformas digitales que dejan a sus clientes sin protecci\u00f3n ante cualquier eventualidad, afectando a la imagen del Caribe Mexicano y el estado de Quintana Roo.\" \/>\n<meta name=\"twitter:image\" content=\"https:\/\/nitu.mx\/wp-content\/uploads\/2017\/10\/Cancun-zona-hotelera.jpg\" \/>\n<meta name=\"twitter:creator\" content=\"@NITUmx\" \/>\n<meta name=\"twitter:site\" content=\"@Arturo_Medina_G\" \/>\n<meta name=\"twitter:label1\" content=\"Escrito por\" \/>\n\t<meta name=\"twitter:data1\" content=\"Alejandra Moncisbays\" \/>\n\t<meta name=\"twitter:label2\" content=\"Tiempo de lectura\" \/>\n\t<meta name=\"twitter:data2\" content=\"2 minutos\" \/>\n<script type=\"application\/ld+json\" class=\"yoast-schema-graph\">{\"@context\":\"https:\/\/schema.org\",\"@graph\":[{\"@type\":\"Article\",\"@id\":\"https:\/\/nitu.mx\/index.php\/2018\/03\/27\/hoteleros-se-acabo-el-tiempo-para-regular-a-plataformas-de-rentas-vacacionales\/#article\",\"isPartOf\":{\"@id\":\"https:\/\/nitu.mx\/index.php\/2018\/03\/27\/hoteleros-se-acabo-el-tiempo-para-regular-a-plataformas-de-rentas-vacacionales\/\"},\"author\":{\"name\":\"Alejandra Moncisbays\",\"@id\":\"https:\/\/nitu.mx\/#\/schema\/person\/2ecd887b19dfd3382d1f14fc5acf24a8\"},\"headline\":\"Hoteleros: Se acab\u00f3 el tiempo para regular a plataformas de rentas vacacionales\",\"datePublished\":\"2018-03-28T04:25:57+00:00\",\"dateModified\":\"2018-03-28T05:25:28+00:00\",\"mainEntityOfPage\":{\"@id\":\"https:\/\/nitu.mx\/index.php\/2018\/03\/27\/hoteleros-se-acabo-el-tiempo-para-regular-a-plataformas-de-rentas-vacacionales\/\"},\"wordCount\":444,\"commentCount\":0,\"publisher\":{\"@id\":\"https:\/\/nitu.mx\/#\/schema\/person\/ae7a53426417292d3dd07b45a33e01bc\"},\"image\":{\"@id\":\"https:\/\/nitu.mx\/index.php\/2018\/03\/27\/hoteleros-se-acabo-el-tiempo-para-regular-a-plataformas-de-rentas-vacacionales\/#primaryimage\"},\"thumbnailUrl\":\"https:\/\/nitu.mx\/wp-content\/uploads\/2017\/10\/Cancun-zona-hotelera.jpg\",\"keywords\":[\"Asociaci\u00f3n de Hoteles de Canc\u00fan y Puerto Morelos (AHCYPM)\",\"Asociaci\u00f3n de Hoteles de Playa del Carmen\",\"Espa\u00f1a\",\"Inverotel\",\"Ram\u00f3n Rossell\u00f3 Pons\",\"rentas vacacionales\"],\"articleSection\":[\"Hoteles\",\"Marketing\"],\"inLanguage\":\"es-MX\",\"potentialAction\":[{\"@type\":\"CommentAction\",\"name\":\"Comment\",\"target\":[\"https:\/\/nitu.mx\/index.php\/2018\/03\/27\/hoteleros-se-acabo-el-tiempo-para-regular-a-plataformas-de-rentas-vacacionales\/#respond\"]}]},{\"@type\":\"WebPage\",\"@id\":\"https:\/\/nitu.mx\/index.php\/2018\/03\/27\/hoteleros-se-acabo-el-tiempo-para-regular-a-plataformas-de-rentas-vacacionales\/\",\"url\":\"https:\/\/nitu.mx\/index.php\/2018\/03\/27\/hoteleros-se-acabo-el-tiempo-para-regular-a-plataformas-de-rentas-vacacionales\/\",\"name\":\"Hoteleros: Se acab\u00f3 el tiempo para regular a plataformas de rentas vacacionales - Nitu - Noticias de la Industria Turistica\",\"isPartOf\":{\"@id\":\"https:\/\/nitu.mx\/#website\"},\"primaryImageOfPage\":{\"@id\":\"https:\/\/nitu.mx\/index.php\/2018\/03\/27\/hoteleros-se-acabo-el-tiempo-para-regular-a-plataformas-de-rentas-vacacionales\/#primaryimage\"},\"image\":{\"@id\":\"https:\/\/nitu.mx\/index.php\/2018\/03\/27\/hoteleros-se-acabo-el-tiempo-para-regular-a-plataformas-de-rentas-vacacionales\/#primaryimage\"},\"thumbnailUrl\":\"https:\/\/nitu.mx\/wp-content\/uploads\/2017\/10\/Cancun-zona-hotelera.jpg\",\"datePublished\":\"2018-03-28T04:25:57+00:00\",\"dateModified\":\"2018-03-28T05:25:28+00:00\",\"description\":\"Hoteleros advirtieron la urgencia de regular las plataformas digitales que dejan a sus clientes sin protecci\u00f3n ante cualquier eventualidad, afectando a la imagen del Caribe Mexicano y el estado de Quintana Roo.\",\"breadcrumb\":{\"@id\":\"https:\/\/nitu.mx\/index.php\/2018\/03\/27\/hoteleros-se-acabo-el-tiempo-para-regular-a-plataformas-de-rentas-vacacionales\/#breadcrumb\"},\"inLanguage\":\"es-MX\",\"potentialAction\":[{\"@type\":\"ReadAction\",\"target\":[\"https:\/\/nitu.mx\/index.php\/2018\/03\/27\/hoteleros-se-acabo-el-tiempo-para-regular-a-plataformas-de-rentas-vacacionales\/\"]}]},{\"@type\":\"ImageObject\",\"inLanguage\":\"es-MX\",\"@id\":\"https:\/\/nitu.mx\/index.php\/2018\/03\/27\/hoteleros-se-acabo-el-tiempo-para-regular-a-plataformas-de-rentas-vacacionales\/#primaryimage\",\"url\":\"https:\/\/nitu.mx\/wp-content\/uploads\/2017\/10\/Cancun-zona-hotelera.jpg\",\"contentUrl\":\"https:\/\/nitu.mx\/wp-content\/uploads\/2017\/10\/Cancun-zona-hotelera.jpg\",\"width\":850,\"height\":480,\"caption\":\"Fonatur IAH Impuesto al Hospedaje Quintana Roo warning Reino Unido all inclusive hoteleros turistas\"},{\"@type\":\"BreadcrumbList\",\"@id\":\"https:\/\/nitu.mx\/index.php\/2018\/03\/27\/hoteleros-se-acabo-el-tiempo-para-regular-a-plataformas-de-rentas-vacacionales\/#breadcrumb\",\"itemListElement\":[{\"@type\":\"ListItem\",\"position\":1,\"name\":\"Inicio\",\"item\":\"https:\/\/nitu.mx\/\"},{\"@type\":\"ListItem\",\"position\":2,\"name\":\"Hoteleros: Se acab\u00f3 el tiempo para regular a plataformas de rentas vacacionales\"}]},{\"@type\":\"WebSite\",\"@id\":\"https:\/\/nitu.mx\/#website\",\"url\":\"https:\/\/nitu.mx\/\",\"name\":\"Nitu - Noticias de la Industria Turistica\",\"description\":\"Noticias de la Industria Turistica\",\"publisher\":{\"@id\":\"https:\/\/nitu.mx\/#\/schema\/person\/ae7a53426417292d3dd07b45a33e01bc\"},\"alternateName\":\"Noticias de la Industria Turistica\",\"potentialAction\":[{\"@type\":\"SearchAction\",\"target\":{\"@type\":\"EntryPoint\",\"urlTemplate\":\"https:\/\/nitu.mx\/?s={search_term_string}\"},\"query-input\":\"required name=search_term_string\"}],\"inLanguage\":\"es-MX\"},{\"@type\":[\"Person\",\"Organization\"],\"@id\":\"https:\/\/nitu.mx\/#\/schema\/person\/ae7a53426417292d3dd07b45a33e01bc\",\"name\":\"Arturo Medina\",\"image\":{\"@type\":\"ImageObject\",\"inLanguage\":\"es-MX\",\"@id\":\"https:\/\/nitu.mx\/#\/schema\/person\/image\/\",\"url\":\"https:\/\/nitu.mx\/wp-content\/uploads\/2024\/04\/4A315622-1904-4D5C-B022-878CDC840E04-90x90-1.jpeg\",\"contentUrl\":\"https:\/\/nitu.mx\/wp-content\/uploads\/2024\/04\/4A315622-1904-4D5C-B022-878CDC840E04-90x90-1.jpeg\",\"width\":90,\"height\":90,\"caption\":\"Arturo Medina\"},\"logo\":{\"@id\":\"https:\/\/nitu.mx\/#\/schema\/person\/image\/\"},\"description\":\"Director NITU.mx, Egresado de la Escuela de Periodismo Carlos Septi\u00e9n Garc\u00eda. Periodista y analista especializado en turismo desde hace 35 a\u00f1os, radicado en Canc\u00fan Q.Roo. arturo@nitu.mx\",\"sameAs\":[\"https:\/\/nitu.mx\",\"https:\/\/www.facebook.com\/NITUmx\/\",\"medinacancun\",\"https:\/\/twitter.com\/@Arturo_Medina_G\"]},{\"@type\":\"Person\",\"@id\":\"https:\/\/nitu.mx\/#\/schema\/person\/2ecd887b19dfd3382d1f14fc5acf24a8\",\"name\":\"Alejandra Moncisbays\",\"image\":{\"@type\":\"ImageObject\",\"inLanguage\":\"es-MX\",\"@id\":\"https:\/\/nitu.mx\/#\/schema\/person\/image\/\",\"url\":\"https:\/\/secure.gravatar.com\/avatar\/e74f7af0be172b7804dacfd0bfbef787?s=96&d=mm&r=g\",\"contentUrl\":\"https:\/\/secure.gravatar.com\/avatar\/e74f7af0be172b7804dacfd0bfbef787?s=96&d=mm&r=g\",\"caption\":\"Alejandra Moncisbays\"},\"description\":\"Curs\u00e9 la carrera de Periodismo y Comunicaci\u00f3n en la Facultad de Estudios Profesionales Acatl\u00e1n. Vivo en Canc\u00fan desde hace 24 a\u00f1os. Fui reportera de La Tarde de Canc\u00fan, y Novedades de Quintana Roo, colabor\u00e9 en TVCUN, edit\u00e9 Cancun\u00edssimo y colabor\u00e9 en las revistas Latitud21, entre otras, con principal enfoque en los sectores empresarial y tur\u00edstico. Desde hace varios a\u00f1os soy Agente de Seguros con c\u00e9dula de la Comisi\u00f3n Nacional de Seguros y Fianzas. Actualmente, me desarrollo en los \u00e1mbitos del periodismo y el sector asegurador.\",\"sameAs\":[\"https:\/\/nitu.mx\"],\"url\":\"https:\/\/nitu.mx\/index.php\/author\/alejandra\/\"}]}<\/script>\n<!-- \/ Yoast SEO plugin. -->","yoast_head_json":{"title":"Hoteleros: Se acab\u00f3 el tiempo para regular a plataformas de rentas vacacionales - Nitu - Noticias de la Industria Turistica","description":"Hoteleros advirtieron la urgencia de regular las plataformas digitales que dejan a sus clientes sin protecci\u00f3n ante cualquier eventualidad, afectando a la imagen del Caribe Mexicano y el estado de Quintana Roo.","robots":{"index":"index","follow":"follow","max-snippet":"max-snippet:-1","max-image-preview":"max-image-preview:large","max-video-preview":"max-video-preview:-1"},"canonical":"https:\/\/nitu.mx\/index.php\/2018\/03\/27\/hoteleros-se-acabo-el-tiempo-para-regular-a-plataformas-de-rentas-vacacionales\/","twitter_card":"summary_large_image","twitter_title":"Hoteleros: Se acab\u00f3 el tiempo para regular a plataformas de rentas vacacionales - Nitu - Noticias de la Industria Turistica","twitter_description":"Hoteleros advirtieron la urgencia de regular las plataformas digitales que dejan a sus clientes sin protecci\u00f3n ante cualquier eventualidad, afectando a la imagen del Caribe Mexicano y el estado de Quintana Roo.","twitter_image":"https:\/\/nitu.mx\/wp-content\/uploads\/2017\/10\/Cancun-zona-hotelera.jpg","twitter_creator":"@NITUmx","twitter_site":"@Arturo_Medina_G","twitter_misc":{"Escrito por":"Alejandra Moncisbays","Tiempo de lectura":"2 minutos"},"schema":{"@context":"https:\/\/schema.org","@graph":[{"@type":"Article","@id":"https:\/\/nitu.mx\/index.php\/2018\/03\/27\/hoteleros-se-acabo-el-tiempo-para-regular-a-plataformas-de-rentas-vacacionales\/#article","isPartOf":{"@id":"https:\/\/nitu.mx\/index.php\/2018\/03\/27\/hoteleros-se-acabo-el-tiempo-para-regular-a-plataformas-de-rentas-vacacionales\/"},"author":{"name":"Alejandra Moncisbays","@id":"https:\/\/nitu.mx\/#\/schema\/person\/2ecd887b19dfd3382d1f14fc5acf24a8"},"headline":"Hoteleros: Se acab\u00f3 el tiempo para regular a plataformas de rentas vacacionales","datePublished":"2018-03-28T04:25:57+00:00","dateModified":"2018-03-28T05:25:28+00:00","mainEntityOfPage":{"@id":"https:\/\/nitu.mx\/index.php\/2018\/03\/27\/hoteleros-se-acabo-el-tiempo-para-regular-a-plataformas-de-rentas-vacacionales\/"},"wordCount":444,"commentCount":0,"publisher":{"@id":"https:\/\/nitu.mx\/#\/schema\/person\/ae7a53426417292d3dd07b45a33e01bc"},"image":{"@id":"https:\/\/nitu.mx\/index.php\/2018\/03\/27\/hoteleros-se-acabo-el-tiempo-para-regular-a-plataformas-de-rentas-vacacionales\/#primaryimage"},"thumbnailUrl":"https:\/\/nitu.mx\/wp-content\/uploads\/2017\/10\/Cancun-zona-hotelera.jpg","keywords":["Asociaci\u00f3n de Hoteles de Canc\u00fan y Puerto Morelos (AHCYPM)","Asociaci\u00f3n de Hoteles de Playa del Carmen","Espa\u00f1a","Inverotel","Ram\u00f3n Rossell\u00f3 Pons","rentas vacacionales"],"articleSection":["Hoteles","Marketing"],"inLanguage":"es-MX","potentialAction":[{"@type":"CommentAction","name":"Comment","target":["https:\/\/nitu.mx\/index.php\/2018\/03\/27\/hoteleros-se-acabo-el-tiempo-para-regular-a-plataformas-de-rentas-vacacionales\/#respond"]}]},{"@type":"WebPage","@id":"https:\/\/nitu.mx\/index.php\/2018\/03\/27\/hoteleros-se-acabo-el-tiempo-para-regular-a-plataformas-de-rentas-vacacionales\/","url":"https:\/\/nitu.mx\/index.php\/2018\/03\/27\/hoteleros-se-acabo-el-tiempo-para-regular-a-plataformas-de-rentas-vacacionales\/","name":"Hoteleros: Se acab\u00f3 el tiempo para regular a plataformas de rentas vacacionales - Nitu - Noticias de la Industria Turistica","isPartOf":{"@id":"https:\/\/nitu.mx\/#website"},"primaryImageOfPage":{"@id":"https:\/\/nitu.mx\/index.php\/2018\/03\/27\/hoteleros-se-acabo-el-tiempo-para-regular-a-plataformas-de-rentas-vacacionales\/#primaryimage"},"image":{"@id":"https:\/\/nitu.mx\/index.php\/2018\/03\/27\/hoteleros-se-acabo-el-tiempo-para-regular-a-plataformas-de-rentas-vacacionales\/#primaryimage"},"thumbnailUrl":"https:\/\/nitu.mx\/wp-content\/uploads\/2017\/10\/Cancun-zona-hotelera.jpg","datePublished":"2018-03-28T04:25:57+00:00","dateModified":"2018-03-28T05:25:28+00:00","description":"Hoteleros advirtieron la urgencia de regular las plataformas digitales que dejan a sus clientes sin protecci\u00f3n ante cualquier eventualidad, afectando a la imagen del Caribe Mexicano y el estado de Quintana Roo.","breadcrumb":{"@id":"https:\/\/nitu.mx\/index.php\/2018\/03\/27\/hoteleros-se-acabo-el-tiempo-para-regular-a-plataformas-de-rentas-vacacionales\/#breadcrumb"},"inLanguage":"es-MX","potentialAction":[{"@type":"ReadAction","target":["https:\/\/nitu.mx\/index.php\/2018\/03\/27\/hoteleros-se-acabo-el-tiempo-para-regular-a-plataformas-de-rentas-vacacionales\/"]}]},{"@type":"ImageObject","inLanguage":"es-MX","@id":"https:\/\/nitu.mx\/index.php\/2018\/03\/27\/hoteleros-se-acabo-el-tiempo-para-regular-a-plataformas-de-rentas-vacacionales\/#primaryimage","url":"https:\/\/nitu.mx\/wp-content\/uploads\/2017\/10\/Cancun-zona-hotelera.jpg","contentUrl":"https:\/\/nitu.mx\/wp-content\/uploads\/2017\/10\/Cancun-zona-hotelera.jpg","width":850,"height":480,"caption":"Fonatur IAH Impuesto al Hospedaje Quintana Roo warning Reino Unido all inclusive hoteleros turistas"},{"@type":"BreadcrumbList","@id":"https:\/\/nitu.mx\/index.php\/2018\/03\/27\/hoteleros-se-acabo-el-tiempo-para-regular-a-plataformas-de-rentas-vacacionales\/#breadcrumb","itemListElement":[{"@type":"ListItem","position":1,"name":"Inicio","item":"https:\/\/nitu.mx\/"},{"@type":"ListItem","position":2,"name":"Hoteleros: Se acab\u00f3 el tiempo para regular a plataformas de rentas vacacionales"}]},{"@type":"WebSite","@id":"https:\/\/nitu.mx\/#website","url":"https:\/\/nitu.mx\/","name":"Nitu - Noticias de la Industria Turistica","description":"Noticias de la Industria Turistica","publisher":{"@id":"https:\/\/nitu.mx\/#\/schema\/person\/ae7a53426417292d3dd07b45a33e01bc"},"alternateName":"Noticias de la Industria Turistica","potentialAction":[{"@type":"SearchAction","target":{"@type":"EntryPoint","urlTemplate":"https:\/\/nitu.mx\/?s={search_term_string}"},"query-input":"required name=search_term_string"}],"inLanguage":"es-MX"},{"@type":["Person","Organization"],"@id":"https:\/\/nitu.mx\/#\/schema\/person\/ae7a53426417292d3dd07b45a33e01bc","name":"Arturo Medina","image":{"@type":"ImageObject","inLanguage":"es-MX","@id":"https:\/\/nitu.mx\/#\/schema\/person\/image\/","url":"https:\/\/nitu.mx\/wp-content\/uploads\/2024\/04\/4A315622-1904-4D5C-B022-878CDC840E04-90x90-1.jpeg","contentUrl":"https:\/\/nitu.mx\/wp-content\/uploads\/2024\/04\/4A315622-1904-4D5C-B022-878CDC840E04-90x90-1.jpeg","width":90,"height":90,"caption":"Arturo Medina"},"logo":{"@id":"https:\/\/nitu.mx\/#\/schema\/person\/image\/"},"description":"Director NITU.mx, Egresado de la Escuela de Periodismo Carlos Septi\u00e9n Garc\u00eda. Periodista y analista especializado en turismo desde hace 35 a\u00f1os, radicado en Canc\u00fan Q.Roo. arturo@nitu.mx","sameAs":["https:\/\/nitu.mx","https:\/\/www.facebook.com\/NITUmx\/","medinacancun","https:\/\/twitter.com\/@Arturo_Medina_G"]},{"@type":"Person","@id":"https:\/\/nitu.mx\/#\/schema\/person\/2ecd887b19dfd3382d1f14fc5acf24a8","name":"Alejandra Moncisbays","image":{"@type":"ImageObject","inLanguage":"es-MX","@id":"https:\/\/nitu.mx\/#\/schema\/person\/image\/","url":"https:\/\/secure.gravatar.com\/avatar\/e74f7af0be172b7804dacfd0bfbef787?s=96&d=mm&r=g","contentUrl":"https:\/\/secure.gravatar.com\/avatar\/e74f7af0be172b7804dacfd0bfbef787?s=96&d=mm&r=g","caption":"Alejandra Moncisbays"},"description":"Curs\u00e9 la carrera de Periodismo y Comunicaci\u00f3n en la Facultad de Estudios Profesionales Acatl\u00e1n. Vivo en Canc\u00fan desde hace 24 a\u00f1os. Fui reportera de La Tarde de Canc\u00fan, y Novedades de Quintana Roo, colabor\u00e9 en TVCUN, edit\u00e9 Cancun\u00edssimo y colabor\u00e9 en las revistas Latitud21, entre otras, con principal enfoque en los sectores empresarial y tur\u00edstico. Desde hace varios a\u00f1os soy Agente de Seguros con c\u00e9dula de la Comisi\u00f3n Nacional de Seguros y Fianzas. Actualmente, me desarrollo en los \u00e1mbitos del periodismo y el sector asegurador.","sameAs":["https:\/\/nitu.mx"],"url":"https:\/\/nitu.mx\/index.php\/author\/alejandra\/"}]}},"views":223,"_links":{"self":[{"href":"https:\/\/nitu.mx\/index.php\/wp-json\/wp\/v2\/posts\/18854"}],"collection":[{"href":"https:\/\/nitu.mx\/index.php\/wp-json\/wp\/v2\/posts"}],"about":[{"href":"https:\/\/nitu.mx\/index.php\/wp-json\/wp\/v2\/types\/post"}],"author":[{"embeddable":true,"href":"https:\/\/nitu.mx\/index.php\/wp-json\/wp\/v2\/users\/3"}],"replies":[{"embeddable":true,"href":"https:\/\/nitu.mx\/index.php\/wp-json\/wp\/v2\/comments?post=18854"}],"version-history":[{"count":4,"href":"https:\/\/nitu.mx\/index.php\/wp-json\/wp\/v2\/posts\/18854\/revisions"}],"predecessor-version":[{"id":18872,"href":"https:\/\/nitu.mx\/index.php\/wp-json\/wp\/v2\/posts\/18854\/revisions\/18872"}],"wp:featuredmedia":[{"embeddable":true,"href":"https:\/\/nitu.mx\/index.php\/wp-json\/wp\/v2\/media\/14214"}],"wp:attachment":[{"href":"https:\/\/nitu.mx\/index.php\/wp-json\/wp\/v2\/media?parent=18854"}],"wp:term":[{"taxonomy":"category","embeddable":true,"href":"https:\/\/nitu.mx\/index.php\/wp-json\/wp\/v2\/categories?post=18854"},{"taxonomy":"post_tag","embeddable":true,"href":"https:\/\/nitu.mx\/index.php\/wp-json\/wp\/v2\/tags?post=18854"}],"curies":[{"name":"wp","href":"https:\/\/api.w.org\/{rel}","templated":true}]}}