{"id":18211,"date":"2018-03-07T23:58:46","date_gmt":"2018-03-08T04:58:46","guid":{"rendered":"http:\/\/www.dev.nitu.mx\/?p=18211"},"modified":"2018-03-08T00:52:40","modified_gmt":"2018-03-08T05:52:40","slug":"afluencia-de-turistas-alemanes-a-quintana-roo-reporta-crecimiento-de-10-8","status":"publish","type":"post","link":"https:\/\/nitu.mx\/index.php\/2018\/03\/07\/afluencia-de-turistas-alemanes-a-quintana-roo-reporta-crecimiento-de-10-8\/","title":{"rendered":"Afluencia de turistas alemanes a Quintana Roo reporta crecimiento de 10.8%"},"content":{"rendered":"<p>La secretaria de Turismo de Quintana Roo, Marisol Vanegas P\u00e9rez, inform\u00f3 en 2017 la afluencia de turistas alemanes que visitaron los destinos del Caribe Mexicano report\u00f3 un incremento de 10.8 por ciento, lo que significa m\u00e1s fuentes de empleo, mejor derrama econ\u00f3mica y oportunidades para la gente.<\/p>\n<p>En el marco de la inauguraci\u00f3n del Pabell\u00f3n M\u00e9xico de la Bolsa Mundial de Turismo (ITB) que, del 7 al 11 de marzo se lleva a cabo en Berl\u00edn, la secretaria de Turismo destac\u00f3 que gracias a los atractivos naturales, culturales, arqueol\u00f3gicos y de aventura del Caribe Mexicano, el mercado alem\u00e1n contin\u00faa visitando los destinos de Quintana Roo.<\/p>\n<p>\u201cAlemania es el tercer mercado m\u00e1s importante de Europa, despu\u00e9s de Reino Unido y Espa\u00f1a. En 2017, el Aeropuerto de Canc\u00fan recibi\u00f3 592 llegadas de vuelos comerciales con un flujo de 162 mil 673 pasajeros y un crecimiento de 10.8 por ciento, respecto al flujo de visitantes en 2016\u201d.<\/p>\n<p>La secretaria destac\u00f3 que la gama de producto del Caribe Mexicano se promociona en Berl\u00edn, lo mismo Canc\u00fan, Playa del Carmen, Puerto Morelos, Cozumel, Isla Mujeres y Holbox, que Riviera Maya y Grand Costa Maya.<\/p>\n<p>Los viajes del mercado alem\u00e1n tienen una duraci\u00f3n en promedio de 17 noches, siendo la Ciudad de M\u00e9xico, Riviera Maya y Canc\u00fan los principales destinos elegidos por los alemanes. Las ciudades de M\u00fanich, Stuttgart, Berl\u00edn y Dusseldorf \u2013a\u00f1adi\u00f3- son las principales ciudades emisoras de turistas en Alemania<\/p>\n<p>\u201cEstamos conversando con mayoristas, touroperadores y el sector en su conjunto sobre las novedades y expectativas de crecimiento. Tenemos 100 mil cuartos de hotel operando y en proceso de construcci\u00f3n a corto plazo existen m\u00e1s de 30 mil habitaciones, adem\u00e1s de nuevas inversiones en oferta complementaria\u201d, destac\u00f3.<\/p>\n<p>La agenda de trabajo de la delegaci\u00f3n de Quintana Roo en ITB incluye reuniones estrat\u00e9gicas con aerol\u00edneas, mayoristas, touroperadores y autoridades diplom\u00e1ticas.\u00a0<a title=\"A semanas de asistir a la ITB de Berl\u00edn, Alemania alerta sobre viajar a M\u00e9xico\" href=\"http:\/\/www.dev.nitu.mx\/index.php\/2018\/02\/25\/a-semanas-de-asistir-a-la-itb-de-berlin-alemania-alerta-sobre-viajar-a-mexico\/\" rel=\"bookmark\">(A semanas de asistir a la ITB de Berl\u00edn, Alemania alerta sobre viajar a M\u00e9xico<\/a>).<\/p>\n","protected":false},"excerpt":{"rendered":"<p>La secretaria de Turismo de Quintana Roo, Marisol Vanegas P\u00e9rez, inform\u00f3 en 2017 la afluencia de turistas alemanes que visitaron los destinos del Caribe Mexicano report\u00f3 un incremento de 10.8 por ciento, lo que significa m\u00e1s fuentes de empleo, mejor derrama econ\u00f3mica y oportunidades para la gente. En el marco de la inauguraci\u00f3n del Pabell\u00f3n [&hellip;]<\/p>\n","protected":false},"author":17,"featured_media":18232,"comment_status":"open","ping_status":"open","sticky":false,"template":"","format":"standard","meta":{"footnotes":""},"categories":[374,12],"tags":[2496,43,83,110,1213,120,7604,8614,686,78,80,254],"yoast_head":"<!-- This site is optimized with the Yoast SEO plugin v22.2 - https:\/\/yoast.com\/wordpress\/plugins\/seo\/ -->\n<title>Afluencia de turistas alemanes a Quintana Roo reporta crecimiento de 10.8% - Nitu - Noticias de la Industria Turistica<\/title>\n<meta name=\"description\" content=\"Marisol Vanegas P\u00e9rez, inform\u00f3 en 2017 la afluencia de turistas alemanes que visitaron los destinos del Caribe Mexicano report\u00f3 un incremento de 10.8 por ciento.\" \/>\n<meta name=\"robots\" content=\"index, follow, max-snippet:-1, max-image-preview:large, max-video-preview:-1\" \/>\n<link rel=\"canonical\" href=\"https:\/\/nitu.mx\/index.php\/2018\/03\/07\/afluencia-de-turistas-alemanes-a-quintana-roo-reporta-crecimiento-de-10-8\/\" \/>\n<meta name=\"twitter:card\" content=\"summary_large_image\" \/>\n<meta name=\"twitter:title\" content=\"Afluencia de turistas alemanes a Quintana Roo reporta crecimiento de 10.8% - Nitu - Noticias de la Industria Turistica\" \/>\n<meta name=\"twitter:description\" content=\"Marisol Vanegas P\u00e9rez, inform\u00f3 en 2017 la afluencia de turistas alemanes que visitaron los destinos del Caribe Mexicano report\u00f3 un incremento de 10.8 por ciento.\" \/>\n<meta name=\"twitter:image\" content=\"https:\/\/nitu.mx\/wp-content\/uploads\/2018\/03\/ITB-2018Quintana-Roo.jpg\" \/>\n<meta name=\"twitter:creator\" content=\"@NITUmx\" \/>\n<meta name=\"twitter:site\" content=\"@Arturo_Medina_G\" \/>\n<meta name=\"twitter:label1\" content=\"Escrito por\" \/>\n\t<meta name=\"twitter:data1\" content=\"Redacci\u00f3n\" \/>\n\t<meta name=\"twitter:label2\" content=\"Tiempo de lectura\" \/>\n\t<meta name=\"twitter:data2\" content=\"2 minutos\" \/>\n<script type=\"application\/ld+json\" class=\"yoast-schema-graph\">{\"@context\":\"https:\/\/schema.org\",\"@graph\":[{\"@type\":\"Article\",\"@id\":\"https:\/\/nitu.mx\/index.php\/2018\/03\/07\/afluencia-de-turistas-alemanes-a-quintana-roo-reporta-crecimiento-de-10-8\/#article\",\"isPartOf\":{\"@id\":\"https:\/\/nitu.mx\/index.php\/2018\/03\/07\/afluencia-de-turistas-alemanes-a-quintana-roo-reporta-crecimiento-de-10-8\/\"},\"author\":{\"name\":\"Redacci\u00f3n\",\"@id\":\"https:\/\/nitu.mx\/#\/schema\/person\/4a28fe9bd65924f7c90623773daf1b0b\"},\"headline\":\"Afluencia de turistas alemanes a Quintana Roo reporta crecimiento de 10.8%\",\"datePublished\":\"2018-03-08T04:58:46+00:00\",\"dateModified\":\"2018-03-08T05:52:40+00:00\",\"mainEntityOfPage\":{\"@id\":\"https:\/\/nitu.mx\/index.php\/2018\/03\/07\/afluencia-de-turistas-alemanes-a-quintana-roo-reporta-crecimiento-de-10-8\/\"},\"wordCount\":350,\"commentCount\":0,\"publisher\":{\"@id\":\"https:\/\/nitu.mx\/#\/schema\/person\/ae7a53426417292d3dd07b45a33e01bc\"},\"image\":{\"@id\":\"https:\/\/nitu.mx\/index.php\/2018\/03\/07\/afluencia-de-turistas-alemanes-a-quintana-roo-reporta-crecimiento-de-10-8\/#primaryimage\"},\"thumbnailUrl\":\"https:\/\/nitu.mx\/wp-content\/uploads\/2018\/03\/ITB-2018Quintana-Roo.jpg\",\"keywords\":[\"Alem\u00e1n\",\"Canc\u00fan\",\"Caribe mexicano\",\"Cozumel\",\"Espa\u00f1a\",\"Europa\",\"Grand Costa Maya\",\"ITB\",\"Marisol Vanegas P\u00e9rez\",\"Reino Unido\",\"Riviera Maya\",\"Secretar\u00eda de Turismo\"],\"articleSection\":[\"Internacional\",\"Marketing\"],\"inLanguage\":\"es-MX\",\"potentialAction\":[{\"@type\":\"CommentAction\",\"name\":\"Comment\",\"target\":[\"https:\/\/nitu.mx\/index.php\/2018\/03\/07\/afluencia-de-turistas-alemanes-a-quintana-roo-reporta-crecimiento-de-10-8\/#respond\"]}]},{\"@type\":\"WebPage\",\"@id\":\"https:\/\/nitu.mx\/index.php\/2018\/03\/07\/afluencia-de-turistas-alemanes-a-quintana-roo-reporta-crecimiento-de-10-8\/\",\"url\":\"https:\/\/nitu.mx\/index.php\/2018\/03\/07\/afluencia-de-turistas-alemanes-a-quintana-roo-reporta-crecimiento-de-10-8\/\",\"name\":\"Afluencia de turistas alemanes a Quintana Roo reporta crecimiento de 10.8% - Nitu - Noticias de la Industria Turistica\",\"isPartOf\":{\"@id\":\"https:\/\/nitu.mx\/#website\"},\"primaryImageOfPage\":{\"@id\":\"https:\/\/nitu.mx\/index.php\/2018\/03\/07\/afluencia-de-turistas-alemanes-a-quintana-roo-reporta-crecimiento-de-10-8\/#primaryimage\"},\"image\":{\"@id\":\"https:\/\/nitu.mx\/index.php\/2018\/03\/07\/afluencia-de-turistas-alemanes-a-quintana-roo-reporta-crecimiento-de-10-8\/#primaryimage\"},\"thumbnailUrl\":\"https:\/\/nitu.mx\/wp-content\/uploads\/2018\/03\/ITB-2018Quintana-Roo.jpg\",\"datePublished\":\"2018-03-08T04:58:46+00:00\",\"dateModified\":\"2018-03-08T05:52:40+00:00\",\"description\":\"Marisol Vanegas P\u00e9rez, inform\u00f3 en 2017 la afluencia de turistas alemanes que visitaron los destinos del Caribe Mexicano report\u00f3 un incremento de 10.8 por ciento.\",\"breadcrumb\":{\"@id\":\"https:\/\/nitu.mx\/index.php\/2018\/03\/07\/afluencia-de-turistas-alemanes-a-quintana-roo-reporta-crecimiento-de-10-8\/#breadcrumb\"},\"inLanguage\":\"es-MX\",\"potentialAction\":[{\"@type\":\"ReadAction\",\"target\":[\"https:\/\/nitu.mx\/index.php\/2018\/03\/07\/afluencia-de-turistas-alemanes-a-quintana-roo-reporta-crecimiento-de-10-8\/\"]}]},{\"@type\":\"ImageObject\",\"inLanguage\":\"es-MX\",\"@id\":\"https:\/\/nitu.mx\/index.php\/2018\/03\/07\/afluencia-de-turistas-alemanes-a-quintana-roo-reporta-crecimiento-de-10-8\/#primaryimage\",\"url\":\"https:\/\/nitu.mx\/wp-content\/uploads\/2018\/03\/ITB-2018Quintana-Roo.jpg\",\"contentUrl\":\"https:\/\/nitu.mx\/wp-content\/uploads\/2018\/03\/ITB-2018Quintana-Roo.jpg\",\"width\":850,\"height\":480,\"caption\":\"alemanes\"},{\"@type\":\"BreadcrumbList\",\"@id\":\"https:\/\/nitu.mx\/index.php\/2018\/03\/07\/afluencia-de-turistas-alemanes-a-quintana-roo-reporta-crecimiento-de-10-8\/#breadcrumb\",\"itemListElement\":[{\"@type\":\"ListItem\",\"position\":1,\"name\":\"Inicio\",\"item\":\"https:\/\/nitu.mx\/\"},{\"@type\":\"ListItem\",\"position\":2,\"name\":\"Afluencia de turistas alemanes a Quintana Roo reporta crecimiento de 10.8%\"}]},{\"@type\":\"WebSite\",\"@id\":\"https:\/\/nitu.mx\/#website\",\"url\":\"https:\/\/nitu.mx\/\",\"name\":\"Nitu - Noticias de la Industria Turistica\",\"description\":\"Noticias de la Industria Turistica\",\"publisher\":{\"@id\":\"https:\/\/nitu.mx\/#\/schema\/person\/ae7a53426417292d3dd07b45a33e01bc\"},\"alternateName\":\"Noticias de la Industria Turistica\",\"potentialAction\":[{\"@type\":\"SearchAction\",\"target\":{\"@type\":\"EntryPoint\",\"urlTemplate\":\"https:\/\/nitu.mx\/?s={search_term_string}\"},\"query-input\":\"required name=search_term_string\"}],\"inLanguage\":\"es-MX\"},{\"@type\":[\"Person\",\"Organization\"],\"@id\":\"https:\/\/nitu.mx\/#\/schema\/person\/ae7a53426417292d3dd07b45a33e01bc\",\"name\":\"Arturo Medina\",\"image\":{\"@type\":\"ImageObject\",\"inLanguage\":\"es-MX\",\"@id\":\"https:\/\/nitu.mx\/#\/schema\/person\/image\/\",\"url\":\"https:\/\/nitu.mx\/wp-content\/uploads\/2024\/04\/4A315622-1904-4D5C-B022-878CDC840E04-90x90-1.jpeg\",\"contentUrl\":\"https:\/\/nitu.mx\/wp-content\/uploads\/2024\/04\/4A315622-1904-4D5C-B022-878CDC840E04-90x90-1.jpeg\",\"width\":90,\"height\":90,\"caption\":\"Arturo Medina\"},\"logo\":{\"@id\":\"https:\/\/nitu.mx\/#\/schema\/person\/image\/\"},\"description\":\"Director NITU.mx, Egresado de la Escuela de Periodismo Carlos Septi\u00e9n Garc\u00eda. Periodista y analista especializado en turismo desde hace 35 a\u00f1os, radicado en Canc\u00fan Q.Roo. arturo@nitu.mx\",\"sameAs\":[\"https:\/\/nitu.mx\",\"https:\/\/www.facebook.com\/NITUmx\/\",\"medinacancun\",\"https:\/\/twitter.com\/@Arturo_Medina_G\"]},{\"@type\":\"Person\",\"@id\":\"https:\/\/nitu.mx\/#\/schema\/person\/4a28fe9bd65924f7c90623773daf1b0b\",\"name\":\"Redacci\u00f3n\",\"image\":{\"@type\":\"ImageObject\",\"inLanguage\":\"es-MX\",\"@id\":\"https:\/\/nitu.mx\/#\/schema\/person\/image\/\",\"url\":\"https:\/\/secure.gravatar.com\/avatar\/5dd011c8ccfc5cd7e4c81e42252aab38?s=96&d=mm&r=g\",\"contentUrl\":\"https:\/\/secure.gravatar.com\/avatar\/5dd011c8ccfc5cd7e4c81e42252aab38?s=96&d=mm&r=g\",\"caption\":\"Redacci\u00f3n\"},\"url\":\"https:\/\/nitu.mx\/index.php\/author\/redaccion\/\"}]}<\/script>\n<!-- \/ Yoast SEO plugin. -->","yoast_head_json":{"title":"Afluencia de turistas alemanes a Quintana Roo reporta crecimiento de 10.8% - Nitu - Noticias de la Industria Turistica","description":"Marisol Vanegas P\u00e9rez, inform\u00f3 en 2017 la afluencia de turistas alemanes que visitaron los destinos del Caribe Mexicano report\u00f3 un incremento de 10.8 por ciento.","robots":{"index":"index","follow":"follow","max-snippet":"max-snippet:-1","max-image-preview":"max-image-preview:large","max-video-preview":"max-video-preview:-1"},"canonical":"https:\/\/nitu.mx\/index.php\/2018\/03\/07\/afluencia-de-turistas-alemanes-a-quintana-roo-reporta-crecimiento-de-10-8\/","twitter_card":"summary_large_image","twitter_title":"Afluencia de turistas alemanes a Quintana Roo reporta crecimiento de 10.8% - Nitu - Noticias de la Industria Turistica","twitter_description":"Marisol Vanegas P\u00e9rez, inform\u00f3 en 2017 la afluencia de turistas alemanes que visitaron los destinos del Caribe Mexicano report\u00f3 un incremento de 10.8 por ciento.","twitter_image":"https:\/\/nitu.mx\/wp-content\/uploads\/2018\/03\/ITB-2018Quintana-Roo.jpg","twitter_creator":"@NITUmx","twitter_site":"@Arturo_Medina_G","twitter_misc":{"Escrito por":"Redacci\u00f3n","Tiempo de lectura":"2 minutos"},"schema":{"@context":"https:\/\/schema.org","@graph":[{"@type":"Article","@id":"https:\/\/nitu.mx\/index.php\/2018\/03\/07\/afluencia-de-turistas-alemanes-a-quintana-roo-reporta-crecimiento-de-10-8\/#article","isPartOf":{"@id":"https:\/\/nitu.mx\/index.php\/2018\/03\/07\/afluencia-de-turistas-alemanes-a-quintana-roo-reporta-crecimiento-de-10-8\/"},"author":{"name":"Redacci\u00f3n","@id":"https:\/\/nitu.mx\/#\/schema\/person\/4a28fe9bd65924f7c90623773daf1b0b"},"headline":"Afluencia de turistas alemanes a Quintana Roo reporta crecimiento de 10.8%","datePublished":"2018-03-08T04:58:46+00:00","dateModified":"2018-03-08T05:52:40+00:00","mainEntityOfPage":{"@id":"https:\/\/nitu.mx\/index.php\/2018\/03\/07\/afluencia-de-turistas-alemanes-a-quintana-roo-reporta-crecimiento-de-10-8\/"},"wordCount":350,"commentCount":0,"publisher":{"@id":"https:\/\/nitu.mx\/#\/schema\/person\/ae7a53426417292d3dd07b45a33e01bc"},"image":{"@id":"https:\/\/nitu.mx\/index.php\/2018\/03\/07\/afluencia-de-turistas-alemanes-a-quintana-roo-reporta-crecimiento-de-10-8\/#primaryimage"},"thumbnailUrl":"https:\/\/nitu.mx\/wp-content\/uploads\/2018\/03\/ITB-2018Quintana-Roo.jpg","keywords":["Alem\u00e1n","Canc\u00fan","Caribe mexicano","Cozumel","Espa\u00f1a","Europa","Grand Costa Maya","ITB","Marisol Vanegas P\u00e9rez","Reino Unido","Riviera Maya","Secretar\u00eda de Turismo"],"articleSection":["Internacional","Marketing"],"inLanguage":"es-MX","potentialAction":[{"@type":"CommentAction","name":"Comment","target":["https:\/\/nitu.mx\/index.php\/2018\/03\/07\/afluencia-de-turistas-alemanes-a-quintana-roo-reporta-crecimiento-de-10-8\/#respond"]}]},{"@type":"WebPage","@id":"https:\/\/nitu.mx\/index.php\/2018\/03\/07\/afluencia-de-turistas-alemanes-a-quintana-roo-reporta-crecimiento-de-10-8\/","url":"https:\/\/nitu.mx\/index.php\/2018\/03\/07\/afluencia-de-turistas-alemanes-a-quintana-roo-reporta-crecimiento-de-10-8\/","name":"Afluencia de turistas alemanes a Quintana Roo reporta crecimiento de 10.8% - Nitu - Noticias de la Industria Turistica","isPartOf":{"@id":"https:\/\/nitu.mx\/#website"},"primaryImageOfPage":{"@id":"https:\/\/nitu.mx\/index.php\/2018\/03\/07\/afluencia-de-turistas-alemanes-a-quintana-roo-reporta-crecimiento-de-10-8\/#primaryimage"},"image":{"@id":"https:\/\/nitu.mx\/index.php\/2018\/03\/07\/afluencia-de-turistas-alemanes-a-quintana-roo-reporta-crecimiento-de-10-8\/#primaryimage"},"thumbnailUrl":"https:\/\/nitu.mx\/wp-content\/uploads\/2018\/03\/ITB-2018Quintana-Roo.jpg","datePublished":"2018-03-08T04:58:46+00:00","dateModified":"2018-03-08T05:52:40+00:00","description":"Marisol Vanegas P\u00e9rez, inform\u00f3 en 2017 la afluencia de turistas alemanes que visitaron los destinos del Caribe Mexicano report\u00f3 un incremento de 10.8 por ciento.","breadcrumb":{"@id":"https:\/\/nitu.mx\/index.php\/2018\/03\/07\/afluencia-de-turistas-alemanes-a-quintana-roo-reporta-crecimiento-de-10-8\/#breadcrumb"},"inLanguage":"es-MX","potentialAction":[{"@type":"ReadAction","target":["https:\/\/nitu.mx\/index.php\/2018\/03\/07\/afluencia-de-turistas-alemanes-a-quintana-roo-reporta-crecimiento-de-10-8\/"]}]},{"@type":"ImageObject","inLanguage":"es-MX","@id":"https:\/\/nitu.mx\/index.php\/2018\/03\/07\/afluencia-de-turistas-alemanes-a-quintana-roo-reporta-crecimiento-de-10-8\/#primaryimage","url":"https:\/\/nitu.mx\/wp-content\/uploads\/2018\/03\/ITB-2018Quintana-Roo.jpg","contentUrl":"https:\/\/nitu.mx\/wp-content\/uploads\/2018\/03\/ITB-2018Quintana-Roo.jpg","width":850,"height":480,"caption":"alemanes"},{"@type":"BreadcrumbList","@id":"https:\/\/nitu.mx\/index.php\/2018\/03\/07\/afluencia-de-turistas-alemanes-a-quintana-roo-reporta-crecimiento-de-10-8\/#breadcrumb","itemListElement":[{"@type":"ListItem","position":1,"name":"Inicio","item":"https:\/\/nitu.mx\/"},{"@type":"ListItem","position":2,"name":"Afluencia de turistas alemanes a Quintana Roo reporta crecimiento de 10.8%"}]},{"@type":"WebSite","@id":"https:\/\/nitu.mx\/#website","url":"https:\/\/nitu.mx\/","name":"Nitu - Noticias de la Industria Turistica","description":"Noticias de la Industria Turistica","publisher":{"@id":"https:\/\/nitu.mx\/#\/schema\/person\/ae7a53426417292d3dd07b45a33e01bc"},"alternateName":"Noticias de la Industria Turistica","potentialAction":[{"@type":"SearchAction","target":{"@type":"EntryPoint","urlTemplate":"https:\/\/nitu.mx\/?s={search_term_string}"},"query-input":"required name=search_term_string"}],"inLanguage":"es-MX"},{"@type":["Person","Organization"],"@id":"https:\/\/nitu.mx\/#\/schema\/person\/ae7a53426417292d3dd07b45a33e01bc","name":"Arturo Medina","image":{"@type":"ImageObject","inLanguage":"es-MX","@id":"https:\/\/nitu.mx\/#\/schema\/person\/image\/","url":"https:\/\/nitu.mx\/wp-content\/uploads\/2024\/04\/4A315622-1904-4D5C-B022-878CDC840E04-90x90-1.jpeg","contentUrl":"https:\/\/nitu.mx\/wp-content\/uploads\/2024\/04\/4A315622-1904-4D5C-B022-878CDC840E04-90x90-1.jpeg","width":90,"height":90,"caption":"Arturo Medina"},"logo":{"@id":"https:\/\/nitu.mx\/#\/schema\/person\/image\/"},"description":"Director NITU.mx, Egresado de la Escuela de Periodismo Carlos Septi\u00e9n Garc\u00eda. Periodista y analista especializado en turismo desde hace 35 a\u00f1os, radicado en Canc\u00fan Q.Roo. arturo@nitu.mx","sameAs":["https:\/\/nitu.mx","https:\/\/www.facebook.com\/NITUmx\/","medinacancun","https:\/\/twitter.com\/@Arturo_Medina_G"]},{"@type":"Person","@id":"https:\/\/nitu.mx\/#\/schema\/person\/4a28fe9bd65924f7c90623773daf1b0b","name":"Redacci\u00f3n","image":{"@type":"ImageObject","inLanguage":"es-MX","@id":"https:\/\/nitu.mx\/#\/schema\/person\/image\/","url":"https:\/\/secure.gravatar.com\/avatar\/5dd011c8ccfc5cd7e4c81e42252aab38?s=96&d=mm&r=g","contentUrl":"https:\/\/secure.gravatar.com\/avatar\/5dd011c8ccfc5cd7e4c81e42252aab38?s=96&d=mm&r=g","caption":"Redacci\u00f3n"},"url":"https:\/\/nitu.mx\/index.php\/author\/redaccion\/"}]}},"views":335,"_links":{"self":[{"href":"https:\/\/nitu.mx\/index.php\/wp-json\/wp\/v2\/posts\/18211"}],"collection":[{"href":"https:\/\/nitu.mx\/index.php\/wp-json\/wp\/v2\/posts"}],"about":[{"href":"https:\/\/nitu.mx\/index.php\/wp-json\/wp\/v2\/types\/post"}],"author":[{"embeddable":true,"href":"https:\/\/nitu.mx\/index.php\/wp-json\/wp\/v2\/users\/17"}],"replies":[{"embeddable":true,"href":"https:\/\/nitu.mx\/index.php\/wp-json\/wp\/v2\/comments?post=18211"}],"version-history":[{"count":3,"href":"https:\/\/nitu.mx\/index.php\/wp-json\/wp\/v2\/posts\/18211\/revisions"}],"predecessor-version":[{"id":18233,"href":"https:\/\/nitu.mx\/index.php\/wp-json\/wp\/v2\/posts\/18211\/revisions\/18233"}],"wp:featuredmedia":[{"embeddable":true,"href":"https:\/\/nitu.mx\/index.php\/wp-json\/wp\/v2\/media\/18232"}],"wp:attachment":[{"href":"https:\/\/nitu.mx\/index.php\/wp-json\/wp\/v2\/media?parent=18211"}],"wp:term":[{"taxonomy":"category","embeddable":true,"href":"https:\/\/nitu.mx\/index.php\/wp-json\/wp\/v2\/categories?post=18211"},{"taxonomy":"post_tag","embeddable":true,"href":"https:\/\/nitu.mx\/index.php\/wp-json\/wp\/v2\/tags?post=18211"}],"curies":[{"name":"wp","href":"https:\/\/api.w.org\/{rel}","templated":true}]}}