{"id":18123,"date":"2018-03-05T21:13:27","date_gmt":"2018-03-06T02:13:27","guid":{"rendered":"http:\/\/www.dev.nitu.mx\/?p=18123"},"modified":"2018-03-06T00:36:10","modified_gmt":"2018-03-06T05:36:10","slug":"viva-aerobus-conectara-puebla-puerto-vallarta-semana-santa","status":"publish","type":"post","link":"https:\/\/nitu.mx\/index.php\/2018\/03\/05\/viva-aerobus-conectara-puebla-puerto-vallarta-semana-santa\/","title":{"rendered":"Viva Aerobus conectar\u00e1 Puebla con Puerto Vallarta en Semana Santa"},"content":{"rendered":"<p>La aerol\u00ednea de ultra bajo costo, Viva Aerobus, anunci\u00f3 que para el periodo vacacional de Semana Santa que est\u00e1 en puerta, pondr\u00e1 en operaci\u00f3n algunos servicios entre la ciudad de Puebla y Puerto Vallarta.<\/p>\n<p>La ruta s\u00f3lo operar\u00e1 frecuencias los d\u00edas 22, 25 y 29 de marzo, as\u00ed como el 2 de abril, y para ello, la aerol\u00ednea dirigida por Juan Carlos Zuazua, emplear\u00e1 su Airbus A320 que tiene capacidad para 186 pasajeros.<\/p>\n<p>Si bien el Aeropuerto Internacional Hemanos Serd\u00e1n de Puebla est\u00e1 pr\u00e1cticamente subutilizado, pues no ha logrado despuntar como se hab\u00eda proyectado desde la administraci\u00f3n anterior, para organizar las operaciones especiales de Viva Aerobus para estos d\u00edas, fue necesario un trabajo coordinado con la aerol\u00ednea y Aeropuertos y Servicios Auxiliares (ASA), dependencia estatal encargada de la operaci\u00f3n de esta terminal.<\/p>\n<p>La ruta temporal tendr\u00e1 cuatro frecuencias los d\u00edas que se indicaron, con salidas desde Puebla a las 10:41, 14:15, 18:20 y 19:10 horas, y de Puerto Vallarta a las 9:00, 12:35, 17:30 y 20:15. Desde este aeropuerto, Viva Aerobus opera desde hace a\u00f1o y medio; actualmente tiene vuelos hacia Monterrey y Canc\u00fan.<\/p>\n<p>De esta manera, Viva Aerobus aprovecha el \u00e1rea de oportunidad que representa la temporada vacacional, que de la mano con ASA logr\u00f3 ajustar en horarios pr\u00e1cticos para los vacacionistas que deseen visitar el puerto jalisciense y tambi\u00e9n tener una hora de retorno accesible.\u00a0<a title=\"Estrenar\u00e1 Viva Aerobus ruta M\u00e9rida-Tuxtla Guti\u00e9rrez en junio\" href=\"http:\/\/www.dev.nitu.mx\/index.php\/2018\/03\/02\/estrenara-viva-aerobus-ruta-merida-tuxtla-gutierrez-en-junio\/\" rel=\"bookmark\">(Estrenar\u00e1 Viva Aerobus ruta M\u00e9rida-Tuxtla Guti\u00e9rrez en junio<\/a>).<\/p>\n","protected":false},"excerpt":{"rendered":"<p>La aerol\u00ednea de ultra bajo costo, Viva Aerobus, anunci\u00f3 que para el periodo vacacional de Semana Santa que est\u00e1 en puerta, pondr\u00e1 en operaci\u00f3n algunos servicios entre la ciudad de Puebla y Puerto Vallarta. La ruta s\u00f3lo operar\u00e1 frecuencias los d\u00edas 22, 25 y 29 de marzo, as\u00ed como el 2 de abril, y para [&hellip;]<\/p>\n","protected":false},"author":5,"featured_media":9848,"comment_status":"open","ping_status":"open","sticky":false,"template":"","format":"standard","meta":{"footnotes":""},"categories":[29],"tags":[1021,295,62,471,2102],"yoast_head":"<!-- This site is optimized with the Yoast SEO plugin v22.2 - https:\/\/yoast.com\/wordpress\/plugins\/seo\/ -->\n<title>Viva Aerobus conectar\u00e1 Puebla con Puerto Vallarta en Semana Santa - Nitu - Noticias de la Industria Turistica<\/title>\n<meta name=\"description\" content=\"Viva Aerobus anunci\u00f3 que para el periodo vacacional de Semana Santa pondr\u00e1 en operaci\u00f3n algunos servicios entre la ciudad de Puebla y Puerto Vallarta.\" \/>\n<meta name=\"robots\" content=\"index, follow, max-snippet:-1, max-image-preview:large, max-video-preview:-1\" \/>\n<link rel=\"canonical\" href=\"https:\/\/nitu.mx\/index.php\/2018\/03\/05\/viva-aerobus-conectara-puebla-puerto-vallarta-semana-santa\/\" \/>\n<meta name=\"twitter:card\" content=\"summary_large_image\" \/>\n<meta name=\"twitter:title\" content=\"Viva Aerobus conectar\u00e1 Puebla con Puerto Vallarta en Semana Santa - Nitu - Noticias de la Industria Turistica\" \/>\n<meta name=\"twitter:description\" content=\"Viva Aerobus anunci\u00f3 que para el periodo vacacional de Semana Santa pondr\u00e1 en operaci\u00f3n algunos servicios entre la ciudad de Puebla y Puerto Vallarta.\" \/>\n<meta name=\"twitter:image\" content=\"https:\/\/nitu.mx\/wp-content\/uploads\/2017\/05\/VivaAerobus-GDL-Los-Cabos.jpg\" \/>\n<meta name=\"twitter:creator\" content=\"@NITUmx\" \/>\n<meta name=\"twitter:site\" content=\"@Arturo_Medina_G\" \/>\n<meta name=\"twitter:label1\" content=\"Escrito por\" \/>\n\t<meta name=\"twitter:data1\" content=\"Mari Soto\" \/>\n\t<meta name=\"twitter:label2\" content=\"Tiempo de lectura\" \/>\n\t<meta name=\"twitter:data2\" content=\"1 minuto\" \/>\n<script type=\"application\/ld+json\" class=\"yoast-schema-graph\">{\"@context\":\"https:\/\/schema.org\",\"@graph\":[{\"@type\":\"Article\",\"@id\":\"https:\/\/nitu.mx\/index.php\/2018\/03\/05\/viva-aerobus-conectara-puebla-puerto-vallarta-semana-santa\/#article\",\"isPartOf\":{\"@id\":\"https:\/\/nitu.mx\/index.php\/2018\/03\/05\/viva-aerobus-conectara-puebla-puerto-vallarta-semana-santa\/\"},\"author\":{\"name\":\"Mari Soto\",\"@id\":\"https:\/\/nitu.mx\/#\/schema\/person\/afc52e313e27e660739556d421d3d6b4\"},\"headline\":\"Viva Aerobus conectar\u00e1 Puebla con Puerto Vallarta en Semana Santa\",\"datePublished\":\"2018-03-06T02:13:27+00:00\",\"dateModified\":\"2018-03-06T05:36:10+00:00\",\"mainEntityOfPage\":{\"@id\":\"https:\/\/nitu.mx\/index.php\/2018\/03\/05\/viva-aerobus-conectara-puebla-puerto-vallarta-semana-santa\/\"},\"wordCount\":251,\"commentCount\":0,\"publisher\":{\"@id\":\"https:\/\/nitu.mx\/#\/schema\/person\/ae7a53426417292d3dd07b45a33e01bc\"},\"image\":{\"@id\":\"https:\/\/nitu.mx\/index.php\/2018\/03\/05\/viva-aerobus-conectara-puebla-puerto-vallarta-semana-santa\/#primaryimage\"},\"thumbnailUrl\":\"https:\/\/nitu.mx\/wp-content\/uploads\/2017\/05\/VivaAerobus-GDL-Los-Cabos.jpg\",\"keywords\":[\"Aeropuertos y Servicios Auxiliares (ASA)\",\"Juan Carlos Zuazua\",\"Puebla\",\"Puerto Vallarta\",\"Viva Aerobus\"],\"articleSection\":[\"Aerol\u00edneas\"],\"inLanguage\":\"es-MX\",\"potentialAction\":[{\"@type\":\"CommentAction\",\"name\":\"Comment\",\"target\":[\"https:\/\/nitu.mx\/index.php\/2018\/03\/05\/viva-aerobus-conectara-puebla-puerto-vallarta-semana-santa\/#respond\"]}]},{\"@type\":\"WebPage\",\"@id\":\"https:\/\/nitu.mx\/index.php\/2018\/03\/05\/viva-aerobus-conectara-puebla-puerto-vallarta-semana-santa\/\",\"url\":\"https:\/\/nitu.mx\/index.php\/2018\/03\/05\/viva-aerobus-conectara-puebla-puerto-vallarta-semana-santa\/\",\"name\":\"Viva Aerobus conectar\u00e1 Puebla con Puerto Vallarta en Semana Santa - Nitu - Noticias de la Industria Turistica\",\"isPartOf\":{\"@id\":\"https:\/\/nitu.mx\/#website\"},\"primaryImageOfPage\":{\"@id\":\"https:\/\/nitu.mx\/index.php\/2018\/03\/05\/viva-aerobus-conectara-puebla-puerto-vallarta-semana-santa\/#primaryimage\"},\"image\":{\"@id\":\"https:\/\/nitu.mx\/index.php\/2018\/03\/05\/viva-aerobus-conectara-puebla-puerto-vallarta-semana-santa\/#primaryimage\"},\"thumbnailUrl\":\"https:\/\/nitu.mx\/wp-content\/uploads\/2017\/05\/VivaAerobus-GDL-Los-Cabos.jpg\",\"datePublished\":\"2018-03-06T02:13:27+00:00\",\"dateModified\":\"2018-03-06T05:36:10+00:00\",\"description\":\"Viva Aerobus anunci\u00f3 que para el periodo vacacional de Semana Santa pondr\u00e1 en operaci\u00f3n algunos servicios entre la ciudad de Puebla y Puerto Vallarta.\",\"breadcrumb\":{\"@id\":\"https:\/\/nitu.mx\/index.php\/2018\/03\/05\/viva-aerobus-conectara-puebla-puerto-vallarta-semana-santa\/#breadcrumb\"},\"inLanguage\":\"es-MX\",\"potentialAction\":[{\"@type\":\"ReadAction\",\"target\":[\"https:\/\/nitu.mx\/index.php\/2018\/03\/05\/viva-aerobus-conectara-puebla-puerto-vallarta-semana-santa\/\"]}]},{\"@type\":\"ImageObject\",\"inLanguage\":\"es-MX\",\"@id\":\"https:\/\/nitu.mx\/index.php\/2018\/03\/05\/viva-aerobus-conectara-puebla-puerto-vallarta-semana-santa\/#primaryimage\",\"url\":\"https:\/\/nitu.mx\/wp-content\/uploads\/2017\/05\/VivaAerobus-GDL-Los-Cabos.jpg\",\"contentUrl\":\"https:\/\/nitu.mx\/wp-content\/uploads\/2017\/05\/VivaAerobus-GDL-Los-Cabos.jpg\",\"width\":850,\"height\":480,\"caption\":\"Viva Aerobus\"},{\"@type\":\"BreadcrumbList\",\"@id\":\"https:\/\/nitu.mx\/index.php\/2018\/03\/05\/viva-aerobus-conectara-puebla-puerto-vallarta-semana-santa\/#breadcrumb\",\"itemListElement\":[{\"@type\":\"ListItem\",\"position\":1,\"name\":\"Inicio\",\"item\":\"https:\/\/nitu.mx\/\"},{\"@type\":\"ListItem\",\"position\":2,\"name\":\"Viva Aerobus conectar\u00e1 Puebla con Puerto Vallarta en Semana Santa\"}]},{\"@type\":\"WebSite\",\"@id\":\"https:\/\/nitu.mx\/#website\",\"url\":\"https:\/\/nitu.mx\/\",\"name\":\"Nitu - Noticias de la Industria Turistica\",\"description\":\"Noticias de la Industria Turistica\",\"publisher\":{\"@id\":\"https:\/\/nitu.mx\/#\/schema\/person\/ae7a53426417292d3dd07b45a33e01bc\"},\"alternateName\":\"Noticias de la Industria Turistica\",\"potentialAction\":[{\"@type\":\"SearchAction\",\"target\":{\"@type\":\"EntryPoint\",\"urlTemplate\":\"https:\/\/nitu.mx\/?s={search_term_string}\"},\"query-input\":\"required name=search_term_string\"}],\"inLanguage\":\"es-MX\"},{\"@type\":[\"Person\",\"Organization\"],\"@id\":\"https:\/\/nitu.mx\/#\/schema\/person\/ae7a53426417292d3dd07b45a33e01bc\",\"name\":\"Arturo Medina\",\"image\":{\"@type\":\"ImageObject\",\"inLanguage\":\"es-MX\",\"@id\":\"https:\/\/nitu.mx\/#\/schema\/person\/image\/\",\"url\":\"https:\/\/nitu.mx\/wp-content\/uploads\/2024\/04\/4A315622-1904-4D5C-B022-878CDC840E04-90x90-1.jpeg\",\"contentUrl\":\"https:\/\/nitu.mx\/wp-content\/uploads\/2024\/04\/4A315622-1904-4D5C-B022-878CDC840E04-90x90-1.jpeg\",\"width\":90,\"height\":90,\"caption\":\"Arturo Medina\"},\"logo\":{\"@id\":\"https:\/\/nitu.mx\/#\/schema\/person\/image\/\"},\"description\":\"Director NITU.mx, Egresado de la Escuela de Periodismo Carlos Septi\u00e9n Garc\u00eda. Periodista y analista especializado en turismo desde hace 35 a\u00f1os, radicado en Canc\u00fan Q.Roo. arturo@nitu.mx\",\"sameAs\":[\"https:\/\/nitu.mx\",\"https:\/\/www.facebook.com\/NITUmx\/\",\"medinacancun\",\"https:\/\/twitter.com\/@Arturo_Medina_G\"]},{\"@type\":\"Person\",\"@id\":\"https:\/\/nitu.mx\/#\/schema\/person\/afc52e313e27e660739556d421d3d6b4\",\"name\":\"Mari Soto\",\"image\":{\"@type\":\"ImageObject\",\"inLanguage\":\"es-MX\",\"@id\":\"https:\/\/nitu.mx\/#\/schema\/person\/image\/\",\"url\":\"https:\/\/secure.gravatar.com\/avatar\/2619c282a180a20d89fcaea82a6736e2?s=96&d=mm&r=g\",\"contentUrl\":\"https:\/\/secure.gravatar.com\/avatar\/2619c282a180a20d89fcaea82a6736e2?s=96&d=mm&r=g\",\"caption\":\"Mari Soto\"},\"sameAs\":[\"https:\/\/nitu.mx\"],\"url\":\"https:\/\/nitu.mx\/index.php\/author\/guadalupe\/\"}]}<\/script>\n<!-- \/ Yoast SEO plugin. -->","yoast_head_json":{"title":"Viva Aerobus conectar\u00e1 Puebla con Puerto Vallarta en Semana Santa - Nitu - Noticias de la Industria Turistica","description":"Viva Aerobus anunci\u00f3 que para el periodo vacacional de Semana Santa pondr\u00e1 en operaci\u00f3n algunos servicios entre la ciudad de Puebla y Puerto Vallarta.","robots":{"index":"index","follow":"follow","max-snippet":"max-snippet:-1","max-image-preview":"max-image-preview:large","max-video-preview":"max-video-preview:-1"},"canonical":"https:\/\/nitu.mx\/index.php\/2018\/03\/05\/viva-aerobus-conectara-puebla-puerto-vallarta-semana-santa\/","twitter_card":"summary_large_image","twitter_title":"Viva Aerobus conectar\u00e1 Puebla con Puerto Vallarta en Semana Santa - Nitu - Noticias de la Industria Turistica","twitter_description":"Viva Aerobus anunci\u00f3 que para el periodo vacacional de Semana Santa pondr\u00e1 en operaci\u00f3n algunos servicios entre la ciudad de Puebla y Puerto Vallarta.","twitter_image":"https:\/\/nitu.mx\/wp-content\/uploads\/2017\/05\/VivaAerobus-GDL-Los-Cabos.jpg","twitter_creator":"@NITUmx","twitter_site":"@Arturo_Medina_G","twitter_misc":{"Escrito por":"Mari Soto","Tiempo de lectura":"1 minuto"},"schema":{"@context":"https:\/\/schema.org","@graph":[{"@type":"Article","@id":"https:\/\/nitu.mx\/index.php\/2018\/03\/05\/viva-aerobus-conectara-puebla-puerto-vallarta-semana-santa\/#article","isPartOf":{"@id":"https:\/\/nitu.mx\/index.php\/2018\/03\/05\/viva-aerobus-conectara-puebla-puerto-vallarta-semana-santa\/"},"author":{"name":"Mari Soto","@id":"https:\/\/nitu.mx\/#\/schema\/person\/afc52e313e27e660739556d421d3d6b4"},"headline":"Viva Aerobus conectar\u00e1 Puebla con Puerto Vallarta en Semana Santa","datePublished":"2018-03-06T02:13:27+00:00","dateModified":"2018-03-06T05:36:10+00:00","mainEntityOfPage":{"@id":"https:\/\/nitu.mx\/index.php\/2018\/03\/05\/viva-aerobus-conectara-puebla-puerto-vallarta-semana-santa\/"},"wordCount":251,"commentCount":0,"publisher":{"@id":"https:\/\/nitu.mx\/#\/schema\/person\/ae7a53426417292d3dd07b45a33e01bc"},"image":{"@id":"https:\/\/nitu.mx\/index.php\/2018\/03\/05\/viva-aerobus-conectara-puebla-puerto-vallarta-semana-santa\/#primaryimage"},"thumbnailUrl":"https:\/\/nitu.mx\/wp-content\/uploads\/2017\/05\/VivaAerobus-GDL-Los-Cabos.jpg","keywords":["Aeropuertos y Servicios Auxiliares (ASA)","Juan Carlos Zuazua","Puebla","Puerto Vallarta","Viva Aerobus"],"articleSection":["Aerol\u00edneas"],"inLanguage":"es-MX","potentialAction":[{"@type":"CommentAction","name":"Comment","target":["https:\/\/nitu.mx\/index.php\/2018\/03\/05\/viva-aerobus-conectara-puebla-puerto-vallarta-semana-santa\/#respond"]}]},{"@type":"WebPage","@id":"https:\/\/nitu.mx\/index.php\/2018\/03\/05\/viva-aerobus-conectara-puebla-puerto-vallarta-semana-santa\/","url":"https:\/\/nitu.mx\/index.php\/2018\/03\/05\/viva-aerobus-conectara-puebla-puerto-vallarta-semana-santa\/","name":"Viva Aerobus conectar\u00e1 Puebla con Puerto Vallarta en Semana Santa - Nitu - Noticias de la Industria Turistica","isPartOf":{"@id":"https:\/\/nitu.mx\/#website"},"primaryImageOfPage":{"@id":"https:\/\/nitu.mx\/index.php\/2018\/03\/05\/viva-aerobus-conectara-puebla-puerto-vallarta-semana-santa\/#primaryimage"},"image":{"@id":"https:\/\/nitu.mx\/index.php\/2018\/03\/05\/viva-aerobus-conectara-puebla-puerto-vallarta-semana-santa\/#primaryimage"},"thumbnailUrl":"https:\/\/nitu.mx\/wp-content\/uploads\/2017\/05\/VivaAerobus-GDL-Los-Cabos.jpg","datePublished":"2018-03-06T02:13:27+00:00","dateModified":"2018-03-06T05:36:10+00:00","description":"Viva Aerobus anunci\u00f3 que para el periodo vacacional de Semana Santa pondr\u00e1 en operaci\u00f3n algunos servicios entre la ciudad de Puebla y Puerto Vallarta.","breadcrumb":{"@id":"https:\/\/nitu.mx\/index.php\/2018\/03\/05\/viva-aerobus-conectara-puebla-puerto-vallarta-semana-santa\/#breadcrumb"},"inLanguage":"es-MX","potentialAction":[{"@type":"ReadAction","target":["https:\/\/nitu.mx\/index.php\/2018\/03\/05\/viva-aerobus-conectara-puebla-puerto-vallarta-semana-santa\/"]}]},{"@type":"ImageObject","inLanguage":"es-MX","@id":"https:\/\/nitu.mx\/index.php\/2018\/03\/05\/viva-aerobus-conectara-puebla-puerto-vallarta-semana-santa\/#primaryimage","url":"https:\/\/nitu.mx\/wp-content\/uploads\/2017\/05\/VivaAerobus-GDL-Los-Cabos.jpg","contentUrl":"https:\/\/nitu.mx\/wp-content\/uploads\/2017\/05\/VivaAerobus-GDL-Los-Cabos.jpg","width":850,"height":480,"caption":"Viva Aerobus"},{"@type":"BreadcrumbList","@id":"https:\/\/nitu.mx\/index.php\/2018\/03\/05\/viva-aerobus-conectara-puebla-puerto-vallarta-semana-santa\/#breadcrumb","itemListElement":[{"@type":"ListItem","position":1,"name":"Inicio","item":"https:\/\/nitu.mx\/"},{"@type":"ListItem","position":2,"name":"Viva Aerobus conectar\u00e1 Puebla con Puerto Vallarta en Semana Santa"}]},{"@type":"WebSite","@id":"https:\/\/nitu.mx\/#website","url":"https:\/\/nitu.mx\/","name":"Nitu - Noticias de la Industria Turistica","description":"Noticias de la Industria Turistica","publisher":{"@id":"https:\/\/nitu.mx\/#\/schema\/person\/ae7a53426417292d3dd07b45a33e01bc"},"alternateName":"Noticias de la Industria Turistica","potentialAction":[{"@type":"SearchAction","target":{"@type":"EntryPoint","urlTemplate":"https:\/\/nitu.mx\/?s={search_term_string}"},"query-input":"required name=search_term_string"}],"inLanguage":"es-MX"},{"@type":["Person","Organization"],"@id":"https:\/\/nitu.mx\/#\/schema\/person\/ae7a53426417292d3dd07b45a33e01bc","name":"Arturo Medina","image":{"@type":"ImageObject","inLanguage":"es-MX","@id":"https:\/\/nitu.mx\/#\/schema\/person\/image\/","url":"https:\/\/nitu.mx\/wp-content\/uploads\/2024\/04\/4A315622-1904-4D5C-B022-878CDC840E04-90x90-1.jpeg","contentUrl":"https:\/\/nitu.mx\/wp-content\/uploads\/2024\/04\/4A315622-1904-4D5C-B022-878CDC840E04-90x90-1.jpeg","width":90,"height":90,"caption":"Arturo Medina"},"logo":{"@id":"https:\/\/nitu.mx\/#\/schema\/person\/image\/"},"description":"Director NITU.mx, Egresado de la Escuela de Periodismo Carlos Septi\u00e9n Garc\u00eda. Periodista y analista especializado en turismo desde hace 35 a\u00f1os, radicado en Canc\u00fan Q.Roo. arturo@nitu.mx","sameAs":["https:\/\/nitu.mx","https:\/\/www.facebook.com\/NITUmx\/","medinacancun","https:\/\/twitter.com\/@Arturo_Medina_G"]},{"@type":"Person","@id":"https:\/\/nitu.mx\/#\/schema\/person\/afc52e313e27e660739556d421d3d6b4","name":"Mari Soto","image":{"@type":"ImageObject","inLanguage":"es-MX","@id":"https:\/\/nitu.mx\/#\/schema\/person\/image\/","url":"https:\/\/secure.gravatar.com\/avatar\/2619c282a180a20d89fcaea82a6736e2?s=96&d=mm&r=g","contentUrl":"https:\/\/secure.gravatar.com\/avatar\/2619c282a180a20d89fcaea82a6736e2?s=96&d=mm&r=g","caption":"Mari Soto"},"sameAs":["https:\/\/nitu.mx"],"url":"https:\/\/nitu.mx\/index.php\/author\/guadalupe\/"}]}},"views":269,"_links":{"self":[{"href":"https:\/\/nitu.mx\/index.php\/wp-json\/wp\/v2\/posts\/18123"}],"collection":[{"href":"https:\/\/nitu.mx\/index.php\/wp-json\/wp\/v2\/posts"}],"about":[{"href":"https:\/\/nitu.mx\/index.php\/wp-json\/wp\/v2\/types\/post"}],"author":[{"embeddable":true,"href":"https:\/\/nitu.mx\/index.php\/wp-json\/wp\/v2\/users\/5"}],"replies":[{"embeddable":true,"href":"https:\/\/nitu.mx\/index.php\/wp-json\/wp\/v2\/comments?post=18123"}],"version-history":[{"count":1,"href":"https:\/\/nitu.mx\/index.php\/wp-json\/wp\/v2\/posts\/18123\/revisions"}],"predecessor-version":[{"id":18127,"href":"https:\/\/nitu.mx\/index.php\/wp-json\/wp\/v2\/posts\/18123\/revisions\/18127"}],"wp:featuredmedia":[{"embeddable":true,"href":"https:\/\/nitu.mx\/index.php\/wp-json\/wp\/v2\/media\/9848"}],"wp:attachment":[{"href":"https:\/\/nitu.mx\/index.php\/wp-json\/wp\/v2\/media?parent=18123"}],"wp:term":[{"taxonomy":"category","embeddable":true,"href":"https:\/\/nitu.mx\/index.php\/wp-json\/wp\/v2\/categories?post=18123"},{"taxonomy":"post_tag","embeddable":true,"href":"https:\/\/nitu.mx\/index.php\/wp-json\/wp\/v2\/tags?post=18123"}],"curies":[{"name":"wp","href":"https:\/\/api.w.org\/{rel}","templated":true}]}}