{"id":18046,"date":"2018-03-02T00:07:24","date_gmt":"2018-03-02T05:07:24","guid":{"rendered":"http:\/\/www.dev.nitu.mx\/?p=18046"},"modified":"2018-03-02T00:15:39","modified_gmt":"2018-03-02T05:15:39","slug":"estrenara-viva-aerobus-ruta-merida-tuxtla-gutierrez-en-junio","status":"publish","type":"post","link":"https:\/\/nitu.mx\/index.php\/2018\/03\/02\/estrenara-viva-aerobus-ruta-merida-tuxtla-gutierrez-en-junio\/","title":{"rendered":"Estrenar\u00e1 Viva Aerobus ruta M\u00e9rida-Tuxtla Guti\u00e9rrez en junio"},"content":{"rendered":"<p>Viva Aerobus anunci\u00f3 que estrenar\u00e1 la ruta M\u00e9rida-Tuxtla Guti\u00e9rrez el 4 de junio con dos frecuencias semanales los lunes y jueves, lo que dar\u00e1 una disponibilidad de 38 mil asientos con el prop\u00f3sito de atender la demanda de pasajeros.<\/p>\n<p>\u201cViva Aerobus contin\u00faa revolucionando la forma de viajar, distingui\u00e9ndose por un servicio que es capaz de combinar los mejores precios y viajes a la medida. Esa es nuestra definici\u00f3n de conectividad\u201d, se\u00f1al\u00f3 Juan Carlos Zuazua, director general de Viva Aerobus, en un comunicado.<\/p>\n<p>El directivo agreg\u00f3 que el n\u00famero de pasajeros transportados desde y hacia M\u00e9rida creci\u00f3 38 por ciento en 2017, logrando as\u00ed una cuota de mercado de 18 por ciento.<\/p>\n<p>Mientras que la conectividad en Tuxtla Guti\u00e9rrez, Chiapas ha crecido 40 por ciento en el n\u00famero de pasajeros desde y hacia este destino en 2017, habiendo cosechando una cuota de mercado de 25 por ciento en el a\u00f1o anterior.<\/p>\n<p>\u201cEstamos orgullosos de a\u00f1adir otra ruta nacional a nuestra oferta, como aliados y embajadores del turismo en M\u00e9xico nos entusiasma enlazar el mundo Maya con las maravillas de una de las regiones de mayor biodiversidad del pa\u00eds\u201d, agreg\u00f3 Zuazua.<\/p>\n<p>Los precios de los boletos de esta ruta comenzar\u00e1n desde los 898 pesos.<\/p>\n<p>Viva Aerobus report\u00f3 ingresos operacionales de siete mil 666 millones de pesos al cierre de 2017, lo que signific\u00f3 un avance de 23.3 por ciento respecto al mismo indicador consolidado de 2016.\u00a0<a title=\"Aprueban estrategia financiera de Viva Aerobus\" href=\"http:\/\/www.dev.nitu.mx\/index.php\/2018\/02\/19\/aprueban-estrategia-de-viva-aerobus\/\" rel=\"bookmark\">(Aprueban estrategia financiera de Viva Aerobus<\/a>).<\/p>\n<p>El buen ritmo que el grupo mostr\u00f3 fue impulsado por un mayor flujo de pasajeros, indicador que sum\u00f3 a m\u00e1s de ocho millones a lo largo del a\u00f1o pasado. Esto represent\u00f3 una variaci\u00f3n positiva de 28 por ciento en el tr\u00e1fico de pasajeros durante todo el a\u00f1o con una tasa de ocupaci\u00f3n de 90 por ciento.<\/p>\n<p>Al respecto, Viva Aerobus destac\u00f3 que al cierre del cuarto trimestre de 2017, el indicador sobre pasajeros transportados sum\u00f3 2.2 millones de viajeros, lo que dio ingresos por 2 mil 180 millones de pesos, 18 por ciento m\u00e1s respecto al mismo trimestre de 2016.<\/p>\n","protected":false},"excerpt":{"rendered":"<p>Viva Aerobus anunci\u00f3 que estrenar\u00e1 la ruta M\u00e9rida-Tuxtla Guti\u00e9rrez el 4 de junio con dos frecuencias semanales los lunes y jueves, lo que dar\u00e1 una disponibilidad de 38 mil asientos con el prop\u00f3sito de atender la demanda de pasajeros. \u201cViva Aerobus contin\u00faa revolucionando la forma de viajar, distingui\u00e9ndose por un servicio que es capaz de [&hellip;]<\/p>\n","protected":false},"author":17,"featured_media":10972,"comment_status":"open","ping_status":"open","sticky":false,"template":"","format":"standard","meta":{"footnotes":""},"categories":[29,6],"tags":[1891,8523,295,8524,2141,2102],"yoast_head":"<!-- This site is optimized with the Yoast SEO plugin v22.2 - https:\/\/yoast.com\/wordpress\/plugins\/seo\/ -->\n<title>Estrenar\u00e1 Viva Aerobus ruta M\u00e9rida-Tuxtla Guti\u00e9rrez en junio - Nitu - Noticias de la Industria Turistica<\/title>\n<meta name=\"description\" content=\"Viva Aerobus estrenar\u00e1 la ruta M\u00e9rida-Tuxtla Guti\u00e9rrez el 4 de junio con dos frecuencias semanales los lunes y jueves, una disponibilidad de 38 mil asientos.\" \/>\n<meta name=\"robots\" content=\"index, follow, max-snippet:-1, max-image-preview:large, max-video-preview:-1\" \/>\n<link rel=\"canonical\" href=\"https:\/\/nitu.mx\/index.php\/2018\/03\/02\/estrenara-viva-aerobus-ruta-merida-tuxtla-gutierrez-en-junio\/\" \/>\n<meta name=\"twitter:card\" content=\"summary_large_image\" \/>\n<meta name=\"twitter:title\" content=\"Estrenar\u00e1 Viva Aerobus ruta M\u00e9rida-Tuxtla Guti\u00e9rrez en junio - Nitu - Noticias de la Industria Turistica\" \/>\n<meta name=\"twitter:description\" content=\"Viva Aerobus estrenar\u00e1 la ruta M\u00e9rida-Tuxtla Guti\u00e9rrez el 4 de junio con dos frecuencias semanales los lunes y jueves, una disponibilidad de 38 mil asientos.\" \/>\n<meta name=\"twitter:image\" content=\"https:\/\/nitu.mx\/wp-content\/uploads\/2017\/06\/vivaaerobus-1.jpg\" \/>\n<meta name=\"twitter:creator\" content=\"@NITUmx\" \/>\n<meta name=\"twitter:site\" content=\"@Arturo_Medina_G\" \/>\n<meta name=\"twitter:label1\" content=\"Escrito por\" \/>\n\t<meta name=\"twitter:data1\" content=\"Redacci\u00f3n\" \/>\n\t<meta name=\"twitter:label2\" content=\"Tiempo de lectura\" \/>\n\t<meta name=\"twitter:data2\" content=\"2 minutos\" \/>\n<script type=\"application\/ld+json\" class=\"yoast-schema-graph\">{\"@context\":\"https:\/\/schema.org\",\"@graph\":[{\"@type\":\"Article\",\"@id\":\"https:\/\/nitu.mx\/index.php\/2018\/03\/02\/estrenara-viva-aerobus-ruta-merida-tuxtla-gutierrez-en-junio\/#article\",\"isPartOf\":{\"@id\":\"https:\/\/nitu.mx\/index.php\/2018\/03\/02\/estrenara-viva-aerobus-ruta-merida-tuxtla-gutierrez-en-junio\/\"},\"author\":{\"name\":\"Redacci\u00f3n\",\"@id\":\"https:\/\/nitu.mx\/#\/schema\/person\/4a28fe9bd65924f7c90623773daf1b0b\"},\"headline\":\"Estrenar\u00e1 Viva Aerobus ruta M\u00e9rida-Tuxtla Guti\u00e9rrez en junio\",\"datePublished\":\"2018-03-02T05:07:24+00:00\",\"dateModified\":\"2018-03-02T05:15:39+00:00\",\"mainEntityOfPage\":{\"@id\":\"https:\/\/nitu.mx\/index.php\/2018\/03\/02\/estrenara-viva-aerobus-ruta-merida-tuxtla-gutierrez-en-junio\/\"},\"wordCount\":352,\"commentCount\":0,\"publisher\":{\"@id\":\"https:\/\/nitu.mx\/#\/schema\/person\/ae7a53426417292d3dd07b45a33e01bc\"},\"image\":{\"@id\":\"https:\/\/nitu.mx\/index.php\/2018\/03\/02\/estrenara-viva-aerobus-ruta-merida-tuxtla-gutierrez-en-junio\/#primaryimage\"},\"thumbnailUrl\":\"https:\/\/nitu.mx\/wp-content\/uploads\/2017\/06\/vivaaerobus-1.jpg\",\"keywords\":[\"Chiapas\",\"estrenar\u00e1\",\"Juan Carlos Zuazua\",\"ruta M\u00e9rida-Tuxtla Guti\u00e9rrez\",\"Tuxtla Guti\u00e9rrez\",\"Viva Aerobus\"],\"articleSection\":[\"Aerol\u00edneas\",\"M\u00e9xico\"],\"inLanguage\":\"es-MX\",\"potentialAction\":[{\"@type\":\"CommentAction\",\"name\":\"Comment\",\"target\":[\"https:\/\/nitu.mx\/index.php\/2018\/03\/02\/estrenara-viva-aerobus-ruta-merida-tuxtla-gutierrez-en-junio\/#respond\"]}]},{\"@type\":\"WebPage\",\"@id\":\"https:\/\/nitu.mx\/index.php\/2018\/03\/02\/estrenara-viva-aerobus-ruta-merida-tuxtla-gutierrez-en-junio\/\",\"url\":\"https:\/\/nitu.mx\/index.php\/2018\/03\/02\/estrenara-viva-aerobus-ruta-merida-tuxtla-gutierrez-en-junio\/\",\"name\":\"Estrenar\u00e1 Viva Aerobus ruta M\u00e9rida-Tuxtla Guti\u00e9rrez en junio - Nitu - Noticias de la Industria Turistica\",\"isPartOf\":{\"@id\":\"https:\/\/nitu.mx\/#website\"},\"primaryImageOfPage\":{\"@id\":\"https:\/\/nitu.mx\/index.php\/2018\/03\/02\/estrenara-viva-aerobus-ruta-merida-tuxtla-gutierrez-en-junio\/#primaryimage\"},\"image\":{\"@id\":\"https:\/\/nitu.mx\/index.php\/2018\/03\/02\/estrenara-viva-aerobus-ruta-merida-tuxtla-gutierrez-en-junio\/#primaryimage\"},\"thumbnailUrl\":\"https:\/\/nitu.mx\/wp-content\/uploads\/2017\/06\/vivaaerobus-1.jpg\",\"datePublished\":\"2018-03-02T05:07:24+00:00\",\"dateModified\":\"2018-03-02T05:15:39+00:00\",\"description\":\"Viva Aerobus estrenar\u00e1 la ruta M\u00e9rida-Tuxtla Guti\u00e9rrez el 4 de junio con dos frecuencias semanales los lunes y jueves, una disponibilidad de 38 mil asientos.\",\"breadcrumb\":{\"@id\":\"https:\/\/nitu.mx\/index.php\/2018\/03\/02\/estrenara-viva-aerobus-ruta-merida-tuxtla-gutierrez-en-junio\/#breadcrumb\"},\"inLanguage\":\"es-MX\",\"potentialAction\":[{\"@type\":\"ReadAction\",\"target\":[\"https:\/\/nitu.mx\/index.php\/2018\/03\/02\/estrenara-viva-aerobus-ruta-merida-tuxtla-gutierrez-en-junio\/\"]}]},{\"@type\":\"ImageObject\",\"inLanguage\":\"es-MX\",\"@id\":\"https:\/\/nitu.mx\/index.php\/2018\/03\/02\/estrenara-viva-aerobus-ruta-merida-tuxtla-gutierrez-en-junio\/#primaryimage\",\"url\":\"https:\/\/nitu.mx\/wp-content\/uploads\/2017\/06\/vivaaerobus-1.jpg\",\"contentUrl\":\"https:\/\/nitu.mx\/wp-content\/uploads\/2017\/06\/vivaaerobus-1.jpg\",\"width\":850,\"height\":480,\"caption\":\"viva aerobus\"},{\"@type\":\"BreadcrumbList\",\"@id\":\"https:\/\/nitu.mx\/index.php\/2018\/03\/02\/estrenara-viva-aerobus-ruta-merida-tuxtla-gutierrez-en-junio\/#breadcrumb\",\"itemListElement\":[{\"@type\":\"ListItem\",\"position\":1,\"name\":\"Inicio\",\"item\":\"https:\/\/nitu.mx\/\"},{\"@type\":\"ListItem\",\"position\":2,\"name\":\"Estrenar\u00e1 Viva Aerobus ruta M\u00e9rida-Tuxtla Guti\u00e9rrez en junio\"}]},{\"@type\":\"WebSite\",\"@id\":\"https:\/\/nitu.mx\/#website\",\"url\":\"https:\/\/nitu.mx\/\",\"name\":\"Nitu - Noticias de la Industria Turistica\",\"description\":\"Noticias de la Industria Turistica\",\"publisher\":{\"@id\":\"https:\/\/nitu.mx\/#\/schema\/person\/ae7a53426417292d3dd07b45a33e01bc\"},\"alternateName\":\"Noticias de la Industria Turistica\",\"potentialAction\":[{\"@type\":\"SearchAction\",\"target\":{\"@type\":\"EntryPoint\",\"urlTemplate\":\"https:\/\/nitu.mx\/?s={search_term_string}\"},\"query-input\":\"required name=search_term_string\"}],\"inLanguage\":\"es-MX\"},{\"@type\":[\"Person\",\"Organization\"],\"@id\":\"https:\/\/nitu.mx\/#\/schema\/person\/ae7a53426417292d3dd07b45a33e01bc\",\"name\":\"Arturo Medina\",\"image\":{\"@type\":\"ImageObject\",\"inLanguage\":\"es-MX\",\"@id\":\"https:\/\/nitu.mx\/#\/schema\/person\/image\/\",\"url\":\"https:\/\/nitu.mx\/wp-content\/uploads\/2024\/04\/4A315622-1904-4D5C-B022-878CDC840E04-90x90-1.jpeg\",\"contentUrl\":\"https:\/\/nitu.mx\/wp-content\/uploads\/2024\/04\/4A315622-1904-4D5C-B022-878CDC840E04-90x90-1.jpeg\",\"width\":90,\"height\":90,\"caption\":\"Arturo Medina\"},\"logo\":{\"@id\":\"https:\/\/nitu.mx\/#\/schema\/person\/image\/\"},\"description\":\"Director NITU.mx, Egresado de la Escuela de Periodismo Carlos Septi\u00e9n Garc\u00eda. Periodista y analista especializado en turismo desde hace 35 a\u00f1os, radicado en Canc\u00fan Q.Roo. arturo@nitu.mx\",\"sameAs\":[\"https:\/\/nitu.mx\",\"https:\/\/www.facebook.com\/NITUmx\/\",\"medinacancun\",\"https:\/\/twitter.com\/@Arturo_Medina_G\"]},{\"@type\":\"Person\",\"@id\":\"https:\/\/nitu.mx\/#\/schema\/person\/4a28fe9bd65924f7c90623773daf1b0b\",\"name\":\"Redacci\u00f3n\",\"image\":{\"@type\":\"ImageObject\",\"inLanguage\":\"es-MX\",\"@id\":\"https:\/\/nitu.mx\/#\/schema\/person\/image\/\",\"url\":\"https:\/\/secure.gravatar.com\/avatar\/5dd011c8ccfc5cd7e4c81e42252aab38?s=96&d=mm&r=g\",\"contentUrl\":\"https:\/\/secure.gravatar.com\/avatar\/5dd011c8ccfc5cd7e4c81e42252aab38?s=96&d=mm&r=g\",\"caption\":\"Redacci\u00f3n\"},\"url\":\"https:\/\/nitu.mx\/index.php\/author\/redaccion\/\"}]}<\/script>\n<!-- \/ Yoast SEO plugin. -->","yoast_head_json":{"title":"Estrenar\u00e1 Viva Aerobus ruta M\u00e9rida-Tuxtla Guti\u00e9rrez en junio - Nitu - Noticias de la Industria Turistica","description":"Viva Aerobus estrenar\u00e1 la ruta M\u00e9rida-Tuxtla Guti\u00e9rrez el 4 de junio con dos frecuencias semanales los lunes y jueves, una disponibilidad de 38 mil asientos.","robots":{"index":"index","follow":"follow","max-snippet":"max-snippet:-1","max-image-preview":"max-image-preview:large","max-video-preview":"max-video-preview:-1"},"canonical":"https:\/\/nitu.mx\/index.php\/2018\/03\/02\/estrenara-viva-aerobus-ruta-merida-tuxtla-gutierrez-en-junio\/","twitter_card":"summary_large_image","twitter_title":"Estrenar\u00e1 Viva Aerobus ruta M\u00e9rida-Tuxtla Guti\u00e9rrez en junio - Nitu - Noticias de la Industria Turistica","twitter_description":"Viva Aerobus estrenar\u00e1 la ruta M\u00e9rida-Tuxtla Guti\u00e9rrez el 4 de junio con dos frecuencias semanales los lunes y jueves, una disponibilidad de 38 mil asientos.","twitter_image":"https:\/\/nitu.mx\/wp-content\/uploads\/2017\/06\/vivaaerobus-1.jpg","twitter_creator":"@NITUmx","twitter_site":"@Arturo_Medina_G","twitter_misc":{"Escrito por":"Redacci\u00f3n","Tiempo de lectura":"2 minutos"},"schema":{"@context":"https:\/\/schema.org","@graph":[{"@type":"Article","@id":"https:\/\/nitu.mx\/index.php\/2018\/03\/02\/estrenara-viva-aerobus-ruta-merida-tuxtla-gutierrez-en-junio\/#article","isPartOf":{"@id":"https:\/\/nitu.mx\/index.php\/2018\/03\/02\/estrenara-viva-aerobus-ruta-merida-tuxtla-gutierrez-en-junio\/"},"author":{"name":"Redacci\u00f3n","@id":"https:\/\/nitu.mx\/#\/schema\/person\/4a28fe9bd65924f7c90623773daf1b0b"},"headline":"Estrenar\u00e1 Viva Aerobus ruta M\u00e9rida-Tuxtla Guti\u00e9rrez en junio","datePublished":"2018-03-02T05:07:24+00:00","dateModified":"2018-03-02T05:15:39+00:00","mainEntityOfPage":{"@id":"https:\/\/nitu.mx\/index.php\/2018\/03\/02\/estrenara-viva-aerobus-ruta-merida-tuxtla-gutierrez-en-junio\/"},"wordCount":352,"commentCount":0,"publisher":{"@id":"https:\/\/nitu.mx\/#\/schema\/person\/ae7a53426417292d3dd07b45a33e01bc"},"image":{"@id":"https:\/\/nitu.mx\/index.php\/2018\/03\/02\/estrenara-viva-aerobus-ruta-merida-tuxtla-gutierrez-en-junio\/#primaryimage"},"thumbnailUrl":"https:\/\/nitu.mx\/wp-content\/uploads\/2017\/06\/vivaaerobus-1.jpg","keywords":["Chiapas","estrenar\u00e1","Juan Carlos Zuazua","ruta M\u00e9rida-Tuxtla Guti\u00e9rrez","Tuxtla Guti\u00e9rrez","Viva Aerobus"],"articleSection":["Aerol\u00edneas","M\u00e9xico"],"inLanguage":"es-MX","potentialAction":[{"@type":"CommentAction","name":"Comment","target":["https:\/\/nitu.mx\/index.php\/2018\/03\/02\/estrenara-viva-aerobus-ruta-merida-tuxtla-gutierrez-en-junio\/#respond"]}]},{"@type":"WebPage","@id":"https:\/\/nitu.mx\/index.php\/2018\/03\/02\/estrenara-viva-aerobus-ruta-merida-tuxtla-gutierrez-en-junio\/","url":"https:\/\/nitu.mx\/index.php\/2018\/03\/02\/estrenara-viva-aerobus-ruta-merida-tuxtla-gutierrez-en-junio\/","name":"Estrenar\u00e1 Viva Aerobus ruta M\u00e9rida-Tuxtla Guti\u00e9rrez en junio - Nitu - Noticias de la Industria Turistica","isPartOf":{"@id":"https:\/\/nitu.mx\/#website"},"primaryImageOfPage":{"@id":"https:\/\/nitu.mx\/index.php\/2018\/03\/02\/estrenara-viva-aerobus-ruta-merida-tuxtla-gutierrez-en-junio\/#primaryimage"},"image":{"@id":"https:\/\/nitu.mx\/index.php\/2018\/03\/02\/estrenara-viva-aerobus-ruta-merida-tuxtla-gutierrez-en-junio\/#primaryimage"},"thumbnailUrl":"https:\/\/nitu.mx\/wp-content\/uploads\/2017\/06\/vivaaerobus-1.jpg","datePublished":"2018-03-02T05:07:24+00:00","dateModified":"2018-03-02T05:15:39+00:00","description":"Viva Aerobus estrenar\u00e1 la ruta M\u00e9rida-Tuxtla Guti\u00e9rrez el 4 de junio con dos frecuencias semanales los lunes y jueves, una disponibilidad de 38 mil asientos.","breadcrumb":{"@id":"https:\/\/nitu.mx\/index.php\/2018\/03\/02\/estrenara-viva-aerobus-ruta-merida-tuxtla-gutierrez-en-junio\/#breadcrumb"},"inLanguage":"es-MX","potentialAction":[{"@type":"ReadAction","target":["https:\/\/nitu.mx\/index.php\/2018\/03\/02\/estrenara-viva-aerobus-ruta-merida-tuxtla-gutierrez-en-junio\/"]}]},{"@type":"ImageObject","inLanguage":"es-MX","@id":"https:\/\/nitu.mx\/index.php\/2018\/03\/02\/estrenara-viva-aerobus-ruta-merida-tuxtla-gutierrez-en-junio\/#primaryimage","url":"https:\/\/nitu.mx\/wp-content\/uploads\/2017\/06\/vivaaerobus-1.jpg","contentUrl":"https:\/\/nitu.mx\/wp-content\/uploads\/2017\/06\/vivaaerobus-1.jpg","width":850,"height":480,"caption":"viva aerobus"},{"@type":"BreadcrumbList","@id":"https:\/\/nitu.mx\/index.php\/2018\/03\/02\/estrenara-viva-aerobus-ruta-merida-tuxtla-gutierrez-en-junio\/#breadcrumb","itemListElement":[{"@type":"ListItem","position":1,"name":"Inicio","item":"https:\/\/nitu.mx\/"},{"@type":"ListItem","position":2,"name":"Estrenar\u00e1 Viva Aerobus ruta M\u00e9rida-Tuxtla Guti\u00e9rrez en junio"}]},{"@type":"WebSite","@id":"https:\/\/nitu.mx\/#website","url":"https:\/\/nitu.mx\/","name":"Nitu - Noticias de la Industria Turistica","description":"Noticias de la Industria Turistica","publisher":{"@id":"https:\/\/nitu.mx\/#\/schema\/person\/ae7a53426417292d3dd07b45a33e01bc"},"alternateName":"Noticias de la Industria Turistica","potentialAction":[{"@type":"SearchAction","target":{"@type":"EntryPoint","urlTemplate":"https:\/\/nitu.mx\/?s={search_term_string}"},"query-input":"required name=search_term_string"}],"inLanguage":"es-MX"},{"@type":["Person","Organization"],"@id":"https:\/\/nitu.mx\/#\/schema\/person\/ae7a53426417292d3dd07b45a33e01bc","name":"Arturo Medina","image":{"@type":"ImageObject","inLanguage":"es-MX","@id":"https:\/\/nitu.mx\/#\/schema\/person\/image\/","url":"https:\/\/nitu.mx\/wp-content\/uploads\/2024\/04\/4A315622-1904-4D5C-B022-878CDC840E04-90x90-1.jpeg","contentUrl":"https:\/\/nitu.mx\/wp-content\/uploads\/2024\/04\/4A315622-1904-4D5C-B022-878CDC840E04-90x90-1.jpeg","width":90,"height":90,"caption":"Arturo Medina"},"logo":{"@id":"https:\/\/nitu.mx\/#\/schema\/person\/image\/"},"description":"Director NITU.mx, Egresado de la Escuela de Periodismo Carlos Septi\u00e9n Garc\u00eda. Periodista y analista especializado en turismo desde hace 35 a\u00f1os, radicado en Canc\u00fan Q.Roo. arturo@nitu.mx","sameAs":["https:\/\/nitu.mx","https:\/\/www.facebook.com\/NITUmx\/","medinacancun","https:\/\/twitter.com\/@Arturo_Medina_G"]},{"@type":"Person","@id":"https:\/\/nitu.mx\/#\/schema\/person\/4a28fe9bd65924f7c90623773daf1b0b","name":"Redacci\u00f3n","image":{"@type":"ImageObject","inLanguage":"es-MX","@id":"https:\/\/nitu.mx\/#\/schema\/person\/image\/","url":"https:\/\/secure.gravatar.com\/avatar\/5dd011c8ccfc5cd7e4c81e42252aab38?s=96&d=mm&r=g","contentUrl":"https:\/\/secure.gravatar.com\/avatar\/5dd011c8ccfc5cd7e4c81e42252aab38?s=96&d=mm&r=g","caption":"Redacci\u00f3n"},"url":"https:\/\/nitu.mx\/index.php\/author\/redaccion\/"}]}},"views":252,"_links":{"self":[{"href":"https:\/\/nitu.mx\/index.php\/wp-json\/wp\/v2\/posts\/18046"}],"collection":[{"href":"https:\/\/nitu.mx\/index.php\/wp-json\/wp\/v2\/posts"}],"about":[{"href":"https:\/\/nitu.mx\/index.php\/wp-json\/wp\/v2\/types\/post"}],"author":[{"embeddable":true,"href":"https:\/\/nitu.mx\/index.php\/wp-json\/wp\/v2\/users\/17"}],"replies":[{"embeddable":true,"href":"https:\/\/nitu.mx\/index.php\/wp-json\/wp\/v2\/comments?post=18046"}],"version-history":[{"count":3,"href":"https:\/\/nitu.mx\/index.php\/wp-json\/wp\/v2\/posts\/18046\/revisions"}],"predecessor-version":[{"id":18062,"href":"https:\/\/nitu.mx\/index.php\/wp-json\/wp\/v2\/posts\/18046\/revisions\/18062"}],"wp:featuredmedia":[{"embeddable":true,"href":"https:\/\/nitu.mx\/index.php\/wp-json\/wp\/v2\/media\/10972"}],"wp:attachment":[{"href":"https:\/\/nitu.mx\/index.php\/wp-json\/wp\/v2\/media?parent=18046"}],"wp:term":[{"taxonomy":"category","embeddable":true,"href":"https:\/\/nitu.mx\/index.php\/wp-json\/wp\/v2\/categories?post=18046"},{"taxonomy":"post_tag","embeddable":true,"href":"https:\/\/nitu.mx\/index.php\/wp-json\/wp\/v2\/tags?post=18046"}],"curies":[{"name":"wp","href":"https:\/\/api.w.org\/{rel}","templated":true}]}}