{"id":1798,"date":"2016-09-12T09:12:00","date_gmt":"2016-09-12T14:12:00","guid":{"rendered":"http:\/\/www.dev.nitu.mx\/?p=1798"},"modified":"2016-09-18T22:18:32","modified_gmt":"2016-09-19T03:18:32","slug":"hector-flores-santana-suena-nuevo-titular-fonatur","status":"publish","type":"post","link":"https:\/\/nitu.mx\/index.php\/2016\/09\/12\/hector-flores-santana-suena-nuevo-titular-fonatur\/","title":{"rendered":"H\u00e9ctor Flores Santana suena para nuevo titular de Fonatur"},"content":{"rendered":"<p>De nueva cuenta el rumor de que el actual director general del Fondo Nacional de Fomento al Turismo (FONATUR), H\u00e9ctor G\u00f3mez Barraza ser\u00e1 sustituido surge, y se habla de que es casi seguro que sea H\u00e9ctor Flores Santana quien ocupe ese puesto.<\/p>\n<p>De acuerdo con Dinero, Flores Santana cuenta con trayectoria en el sector tur\u00edstico, ya que fungi\u00f3 como encargado del despacho en la Secretar\u00eda de Turismo, durante los \u00faltimos a\u00f1os del gobierno de Ernesto Zedillo.<\/p>\n<p>Adem\u00e1s de ser un conocedor del tema y ser muy cercano a \u00d3scar Espinosa Villarreal, quien est\u00e1 muy presente en este sector en la actualidad.<\/p>\n","protected":false},"excerpt":{"rendered":"<p>De nueva cuenta el rumor de que el actual director general del Fondo Nacional de Fomento al Turismo (FONATUR), H\u00e9ctor G\u00f3mez Barraza ser\u00e1 sustituido surge, y se habla de que es casi seguro que sea H\u00e9ctor Flores Santana quien ocupe ese puesto. De acuerdo con Dinero, Flores Santana cuenta con trayectoria en el sector tur\u00edstico, [&hellip;]<\/p>\n","protected":false},"author":3,"featured_media":1799,"comment_status":"open","ping_status":"open","sticky":false,"template":"","format":"standard","meta":{"footnotes":""},"categories":[12,6],"tags":[285,287,286],"yoast_head":"<!-- This site is optimized with the Yoast SEO plugin v22.2 - https:\/\/yoast.com\/wordpress\/plugins\/seo\/ -->\n<title>H\u00e9ctor Flores Santana suena para nuevo titular de Fonatur<\/title>\n<meta name=\"description\" content=\"H\u00e9ctor G\u00f3mez Barraza ser\u00e1 sustituido, y se habla de que sea H\u00e9ctor Flores Santana quien llegue a ocupar su lugar en FONATUR.\" \/>\n<meta name=\"robots\" content=\"index, follow, max-snippet:-1, max-image-preview:large, max-video-preview:-1\" \/>\n<link rel=\"canonical\" href=\"https:\/\/nitu.mx\/index.php\/2016\/09\/12\/hector-flores-santana-suena-nuevo-titular-fonatur\/\" \/>\n<meta name=\"twitter:card\" content=\"summary_large_image\" \/>\n<meta name=\"twitter:title\" content=\"H\u00e9ctor Flores Santana suena para nuevo titular de Fonatur\" \/>\n<meta name=\"twitter:description\" content=\"H\u00e9ctor G\u00f3mez Barraza ser\u00e1 sustituido, y se habla de que sea H\u00e9ctor Flores Santana quien llegue a ocupar su lugar en FONATUR.\" \/>\n<meta name=\"twitter:image\" content=\"https:\/\/nitu.mx\/wp-content\/uploads\/2016\/09\/fonatur1-640x400-2.jpg\" \/>\n<meta name=\"twitter:creator\" content=\"@NITUmx\" \/>\n<meta name=\"twitter:site\" content=\"@Arturo_Medina_G\" \/>\n<meta name=\"twitter:label1\" content=\"Escrito por\" \/>\n\t<meta name=\"twitter:data1\" content=\"Alejandra Moncisbays\" \/>\n\t<meta name=\"twitter:label2\" content=\"Tiempo de lectura\" \/>\n\t<meta name=\"twitter:data2\" content=\"1 minuto\" \/>\n<script type=\"application\/ld+json\" class=\"yoast-schema-graph\">{\"@context\":\"https:\/\/schema.org\",\"@graph\":[{\"@type\":\"Article\",\"@id\":\"https:\/\/nitu.mx\/index.php\/2016\/09\/12\/hector-flores-santana-suena-nuevo-titular-fonatur\/#article\",\"isPartOf\":{\"@id\":\"https:\/\/nitu.mx\/index.php\/2016\/09\/12\/hector-flores-santana-suena-nuevo-titular-fonatur\/\"},\"author\":{\"name\":\"Alejandra Moncisbays\",\"@id\":\"https:\/\/nitu.mx\/#\/schema\/person\/2ecd887b19dfd3382d1f14fc5acf24a8\"},\"headline\":\"H\u00e9ctor Flores Santana suena para nuevo titular de Fonatur\",\"datePublished\":\"2016-09-12T14:12:00+00:00\",\"dateModified\":\"2016-09-19T03:18:32+00:00\",\"mainEntityOfPage\":{\"@id\":\"https:\/\/nitu.mx\/index.php\/2016\/09\/12\/hector-flores-santana-suena-nuevo-titular-fonatur\/\"},\"wordCount\":118,\"commentCount\":0,\"publisher\":{\"@id\":\"https:\/\/nitu.mx\/#\/schema\/person\/ae7a53426417292d3dd07b45a33e01bc\"},\"image\":{\"@id\":\"https:\/\/nitu.mx\/index.php\/2016\/09\/12\/hector-flores-santana-suena-nuevo-titular-fonatur\/#primaryimage\"},\"thumbnailUrl\":\"https:\/\/nitu.mx\/wp-content\/uploads\/2016\/09\/fonatur1-640x400-2.jpg\",\"keywords\":[\"Director General del Fondo Nacional de Fomento al Turismo (FONATUR)\",\"H\u00e9ctor Flores Santana\",\"H\u00e9ctor G\u00f3mez Barraza\"],\"articleSection\":[\"Marketing\",\"M\u00e9xico\"],\"inLanguage\":\"es-MX\",\"potentialAction\":[{\"@type\":\"CommentAction\",\"name\":\"Comment\",\"target\":[\"https:\/\/nitu.mx\/index.php\/2016\/09\/12\/hector-flores-santana-suena-nuevo-titular-fonatur\/#respond\"]}]},{\"@type\":\"WebPage\",\"@id\":\"https:\/\/nitu.mx\/index.php\/2016\/09\/12\/hector-flores-santana-suena-nuevo-titular-fonatur\/\",\"url\":\"https:\/\/nitu.mx\/index.php\/2016\/09\/12\/hector-flores-santana-suena-nuevo-titular-fonatur\/\",\"name\":\"H\u00e9ctor Flores Santana suena para nuevo titular de Fonatur\",\"isPartOf\":{\"@id\":\"https:\/\/nitu.mx\/#website\"},\"primaryImageOfPage\":{\"@id\":\"https:\/\/nitu.mx\/index.php\/2016\/09\/12\/hector-flores-santana-suena-nuevo-titular-fonatur\/#primaryimage\"},\"image\":{\"@id\":\"https:\/\/nitu.mx\/index.php\/2016\/09\/12\/hector-flores-santana-suena-nuevo-titular-fonatur\/#primaryimage\"},\"thumbnailUrl\":\"https:\/\/nitu.mx\/wp-content\/uploads\/2016\/09\/fonatur1-640x400-2.jpg\",\"datePublished\":\"2016-09-12T14:12:00+00:00\",\"dateModified\":\"2016-09-19T03:18:32+00:00\",\"description\":\"H\u00e9ctor G\u00f3mez Barraza ser\u00e1 sustituido, y se habla de que sea H\u00e9ctor Flores Santana quien llegue a ocupar su lugar en FONATUR.\",\"breadcrumb\":{\"@id\":\"https:\/\/nitu.mx\/index.php\/2016\/09\/12\/hector-flores-santana-suena-nuevo-titular-fonatur\/#breadcrumb\"},\"inLanguage\":\"es-MX\",\"potentialAction\":[{\"@type\":\"ReadAction\",\"target\":[\"https:\/\/nitu.mx\/index.php\/2016\/09\/12\/hector-flores-santana-suena-nuevo-titular-fonatur\/\"]}]},{\"@type\":\"ImageObject\",\"inLanguage\":\"es-MX\",\"@id\":\"https:\/\/nitu.mx\/index.php\/2016\/09\/12\/hector-flores-santana-suena-nuevo-titular-fonatur\/#primaryimage\",\"url\":\"https:\/\/nitu.mx\/wp-content\/uploads\/2016\/09\/fonatur1-640x400-2.jpg\",\"contentUrl\":\"https:\/\/nitu.mx\/wp-content\/uploads\/2016\/09\/fonatur1-640x400-2.jpg\",\"width\":640,\"height\":400},{\"@type\":\"BreadcrumbList\",\"@id\":\"https:\/\/nitu.mx\/index.php\/2016\/09\/12\/hector-flores-santana-suena-nuevo-titular-fonatur\/#breadcrumb\",\"itemListElement\":[{\"@type\":\"ListItem\",\"position\":1,\"name\":\"Inicio\",\"item\":\"https:\/\/nitu.mx\/\"},{\"@type\":\"ListItem\",\"position\":2,\"name\":\"H\u00e9ctor Flores Santana suena para nuevo titular de Fonatur\"}]},{\"@type\":\"WebSite\",\"@id\":\"https:\/\/nitu.mx\/#website\",\"url\":\"https:\/\/nitu.mx\/\",\"name\":\"Nitu - Noticias de la Industria Turistica\",\"description\":\"Noticias de la Industria Turistica\",\"publisher\":{\"@id\":\"https:\/\/nitu.mx\/#\/schema\/person\/ae7a53426417292d3dd07b45a33e01bc\"},\"alternateName\":\"Noticias de la Industria Turistica\",\"potentialAction\":[{\"@type\":\"SearchAction\",\"target\":{\"@type\":\"EntryPoint\",\"urlTemplate\":\"https:\/\/nitu.mx\/?s={search_term_string}\"},\"query-input\":\"required name=search_term_string\"}],\"inLanguage\":\"es-MX\"},{\"@type\":[\"Person\",\"Organization\"],\"@id\":\"https:\/\/nitu.mx\/#\/schema\/person\/ae7a53426417292d3dd07b45a33e01bc\",\"name\":\"Arturo Medina\",\"image\":{\"@type\":\"ImageObject\",\"inLanguage\":\"es-MX\",\"@id\":\"https:\/\/nitu.mx\/#\/schema\/person\/image\/\",\"url\":\"https:\/\/nitu.mx\/wp-content\/uploads\/2024\/04\/4A315622-1904-4D5C-B022-878CDC840E04-90x90-1.jpeg\",\"contentUrl\":\"https:\/\/nitu.mx\/wp-content\/uploads\/2024\/04\/4A315622-1904-4D5C-B022-878CDC840E04-90x90-1.jpeg\",\"width\":90,\"height\":90,\"caption\":\"Arturo Medina\"},\"logo\":{\"@id\":\"https:\/\/nitu.mx\/#\/schema\/person\/image\/\"},\"description\":\"Director NITU.mx, Egresado de la Escuela de Periodismo Carlos Septi\u00e9n Garc\u00eda. Periodista y analista especializado en turismo desde hace 35 a\u00f1os, radicado en Canc\u00fan Q.Roo. arturo@nitu.mx\",\"sameAs\":[\"https:\/\/nitu.mx\",\"https:\/\/www.facebook.com\/NITUmx\/\",\"medinacancun\",\"https:\/\/twitter.com\/@Arturo_Medina_G\"]},{\"@type\":\"Person\",\"@id\":\"https:\/\/nitu.mx\/#\/schema\/person\/2ecd887b19dfd3382d1f14fc5acf24a8\",\"name\":\"Alejandra Moncisbays\",\"image\":{\"@type\":\"ImageObject\",\"inLanguage\":\"es-MX\",\"@id\":\"https:\/\/nitu.mx\/#\/schema\/person\/image\/\",\"url\":\"https:\/\/secure.gravatar.com\/avatar\/e74f7af0be172b7804dacfd0bfbef787?s=96&d=mm&r=g\",\"contentUrl\":\"https:\/\/secure.gravatar.com\/avatar\/e74f7af0be172b7804dacfd0bfbef787?s=96&d=mm&r=g\",\"caption\":\"Alejandra Moncisbays\"},\"description\":\"Curs\u00e9 la carrera de Periodismo y Comunicaci\u00f3n en la Facultad de Estudios Profesionales Acatl\u00e1n. Vivo en Canc\u00fan desde hace 24 a\u00f1os. Fui reportera de La Tarde de Canc\u00fan, y Novedades de Quintana Roo, colabor\u00e9 en TVCUN, edit\u00e9 Cancun\u00edssimo y colabor\u00e9 en las revistas Latitud21, entre otras, con principal enfoque en los sectores empresarial y tur\u00edstico. Desde hace varios a\u00f1os soy Agente de Seguros con c\u00e9dula de la Comisi\u00f3n Nacional de Seguros y Fianzas. Actualmente, me desarrollo en los \u00e1mbitos del periodismo y el sector asegurador.\",\"sameAs\":[\"https:\/\/nitu.mx\"],\"url\":\"https:\/\/nitu.mx\/index.php\/author\/alejandra\/\"}]}<\/script>\n<!-- \/ Yoast SEO plugin. -->","yoast_head_json":{"title":"H\u00e9ctor Flores Santana suena para nuevo titular de Fonatur","description":"H\u00e9ctor G\u00f3mez Barraza ser\u00e1 sustituido, y se habla de que sea H\u00e9ctor Flores Santana quien llegue a ocupar su lugar en FONATUR.","robots":{"index":"index","follow":"follow","max-snippet":"max-snippet:-1","max-image-preview":"max-image-preview:large","max-video-preview":"max-video-preview:-1"},"canonical":"https:\/\/nitu.mx\/index.php\/2016\/09\/12\/hector-flores-santana-suena-nuevo-titular-fonatur\/","twitter_card":"summary_large_image","twitter_title":"H\u00e9ctor Flores Santana suena para nuevo titular de Fonatur","twitter_description":"H\u00e9ctor G\u00f3mez Barraza ser\u00e1 sustituido, y se habla de que sea H\u00e9ctor Flores Santana quien llegue a ocupar su lugar en FONATUR.","twitter_image":"https:\/\/nitu.mx\/wp-content\/uploads\/2016\/09\/fonatur1-640x400-2.jpg","twitter_creator":"@NITUmx","twitter_site":"@Arturo_Medina_G","twitter_misc":{"Escrito por":"Alejandra Moncisbays","Tiempo de lectura":"1 minuto"},"schema":{"@context":"https:\/\/schema.org","@graph":[{"@type":"Article","@id":"https:\/\/nitu.mx\/index.php\/2016\/09\/12\/hector-flores-santana-suena-nuevo-titular-fonatur\/#article","isPartOf":{"@id":"https:\/\/nitu.mx\/index.php\/2016\/09\/12\/hector-flores-santana-suena-nuevo-titular-fonatur\/"},"author":{"name":"Alejandra Moncisbays","@id":"https:\/\/nitu.mx\/#\/schema\/person\/2ecd887b19dfd3382d1f14fc5acf24a8"},"headline":"H\u00e9ctor Flores Santana suena para nuevo titular de Fonatur","datePublished":"2016-09-12T14:12:00+00:00","dateModified":"2016-09-19T03:18:32+00:00","mainEntityOfPage":{"@id":"https:\/\/nitu.mx\/index.php\/2016\/09\/12\/hector-flores-santana-suena-nuevo-titular-fonatur\/"},"wordCount":118,"commentCount":0,"publisher":{"@id":"https:\/\/nitu.mx\/#\/schema\/person\/ae7a53426417292d3dd07b45a33e01bc"},"image":{"@id":"https:\/\/nitu.mx\/index.php\/2016\/09\/12\/hector-flores-santana-suena-nuevo-titular-fonatur\/#primaryimage"},"thumbnailUrl":"https:\/\/nitu.mx\/wp-content\/uploads\/2016\/09\/fonatur1-640x400-2.jpg","keywords":["Director General del Fondo Nacional de Fomento al Turismo (FONATUR)","H\u00e9ctor Flores Santana","H\u00e9ctor G\u00f3mez Barraza"],"articleSection":["Marketing","M\u00e9xico"],"inLanguage":"es-MX","potentialAction":[{"@type":"CommentAction","name":"Comment","target":["https:\/\/nitu.mx\/index.php\/2016\/09\/12\/hector-flores-santana-suena-nuevo-titular-fonatur\/#respond"]}]},{"@type":"WebPage","@id":"https:\/\/nitu.mx\/index.php\/2016\/09\/12\/hector-flores-santana-suena-nuevo-titular-fonatur\/","url":"https:\/\/nitu.mx\/index.php\/2016\/09\/12\/hector-flores-santana-suena-nuevo-titular-fonatur\/","name":"H\u00e9ctor Flores Santana suena para nuevo titular de Fonatur","isPartOf":{"@id":"https:\/\/nitu.mx\/#website"},"primaryImageOfPage":{"@id":"https:\/\/nitu.mx\/index.php\/2016\/09\/12\/hector-flores-santana-suena-nuevo-titular-fonatur\/#primaryimage"},"image":{"@id":"https:\/\/nitu.mx\/index.php\/2016\/09\/12\/hector-flores-santana-suena-nuevo-titular-fonatur\/#primaryimage"},"thumbnailUrl":"https:\/\/nitu.mx\/wp-content\/uploads\/2016\/09\/fonatur1-640x400-2.jpg","datePublished":"2016-09-12T14:12:00+00:00","dateModified":"2016-09-19T03:18:32+00:00","description":"H\u00e9ctor G\u00f3mez Barraza ser\u00e1 sustituido, y se habla de que sea H\u00e9ctor Flores Santana quien llegue a ocupar su lugar en FONATUR.","breadcrumb":{"@id":"https:\/\/nitu.mx\/index.php\/2016\/09\/12\/hector-flores-santana-suena-nuevo-titular-fonatur\/#breadcrumb"},"inLanguage":"es-MX","potentialAction":[{"@type":"ReadAction","target":["https:\/\/nitu.mx\/index.php\/2016\/09\/12\/hector-flores-santana-suena-nuevo-titular-fonatur\/"]}]},{"@type":"ImageObject","inLanguage":"es-MX","@id":"https:\/\/nitu.mx\/index.php\/2016\/09\/12\/hector-flores-santana-suena-nuevo-titular-fonatur\/#primaryimage","url":"https:\/\/nitu.mx\/wp-content\/uploads\/2016\/09\/fonatur1-640x400-2.jpg","contentUrl":"https:\/\/nitu.mx\/wp-content\/uploads\/2016\/09\/fonatur1-640x400-2.jpg","width":640,"height":400},{"@type":"BreadcrumbList","@id":"https:\/\/nitu.mx\/index.php\/2016\/09\/12\/hector-flores-santana-suena-nuevo-titular-fonatur\/#breadcrumb","itemListElement":[{"@type":"ListItem","position":1,"name":"Inicio","item":"https:\/\/nitu.mx\/"},{"@type":"ListItem","position":2,"name":"H\u00e9ctor Flores Santana suena para nuevo titular de Fonatur"}]},{"@type":"WebSite","@id":"https:\/\/nitu.mx\/#website","url":"https:\/\/nitu.mx\/","name":"Nitu - Noticias de la Industria Turistica","description":"Noticias de la Industria Turistica","publisher":{"@id":"https:\/\/nitu.mx\/#\/schema\/person\/ae7a53426417292d3dd07b45a33e01bc"},"alternateName":"Noticias de la Industria Turistica","potentialAction":[{"@type":"SearchAction","target":{"@type":"EntryPoint","urlTemplate":"https:\/\/nitu.mx\/?s={search_term_string}"},"query-input":"required name=search_term_string"}],"inLanguage":"es-MX"},{"@type":["Person","Organization"],"@id":"https:\/\/nitu.mx\/#\/schema\/person\/ae7a53426417292d3dd07b45a33e01bc","name":"Arturo Medina","image":{"@type":"ImageObject","inLanguage":"es-MX","@id":"https:\/\/nitu.mx\/#\/schema\/person\/image\/","url":"https:\/\/nitu.mx\/wp-content\/uploads\/2024\/04\/4A315622-1904-4D5C-B022-878CDC840E04-90x90-1.jpeg","contentUrl":"https:\/\/nitu.mx\/wp-content\/uploads\/2024\/04\/4A315622-1904-4D5C-B022-878CDC840E04-90x90-1.jpeg","width":90,"height":90,"caption":"Arturo Medina"},"logo":{"@id":"https:\/\/nitu.mx\/#\/schema\/person\/image\/"},"description":"Director NITU.mx, Egresado de la Escuela de Periodismo Carlos Septi\u00e9n Garc\u00eda. Periodista y analista especializado en turismo desde hace 35 a\u00f1os, radicado en Canc\u00fan Q.Roo. arturo@nitu.mx","sameAs":["https:\/\/nitu.mx","https:\/\/www.facebook.com\/NITUmx\/","medinacancun","https:\/\/twitter.com\/@Arturo_Medina_G"]},{"@type":"Person","@id":"https:\/\/nitu.mx\/#\/schema\/person\/2ecd887b19dfd3382d1f14fc5acf24a8","name":"Alejandra Moncisbays","image":{"@type":"ImageObject","inLanguage":"es-MX","@id":"https:\/\/nitu.mx\/#\/schema\/person\/image\/","url":"https:\/\/secure.gravatar.com\/avatar\/e74f7af0be172b7804dacfd0bfbef787?s=96&d=mm&r=g","contentUrl":"https:\/\/secure.gravatar.com\/avatar\/e74f7af0be172b7804dacfd0bfbef787?s=96&d=mm&r=g","caption":"Alejandra Moncisbays"},"description":"Curs\u00e9 la carrera de Periodismo y Comunicaci\u00f3n en la Facultad de Estudios Profesionales Acatl\u00e1n. Vivo en Canc\u00fan desde hace 24 a\u00f1os. Fui reportera de La Tarde de Canc\u00fan, y Novedades de Quintana Roo, colabor\u00e9 en TVCUN, edit\u00e9 Cancun\u00edssimo y colabor\u00e9 en las revistas Latitud21, entre otras, con principal enfoque en los sectores empresarial y tur\u00edstico. Desde hace varios a\u00f1os soy Agente de Seguros con c\u00e9dula de la Comisi\u00f3n Nacional de Seguros y Fianzas. Actualmente, me desarrollo en los \u00e1mbitos del periodismo y el sector asegurador.","sameAs":["https:\/\/nitu.mx"],"url":"https:\/\/nitu.mx\/index.php\/author\/alejandra\/"}]}},"views":838,"_links":{"self":[{"href":"https:\/\/nitu.mx\/index.php\/wp-json\/wp\/v2\/posts\/1798"}],"collection":[{"href":"https:\/\/nitu.mx\/index.php\/wp-json\/wp\/v2\/posts"}],"about":[{"href":"https:\/\/nitu.mx\/index.php\/wp-json\/wp\/v2\/types\/post"}],"author":[{"embeddable":true,"href":"https:\/\/nitu.mx\/index.php\/wp-json\/wp\/v2\/users\/3"}],"replies":[{"embeddable":true,"href":"https:\/\/nitu.mx\/index.php\/wp-json\/wp\/v2\/comments?post=1798"}],"version-history":[{"count":3,"href":"https:\/\/nitu.mx\/index.php\/wp-json\/wp\/v2\/posts\/1798\/revisions"}],"predecessor-version":[{"id":1811,"href":"https:\/\/nitu.mx\/index.php\/wp-json\/wp\/v2\/posts\/1798\/revisions\/1811"}],"wp:featuredmedia":[{"embeddable":true,"href":"https:\/\/nitu.mx\/index.php\/wp-json\/wp\/v2\/media\/1799"}],"wp:attachment":[{"href":"https:\/\/nitu.mx\/index.php\/wp-json\/wp\/v2\/media?parent=1798"}],"wp:term":[{"taxonomy":"category","embeddable":true,"href":"https:\/\/nitu.mx\/index.php\/wp-json\/wp\/v2\/categories?post=1798"},{"taxonomy":"post_tag","embeddable":true,"href":"https:\/\/nitu.mx\/index.php\/wp-json\/wp\/v2\/tags?post=1798"}],"curies":[{"name":"wp","href":"https:\/\/api.w.org\/{rel}","templated":true}]}}