{"id":17934,"date":"2018-02-28T01:18:30","date_gmt":"2018-02-28T06:18:30","guid":{"rendered":"http:\/\/www.dev.nitu.mx\/?p=17934"},"modified":"2018-02-28T01:31:46","modified_gmt":"2018-02-28T06:31:46","slug":"irrumpe-airbnb-destinos-turisticos-guerrero","status":"publish","type":"post","link":"https:\/\/nitu.mx\/index.php\/2018\/02\/28\/irrumpe-airbnb-destinos-turisticos-guerrero\/","title":{"rendered":"Irrumpe Airbnb en destinos tur\u00edsticos de Guerrero"},"content":{"rendered":"<p>Airbnb, empresa digital de hospedaje, firm\u00f3 un convenio de colaboraci\u00f3n con el gobierno de Guerrero para establecer la ruta y eventualmente, colaborar en la prestaci\u00f3n de servicios de alojamiento a los usuarios del servicio que ofrece esta plataforma en los destinos tur\u00edsticos de la entidad.<\/p>\n<p>De acuerdo con la plataforma Airbnb sobre la oferta de alojamientos a particulares y tur\u00edsticos, Acapulco se encuentra entre uno de los destinos preferidos por los mexicanos.<\/p>\n<p>Ayer inform\u00e1bamos en Nitu que la plataforma de hospedaje en l\u00ednea, puede ser un factor que impulse la actividad de las econom\u00edas locales en la Ciudad de M\u00e9xico, ya que cada uno de sus usuarios desembolsa al d\u00eda mil 623 pesos y casi la mitad se queda en la colonia donde eligi\u00f3 su estancia; adem\u00e1s de que puede ayudar a extender los beneficios econ\u00f3micos del turismo y reducir la brecha salarial. <strong>(Impulsa Airbnb econom\u00eda de colonias en la CDMX: estudio del IMCO)<\/strong><\/p>\n<p>La administraci\u00f3n del gobernador\u00a0 H\u00e9ctor Astudillo trabaja en potencializar el desarrollo tur\u00edstico de Guerrero, a\u00f1adiendo que uno de los objetivos es promover la llegada de m\u00e1s visitantes y diversificar la oferta tur\u00edstica de la entidad, as\u00ed como fortalecer el desarrollo econ\u00f3mico del sector y de las familias vinculadas a esta empresa.<\/p>\n<p>El titular de la Secretar\u00eda de Administraci\u00f3n y Finanzas de Guerrero, H\u00e9ctor Apreza Patr\u00f3n, as\u00ed como el secretario de Turismo, Ernesto Rodr\u00edguez Escalona signaron el acuerdo con el director de Airbnb, \u00c1ngel Terral, y resaltaron que la industria tur\u00edstica genera la mayor demanda y beneficia a todos los sectores de la sociedad.<\/p>\n<p>El impulsor del convenio, Eduardo Cuevas Ruiz, presidente de la Mesa Directiva del Congreso guerrerense, sostuvo que entre las metas de\u00a0 Airbnb en Guerrero es impulsar a nivel internacional los atractivos tur\u00edsticos.<\/p>\n<p>\u201cEste tipo de convenios permiten intensificar las estrategias de impulso y fomento al turismo y con ello atraer mayor inversi\u00f3n que incida en la creaci\u00f3n de m\u00e1s empleos, a\u00f1adiendo que es el quinto estado del pa\u00eds en firmar convenio de colaboraci\u00f3n con Airbnb para impulsar turismo\u201d, expres\u00f3. Con informaci\u00f3n de El Economista.<\/p>\n","protected":false},"excerpt":{"rendered":"<p>Airbnb, empresa digital de hospedaje, firm\u00f3 un convenio de colaboraci\u00f3n con el gobierno de Guerrero para establecer la ruta y eventualmente, colaborar en la prestaci\u00f3n de servicios de alojamiento a los usuarios del servicio que ofrece esta plataforma en los destinos tur\u00edsticos de la entidad. De acuerdo con la plataforma Airbnb sobre la oferta de [&hellip;]<\/p>\n","protected":false},"author":17,"featured_media":15269,"comment_status":"open","ping_status":"open","sticky":false,"template":"","format":"standard","meta":{"footnotes":""},"categories":[5,2],"tags":[40,6933,8442,2218,8444,233,8443,175],"yoast_head":"<!-- This site is optimized with the Yoast SEO plugin v22.2 - https:\/\/yoast.com\/wordpress\/plugins\/seo\/ -->\n<title>Irrumpe Airbnb en destinos tur\u00edsticos de Guerrero - Nitu - Noticias de la Industria Turistica<\/title>\n<meta name=\"robots\" content=\"index, follow, max-snippet:-1, max-image-preview:large, max-video-preview:-1\" \/>\n<link rel=\"canonical\" href=\"https:\/\/nitu.mx\/index.php\/2018\/02\/28\/irrumpe-airbnb-destinos-turisticos-guerrero\/\" \/>\n<meta name=\"twitter:card\" content=\"summary_large_image\" \/>\n<meta name=\"twitter:title\" content=\"Irrumpe Airbnb en destinos tur\u00edsticos de Guerrero - Nitu - Noticias de la Industria Turistica\" \/>\n<meta name=\"twitter:description\" content=\"Airbnb, empresa digital de hospedaje, firm\u00f3 un convenio de colaboraci\u00f3n con el gobierno de Guerrero para establecer la ruta y eventualmente, colaborar en la prestaci\u00f3n de servicios de alojamiento a los usuarios del servicio que ofrece esta plataforma en los destinos tur\u00edsticos de la entidad. De acuerdo con la plataforma Airbnb sobre la oferta de [&hellip;]\" \/>\n<meta name=\"twitter:image\" content=\"https:\/\/nitu.mx\/wp-content\/uploads\/2017\/11\/airbnb-grupos.jpg\" \/>\n<meta name=\"twitter:creator\" content=\"@NITUmx\" \/>\n<meta name=\"twitter:site\" content=\"@Arturo_Medina_G\" \/>\n<meta name=\"twitter:label1\" content=\"Escrito por\" \/>\n\t<meta name=\"twitter:data1\" content=\"Redacci\u00f3n\" \/>\n\t<meta name=\"twitter:label2\" content=\"Tiempo de lectura\" \/>\n\t<meta name=\"twitter:data2\" content=\"2 minutos\" \/>\n<script type=\"application\/ld+json\" class=\"yoast-schema-graph\">{\"@context\":\"https:\/\/schema.org\",\"@graph\":[{\"@type\":\"Article\",\"@id\":\"https:\/\/nitu.mx\/index.php\/2018\/02\/28\/irrumpe-airbnb-destinos-turisticos-guerrero\/#article\",\"isPartOf\":{\"@id\":\"https:\/\/nitu.mx\/index.php\/2018\/02\/28\/irrumpe-airbnb-destinos-turisticos-guerrero\/\"},\"author\":{\"name\":\"Redacci\u00f3n\",\"@id\":\"https:\/\/nitu.mx\/#\/schema\/person\/4a28fe9bd65924f7c90623773daf1b0b\"},\"headline\":\"Irrumpe Airbnb en destinos tur\u00edsticos de Guerrero\",\"datePublished\":\"2018-02-28T06:18:30+00:00\",\"dateModified\":\"2018-02-28T06:31:46+00:00\",\"mainEntityOfPage\":{\"@id\":\"https:\/\/nitu.mx\/index.php\/2018\/02\/28\/irrumpe-airbnb-destinos-turisticos-guerrero\/\"},\"wordCount\":381,\"commentCount\":0,\"publisher\":{\"@id\":\"https:\/\/nitu.mx\/#\/schema\/person\/ae7a53426417292d3dd07b45a33e01bc\"},\"image\":{\"@id\":\"https:\/\/nitu.mx\/index.php\/2018\/02\/28\/irrumpe-airbnb-destinos-turisticos-guerrero\/#primaryimage\"},\"thumbnailUrl\":\"https:\/\/nitu.mx\/wp-content\/uploads\/2017\/11\/airbnb-grupos.jpg\",\"keywords\":[\"Acapulco\",\"\u00c1ngel Terral\",\"Eduardo Cuevas Ruiz\",\"Ernesto Rodr\u00edguez Escalona\",\"gobernador H\u00e9ctor Astudillo\",\"Guerrero\",\"presidente de la Mesa Directiva del Congreso guerrerense\",\"Secretario de Turismo\"],\"articleSection\":[\"Destinos\",\"Hoteles\"],\"inLanguage\":\"es-MX\",\"potentialAction\":[{\"@type\":\"CommentAction\",\"name\":\"Comment\",\"target\":[\"https:\/\/nitu.mx\/index.php\/2018\/02\/28\/irrumpe-airbnb-destinos-turisticos-guerrero\/#respond\"]}]},{\"@type\":\"WebPage\",\"@id\":\"https:\/\/nitu.mx\/index.php\/2018\/02\/28\/irrumpe-airbnb-destinos-turisticos-guerrero\/\",\"url\":\"https:\/\/nitu.mx\/index.php\/2018\/02\/28\/irrumpe-airbnb-destinos-turisticos-guerrero\/\",\"name\":\"Irrumpe Airbnb en destinos tur\u00edsticos de Guerrero - Nitu - Noticias de la Industria Turistica\",\"isPartOf\":{\"@id\":\"https:\/\/nitu.mx\/#website\"},\"primaryImageOfPage\":{\"@id\":\"https:\/\/nitu.mx\/index.php\/2018\/02\/28\/irrumpe-airbnb-destinos-turisticos-guerrero\/#primaryimage\"},\"image\":{\"@id\":\"https:\/\/nitu.mx\/index.php\/2018\/02\/28\/irrumpe-airbnb-destinos-turisticos-guerrero\/#primaryimage\"},\"thumbnailUrl\":\"https:\/\/nitu.mx\/wp-content\/uploads\/2017\/11\/airbnb-grupos.jpg\",\"datePublished\":\"2018-02-28T06:18:30+00:00\",\"dateModified\":\"2018-02-28T06:31:46+00:00\",\"breadcrumb\":{\"@id\":\"https:\/\/nitu.mx\/index.php\/2018\/02\/28\/irrumpe-airbnb-destinos-turisticos-guerrero\/#breadcrumb\"},\"inLanguage\":\"es-MX\",\"potentialAction\":[{\"@type\":\"ReadAction\",\"target\":[\"https:\/\/nitu.mx\/index.php\/2018\/02\/28\/irrumpe-airbnb-destinos-turisticos-guerrero\/\"]}]},{\"@type\":\"ImageObject\",\"inLanguage\":\"es-MX\",\"@id\":\"https:\/\/nitu.mx\/index.php\/2018\/02\/28\/irrumpe-airbnb-destinos-turisticos-guerrero\/#primaryimage\",\"url\":\"https:\/\/nitu.mx\/wp-content\/uploads\/2017\/11\/airbnb-grupos.jpg\",\"contentUrl\":\"https:\/\/nitu.mx\/wp-content\/uploads\/2017\/11\/airbnb-grupos.jpg\",\"width\":850,\"height\":480,\"caption\":\"airbnb grupos\"},{\"@type\":\"BreadcrumbList\",\"@id\":\"https:\/\/nitu.mx\/index.php\/2018\/02\/28\/irrumpe-airbnb-destinos-turisticos-guerrero\/#breadcrumb\",\"itemListElement\":[{\"@type\":\"ListItem\",\"position\":1,\"name\":\"Inicio\",\"item\":\"https:\/\/nitu.mx\/\"},{\"@type\":\"ListItem\",\"position\":2,\"name\":\"Irrumpe Airbnb en destinos tur\u00edsticos de Guerrero\"}]},{\"@type\":\"WebSite\",\"@id\":\"https:\/\/nitu.mx\/#website\",\"url\":\"https:\/\/nitu.mx\/\",\"name\":\"Nitu - Noticias de la Industria Turistica\",\"description\":\"Noticias de la Industria Turistica\",\"publisher\":{\"@id\":\"https:\/\/nitu.mx\/#\/schema\/person\/ae7a53426417292d3dd07b45a33e01bc\"},\"alternateName\":\"Noticias de la Industria Turistica\",\"potentialAction\":[{\"@type\":\"SearchAction\",\"target\":{\"@type\":\"EntryPoint\",\"urlTemplate\":\"https:\/\/nitu.mx\/?s={search_term_string}\"},\"query-input\":\"required name=search_term_string\"}],\"inLanguage\":\"es-MX\"},{\"@type\":[\"Person\",\"Organization\"],\"@id\":\"https:\/\/nitu.mx\/#\/schema\/person\/ae7a53426417292d3dd07b45a33e01bc\",\"name\":\"Arturo Medina\",\"image\":{\"@type\":\"ImageObject\",\"inLanguage\":\"es-MX\",\"@id\":\"https:\/\/nitu.mx\/#\/schema\/person\/image\/\",\"url\":\"https:\/\/nitu.mx\/wp-content\/uploads\/2024\/04\/4A315622-1904-4D5C-B022-878CDC840E04-90x90-1.jpeg\",\"contentUrl\":\"https:\/\/nitu.mx\/wp-content\/uploads\/2024\/04\/4A315622-1904-4D5C-B022-878CDC840E04-90x90-1.jpeg\",\"width\":90,\"height\":90,\"caption\":\"Arturo Medina\"},\"logo\":{\"@id\":\"https:\/\/nitu.mx\/#\/schema\/person\/image\/\"},\"description\":\"Director NITU.mx, Egresado de la Escuela de Periodismo Carlos Septi\u00e9n Garc\u00eda. Periodista y analista especializado en turismo desde hace 35 a\u00f1os, radicado en Canc\u00fan Q.Roo. arturo@nitu.mx\",\"sameAs\":[\"https:\/\/nitu.mx\",\"https:\/\/www.facebook.com\/NITUmx\/\",\"medinacancun\",\"https:\/\/twitter.com\/@Arturo_Medina_G\"]},{\"@type\":\"Person\",\"@id\":\"https:\/\/nitu.mx\/#\/schema\/person\/4a28fe9bd65924f7c90623773daf1b0b\",\"name\":\"Redacci\u00f3n\",\"image\":{\"@type\":\"ImageObject\",\"inLanguage\":\"es-MX\",\"@id\":\"https:\/\/nitu.mx\/#\/schema\/person\/image\/\",\"url\":\"https:\/\/secure.gravatar.com\/avatar\/5dd011c8ccfc5cd7e4c81e42252aab38?s=96&d=mm&r=g\",\"contentUrl\":\"https:\/\/secure.gravatar.com\/avatar\/5dd011c8ccfc5cd7e4c81e42252aab38?s=96&d=mm&r=g\",\"caption\":\"Redacci\u00f3n\"},\"url\":\"https:\/\/nitu.mx\/index.php\/author\/redaccion\/\"}]}<\/script>\n<!-- \/ Yoast SEO plugin. -->","yoast_head_json":{"title":"Irrumpe Airbnb en destinos tur\u00edsticos de Guerrero - Nitu - Noticias de la Industria Turistica","robots":{"index":"index","follow":"follow","max-snippet":"max-snippet:-1","max-image-preview":"max-image-preview:large","max-video-preview":"max-video-preview:-1"},"canonical":"https:\/\/nitu.mx\/index.php\/2018\/02\/28\/irrumpe-airbnb-destinos-turisticos-guerrero\/","twitter_card":"summary_large_image","twitter_title":"Irrumpe Airbnb en destinos tur\u00edsticos de Guerrero - Nitu - Noticias de la Industria Turistica","twitter_description":"Airbnb, empresa digital de hospedaje, firm\u00f3 un convenio de colaboraci\u00f3n con el gobierno de Guerrero para establecer la ruta y eventualmente, colaborar en la prestaci\u00f3n de servicios de alojamiento a los usuarios del servicio que ofrece esta plataforma en los destinos tur\u00edsticos de la entidad. De acuerdo con la plataforma Airbnb sobre la oferta de [&hellip;]","twitter_image":"https:\/\/nitu.mx\/wp-content\/uploads\/2017\/11\/airbnb-grupos.jpg","twitter_creator":"@NITUmx","twitter_site":"@Arturo_Medina_G","twitter_misc":{"Escrito por":"Redacci\u00f3n","Tiempo de lectura":"2 minutos"},"schema":{"@context":"https:\/\/schema.org","@graph":[{"@type":"Article","@id":"https:\/\/nitu.mx\/index.php\/2018\/02\/28\/irrumpe-airbnb-destinos-turisticos-guerrero\/#article","isPartOf":{"@id":"https:\/\/nitu.mx\/index.php\/2018\/02\/28\/irrumpe-airbnb-destinos-turisticos-guerrero\/"},"author":{"name":"Redacci\u00f3n","@id":"https:\/\/nitu.mx\/#\/schema\/person\/4a28fe9bd65924f7c90623773daf1b0b"},"headline":"Irrumpe Airbnb en destinos tur\u00edsticos de Guerrero","datePublished":"2018-02-28T06:18:30+00:00","dateModified":"2018-02-28T06:31:46+00:00","mainEntityOfPage":{"@id":"https:\/\/nitu.mx\/index.php\/2018\/02\/28\/irrumpe-airbnb-destinos-turisticos-guerrero\/"},"wordCount":381,"commentCount":0,"publisher":{"@id":"https:\/\/nitu.mx\/#\/schema\/person\/ae7a53426417292d3dd07b45a33e01bc"},"image":{"@id":"https:\/\/nitu.mx\/index.php\/2018\/02\/28\/irrumpe-airbnb-destinos-turisticos-guerrero\/#primaryimage"},"thumbnailUrl":"https:\/\/nitu.mx\/wp-content\/uploads\/2017\/11\/airbnb-grupos.jpg","keywords":["Acapulco","\u00c1ngel Terral","Eduardo Cuevas Ruiz","Ernesto Rodr\u00edguez Escalona","gobernador H\u00e9ctor Astudillo","Guerrero","presidente de la Mesa Directiva del Congreso guerrerense","Secretario de Turismo"],"articleSection":["Destinos","Hoteles"],"inLanguage":"es-MX","potentialAction":[{"@type":"CommentAction","name":"Comment","target":["https:\/\/nitu.mx\/index.php\/2018\/02\/28\/irrumpe-airbnb-destinos-turisticos-guerrero\/#respond"]}]},{"@type":"WebPage","@id":"https:\/\/nitu.mx\/index.php\/2018\/02\/28\/irrumpe-airbnb-destinos-turisticos-guerrero\/","url":"https:\/\/nitu.mx\/index.php\/2018\/02\/28\/irrumpe-airbnb-destinos-turisticos-guerrero\/","name":"Irrumpe Airbnb en destinos tur\u00edsticos de Guerrero - Nitu - Noticias de la Industria Turistica","isPartOf":{"@id":"https:\/\/nitu.mx\/#website"},"primaryImageOfPage":{"@id":"https:\/\/nitu.mx\/index.php\/2018\/02\/28\/irrumpe-airbnb-destinos-turisticos-guerrero\/#primaryimage"},"image":{"@id":"https:\/\/nitu.mx\/index.php\/2018\/02\/28\/irrumpe-airbnb-destinos-turisticos-guerrero\/#primaryimage"},"thumbnailUrl":"https:\/\/nitu.mx\/wp-content\/uploads\/2017\/11\/airbnb-grupos.jpg","datePublished":"2018-02-28T06:18:30+00:00","dateModified":"2018-02-28T06:31:46+00:00","breadcrumb":{"@id":"https:\/\/nitu.mx\/index.php\/2018\/02\/28\/irrumpe-airbnb-destinos-turisticos-guerrero\/#breadcrumb"},"inLanguage":"es-MX","potentialAction":[{"@type":"ReadAction","target":["https:\/\/nitu.mx\/index.php\/2018\/02\/28\/irrumpe-airbnb-destinos-turisticos-guerrero\/"]}]},{"@type":"ImageObject","inLanguage":"es-MX","@id":"https:\/\/nitu.mx\/index.php\/2018\/02\/28\/irrumpe-airbnb-destinos-turisticos-guerrero\/#primaryimage","url":"https:\/\/nitu.mx\/wp-content\/uploads\/2017\/11\/airbnb-grupos.jpg","contentUrl":"https:\/\/nitu.mx\/wp-content\/uploads\/2017\/11\/airbnb-grupos.jpg","width":850,"height":480,"caption":"airbnb grupos"},{"@type":"BreadcrumbList","@id":"https:\/\/nitu.mx\/index.php\/2018\/02\/28\/irrumpe-airbnb-destinos-turisticos-guerrero\/#breadcrumb","itemListElement":[{"@type":"ListItem","position":1,"name":"Inicio","item":"https:\/\/nitu.mx\/"},{"@type":"ListItem","position":2,"name":"Irrumpe Airbnb en destinos tur\u00edsticos de Guerrero"}]},{"@type":"WebSite","@id":"https:\/\/nitu.mx\/#website","url":"https:\/\/nitu.mx\/","name":"Nitu - Noticias de la Industria Turistica","description":"Noticias de la Industria Turistica","publisher":{"@id":"https:\/\/nitu.mx\/#\/schema\/person\/ae7a53426417292d3dd07b45a33e01bc"},"alternateName":"Noticias de la Industria Turistica","potentialAction":[{"@type":"SearchAction","target":{"@type":"EntryPoint","urlTemplate":"https:\/\/nitu.mx\/?s={search_term_string}"},"query-input":"required name=search_term_string"}],"inLanguage":"es-MX"},{"@type":["Person","Organization"],"@id":"https:\/\/nitu.mx\/#\/schema\/person\/ae7a53426417292d3dd07b45a33e01bc","name":"Arturo Medina","image":{"@type":"ImageObject","inLanguage":"es-MX","@id":"https:\/\/nitu.mx\/#\/schema\/person\/image\/","url":"https:\/\/nitu.mx\/wp-content\/uploads\/2024\/04\/4A315622-1904-4D5C-B022-878CDC840E04-90x90-1.jpeg","contentUrl":"https:\/\/nitu.mx\/wp-content\/uploads\/2024\/04\/4A315622-1904-4D5C-B022-878CDC840E04-90x90-1.jpeg","width":90,"height":90,"caption":"Arturo Medina"},"logo":{"@id":"https:\/\/nitu.mx\/#\/schema\/person\/image\/"},"description":"Director NITU.mx, Egresado de la Escuela de Periodismo Carlos Septi\u00e9n Garc\u00eda. Periodista y analista especializado en turismo desde hace 35 a\u00f1os, radicado en Canc\u00fan Q.Roo. arturo@nitu.mx","sameAs":["https:\/\/nitu.mx","https:\/\/www.facebook.com\/NITUmx\/","medinacancun","https:\/\/twitter.com\/@Arturo_Medina_G"]},{"@type":"Person","@id":"https:\/\/nitu.mx\/#\/schema\/person\/4a28fe9bd65924f7c90623773daf1b0b","name":"Redacci\u00f3n","image":{"@type":"ImageObject","inLanguage":"es-MX","@id":"https:\/\/nitu.mx\/#\/schema\/person\/image\/","url":"https:\/\/secure.gravatar.com\/avatar\/5dd011c8ccfc5cd7e4c81e42252aab38?s=96&d=mm&r=g","contentUrl":"https:\/\/secure.gravatar.com\/avatar\/5dd011c8ccfc5cd7e4c81e42252aab38?s=96&d=mm&r=g","caption":"Redacci\u00f3n"},"url":"https:\/\/nitu.mx\/index.php\/author\/redaccion\/"}]}},"views":557,"_links":{"self":[{"href":"https:\/\/nitu.mx\/index.php\/wp-json\/wp\/v2\/posts\/17934"}],"collection":[{"href":"https:\/\/nitu.mx\/index.php\/wp-json\/wp\/v2\/posts"}],"about":[{"href":"https:\/\/nitu.mx\/index.php\/wp-json\/wp\/v2\/types\/post"}],"author":[{"embeddable":true,"href":"https:\/\/nitu.mx\/index.php\/wp-json\/wp\/v2\/users\/17"}],"replies":[{"embeddable":true,"href":"https:\/\/nitu.mx\/index.php\/wp-json\/wp\/v2\/comments?post=17934"}],"version-history":[{"count":1,"href":"https:\/\/nitu.mx\/index.php\/wp-json\/wp\/v2\/posts\/17934\/revisions"}],"predecessor-version":[{"id":17936,"href":"https:\/\/nitu.mx\/index.php\/wp-json\/wp\/v2\/posts\/17934\/revisions\/17936"}],"wp:featuredmedia":[{"embeddable":true,"href":"https:\/\/nitu.mx\/index.php\/wp-json\/wp\/v2\/media\/15269"}],"wp:attachment":[{"href":"https:\/\/nitu.mx\/index.php\/wp-json\/wp\/v2\/media?parent=17934"}],"wp:term":[{"taxonomy":"category","embeddable":true,"href":"https:\/\/nitu.mx\/index.php\/wp-json\/wp\/v2\/categories?post=17934"},{"taxonomy":"post_tag","embeddable":true,"href":"https:\/\/nitu.mx\/index.php\/wp-json\/wp\/v2\/tags?post=17934"}],"curies":[{"name":"wp","href":"https:\/\/api.w.org\/{rel}","templated":true}]}}