{"id":17673,"date":"2018-02-21T00:13:12","date_gmt":"2018-02-21T05:13:12","guid":{"rendered":"http:\/\/www.dev.nitu.mx\/?p=17673"},"modified":"2018-02-21T00:59:13","modified_gmt":"2018-02-21T05:59:13","slug":"airbus-retrasara-entrega-de-aviones-a320neo-a-volaris","status":"publish","type":"post","link":"https:\/\/nitu.mx\/index.php\/2018\/02\/21\/airbus-retrasara-entrega-de-aviones-a320neo-a-volaris\/","title":{"rendered":"Airbus retrasar\u00e1 entrega de aviones A320neo a Volaris"},"content":{"rendered":"<p>Los problemas t\u00e9cnicos en los motores GTF de la compa\u00f1\u00eda Pratt &amp; Whitney retrasar\u00e1n la entrega de los Airbus A320neo que Volaris solicit\u00f3 a Airbus mientras se garantiza la plena seguridad de su operaci\u00f3n, aunque esto no alterar\u00e1 sus itinerarios.<\/p>\n<p>A trav\u00e9s de un pronunciamiento, la aerol\u00ednea confirm\u00f3 \u00a0que \u201ces posible que existan demoras en las entregas de los nuevos equipos de planta\u201d, por lo que trabajar\u00e1 con Airbus para recalendarizar la puesta en operaci\u00f3n de estos aviones.<\/p>\n<p>Volaris cuenta con una flota operativa conformada por 71 aeronaves, la cual est\u00e1 nutrida con 6 aviones A320neo de un pedido de 30, mismos que comenz\u00f3 a recibir en 2016 y cuya entrega est\u00e1 programada para concluir a finales de 2021, de acuerdo con el fabricante Airbus.<\/p>\n<p>Recordemos que fue el 9 de febrero pasado cuando EASA (Agencia Europea de Seguridad A\u00e9rea) emiti\u00f3 una directiva de aeronavegabilidad para los modelos A320-271N, A321-271N y el A321-272N, afectados por un fallo t\u00e9cnico que podr\u00eda ocasionar que ambos motores paren durante el vuelo.<\/p>\n<p>Al respecto, Volaris asegur\u00f3 que atendi\u00f3 y verific\u00f3 las directrices que EASA y Airbus emitieron para aviones de la familia A320neo, y determin\u00f3 que su flota cumple con las recomendaciones hechas.<\/p>\n<p>La aerol\u00ednea con operaciones en M\u00e9xico, Estados Unidos y Centroam\u00e9rica descart\u00f3 que sus itinerarios tengan afectaciones asociadas con las recomendaciones hechas por las autoridades aeron\u00e1uticas europeas.<\/p>\n<p>En relaci\u00f3n al ajuste que se tendr\u00e1 que hacer al calendario de entregas del pedido de A320neo que Volaris concret\u00f3 en 2012, la aerol\u00ednea explic\u00f3 que la modificaci\u00f3n responde a la pol\u00edtica de la compa\u00f1\u00eda de privilegiar la seguridad a\u00e9rea y la de sus clientes.<\/p>\n<p>A mediados de noviembre pasado, la aerol\u00ednea anunci\u00f3 la compra de 80 aviones m\u00e1s de la familia A320, de los que 46 ser\u00edan A320neo y 34 A321neo. Su entrega fue programada para comenzar en 2022 y finalizar en 2026, por un costo de nueve mil 300 millones de d\u00f3lares. <a title=\"Volaris invertir\u00eda 9 mil mdd para adquirir 80 aviones Airbus\" href=\"http:\/\/www.dev.nitu.mx\/index.php\/2018\/01\/16\/volaris-invertiria-9-mil-mdd-para-adquirir-80-aviones-airbus\/\" rel=\"bookmark\">(Volaris invertir\u00eda 9 mil mdd para adquirir 80 aviones Airbus<\/a>).<\/p>\n<p>En el mundo operan alrededor de 255 aeronaves de la familia A320neo, las cuales podr\u00edan estar afectadas por los problemas t\u00e9cnicos detectados en los motores de la compa\u00f1\u00eda Pratt &amp; Whitney.<\/p>\n","protected":false},"excerpt":{"rendered":"<p>Los problemas t\u00e9cnicos en los motores GTF de la compa\u00f1\u00eda Pratt &amp; Whitney retrasar\u00e1n la entrega de los Airbus A320neo que Volaris solicit\u00f3 a Airbus mientras se garantiza la plena seguridad de su operaci\u00f3n, aunque esto no alterar\u00e1 sus itinerarios. A trav\u00e9s de un pronunciamiento, la aerol\u00ednea confirm\u00f3 \u00a0que \u201ces posible que existan demoras en [&hellip;]<\/p>\n","protected":false},"author":17,"featured_media":17674,"comment_status":"open","ping_status":"open","sticky":false,"template":"","format":"standard","meta":{"footnotes":""},"categories":[29,5],"tags":[445,8269,444,3483,403,8267,8268,100,68,8266,131],"yoast_head":"<!-- This site is optimized with the Yoast SEO plugin v22.2 - https:\/\/yoast.com\/wordpress\/plugins\/seo\/ -->\n<title>Airbus retrasar\u00e1 entrega de aviones A320neo a Volaris - Nitu - Noticias de la Industria Turistica<\/title>\n<meta name=\"description\" content=\"Los problemas t\u00e9cnicos en los motores GTF de la compa\u00f1\u00eda Pratt &amp; Whitney retrasar\u00e1n la entrega de los Airbus A320neo que Volaris solicit\u00f3 a Airbus.\" \/>\n<meta name=\"robots\" content=\"index, follow, max-snippet:-1, max-image-preview:large, max-video-preview:-1\" \/>\n<link rel=\"canonical\" href=\"https:\/\/nitu.mx\/index.php\/2018\/02\/21\/airbus-retrasara-entrega-de-aviones-a320neo-a-volaris\/\" \/>\n<meta name=\"twitter:card\" content=\"summary_large_image\" \/>\n<meta name=\"twitter:title\" content=\"Airbus retrasar\u00e1 entrega de aviones A320neo a Volaris - Nitu - Noticias de la Industria Turistica\" \/>\n<meta name=\"twitter:description\" content=\"Los problemas t\u00e9cnicos en los motores GTF de la compa\u00f1\u00eda Pratt &amp; Whitney retrasar\u00e1n la entrega de los Airbus A320neo que Volaris solicit\u00f3 a Airbus.\" \/>\n<meta name=\"twitter:image\" content=\"https:\/\/nitu.mx\/wp-content\/uploads\/2018\/02\/volaris2-0.jpg\" \/>\n<meta name=\"twitter:creator\" content=\"@NITUmx\" \/>\n<meta name=\"twitter:site\" content=\"@Arturo_Medina_G\" \/>\n<meta name=\"twitter:label1\" content=\"Escrito por\" \/>\n\t<meta name=\"twitter:data1\" content=\"Redacci\u00f3n\" \/>\n\t<meta name=\"twitter:label2\" content=\"Tiempo de lectura\" \/>\n\t<meta name=\"twitter:data2\" content=\"2 minutos\" \/>\n<script type=\"application\/ld+json\" class=\"yoast-schema-graph\">{\"@context\":\"https:\/\/schema.org\",\"@graph\":[{\"@type\":\"Article\",\"@id\":\"https:\/\/nitu.mx\/index.php\/2018\/02\/21\/airbus-retrasara-entrega-de-aviones-a320neo-a-volaris\/#article\",\"isPartOf\":{\"@id\":\"https:\/\/nitu.mx\/index.php\/2018\/02\/21\/airbus-retrasara-entrega-de-aviones-a320neo-a-volaris\/\"},\"author\":{\"name\":\"Redacci\u00f3n\",\"@id\":\"https:\/\/nitu.mx\/#\/schema\/person\/4a28fe9bd65924f7c90623773daf1b0b\"},\"headline\":\"Airbus retrasar\u00e1 entrega de aviones A320neo a Volaris\",\"datePublished\":\"2018-02-21T05:13:12+00:00\",\"dateModified\":\"2018-02-21T05:59:13+00:00\",\"mainEntityOfPage\":{\"@id\":\"https:\/\/nitu.mx\/index.php\/2018\/02\/21\/airbus-retrasara-entrega-de-aviones-a320neo-a-volaris\/\"},\"wordCount\":394,\"commentCount\":0,\"publisher\":{\"@id\":\"https:\/\/nitu.mx\/#\/schema\/person\/ae7a53426417292d3dd07b45a33e01bc\"},\"image\":{\"@id\":\"https:\/\/nitu.mx\/index.php\/2018\/02\/21\/airbus-retrasara-entrega-de-aviones-a320neo-a-volaris\/#primaryimage\"},\"thumbnailUrl\":\"https:\/\/nitu.mx\/wp-content\/uploads\/2018\/02\/volaris2-0.jpg\",\"keywords\":[\"A320neo\",\"Agencia Europea de Seguridad A\u00e9rea\",\"Airbus\",\"aviones\",\"Centroam\u00e9rica\",\"compa\u00f1\u00eda Pratt &amp; Whitney\",\"EASA\",\"Estados Unidos\",\"M\u00e9xico\",\"motores GTF\",\"Volaris\"],\"articleSection\":[\"Aerol\u00edneas\",\"Destinos\"],\"inLanguage\":\"es-MX\",\"potentialAction\":[{\"@type\":\"CommentAction\",\"name\":\"Comment\",\"target\":[\"https:\/\/nitu.mx\/index.php\/2018\/02\/21\/airbus-retrasara-entrega-de-aviones-a320neo-a-volaris\/#respond\"]}]},{\"@type\":\"WebPage\",\"@id\":\"https:\/\/nitu.mx\/index.php\/2018\/02\/21\/airbus-retrasara-entrega-de-aviones-a320neo-a-volaris\/\",\"url\":\"https:\/\/nitu.mx\/index.php\/2018\/02\/21\/airbus-retrasara-entrega-de-aviones-a320neo-a-volaris\/\",\"name\":\"Airbus retrasar\u00e1 entrega de aviones A320neo a Volaris - Nitu - Noticias de la Industria Turistica\",\"isPartOf\":{\"@id\":\"https:\/\/nitu.mx\/#website\"},\"primaryImageOfPage\":{\"@id\":\"https:\/\/nitu.mx\/index.php\/2018\/02\/21\/airbus-retrasara-entrega-de-aviones-a320neo-a-volaris\/#primaryimage\"},\"image\":{\"@id\":\"https:\/\/nitu.mx\/index.php\/2018\/02\/21\/airbus-retrasara-entrega-de-aviones-a320neo-a-volaris\/#primaryimage\"},\"thumbnailUrl\":\"https:\/\/nitu.mx\/wp-content\/uploads\/2018\/02\/volaris2-0.jpg\",\"datePublished\":\"2018-02-21T05:13:12+00:00\",\"dateModified\":\"2018-02-21T05:59:13+00:00\",\"description\":\"Los problemas t\u00e9cnicos en los motores GTF de la compa\u00f1\u00eda Pratt & Whitney retrasar\u00e1n la entrega de los Airbus A320neo que Volaris solicit\u00f3 a Airbus.\",\"breadcrumb\":{\"@id\":\"https:\/\/nitu.mx\/index.php\/2018\/02\/21\/airbus-retrasara-entrega-de-aviones-a320neo-a-volaris\/#breadcrumb\"},\"inLanguage\":\"es-MX\",\"potentialAction\":[{\"@type\":\"ReadAction\",\"target\":[\"https:\/\/nitu.mx\/index.php\/2018\/02\/21\/airbus-retrasara-entrega-de-aviones-a320neo-a-volaris\/\"]}]},{\"@type\":\"ImageObject\",\"inLanguage\":\"es-MX\",\"@id\":\"https:\/\/nitu.mx\/index.php\/2018\/02\/21\/airbus-retrasara-entrega-de-aviones-a320neo-a-volaris\/#primaryimage\",\"url\":\"https:\/\/nitu.mx\/wp-content\/uploads\/2018\/02\/volaris2-0.jpg\",\"contentUrl\":\"https:\/\/nitu.mx\/wp-content\/uploads\/2018\/02\/volaris2-0.jpg\",\"width\":800,\"height\":551},{\"@type\":\"BreadcrumbList\",\"@id\":\"https:\/\/nitu.mx\/index.php\/2018\/02\/21\/airbus-retrasara-entrega-de-aviones-a320neo-a-volaris\/#breadcrumb\",\"itemListElement\":[{\"@type\":\"ListItem\",\"position\":1,\"name\":\"Inicio\",\"item\":\"https:\/\/nitu.mx\/\"},{\"@type\":\"ListItem\",\"position\":2,\"name\":\"Airbus retrasar\u00e1 entrega de aviones A320neo a Volaris\"}]},{\"@type\":\"WebSite\",\"@id\":\"https:\/\/nitu.mx\/#website\",\"url\":\"https:\/\/nitu.mx\/\",\"name\":\"Nitu - Noticias de la Industria Turistica\",\"description\":\"Noticias de la Industria Turistica\",\"publisher\":{\"@id\":\"https:\/\/nitu.mx\/#\/schema\/person\/ae7a53426417292d3dd07b45a33e01bc\"},\"alternateName\":\"Noticias de la Industria Turistica\",\"potentialAction\":[{\"@type\":\"SearchAction\",\"target\":{\"@type\":\"EntryPoint\",\"urlTemplate\":\"https:\/\/nitu.mx\/?s={search_term_string}\"},\"query-input\":\"required name=search_term_string\"}],\"inLanguage\":\"es-MX\"},{\"@type\":[\"Person\",\"Organization\"],\"@id\":\"https:\/\/nitu.mx\/#\/schema\/person\/ae7a53426417292d3dd07b45a33e01bc\",\"name\":\"Arturo Medina\",\"image\":{\"@type\":\"ImageObject\",\"inLanguage\":\"es-MX\",\"@id\":\"https:\/\/nitu.mx\/#\/schema\/person\/image\/\",\"url\":\"https:\/\/nitu.mx\/wp-content\/uploads\/2024\/04\/4A315622-1904-4D5C-B022-878CDC840E04-90x90-1.jpeg\",\"contentUrl\":\"https:\/\/nitu.mx\/wp-content\/uploads\/2024\/04\/4A315622-1904-4D5C-B022-878CDC840E04-90x90-1.jpeg\",\"width\":90,\"height\":90,\"caption\":\"Arturo Medina\"},\"logo\":{\"@id\":\"https:\/\/nitu.mx\/#\/schema\/person\/image\/\"},\"description\":\"Director NITU.mx, Egresado de la Escuela de Periodismo Carlos Septi\u00e9n Garc\u00eda. Periodista y analista especializado en turismo desde hace 35 a\u00f1os, radicado en Canc\u00fan Q.Roo. arturo@nitu.mx\",\"sameAs\":[\"https:\/\/nitu.mx\",\"https:\/\/www.facebook.com\/NITUmx\/\",\"medinacancun\",\"https:\/\/twitter.com\/@Arturo_Medina_G\"]},{\"@type\":\"Person\",\"@id\":\"https:\/\/nitu.mx\/#\/schema\/person\/4a28fe9bd65924f7c90623773daf1b0b\",\"name\":\"Redacci\u00f3n\",\"image\":{\"@type\":\"ImageObject\",\"inLanguage\":\"es-MX\",\"@id\":\"https:\/\/nitu.mx\/#\/schema\/person\/image\/\",\"url\":\"https:\/\/secure.gravatar.com\/avatar\/5dd011c8ccfc5cd7e4c81e42252aab38?s=96&d=mm&r=g\",\"contentUrl\":\"https:\/\/secure.gravatar.com\/avatar\/5dd011c8ccfc5cd7e4c81e42252aab38?s=96&d=mm&r=g\",\"caption\":\"Redacci\u00f3n\"},\"url\":\"https:\/\/nitu.mx\/index.php\/author\/redaccion\/\"}]}<\/script>\n<!-- \/ Yoast SEO plugin. -->","yoast_head_json":{"title":"Airbus retrasar\u00e1 entrega de aviones A320neo a Volaris - Nitu - Noticias de la Industria Turistica","description":"Los problemas t\u00e9cnicos en los motores GTF de la compa\u00f1\u00eda Pratt & Whitney retrasar\u00e1n la entrega de los Airbus A320neo que Volaris solicit\u00f3 a Airbus.","robots":{"index":"index","follow":"follow","max-snippet":"max-snippet:-1","max-image-preview":"max-image-preview:large","max-video-preview":"max-video-preview:-1"},"canonical":"https:\/\/nitu.mx\/index.php\/2018\/02\/21\/airbus-retrasara-entrega-de-aviones-a320neo-a-volaris\/","twitter_card":"summary_large_image","twitter_title":"Airbus retrasar\u00e1 entrega de aviones A320neo a Volaris - Nitu - Noticias de la Industria Turistica","twitter_description":"Los problemas t\u00e9cnicos en los motores GTF de la compa\u00f1\u00eda Pratt & Whitney retrasar\u00e1n la entrega de los Airbus A320neo que Volaris solicit\u00f3 a Airbus.","twitter_image":"https:\/\/nitu.mx\/wp-content\/uploads\/2018\/02\/volaris2-0.jpg","twitter_creator":"@NITUmx","twitter_site":"@Arturo_Medina_G","twitter_misc":{"Escrito por":"Redacci\u00f3n","Tiempo de lectura":"2 minutos"},"schema":{"@context":"https:\/\/schema.org","@graph":[{"@type":"Article","@id":"https:\/\/nitu.mx\/index.php\/2018\/02\/21\/airbus-retrasara-entrega-de-aviones-a320neo-a-volaris\/#article","isPartOf":{"@id":"https:\/\/nitu.mx\/index.php\/2018\/02\/21\/airbus-retrasara-entrega-de-aviones-a320neo-a-volaris\/"},"author":{"name":"Redacci\u00f3n","@id":"https:\/\/nitu.mx\/#\/schema\/person\/4a28fe9bd65924f7c90623773daf1b0b"},"headline":"Airbus retrasar\u00e1 entrega de aviones A320neo a Volaris","datePublished":"2018-02-21T05:13:12+00:00","dateModified":"2018-02-21T05:59:13+00:00","mainEntityOfPage":{"@id":"https:\/\/nitu.mx\/index.php\/2018\/02\/21\/airbus-retrasara-entrega-de-aviones-a320neo-a-volaris\/"},"wordCount":394,"commentCount":0,"publisher":{"@id":"https:\/\/nitu.mx\/#\/schema\/person\/ae7a53426417292d3dd07b45a33e01bc"},"image":{"@id":"https:\/\/nitu.mx\/index.php\/2018\/02\/21\/airbus-retrasara-entrega-de-aviones-a320neo-a-volaris\/#primaryimage"},"thumbnailUrl":"https:\/\/nitu.mx\/wp-content\/uploads\/2018\/02\/volaris2-0.jpg","keywords":["A320neo","Agencia Europea de Seguridad A\u00e9rea","Airbus","aviones","Centroam\u00e9rica","compa\u00f1\u00eda Pratt &amp; Whitney","EASA","Estados Unidos","M\u00e9xico","motores GTF","Volaris"],"articleSection":["Aerol\u00edneas","Destinos"],"inLanguage":"es-MX","potentialAction":[{"@type":"CommentAction","name":"Comment","target":["https:\/\/nitu.mx\/index.php\/2018\/02\/21\/airbus-retrasara-entrega-de-aviones-a320neo-a-volaris\/#respond"]}]},{"@type":"WebPage","@id":"https:\/\/nitu.mx\/index.php\/2018\/02\/21\/airbus-retrasara-entrega-de-aviones-a320neo-a-volaris\/","url":"https:\/\/nitu.mx\/index.php\/2018\/02\/21\/airbus-retrasara-entrega-de-aviones-a320neo-a-volaris\/","name":"Airbus retrasar\u00e1 entrega de aviones A320neo a Volaris - Nitu - Noticias de la Industria Turistica","isPartOf":{"@id":"https:\/\/nitu.mx\/#website"},"primaryImageOfPage":{"@id":"https:\/\/nitu.mx\/index.php\/2018\/02\/21\/airbus-retrasara-entrega-de-aviones-a320neo-a-volaris\/#primaryimage"},"image":{"@id":"https:\/\/nitu.mx\/index.php\/2018\/02\/21\/airbus-retrasara-entrega-de-aviones-a320neo-a-volaris\/#primaryimage"},"thumbnailUrl":"https:\/\/nitu.mx\/wp-content\/uploads\/2018\/02\/volaris2-0.jpg","datePublished":"2018-02-21T05:13:12+00:00","dateModified":"2018-02-21T05:59:13+00:00","description":"Los problemas t\u00e9cnicos en los motores GTF de la compa\u00f1\u00eda Pratt & Whitney retrasar\u00e1n la entrega de los Airbus A320neo que Volaris solicit\u00f3 a Airbus.","breadcrumb":{"@id":"https:\/\/nitu.mx\/index.php\/2018\/02\/21\/airbus-retrasara-entrega-de-aviones-a320neo-a-volaris\/#breadcrumb"},"inLanguage":"es-MX","potentialAction":[{"@type":"ReadAction","target":["https:\/\/nitu.mx\/index.php\/2018\/02\/21\/airbus-retrasara-entrega-de-aviones-a320neo-a-volaris\/"]}]},{"@type":"ImageObject","inLanguage":"es-MX","@id":"https:\/\/nitu.mx\/index.php\/2018\/02\/21\/airbus-retrasara-entrega-de-aviones-a320neo-a-volaris\/#primaryimage","url":"https:\/\/nitu.mx\/wp-content\/uploads\/2018\/02\/volaris2-0.jpg","contentUrl":"https:\/\/nitu.mx\/wp-content\/uploads\/2018\/02\/volaris2-0.jpg","width":800,"height":551},{"@type":"BreadcrumbList","@id":"https:\/\/nitu.mx\/index.php\/2018\/02\/21\/airbus-retrasara-entrega-de-aviones-a320neo-a-volaris\/#breadcrumb","itemListElement":[{"@type":"ListItem","position":1,"name":"Inicio","item":"https:\/\/nitu.mx\/"},{"@type":"ListItem","position":2,"name":"Airbus retrasar\u00e1 entrega de aviones A320neo a Volaris"}]},{"@type":"WebSite","@id":"https:\/\/nitu.mx\/#website","url":"https:\/\/nitu.mx\/","name":"Nitu - Noticias de la Industria Turistica","description":"Noticias de la Industria Turistica","publisher":{"@id":"https:\/\/nitu.mx\/#\/schema\/person\/ae7a53426417292d3dd07b45a33e01bc"},"alternateName":"Noticias de la Industria Turistica","potentialAction":[{"@type":"SearchAction","target":{"@type":"EntryPoint","urlTemplate":"https:\/\/nitu.mx\/?s={search_term_string}"},"query-input":"required name=search_term_string"}],"inLanguage":"es-MX"},{"@type":["Person","Organization"],"@id":"https:\/\/nitu.mx\/#\/schema\/person\/ae7a53426417292d3dd07b45a33e01bc","name":"Arturo Medina","image":{"@type":"ImageObject","inLanguage":"es-MX","@id":"https:\/\/nitu.mx\/#\/schema\/person\/image\/","url":"https:\/\/nitu.mx\/wp-content\/uploads\/2024\/04\/4A315622-1904-4D5C-B022-878CDC840E04-90x90-1.jpeg","contentUrl":"https:\/\/nitu.mx\/wp-content\/uploads\/2024\/04\/4A315622-1904-4D5C-B022-878CDC840E04-90x90-1.jpeg","width":90,"height":90,"caption":"Arturo Medina"},"logo":{"@id":"https:\/\/nitu.mx\/#\/schema\/person\/image\/"},"description":"Director NITU.mx, Egresado de la Escuela de Periodismo Carlos Septi\u00e9n Garc\u00eda. Periodista y analista especializado en turismo desde hace 35 a\u00f1os, radicado en Canc\u00fan Q.Roo. arturo@nitu.mx","sameAs":["https:\/\/nitu.mx","https:\/\/www.facebook.com\/NITUmx\/","medinacancun","https:\/\/twitter.com\/@Arturo_Medina_G"]},{"@type":"Person","@id":"https:\/\/nitu.mx\/#\/schema\/person\/4a28fe9bd65924f7c90623773daf1b0b","name":"Redacci\u00f3n","image":{"@type":"ImageObject","inLanguage":"es-MX","@id":"https:\/\/nitu.mx\/#\/schema\/person\/image\/","url":"https:\/\/secure.gravatar.com\/avatar\/5dd011c8ccfc5cd7e4c81e42252aab38?s=96&d=mm&r=g","contentUrl":"https:\/\/secure.gravatar.com\/avatar\/5dd011c8ccfc5cd7e4c81e42252aab38?s=96&d=mm&r=g","caption":"Redacci\u00f3n"},"url":"https:\/\/nitu.mx\/index.php\/author\/redaccion\/"}]}},"views":284,"_links":{"self":[{"href":"https:\/\/nitu.mx\/index.php\/wp-json\/wp\/v2\/posts\/17673"}],"collection":[{"href":"https:\/\/nitu.mx\/index.php\/wp-json\/wp\/v2\/posts"}],"about":[{"href":"https:\/\/nitu.mx\/index.php\/wp-json\/wp\/v2\/types\/post"}],"author":[{"embeddable":true,"href":"https:\/\/nitu.mx\/index.php\/wp-json\/wp\/v2\/users\/17"}],"replies":[{"embeddable":true,"href":"https:\/\/nitu.mx\/index.php\/wp-json\/wp\/v2\/comments?post=17673"}],"version-history":[{"count":3,"href":"https:\/\/nitu.mx\/index.php\/wp-json\/wp\/v2\/posts\/17673\/revisions"}],"predecessor-version":[{"id":17707,"href":"https:\/\/nitu.mx\/index.php\/wp-json\/wp\/v2\/posts\/17673\/revisions\/17707"}],"wp:featuredmedia":[{"embeddable":true,"href":"https:\/\/nitu.mx\/index.php\/wp-json\/wp\/v2\/media\/17674"}],"wp:attachment":[{"href":"https:\/\/nitu.mx\/index.php\/wp-json\/wp\/v2\/media?parent=17673"}],"wp:term":[{"taxonomy":"category","embeddable":true,"href":"https:\/\/nitu.mx\/index.php\/wp-json\/wp\/v2\/categories?post=17673"},{"taxonomy":"post_tag","embeddable":true,"href":"https:\/\/nitu.mx\/index.php\/wp-json\/wp\/v2\/tags?post=17673"}],"curies":[{"name":"wp","href":"https:\/\/api.w.org\/{rel}","templated":true}]}}