{"id":17485,"date":"2018-02-14T00:15:52","date_gmt":"2018-02-14T05:15:52","guid":{"rendered":"http:\/\/www.dev.nitu.mx\/?p=17485"},"modified":"2018-02-14T00:36:37","modified_gmt":"2018-02-14T05:36:37","slug":"se-eleva-24-trafico-de-viva-aerobus-en-enero","status":"publish","type":"post","link":"https:\/\/nitu.mx\/index.php\/2018\/02\/14\/se-eleva-24-trafico-de-viva-aerobus-en-enero\/","title":{"rendered":"Se eleva 24% tr\u00e1fico de Viva Aerobus en enero"},"content":{"rendered":"<p>En enero de 2018, Viva Aerobus transport\u00f3 a 708 mil 884 pasajeros, lo que represent\u00f3 un crecimiento de 24 por ciento con respecto al mismo mes pero del a\u00f1o previo.<\/p>\n<p>En su reporte de tr\u00e1fico mensual, la aerol\u00ednea de ultra bajo costo report\u00f3 un factor de ocupaci\u00f3n de 83 por ciento. En enero de 2017, este factor fue del 81 por ciento.<\/p>\n<p>Viva Aerobus tambi\u00e9n increment\u00f3 su capacidad total, medida en asientos disponibles, en 20 por ciento, a\u00f1o contra a\u00f1o. Actualmente su oferta es de 849 mil 888 asientos.<\/p>\n<p>La empresa atribuy\u00f3 sus resultados a la estrategia de expansi\u00f3n y compra de aviones, como las 24 nuevas unidades A320 de Airbus.<\/p>\n<p>Asimismo, tambi\u00e9n contribuy\u00f3 al crecimiento en el n\u00famero de pasajeros la apertura de nuevas conexiones a\u00e9reas durante los \u00faltimos meses del 2017, con lo que la l\u00ednea a\u00e9rea lleg\u00f3 a 88 destinos entre nacionales e internacionales.<\/p>\n<p>El 16 de diciembre pasado comenz\u00f3 operaciones su nueva ruta entre Ciudad de M\u00e9xico y Las Vegas, y dos d\u00edas antes las de la ruta Guadalajara-Los \u00c1ngeles, por mencionar algunas.<\/p>\n<p>En 2017, Viva transport\u00f3 a 8 millones 195 mil pasajeros, un aumento interanual de 20 por ciento y muy superior al presentado por otras aerol\u00edneas mexicanas como Volaris y Aerom\u00e9xico.<\/p>\n<p>Se trata del aumento m\u00e1s grande en la preferencia de los viajeros mexicanos, superando por mucho los n\u00fameros de Volaris (9.5 por ciento, o 1.4 millones de pasajeros ) y Aerom\u00e9xico (4.9 por ciento, o 963 mil pasajeros).\u00a0<a title=\"Viva Aerobus &#96;vol\u00f3 m\u00e1s alto\u00b4 que Volaris y Aerom\u00e9xico\" href=\"http:\/\/www.dev.nitu.mx\/index.php\/2018\/01\/12\/viva-aerobus-volo-mas-alto-que-volaris-y-aeromexico\/\" rel=\"bookmark\">(Viva Aerobus `vol\u00f3 m\u00e1s alto\u00b4 que Volaris y Aerom\u00e9xico<\/a>).<\/p>\n<p>En su reporte de tr\u00e1fico del mes de diciembre de 2017, la aerol\u00ednea inform\u00f3 que la ocupaci\u00f3n para el a\u00f1o pasado cerr\u00f3 en 88.8 por ciento, un crecimiento de 4.7 por ciento en comparaci\u00f3n con el 2016.<\/p>\n<p>A estos resultados contribuy\u00f3 la estrategia de expansi\u00f3n de flota de la subsidiaria de Grupo IAMSA, que en 2017 sum\u00f3 24 unidades A320 de Airbus, todas con la cl\u00e1sica configuraci\u00f3n de 186 asientos. As\u00ed, la capacidad total de Viva (medida en asientos disponibles por kil\u00f3metro, o ASK por sus siglas en ingl\u00e9s) se increment\u00f3 en 22 por ciento, a\u00f1o contra a\u00f1o.<\/p>\n","protected":false},"excerpt":{"rendered":"<p>En enero de 2018, Viva Aerobus transport\u00f3 a 708 mil 884 pasajeros, lo que represent\u00f3 un crecimiento de 24 por ciento con respecto al mismo mes pero del a\u00f1o previo. En su reporte de tr\u00e1fico mensual, la aerol\u00ednea de ultra bajo costo report\u00f3 un factor de ocupaci\u00f3n de 83 por ciento. En enero de 2017, [&hellip;]<\/p>\n","protected":false},"author":17,"featured_media":17486,"comment_status":"open","ping_status":"open","sticky":false,"template":"","format":"standard","meta":{"footnotes":""},"categories":[29,5],"tags":[30,102,8128,8129,2102,131],"yoast_head":"<!-- This site is optimized with the Yoast SEO plugin v22.2 - https:\/\/yoast.com\/wordpress\/plugins\/seo\/ -->\n<title>Se eleva 24% tr\u00e1fico de Viva Aerobus en enero - Nitu - Noticias de la Industria Turistica<\/title>\n<meta name=\"description\" content=\"En enero de 2018, Viva Aerobus transport\u00f3 a 708 mil 884 pasajeros, lo que represent\u00f3 un crecimiento de 24 por ciento respecto al mismo mes de 2017.\" \/>\n<meta name=\"robots\" content=\"index, follow, max-snippet:-1, max-image-preview:large, max-video-preview:-1\" \/>\n<link rel=\"canonical\" href=\"https:\/\/nitu.mx\/index.php\/2018\/02\/14\/se-eleva-24-trafico-de-viva-aerobus-en-enero\/\" \/>\n<meta name=\"twitter:card\" content=\"summary_large_image\" \/>\n<meta name=\"twitter:title\" content=\"Se eleva 24% tr\u00e1fico de Viva Aerobus en enero - Nitu - Noticias de la Industria Turistica\" \/>\n<meta name=\"twitter:description\" content=\"En enero de 2018, Viva Aerobus transport\u00f3 a 708 mil 884 pasajeros, lo que represent\u00f3 un crecimiento de 24 por ciento respecto al mismo mes de 2017.\" \/>\n<meta name=\"twitter:image\" content=\"https:\/\/nitu.mx\/wp-content\/uploads\/2018\/02\/viva-a.jpg\" \/>\n<meta name=\"twitter:creator\" content=\"@NITUmx\" \/>\n<meta name=\"twitter:site\" content=\"@Arturo_Medina_G\" \/>\n<meta name=\"twitter:label1\" content=\"Escrito por\" \/>\n\t<meta name=\"twitter:data1\" content=\"Redacci\u00f3n\" \/>\n\t<meta name=\"twitter:label2\" content=\"Tiempo de lectura\" \/>\n\t<meta name=\"twitter:data2\" content=\"2 minutos\" \/>\n<script type=\"application\/ld+json\" class=\"yoast-schema-graph\">{\"@context\":\"https:\/\/schema.org\",\"@graph\":[{\"@type\":\"Article\",\"@id\":\"https:\/\/nitu.mx\/index.php\/2018\/02\/14\/se-eleva-24-trafico-de-viva-aerobus-en-enero\/#article\",\"isPartOf\":{\"@id\":\"https:\/\/nitu.mx\/index.php\/2018\/02\/14\/se-eleva-24-trafico-de-viva-aerobus-en-enero\/\"},\"author\":{\"name\":\"Redacci\u00f3n\",\"@id\":\"https:\/\/nitu.mx\/#\/schema\/person\/4a28fe9bd65924f7c90623773daf1b0b\"},\"headline\":\"Se eleva 24% tr\u00e1fico de Viva Aerobus en enero\",\"datePublished\":\"2018-02-14T05:15:52+00:00\",\"dateModified\":\"2018-02-14T05:36:37+00:00\",\"mainEntityOfPage\":{\"@id\":\"https:\/\/nitu.mx\/index.php\/2018\/02\/14\/se-eleva-24-trafico-de-viva-aerobus-en-enero\/\"},\"wordCount\":364,\"commentCount\":0,\"publisher\":{\"@id\":\"https:\/\/nitu.mx\/#\/schema\/person\/ae7a53426417292d3dd07b45a33e01bc\"},\"image\":{\"@id\":\"https:\/\/nitu.mx\/index.php\/2018\/02\/14\/se-eleva-24-trafico-de-viva-aerobus-en-enero\/#primaryimage\"},\"thumbnailUrl\":\"https:\/\/nitu.mx\/wp-content\/uploads\/2018\/02\/viva-a.jpg\",\"keywords\":[\"Aerom\u00e9xico\",\"Airbus A320\",\"Ciudad de M\u00e9xico-Las Vegas\",\"ruta Guadalajara-Los \u00c1ngeles\",\"Viva Aerobus\",\"Volaris\"],\"articleSection\":[\"Aerol\u00edneas\",\"Destinos\"],\"inLanguage\":\"es-MX\",\"potentialAction\":[{\"@type\":\"CommentAction\",\"name\":\"Comment\",\"target\":[\"https:\/\/nitu.mx\/index.php\/2018\/02\/14\/se-eleva-24-trafico-de-viva-aerobus-en-enero\/#respond\"]}]},{\"@type\":\"WebPage\",\"@id\":\"https:\/\/nitu.mx\/index.php\/2018\/02\/14\/se-eleva-24-trafico-de-viva-aerobus-en-enero\/\",\"url\":\"https:\/\/nitu.mx\/index.php\/2018\/02\/14\/se-eleva-24-trafico-de-viva-aerobus-en-enero\/\",\"name\":\"Se eleva 24% tr\u00e1fico de Viva Aerobus en enero - Nitu - Noticias de la Industria Turistica\",\"isPartOf\":{\"@id\":\"https:\/\/nitu.mx\/#website\"},\"primaryImageOfPage\":{\"@id\":\"https:\/\/nitu.mx\/index.php\/2018\/02\/14\/se-eleva-24-trafico-de-viva-aerobus-en-enero\/#primaryimage\"},\"image\":{\"@id\":\"https:\/\/nitu.mx\/index.php\/2018\/02\/14\/se-eleva-24-trafico-de-viva-aerobus-en-enero\/#primaryimage\"},\"thumbnailUrl\":\"https:\/\/nitu.mx\/wp-content\/uploads\/2018\/02\/viva-a.jpg\",\"datePublished\":\"2018-02-14T05:15:52+00:00\",\"dateModified\":\"2018-02-14T05:36:37+00:00\",\"description\":\"En enero de 2018, Viva Aerobus transport\u00f3 a 708 mil 884 pasajeros, lo que represent\u00f3 un crecimiento de 24 por ciento respecto al mismo mes de 2017.\",\"breadcrumb\":{\"@id\":\"https:\/\/nitu.mx\/index.php\/2018\/02\/14\/se-eleva-24-trafico-de-viva-aerobus-en-enero\/#breadcrumb\"},\"inLanguage\":\"es-MX\",\"potentialAction\":[{\"@type\":\"ReadAction\",\"target\":[\"https:\/\/nitu.mx\/index.php\/2018\/02\/14\/se-eleva-24-trafico-de-viva-aerobus-en-enero\/\"]}]},{\"@type\":\"ImageObject\",\"inLanguage\":\"es-MX\",\"@id\":\"https:\/\/nitu.mx\/index.php\/2018\/02\/14\/se-eleva-24-trafico-de-viva-aerobus-en-enero\/#primaryimage\",\"url\":\"https:\/\/nitu.mx\/wp-content\/uploads\/2018\/02\/viva-a.jpg\",\"contentUrl\":\"https:\/\/nitu.mx\/wp-content\/uploads\/2018\/02\/viva-a.jpg\",\"width\":800,\"height\":460},{\"@type\":\"BreadcrumbList\",\"@id\":\"https:\/\/nitu.mx\/index.php\/2018\/02\/14\/se-eleva-24-trafico-de-viva-aerobus-en-enero\/#breadcrumb\",\"itemListElement\":[{\"@type\":\"ListItem\",\"position\":1,\"name\":\"Inicio\",\"item\":\"https:\/\/nitu.mx\/\"},{\"@type\":\"ListItem\",\"position\":2,\"name\":\"Se eleva 24% tr\u00e1fico de Viva Aerobus en enero\"}]},{\"@type\":\"WebSite\",\"@id\":\"https:\/\/nitu.mx\/#website\",\"url\":\"https:\/\/nitu.mx\/\",\"name\":\"Nitu - Noticias de la Industria Turistica\",\"description\":\"Noticias de la Industria Turistica\",\"publisher\":{\"@id\":\"https:\/\/nitu.mx\/#\/schema\/person\/ae7a53426417292d3dd07b45a33e01bc\"},\"alternateName\":\"Noticias de la Industria Turistica\",\"potentialAction\":[{\"@type\":\"SearchAction\",\"target\":{\"@type\":\"EntryPoint\",\"urlTemplate\":\"https:\/\/nitu.mx\/?s={search_term_string}\"},\"query-input\":\"required name=search_term_string\"}],\"inLanguage\":\"es-MX\"},{\"@type\":[\"Person\",\"Organization\"],\"@id\":\"https:\/\/nitu.mx\/#\/schema\/person\/ae7a53426417292d3dd07b45a33e01bc\",\"name\":\"Arturo Medina\",\"image\":{\"@type\":\"ImageObject\",\"inLanguage\":\"es-MX\",\"@id\":\"https:\/\/nitu.mx\/#\/schema\/person\/image\/\",\"url\":\"https:\/\/nitu.mx\/wp-content\/uploads\/2024\/04\/4A315622-1904-4D5C-B022-878CDC840E04-90x90-1.jpeg\",\"contentUrl\":\"https:\/\/nitu.mx\/wp-content\/uploads\/2024\/04\/4A315622-1904-4D5C-B022-878CDC840E04-90x90-1.jpeg\",\"width\":90,\"height\":90,\"caption\":\"Arturo Medina\"},\"logo\":{\"@id\":\"https:\/\/nitu.mx\/#\/schema\/person\/image\/\"},\"description\":\"Director NITU.mx, Egresado de la Escuela de Periodismo Carlos Septi\u00e9n Garc\u00eda. Periodista y analista especializado en turismo desde hace 35 a\u00f1os, radicado en Canc\u00fan Q.Roo. arturo@nitu.mx\",\"sameAs\":[\"https:\/\/nitu.mx\",\"https:\/\/www.facebook.com\/NITUmx\/\",\"medinacancun\",\"https:\/\/twitter.com\/@Arturo_Medina_G\"]},{\"@type\":\"Person\",\"@id\":\"https:\/\/nitu.mx\/#\/schema\/person\/4a28fe9bd65924f7c90623773daf1b0b\",\"name\":\"Redacci\u00f3n\",\"image\":{\"@type\":\"ImageObject\",\"inLanguage\":\"es-MX\",\"@id\":\"https:\/\/nitu.mx\/#\/schema\/person\/image\/\",\"url\":\"https:\/\/secure.gravatar.com\/avatar\/5dd011c8ccfc5cd7e4c81e42252aab38?s=96&d=mm&r=g\",\"contentUrl\":\"https:\/\/secure.gravatar.com\/avatar\/5dd011c8ccfc5cd7e4c81e42252aab38?s=96&d=mm&r=g\",\"caption\":\"Redacci\u00f3n\"},\"url\":\"https:\/\/nitu.mx\/index.php\/author\/redaccion\/\"}]}<\/script>\n<!-- \/ Yoast SEO plugin. -->","yoast_head_json":{"title":"Se eleva 24% tr\u00e1fico de Viva Aerobus en enero - Nitu - Noticias de la Industria Turistica","description":"En enero de 2018, Viva Aerobus transport\u00f3 a 708 mil 884 pasajeros, lo que represent\u00f3 un crecimiento de 24 por ciento respecto al mismo mes de 2017.","robots":{"index":"index","follow":"follow","max-snippet":"max-snippet:-1","max-image-preview":"max-image-preview:large","max-video-preview":"max-video-preview:-1"},"canonical":"https:\/\/nitu.mx\/index.php\/2018\/02\/14\/se-eleva-24-trafico-de-viva-aerobus-en-enero\/","twitter_card":"summary_large_image","twitter_title":"Se eleva 24% tr\u00e1fico de Viva Aerobus en enero - Nitu - Noticias de la Industria Turistica","twitter_description":"En enero de 2018, Viva Aerobus transport\u00f3 a 708 mil 884 pasajeros, lo que represent\u00f3 un crecimiento de 24 por ciento respecto al mismo mes de 2017.","twitter_image":"https:\/\/nitu.mx\/wp-content\/uploads\/2018\/02\/viva-a.jpg","twitter_creator":"@NITUmx","twitter_site":"@Arturo_Medina_G","twitter_misc":{"Escrito por":"Redacci\u00f3n","Tiempo de lectura":"2 minutos"},"schema":{"@context":"https:\/\/schema.org","@graph":[{"@type":"Article","@id":"https:\/\/nitu.mx\/index.php\/2018\/02\/14\/se-eleva-24-trafico-de-viva-aerobus-en-enero\/#article","isPartOf":{"@id":"https:\/\/nitu.mx\/index.php\/2018\/02\/14\/se-eleva-24-trafico-de-viva-aerobus-en-enero\/"},"author":{"name":"Redacci\u00f3n","@id":"https:\/\/nitu.mx\/#\/schema\/person\/4a28fe9bd65924f7c90623773daf1b0b"},"headline":"Se eleva 24% tr\u00e1fico de Viva Aerobus en enero","datePublished":"2018-02-14T05:15:52+00:00","dateModified":"2018-02-14T05:36:37+00:00","mainEntityOfPage":{"@id":"https:\/\/nitu.mx\/index.php\/2018\/02\/14\/se-eleva-24-trafico-de-viva-aerobus-en-enero\/"},"wordCount":364,"commentCount":0,"publisher":{"@id":"https:\/\/nitu.mx\/#\/schema\/person\/ae7a53426417292d3dd07b45a33e01bc"},"image":{"@id":"https:\/\/nitu.mx\/index.php\/2018\/02\/14\/se-eleva-24-trafico-de-viva-aerobus-en-enero\/#primaryimage"},"thumbnailUrl":"https:\/\/nitu.mx\/wp-content\/uploads\/2018\/02\/viva-a.jpg","keywords":["Aerom\u00e9xico","Airbus A320","Ciudad de M\u00e9xico-Las Vegas","ruta Guadalajara-Los \u00c1ngeles","Viva Aerobus","Volaris"],"articleSection":["Aerol\u00edneas","Destinos"],"inLanguage":"es-MX","potentialAction":[{"@type":"CommentAction","name":"Comment","target":["https:\/\/nitu.mx\/index.php\/2018\/02\/14\/se-eleva-24-trafico-de-viva-aerobus-en-enero\/#respond"]}]},{"@type":"WebPage","@id":"https:\/\/nitu.mx\/index.php\/2018\/02\/14\/se-eleva-24-trafico-de-viva-aerobus-en-enero\/","url":"https:\/\/nitu.mx\/index.php\/2018\/02\/14\/se-eleva-24-trafico-de-viva-aerobus-en-enero\/","name":"Se eleva 24% tr\u00e1fico de Viva Aerobus en enero - Nitu - Noticias de la Industria Turistica","isPartOf":{"@id":"https:\/\/nitu.mx\/#website"},"primaryImageOfPage":{"@id":"https:\/\/nitu.mx\/index.php\/2018\/02\/14\/se-eleva-24-trafico-de-viva-aerobus-en-enero\/#primaryimage"},"image":{"@id":"https:\/\/nitu.mx\/index.php\/2018\/02\/14\/se-eleva-24-trafico-de-viva-aerobus-en-enero\/#primaryimage"},"thumbnailUrl":"https:\/\/nitu.mx\/wp-content\/uploads\/2018\/02\/viva-a.jpg","datePublished":"2018-02-14T05:15:52+00:00","dateModified":"2018-02-14T05:36:37+00:00","description":"En enero de 2018, Viva Aerobus transport\u00f3 a 708 mil 884 pasajeros, lo que represent\u00f3 un crecimiento de 24 por ciento respecto al mismo mes de 2017.","breadcrumb":{"@id":"https:\/\/nitu.mx\/index.php\/2018\/02\/14\/se-eleva-24-trafico-de-viva-aerobus-en-enero\/#breadcrumb"},"inLanguage":"es-MX","potentialAction":[{"@type":"ReadAction","target":["https:\/\/nitu.mx\/index.php\/2018\/02\/14\/se-eleva-24-trafico-de-viva-aerobus-en-enero\/"]}]},{"@type":"ImageObject","inLanguage":"es-MX","@id":"https:\/\/nitu.mx\/index.php\/2018\/02\/14\/se-eleva-24-trafico-de-viva-aerobus-en-enero\/#primaryimage","url":"https:\/\/nitu.mx\/wp-content\/uploads\/2018\/02\/viva-a.jpg","contentUrl":"https:\/\/nitu.mx\/wp-content\/uploads\/2018\/02\/viva-a.jpg","width":800,"height":460},{"@type":"BreadcrumbList","@id":"https:\/\/nitu.mx\/index.php\/2018\/02\/14\/se-eleva-24-trafico-de-viva-aerobus-en-enero\/#breadcrumb","itemListElement":[{"@type":"ListItem","position":1,"name":"Inicio","item":"https:\/\/nitu.mx\/"},{"@type":"ListItem","position":2,"name":"Se eleva 24% tr\u00e1fico de Viva Aerobus en enero"}]},{"@type":"WebSite","@id":"https:\/\/nitu.mx\/#website","url":"https:\/\/nitu.mx\/","name":"Nitu - Noticias de la Industria Turistica","description":"Noticias de la Industria Turistica","publisher":{"@id":"https:\/\/nitu.mx\/#\/schema\/person\/ae7a53426417292d3dd07b45a33e01bc"},"alternateName":"Noticias de la Industria Turistica","potentialAction":[{"@type":"SearchAction","target":{"@type":"EntryPoint","urlTemplate":"https:\/\/nitu.mx\/?s={search_term_string}"},"query-input":"required name=search_term_string"}],"inLanguage":"es-MX"},{"@type":["Person","Organization"],"@id":"https:\/\/nitu.mx\/#\/schema\/person\/ae7a53426417292d3dd07b45a33e01bc","name":"Arturo Medina","image":{"@type":"ImageObject","inLanguage":"es-MX","@id":"https:\/\/nitu.mx\/#\/schema\/person\/image\/","url":"https:\/\/nitu.mx\/wp-content\/uploads\/2024\/04\/4A315622-1904-4D5C-B022-878CDC840E04-90x90-1.jpeg","contentUrl":"https:\/\/nitu.mx\/wp-content\/uploads\/2024\/04\/4A315622-1904-4D5C-B022-878CDC840E04-90x90-1.jpeg","width":90,"height":90,"caption":"Arturo Medina"},"logo":{"@id":"https:\/\/nitu.mx\/#\/schema\/person\/image\/"},"description":"Director NITU.mx, Egresado de la Escuela de Periodismo Carlos Septi\u00e9n Garc\u00eda. Periodista y analista especializado en turismo desde hace 35 a\u00f1os, radicado en Canc\u00fan Q.Roo. arturo@nitu.mx","sameAs":["https:\/\/nitu.mx","https:\/\/www.facebook.com\/NITUmx\/","medinacancun","https:\/\/twitter.com\/@Arturo_Medina_G"]},{"@type":"Person","@id":"https:\/\/nitu.mx\/#\/schema\/person\/4a28fe9bd65924f7c90623773daf1b0b","name":"Redacci\u00f3n","image":{"@type":"ImageObject","inLanguage":"es-MX","@id":"https:\/\/nitu.mx\/#\/schema\/person\/image\/","url":"https:\/\/secure.gravatar.com\/avatar\/5dd011c8ccfc5cd7e4c81e42252aab38?s=96&d=mm&r=g","contentUrl":"https:\/\/secure.gravatar.com\/avatar\/5dd011c8ccfc5cd7e4c81e42252aab38?s=96&d=mm&r=g","caption":"Redacci\u00f3n"},"url":"https:\/\/nitu.mx\/index.php\/author\/redaccion\/"}]}},"views":203,"_links":{"self":[{"href":"https:\/\/nitu.mx\/index.php\/wp-json\/wp\/v2\/posts\/17485"}],"collection":[{"href":"https:\/\/nitu.mx\/index.php\/wp-json\/wp\/v2\/posts"}],"about":[{"href":"https:\/\/nitu.mx\/index.php\/wp-json\/wp\/v2\/types\/post"}],"author":[{"embeddable":true,"href":"https:\/\/nitu.mx\/index.php\/wp-json\/wp\/v2\/users\/17"}],"replies":[{"embeddable":true,"href":"https:\/\/nitu.mx\/index.php\/wp-json\/wp\/v2\/comments?post=17485"}],"version-history":[{"count":3,"href":"https:\/\/nitu.mx\/index.php\/wp-json\/wp\/v2\/posts\/17485\/revisions"}],"predecessor-version":[{"id":17505,"href":"https:\/\/nitu.mx\/index.php\/wp-json\/wp\/v2\/posts\/17485\/revisions\/17505"}],"wp:featuredmedia":[{"embeddable":true,"href":"https:\/\/nitu.mx\/index.php\/wp-json\/wp\/v2\/media\/17486"}],"wp:attachment":[{"href":"https:\/\/nitu.mx\/index.php\/wp-json\/wp\/v2\/media?parent=17485"}],"wp:term":[{"taxonomy":"category","embeddable":true,"href":"https:\/\/nitu.mx\/index.php\/wp-json\/wp\/v2\/categories?post=17485"},{"taxonomy":"post_tag","embeddable":true,"href":"https:\/\/nitu.mx\/index.php\/wp-json\/wp\/v2\/tags?post=17485"}],"curies":[{"name":"wp","href":"https:\/\/api.w.org\/{rel}","templated":true}]}}