{"id":17439,"date":"2018-02-13T00:02:54","date_gmt":"2018-02-13T05:02:54","guid":{"rendered":"http:\/\/www.dev.nitu.mx\/?p=17439"},"modified":"2018-02-13T21:33:31","modified_gmt":"2018-02-14T02:33:31","slug":"miguel-alonso-reyes-fonatur-no-va-a-pagar-nada-en-tajamar-cancun","status":"publish","type":"post","link":"https:\/\/nitu.mx\/index.php\/2018\/02\/13\/miguel-alonso-reyes-fonatur-no-va-a-pagar-nada-en-tajamar-cancun\/","title":{"rendered":"Miguel Alonso Reyes: Fonatur no va a pagar nada en Tajamar Canc\u00fan"},"content":{"rendered":"<p>Miguel Alonso Reyes, director general del Fondo Nacional de Fomento al Turismo (Fonatur), dijo a <em><strong>NITU.mx<\/strong><\/em>, que el tema de Malec\u00f3n Tajamar, \u201cest\u00e1 bajo la resoluci\u00f3n final de la Suprema Corte de Justicia de la Naci\u00f3n, y no es un tema que Fonatur tenga que pagar<br \/>\na los inversionistas, porque la venta y todo el proceso lo hizo de acuerdo a la ley vigente en ese momento\u201d.\u00a0<a title=\"Fonatur e inversionistas pelean en Suprema Corte desarrollar Tajamar\" href=\"http:\/\/www.dev.nitu.mx\/index.php\/2018\/01\/16\/fonatur-e-inversionistas-pelean-suprema-corte-desarrollar-tajamar\/\" rel=\"bookmark\">(Fonatur e inversionistas pelean en Suprema Corte desarrollar Tajamar<\/a>).<\/p>\n<p>Como hemos informado, la zona conocida como Malec\u00f3n Tajamar, se ubica en el \u00e1rea de la laguna Nichupt\u00e9 y est\u00e1 en disputa desde hace varios a\u00f1os, ya que grupos ambientalistas acusan no se debe desarrollar en los terrenos que Fonatur ya hab\u00eda fraccionado, instalado infraestructura y vendido.<\/p>\n<p>En el documento \u201cMalec\u00f3n Tajamar, Desarrollo Responsable Apegado a Derecho\u201d, elaborado por Fonatur, se expone que entre los a\u00f1os 2003 y 2012, el gobierno federal invirti\u00f3 618 millones de pesos en la urbanizaci\u00f3n de las 53 hect\u00e1reas que conforman todo el complejo, denominado originalmente Malec\u00f3n Canc\u00fan.\u00a0<a title=\"Tres mil mdp pagar\u00eda Fonatur por cancelaci\u00f3n definitiva de proyecto Malec\u00f3n Tajamar\" href=\"http:\/\/www.dev.nitu.mx\/index.php\/2017\/06\/26\/3-mil-mdp-pagaria-fonatur-cancelacion-definitiva-proyecto-malecon-tajamar\/\" rel=\"bookmark\">(Tres mil mdp pagar\u00eda Fonatur por cancelaci\u00f3n definitiva de proyecto Malec\u00f3n Tajamar<\/a>).<\/p>\n<p>Diversos grupos ambientalistas interpusieron amparos en contra de desarrollar la zona denominada Malec\u00f3n Tajamar, los cuales fueron concedidos por diversos juzgados, por lo que el sitio permanece sin desarrollar, ya que se debe restablecer la flora y fauna impactada por diversos trabajos de desmonte.<\/p>\n<p>Al respecto, el actual titular de Fonatur declar\u00f3: \u201clo he dicho: las decisiones que en ese momento se tomaron se hicieron de acuerdo a la legalidad\u201d, asegur\u00f3.<\/p>\n<p>\u201cEsperamos la resoluci\u00f3n de la SCJN, no hay un tiempo fatal, estamos esperando, creemos que se dar\u00e1 en los pr\u00f3ximos meses, y el tema se trabaja en conjunto con el \u00e1rea jur\u00eddica de la dependencia, de la Sectur, de la Semarnat\u201d.<\/p>\n<p>\u201cTenemos la certeza y claridad que Fonatur est\u00e1 haciendo las cosas de acuerdo a derecho, lo que me parecer\u00eda importante es que se d\u00e9 certeza sobre estos predios, y el tema se pueda resolver. Estamos en la certeza que nos da el apego a la legalidad y que a final de cuentas el m\u00e1ximo tribunal del pa\u00eds tomar\u00e1 eso en cuenta\u201d, finaliz\u00f3.<\/p>\n","protected":false},"excerpt":{"rendered":"<p>Miguel Alonso Reyes, director general del Fondo Nacional de Fomento al Turismo (Fonatur), dijo a NITU.mx, que el tema de Malec\u00f3n Tajamar, \u201cest\u00e1 bajo la resoluci\u00f3n final de la Suprema Corte de Justicia de la Naci\u00f3n, y no es un tema que Fonatur tenga que pagar a los inversionistas, porque la venta y todo el [&hellip;]<\/p>\n","protected":false},"author":3,"featured_media":9968,"comment_status":"open","ping_status":"open","sticky":false,"template":"","format":"standard","meta":{"footnotes":""},"categories":[5,12],"tags":[43,429,7972,1961],"yoast_head":"<!-- This site is optimized with the Yoast SEO plugin v22.2 - https:\/\/yoast.com\/wordpress\/plugins\/seo\/ -->\n<title>Miguel Alonso Reyes: Fonatur no va a pagar nada en Tajamar Canc\u00fan - Nitu - Noticias de la Industria Turistica<\/title>\n<meta name=\"description\" content=\"El director general de Fonatur dijo que el tema de Malec\u00f3n Tajamar, \u201cest\u00e1 bajo la resoluci\u00f3n final de la SCJN, y no es un tema que Fonatur tenga que pagar.\" \/>\n<meta name=\"robots\" content=\"index, follow, max-snippet:-1, max-image-preview:large, max-video-preview:-1\" \/>\n<link rel=\"canonical\" href=\"https:\/\/nitu.mx\/index.php\/2018\/02\/13\/miguel-alonso-reyes-fonatur-no-va-a-pagar-nada-en-tajamar-cancun\/\" \/>\n<meta name=\"twitter:card\" content=\"summary_large_image\" \/>\n<meta name=\"twitter:title\" content=\"Miguel Alonso Reyes: Fonatur no va a pagar nada en Tajamar Canc\u00fan - Nitu - Noticias de la Industria Turistica\" \/>\n<meta name=\"twitter:description\" content=\"El director general de Fonatur dijo que el tema de Malec\u00f3n Tajamar, \u201cest\u00e1 bajo la resoluci\u00f3n final de la SCJN, y no es un tema que Fonatur tenga que pagar.\" \/>\n<meta name=\"twitter:image\" content=\"https:\/\/nitu.mx\/wp-content\/uploads\/2017\/05\/Laguna-Tajamar.jpg\" \/>\n<meta name=\"twitter:creator\" content=\"@NITUmx\" \/>\n<meta name=\"twitter:site\" content=\"@Arturo_Medina_G\" \/>\n<meta name=\"twitter:label1\" content=\"Escrito por\" \/>\n\t<meta name=\"twitter:data1\" content=\"Alejandra Moncisbays\" \/>\n\t<meta name=\"twitter:label2\" content=\"Tiempo de lectura\" \/>\n\t<meta name=\"twitter:data2\" content=\"2 minutos\" \/>\n<script type=\"application\/ld+json\" class=\"yoast-schema-graph\">{\"@context\":\"https:\/\/schema.org\",\"@graph\":[{\"@type\":\"Article\",\"@id\":\"https:\/\/nitu.mx\/index.php\/2018\/02\/13\/miguel-alonso-reyes-fonatur-no-va-a-pagar-nada-en-tajamar-cancun\/#article\",\"isPartOf\":{\"@id\":\"https:\/\/nitu.mx\/index.php\/2018\/02\/13\/miguel-alonso-reyes-fonatur-no-va-a-pagar-nada-en-tajamar-cancun\/\"},\"author\":{\"name\":\"Alejandra Moncisbays\",\"@id\":\"https:\/\/nitu.mx\/#\/schema\/person\/2ecd887b19dfd3382d1f14fc5acf24a8\"},\"headline\":\"Miguel Alonso Reyes: Fonatur no va a pagar nada en Tajamar Canc\u00fan\",\"datePublished\":\"2018-02-13T05:02:54+00:00\",\"dateModified\":\"2018-02-14T02:33:31+00:00\",\"mainEntityOfPage\":{\"@id\":\"https:\/\/nitu.mx\/index.php\/2018\/02\/13\/miguel-alonso-reyes-fonatur-no-va-a-pagar-nada-en-tajamar-cancun\/\"},\"wordCount\":387,\"commentCount\":0,\"publisher\":{\"@id\":\"https:\/\/nitu.mx\/#\/schema\/person\/ae7a53426417292d3dd07b45a33e01bc\"},\"image\":{\"@id\":\"https:\/\/nitu.mx\/index.php\/2018\/02\/13\/miguel-alonso-reyes-fonatur-no-va-a-pagar-nada-en-tajamar-cancun\/#primaryimage\"},\"thumbnailUrl\":\"https:\/\/nitu.mx\/wp-content\/uploads\/2017\/05\/Laguna-Tajamar.jpg\",\"keywords\":[\"Canc\u00fan\",\"Fondo Nacional de Fomento al Turismo (Fonatur)\",\"Juan Carlos Gonz\u00e1lez Hern\u00e1ndez\",\"Miguel Alonso Reyes\"],\"articleSection\":[\"Destinos\",\"Marketing\"],\"inLanguage\":\"es-MX\",\"potentialAction\":[{\"@type\":\"CommentAction\",\"name\":\"Comment\",\"target\":[\"https:\/\/nitu.mx\/index.php\/2018\/02\/13\/miguel-alonso-reyes-fonatur-no-va-a-pagar-nada-en-tajamar-cancun\/#respond\"]}]},{\"@type\":\"WebPage\",\"@id\":\"https:\/\/nitu.mx\/index.php\/2018\/02\/13\/miguel-alonso-reyes-fonatur-no-va-a-pagar-nada-en-tajamar-cancun\/\",\"url\":\"https:\/\/nitu.mx\/index.php\/2018\/02\/13\/miguel-alonso-reyes-fonatur-no-va-a-pagar-nada-en-tajamar-cancun\/\",\"name\":\"Miguel Alonso Reyes: Fonatur no va a pagar nada en Tajamar Canc\u00fan - Nitu - Noticias de la Industria Turistica\",\"isPartOf\":{\"@id\":\"https:\/\/nitu.mx\/#website\"},\"primaryImageOfPage\":{\"@id\":\"https:\/\/nitu.mx\/index.php\/2018\/02\/13\/miguel-alonso-reyes-fonatur-no-va-a-pagar-nada-en-tajamar-cancun\/#primaryimage\"},\"image\":{\"@id\":\"https:\/\/nitu.mx\/index.php\/2018\/02\/13\/miguel-alonso-reyes-fonatur-no-va-a-pagar-nada-en-tajamar-cancun\/#primaryimage\"},\"thumbnailUrl\":\"https:\/\/nitu.mx\/wp-content\/uploads\/2017\/05\/Laguna-Tajamar.jpg\",\"datePublished\":\"2018-02-13T05:02:54+00:00\",\"dateModified\":\"2018-02-14T02:33:31+00:00\",\"description\":\"El director general de Fonatur dijo que el tema de Malec\u00f3n Tajamar, \u201cest\u00e1 bajo la resoluci\u00f3n final de la SCJN, y no es un tema que Fonatur tenga que pagar.\",\"breadcrumb\":{\"@id\":\"https:\/\/nitu.mx\/index.php\/2018\/02\/13\/miguel-alonso-reyes-fonatur-no-va-a-pagar-nada-en-tajamar-cancun\/#breadcrumb\"},\"inLanguage\":\"es-MX\",\"potentialAction\":[{\"@type\":\"ReadAction\",\"target\":[\"https:\/\/nitu.mx\/index.php\/2018\/02\/13\/miguel-alonso-reyes-fonatur-no-va-a-pagar-nada-en-tajamar-cancun\/\"]}]},{\"@type\":\"ImageObject\",\"inLanguage\":\"es-MX\",\"@id\":\"https:\/\/nitu.mx\/index.php\/2018\/02\/13\/miguel-alonso-reyes-fonatur-no-va-a-pagar-nada-en-tajamar-cancun\/#primaryimage\",\"url\":\"https:\/\/nitu.mx\/wp-content\/uploads\/2017\/05\/Laguna-Tajamar.jpg\",\"contentUrl\":\"https:\/\/nitu.mx\/wp-content\/uploads\/2017\/05\/Laguna-Tajamar.jpg\",\"width\":850,\"height\":480,\"caption\":\"Tajamar Fonatur\"},{\"@type\":\"BreadcrumbList\",\"@id\":\"https:\/\/nitu.mx\/index.php\/2018\/02\/13\/miguel-alonso-reyes-fonatur-no-va-a-pagar-nada-en-tajamar-cancun\/#breadcrumb\",\"itemListElement\":[{\"@type\":\"ListItem\",\"position\":1,\"name\":\"Inicio\",\"item\":\"https:\/\/nitu.mx\/\"},{\"@type\":\"ListItem\",\"position\":2,\"name\":\"Miguel Alonso Reyes: Fonatur no va a pagar nada en Tajamar Canc\u00fan\"}]},{\"@type\":\"WebSite\",\"@id\":\"https:\/\/nitu.mx\/#website\",\"url\":\"https:\/\/nitu.mx\/\",\"name\":\"Nitu - Noticias de la Industria Turistica\",\"description\":\"Noticias de la Industria Turistica\",\"publisher\":{\"@id\":\"https:\/\/nitu.mx\/#\/schema\/person\/ae7a53426417292d3dd07b45a33e01bc\"},\"alternateName\":\"Noticias de la Industria Turistica\",\"potentialAction\":[{\"@type\":\"SearchAction\",\"target\":{\"@type\":\"EntryPoint\",\"urlTemplate\":\"https:\/\/nitu.mx\/?s={search_term_string}\"},\"query-input\":\"required name=search_term_string\"}],\"inLanguage\":\"es-MX\"},{\"@type\":[\"Person\",\"Organization\"],\"@id\":\"https:\/\/nitu.mx\/#\/schema\/person\/ae7a53426417292d3dd07b45a33e01bc\",\"name\":\"Arturo Medina\",\"image\":{\"@type\":\"ImageObject\",\"inLanguage\":\"es-MX\",\"@id\":\"https:\/\/nitu.mx\/#\/schema\/person\/image\/\",\"url\":\"https:\/\/nitu.mx\/wp-content\/uploads\/2024\/04\/4A315622-1904-4D5C-B022-878CDC840E04-90x90-1.jpeg\",\"contentUrl\":\"https:\/\/nitu.mx\/wp-content\/uploads\/2024\/04\/4A315622-1904-4D5C-B022-878CDC840E04-90x90-1.jpeg\",\"width\":90,\"height\":90,\"caption\":\"Arturo Medina\"},\"logo\":{\"@id\":\"https:\/\/nitu.mx\/#\/schema\/person\/image\/\"},\"description\":\"Director NITU.mx, Egresado de la Escuela de Periodismo Carlos Septi\u00e9n Garc\u00eda. Periodista y analista especializado en turismo desde hace 35 a\u00f1os, radicado en Canc\u00fan Q.Roo. arturo@nitu.mx\",\"sameAs\":[\"https:\/\/nitu.mx\",\"https:\/\/www.facebook.com\/NITUmx\/\",\"medinacancun\",\"https:\/\/twitter.com\/@Arturo_Medina_G\"]},{\"@type\":\"Person\",\"@id\":\"https:\/\/nitu.mx\/#\/schema\/person\/2ecd887b19dfd3382d1f14fc5acf24a8\",\"name\":\"Alejandra Moncisbays\",\"image\":{\"@type\":\"ImageObject\",\"inLanguage\":\"es-MX\",\"@id\":\"https:\/\/nitu.mx\/#\/schema\/person\/image\/\",\"url\":\"https:\/\/secure.gravatar.com\/avatar\/e74f7af0be172b7804dacfd0bfbef787?s=96&d=mm&r=g\",\"contentUrl\":\"https:\/\/secure.gravatar.com\/avatar\/e74f7af0be172b7804dacfd0bfbef787?s=96&d=mm&r=g\",\"caption\":\"Alejandra Moncisbays\"},\"description\":\"Curs\u00e9 la carrera de Periodismo y Comunicaci\u00f3n en la Facultad de Estudios Profesionales Acatl\u00e1n. Vivo en Canc\u00fan desde hace 24 a\u00f1os. Fui reportera de La Tarde de Canc\u00fan, y Novedades de Quintana Roo, colabor\u00e9 en TVCUN, edit\u00e9 Cancun\u00edssimo y colabor\u00e9 en las revistas Latitud21, entre otras, con principal enfoque en los sectores empresarial y tur\u00edstico. Desde hace varios a\u00f1os soy Agente de Seguros con c\u00e9dula de la Comisi\u00f3n Nacional de Seguros y Fianzas. Actualmente, me desarrollo en los \u00e1mbitos del periodismo y el sector asegurador.\",\"sameAs\":[\"https:\/\/nitu.mx\"],\"url\":\"https:\/\/nitu.mx\/index.php\/author\/alejandra\/\"}]}<\/script>\n<!-- \/ Yoast SEO plugin. -->","yoast_head_json":{"title":"Miguel Alonso Reyes: Fonatur no va a pagar nada en Tajamar Canc\u00fan - Nitu - Noticias de la Industria Turistica","description":"El director general de Fonatur dijo que el tema de Malec\u00f3n Tajamar, \u201cest\u00e1 bajo la resoluci\u00f3n final de la SCJN, y no es un tema que Fonatur tenga que pagar.","robots":{"index":"index","follow":"follow","max-snippet":"max-snippet:-1","max-image-preview":"max-image-preview:large","max-video-preview":"max-video-preview:-1"},"canonical":"https:\/\/nitu.mx\/index.php\/2018\/02\/13\/miguel-alonso-reyes-fonatur-no-va-a-pagar-nada-en-tajamar-cancun\/","twitter_card":"summary_large_image","twitter_title":"Miguel Alonso Reyes: Fonatur no va a pagar nada en Tajamar Canc\u00fan - Nitu - Noticias de la Industria Turistica","twitter_description":"El director general de Fonatur dijo que el tema de Malec\u00f3n Tajamar, \u201cest\u00e1 bajo la resoluci\u00f3n final de la SCJN, y no es un tema que Fonatur tenga que pagar.","twitter_image":"https:\/\/nitu.mx\/wp-content\/uploads\/2017\/05\/Laguna-Tajamar.jpg","twitter_creator":"@NITUmx","twitter_site":"@Arturo_Medina_G","twitter_misc":{"Escrito por":"Alejandra Moncisbays","Tiempo de lectura":"2 minutos"},"schema":{"@context":"https:\/\/schema.org","@graph":[{"@type":"Article","@id":"https:\/\/nitu.mx\/index.php\/2018\/02\/13\/miguel-alonso-reyes-fonatur-no-va-a-pagar-nada-en-tajamar-cancun\/#article","isPartOf":{"@id":"https:\/\/nitu.mx\/index.php\/2018\/02\/13\/miguel-alonso-reyes-fonatur-no-va-a-pagar-nada-en-tajamar-cancun\/"},"author":{"name":"Alejandra Moncisbays","@id":"https:\/\/nitu.mx\/#\/schema\/person\/2ecd887b19dfd3382d1f14fc5acf24a8"},"headline":"Miguel Alonso Reyes: Fonatur no va a pagar nada en Tajamar Canc\u00fan","datePublished":"2018-02-13T05:02:54+00:00","dateModified":"2018-02-14T02:33:31+00:00","mainEntityOfPage":{"@id":"https:\/\/nitu.mx\/index.php\/2018\/02\/13\/miguel-alonso-reyes-fonatur-no-va-a-pagar-nada-en-tajamar-cancun\/"},"wordCount":387,"commentCount":0,"publisher":{"@id":"https:\/\/nitu.mx\/#\/schema\/person\/ae7a53426417292d3dd07b45a33e01bc"},"image":{"@id":"https:\/\/nitu.mx\/index.php\/2018\/02\/13\/miguel-alonso-reyes-fonatur-no-va-a-pagar-nada-en-tajamar-cancun\/#primaryimage"},"thumbnailUrl":"https:\/\/nitu.mx\/wp-content\/uploads\/2017\/05\/Laguna-Tajamar.jpg","keywords":["Canc\u00fan","Fondo Nacional de Fomento al Turismo (Fonatur)","Juan Carlos Gonz\u00e1lez Hern\u00e1ndez","Miguel Alonso Reyes"],"articleSection":["Destinos","Marketing"],"inLanguage":"es-MX","potentialAction":[{"@type":"CommentAction","name":"Comment","target":["https:\/\/nitu.mx\/index.php\/2018\/02\/13\/miguel-alonso-reyes-fonatur-no-va-a-pagar-nada-en-tajamar-cancun\/#respond"]}]},{"@type":"WebPage","@id":"https:\/\/nitu.mx\/index.php\/2018\/02\/13\/miguel-alonso-reyes-fonatur-no-va-a-pagar-nada-en-tajamar-cancun\/","url":"https:\/\/nitu.mx\/index.php\/2018\/02\/13\/miguel-alonso-reyes-fonatur-no-va-a-pagar-nada-en-tajamar-cancun\/","name":"Miguel Alonso Reyes: Fonatur no va a pagar nada en Tajamar Canc\u00fan - Nitu - Noticias de la Industria Turistica","isPartOf":{"@id":"https:\/\/nitu.mx\/#website"},"primaryImageOfPage":{"@id":"https:\/\/nitu.mx\/index.php\/2018\/02\/13\/miguel-alonso-reyes-fonatur-no-va-a-pagar-nada-en-tajamar-cancun\/#primaryimage"},"image":{"@id":"https:\/\/nitu.mx\/index.php\/2018\/02\/13\/miguel-alonso-reyes-fonatur-no-va-a-pagar-nada-en-tajamar-cancun\/#primaryimage"},"thumbnailUrl":"https:\/\/nitu.mx\/wp-content\/uploads\/2017\/05\/Laguna-Tajamar.jpg","datePublished":"2018-02-13T05:02:54+00:00","dateModified":"2018-02-14T02:33:31+00:00","description":"El director general de Fonatur dijo que el tema de Malec\u00f3n Tajamar, \u201cest\u00e1 bajo la resoluci\u00f3n final de la SCJN, y no es un tema que Fonatur tenga que pagar.","breadcrumb":{"@id":"https:\/\/nitu.mx\/index.php\/2018\/02\/13\/miguel-alonso-reyes-fonatur-no-va-a-pagar-nada-en-tajamar-cancun\/#breadcrumb"},"inLanguage":"es-MX","potentialAction":[{"@type":"ReadAction","target":["https:\/\/nitu.mx\/index.php\/2018\/02\/13\/miguel-alonso-reyes-fonatur-no-va-a-pagar-nada-en-tajamar-cancun\/"]}]},{"@type":"ImageObject","inLanguage":"es-MX","@id":"https:\/\/nitu.mx\/index.php\/2018\/02\/13\/miguel-alonso-reyes-fonatur-no-va-a-pagar-nada-en-tajamar-cancun\/#primaryimage","url":"https:\/\/nitu.mx\/wp-content\/uploads\/2017\/05\/Laguna-Tajamar.jpg","contentUrl":"https:\/\/nitu.mx\/wp-content\/uploads\/2017\/05\/Laguna-Tajamar.jpg","width":850,"height":480,"caption":"Tajamar Fonatur"},{"@type":"BreadcrumbList","@id":"https:\/\/nitu.mx\/index.php\/2018\/02\/13\/miguel-alonso-reyes-fonatur-no-va-a-pagar-nada-en-tajamar-cancun\/#breadcrumb","itemListElement":[{"@type":"ListItem","position":1,"name":"Inicio","item":"https:\/\/nitu.mx\/"},{"@type":"ListItem","position":2,"name":"Miguel Alonso Reyes: Fonatur no va a pagar nada en Tajamar Canc\u00fan"}]},{"@type":"WebSite","@id":"https:\/\/nitu.mx\/#website","url":"https:\/\/nitu.mx\/","name":"Nitu - Noticias de la Industria Turistica","description":"Noticias de la Industria Turistica","publisher":{"@id":"https:\/\/nitu.mx\/#\/schema\/person\/ae7a53426417292d3dd07b45a33e01bc"},"alternateName":"Noticias de la Industria Turistica","potentialAction":[{"@type":"SearchAction","target":{"@type":"EntryPoint","urlTemplate":"https:\/\/nitu.mx\/?s={search_term_string}"},"query-input":"required name=search_term_string"}],"inLanguage":"es-MX"},{"@type":["Person","Organization"],"@id":"https:\/\/nitu.mx\/#\/schema\/person\/ae7a53426417292d3dd07b45a33e01bc","name":"Arturo Medina","image":{"@type":"ImageObject","inLanguage":"es-MX","@id":"https:\/\/nitu.mx\/#\/schema\/person\/image\/","url":"https:\/\/nitu.mx\/wp-content\/uploads\/2024\/04\/4A315622-1904-4D5C-B022-878CDC840E04-90x90-1.jpeg","contentUrl":"https:\/\/nitu.mx\/wp-content\/uploads\/2024\/04\/4A315622-1904-4D5C-B022-878CDC840E04-90x90-1.jpeg","width":90,"height":90,"caption":"Arturo Medina"},"logo":{"@id":"https:\/\/nitu.mx\/#\/schema\/person\/image\/"},"description":"Director NITU.mx, Egresado de la Escuela de Periodismo Carlos Septi\u00e9n Garc\u00eda. Periodista y analista especializado en turismo desde hace 35 a\u00f1os, radicado en Canc\u00fan Q.Roo. arturo@nitu.mx","sameAs":["https:\/\/nitu.mx","https:\/\/www.facebook.com\/NITUmx\/","medinacancun","https:\/\/twitter.com\/@Arturo_Medina_G"]},{"@type":"Person","@id":"https:\/\/nitu.mx\/#\/schema\/person\/2ecd887b19dfd3382d1f14fc5acf24a8","name":"Alejandra Moncisbays","image":{"@type":"ImageObject","inLanguage":"es-MX","@id":"https:\/\/nitu.mx\/#\/schema\/person\/image\/","url":"https:\/\/secure.gravatar.com\/avatar\/e74f7af0be172b7804dacfd0bfbef787?s=96&d=mm&r=g","contentUrl":"https:\/\/secure.gravatar.com\/avatar\/e74f7af0be172b7804dacfd0bfbef787?s=96&d=mm&r=g","caption":"Alejandra Moncisbays"},"description":"Curs\u00e9 la carrera de Periodismo y Comunicaci\u00f3n en la Facultad de Estudios Profesionales Acatl\u00e1n. Vivo en Canc\u00fan desde hace 24 a\u00f1os. Fui reportera de La Tarde de Canc\u00fan, y Novedades de Quintana Roo, colabor\u00e9 en TVCUN, edit\u00e9 Cancun\u00edssimo y colabor\u00e9 en las revistas Latitud21, entre otras, con principal enfoque en los sectores empresarial y tur\u00edstico. Desde hace varios a\u00f1os soy Agente de Seguros con c\u00e9dula de la Comisi\u00f3n Nacional de Seguros y Fianzas. Actualmente, me desarrollo en los \u00e1mbitos del periodismo y el sector asegurador.","sameAs":["https:\/\/nitu.mx"],"url":"https:\/\/nitu.mx\/index.php\/author\/alejandra\/"}]}},"views":267,"_links":{"self":[{"href":"https:\/\/nitu.mx\/index.php\/wp-json\/wp\/v2\/posts\/17439"}],"collection":[{"href":"https:\/\/nitu.mx\/index.php\/wp-json\/wp\/v2\/posts"}],"about":[{"href":"https:\/\/nitu.mx\/index.php\/wp-json\/wp\/v2\/types\/post"}],"author":[{"embeddable":true,"href":"https:\/\/nitu.mx\/index.php\/wp-json\/wp\/v2\/users\/3"}],"replies":[{"embeddable":true,"href":"https:\/\/nitu.mx\/index.php\/wp-json\/wp\/v2\/comments?post=17439"}],"version-history":[{"count":5,"href":"https:\/\/nitu.mx\/index.php\/wp-json\/wp\/v2\/posts\/17439\/revisions"}],"predecessor-version":[{"id":17474,"href":"https:\/\/nitu.mx\/index.php\/wp-json\/wp\/v2\/posts\/17439\/revisions\/17474"}],"wp:featuredmedia":[{"embeddable":true,"href":"https:\/\/nitu.mx\/index.php\/wp-json\/wp\/v2\/media\/9968"}],"wp:attachment":[{"href":"https:\/\/nitu.mx\/index.php\/wp-json\/wp\/v2\/media?parent=17439"}],"wp:term":[{"taxonomy":"category","embeddable":true,"href":"https:\/\/nitu.mx\/index.php\/wp-json\/wp\/v2\/categories?post=17439"},{"taxonomy":"post_tag","embeddable":true,"href":"https:\/\/nitu.mx\/index.php\/wp-json\/wp\/v2\/tags?post=17439"}],"curies":[{"name":"wp","href":"https:\/\/api.w.org\/{rel}","templated":true}]}}