{"id":17364,"date":"2018-02-09T00:49:40","date_gmt":"2018-02-09T05:49:40","guid":{"rendered":"http:\/\/www.dev.nitu.mx\/?p=17364"},"modified":"2018-02-09T01:28:05","modified_gmt":"2018-02-09T06:28:05","slug":"aumenta-demanda-de-viajeros-a-destinos-urbanos-y-coloniales-pricetravel","status":"publish","type":"post","link":"https:\/\/nitu.mx\/index.php\/2018\/02\/09\/aumenta-demanda-de-viajeros-a-destinos-urbanos-y-coloniales-pricetravel\/","title":{"rendered":"Aumenta demanda de viajeros a destinos urbanos y coloniales: PriceTravel"},"content":{"rendered":"<p>La agencia de viajes en l\u00ednea y mayorista, PriceTravel Holding, inform\u00f3 que las grandes urbes y ciudades coloniales mexicanas registraron un crecimiento en reservas durante 2017, lo que demuestra que las tendencias de los viajeros de hoy en d\u00eda buscan el diferenciador en los destinos tradicionales.<\/p>\n<p>La OTA se\u00f1al\u00f3 que aunque los destinos de sol y playa siguen siendo los m\u00e1s demandados, las ciudades del interior del pa\u00eds han capitalizado su oferta gastron\u00f3mica, cultural, hist\u00f3rica, entre otros factores con los que han captado la atenci\u00f3n de m\u00e1s viajeros.<\/p>\n<p>Comparado con las ventas de 2016, el a\u00f1o pasado la ciudad de Monterrey repunt\u00f3 37 por ciento, siendo el destino que logr\u00f3 el mayor crecimiento para PriceTravel. Le siguen Guadalajara, M\u00e9rida y Tijuana, con incrementos de 36, 26 y 25 por ciento.<\/p>\n<p>Detr\u00e1s de estos destinos se colocan los de sol y playa, en donde Ixtapa-Zihuatanejo, Acapulco, Canc\u00fan, Huatulco y Los Cabos que en promedio obtuvieron crecimientos de alrededor de 22 por ciento durante el 2017, comparado con el a\u00f1o pasado.<\/p>\n<p>Otros destinos que mostraron un crecimiento considerable en ventas fueron Chiapas, Chihuahua, y la Huasteca Potosina. En general, PriceTravel Holding report\u00f3 un aumento en ventas de 34 por ciento, al cierre de 2017.<\/p>\n","protected":false},"excerpt":{"rendered":"<p>La agencia de viajes en l\u00ednea y mayorista, PriceTravel Holding, inform\u00f3 que las grandes urbes y ciudades coloniales mexicanas registraron un crecimiento en reservas durante 2017, lo que demuestra que las tendencias de los viajeros de hoy en d\u00eda buscan el diferenciador en los destinos tradicionales. La OTA se\u00f1al\u00f3 que aunque los destinos de sol [&hellip;]<\/p>\n","protected":false},"author":5,"featured_media":17368,"comment_status":"open","ping_status":"open","sticky":false,"template":"","format":"standard","meta":{"footnotes":""},"categories":[3],"tags":[8036,8037,4790],"yoast_head":"<!-- This site is optimized with the Yoast SEO plugin v22.2 - https:\/\/yoast.com\/wordpress\/plugins\/seo\/ -->\n<title>Aumenta demanda de viajeros a destinos urbanos y coloniales: PriceTravel - Nitu - Noticias de la Industria Turistica<\/title>\n<meta name=\"description\" content=\"PriceTravel Holding, inform\u00f3 que las grandes urbes y ciudades coloniales mexicanas registraron un crecimiento en reservas durante 2017.\" \/>\n<meta name=\"robots\" content=\"index, follow, max-snippet:-1, max-image-preview:large, max-video-preview:-1\" \/>\n<link rel=\"canonical\" href=\"https:\/\/nitu.mx\/index.php\/2018\/02\/09\/aumenta-demanda-de-viajeros-a-destinos-urbanos-y-coloniales-pricetravel\/\" \/>\n<meta name=\"twitter:card\" content=\"summary_large_image\" \/>\n<meta name=\"twitter:title\" content=\"Aumenta demanda de viajeros a destinos urbanos y coloniales: PriceTravel - Nitu - Noticias de la Industria Turistica\" \/>\n<meta name=\"twitter:description\" content=\"PriceTravel Holding, inform\u00f3 que las grandes urbes y ciudades coloniales mexicanas registraron un crecimiento en reservas durante 2017.\" \/>\n<meta name=\"twitter:image\" content=\"https:\/\/nitu.mx\/wp-content\/uploads\/2018\/02\/guadalajara-price-travel.jpg\" \/>\n<meta name=\"twitter:creator\" content=\"@NITUmx\" \/>\n<meta name=\"twitter:site\" content=\"@Arturo_Medina_G\" \/>\n<meta name=\"twitter:label1\" content=\"Escrito por\" \/>\n\t<meta name=\"twitter:data1\" content=\"Mari Soto\" \/>\n\t<meta name=\"twitter:label2\" content=\"Tiempo de lectura\" \/>\n\t<meta name=\"twitter:data2\" content=\"1 minuto\" \/>\n<script type=\"application\/ld+json\" class=\"yoast-schema-graph\">{\"@context\":\"https:\/\/schema.org\",\"@graph\":[{\"@type\":\"Article\",\"@id\":\"https:\/\/nitu.mx\/index.php\/2018\/02\/09\/aumenta-demanda-de-viajeros-a-destinos-urbanos-y-coloniales-pricetravel\/#article\",\"isPartOf\":{\"@id\":\"https:\/\/nitu.mx\/index.php\/2018\/02\/09\/aumenta-demanda-de-viajeros-a-destinos-urbanos-y-coloniales-pricetravel\/\"},\"author\":{\"name\":\"Mari Soto\",\"@id\":\"https:\/\/nitu.mx\/#\/schema\/person\/afc52e313e27e660739556d421d3d6b4\"},\"headline\":\"Aumenta demanda de viajeros a destinos urbanos y coloniales: PriceTravel\",\"datePublished\":\"2018-02-09T05:49:40+00:00\",\"dateModified\":\"2018-02-09T06:28:05+00:00\",\"mainEntityOfPage\":{\"@id\":\"https:\/\/nitu.mx\/index.php\/2018\/02\/09\/aumenta-demanda-de-viajeros-a-destinos-urbanos-y-coloniales-pricetravel\/\"},\"wordCount\":216,\"commentCount\":0,\"publisher\":{\"@id\":\"https:\/\/nitu.mx\/#\/schema\/person\/ae7a53426417292d3dd07b45a33e01bc\"},\"image\":{\"@id\":\"https:\/\/nitu.mx\/index.php\/2018\/02\/09\/aumenta-demanda-de-viajeros-a-destinos-urbanos-y-coloniales-pricetravel\/#primaryimage\"},\"thumbnailUrl\":\"https:\/\/nitu.mx\/wp-content\/uploads\/2018\/02\/guadalajara-price-travel.jpg\",\"keywords\":[\"ciudades coloniales\",\"destinos urbanos\",\"PriceTravel\"],\"articleSection\":[\"Agencias de Viajes\"],\"inLanguage\":\"es-MX\",\"potentialAction\":[{\"@type\":\"CommentAction\",\"name\":\"Comment\",\"target\":[\"https:\/\/nitu.mx\/index.php\/2018\/02\/09\/aumenta-demanda-de-viajeros-a-destinos-urbanos-y-coloniales-pricetravel\/#respond\"]}]},{\"@type\":\"WebPage\",\"@id\":\"https:\/\/nitu.mx\/index.php\/2018\/02\/09\/aumenta-demanda-de-viajeros-a-destinos-urbanos-y-coloniales-pricetravel\/\",\"url\":\"https:\/\/nitu.mx\/index.php\/2018\/02\/09\/aumenta-demanda-de-viajeros-a-destinos-urbanos-y-coloniales-pricetravel\/\",\"name\":\"Aumenta demanda de viajeros a destinos urbanos y coloniales: PriceTravel - Nitu - Noticias de la Industria Turistica\",\"isPartOf\":{\"@id\":\"https:\/\/nitu.mx\/#website\"},\"primaryImageOfPage\":{\"@id\":\"https:\/\/nitu.mx\/index.php\/2018\/02\/09\/aumenta-demanda-de-viajeros-a-destinos-urbanos-y-coloniales-pricetravel\/#primaryimage\"},\"image\":{\"@id\":\"https:\/\/nitu.mx\/index.php\/2018\/02\/09\/aumenta-demanda-de-viajeros-a-destinos-urbanos-y-coloniales-pricetravel\/#primaryimage\"},\"thumbnailUrl\":\"https:\/\/nitu.mx\/wp-content\/uploads\/2018\/02\/guadalajara-price-travel.jpg\",\"datePublished\":\"2018-02-09T05:49:40+00:00\",\"dateModified\":\"2018-02-09T06:28:05+00:00\",\"description\":\"PriceTravel Holding, inform\u00f3 que las grandes urbes y ciudades coloniales mexicanas registraron un crecimiento en reservas durante 2017.\",\"breadcrumb\":{\"@id\":\"https:\/\/nitu.mx\/index.php\/2018\/02\/09\/aumenta-demanda-de-viajeros-a-destinos-urbanos-y-coloniales-pricetravel\/#breadcrumb\"},\"inLanguage\":\"es-MX\",\"potentialAction\":[{\"@type\":\"ReadAction\",\"target\":[\"https:\/\/nitu.mx\/index.php\/2018\/02\/09\/aumenta-demanda-de-viajeros-a-destinos-urbanos-y-coloniales-pricetravel\/\"]}]},{\"@type\":\"ImageObject\",\"inLanguage\":\"es-MX\",\"@id\":\"https:\/\/nitu.mx\/index.php\/2018\/02\/09\/aumenta-demanda-de-viajeros-a-destinos-urbanos-y-coloniales-pricetravel\/#primaryimage\",\"url\":\"https:\/\/nitu.mx\/wp-content\/uploads\/2018\/02\/guadalajara-price-travel.jpg\",\"contentUrl\":\"https:\/\/nitu.mx\/wp-content\/uploads\/2018\/02\/guadalajara-price-travel.jpg\",\"width\":850,\"height\":480,\"caption\":\"guadalajara pricetravel\"},{\"@type\":\"BreadcrumbList\",\"@id\":\"https:\/\/nitu.mx\/index.php\/2018\/02\/09\/aumenta-demanda-de-viajeros-a-destinos-urbanos-y-coloniales-pricetravel\/#breadcrumb\",\"itemListElement\":[{\"@type\":\"ListItem\",\"position\":1,\"name\":\"Inicio\",\"item\":\"https:\/\/nitu.mx\/\"},{\"@type\":\"ListItem\",\"position\":2,\"name\":\"Aumenta demanda de viajeros a destinos urbanos y coloniales: PriceTravel\"}]},{\"@type\":\"WebSite\",\"@id\":\"https:\/\/nitu.mx\/#website\",\"url\":\"https:\/\/nitu.mx\/\",\"name\":\"Nitu - Noticias de la Industria Turistica\",\"description\":\"Noticias de la Industria Turistica\",\"publisher\":{\"@id\":\"https:\/\/nitu.mx\/#\/schema\/person\/ae7a53426417292d3dd07b45a33e01bc\"},\"alternateName\":\"Noticias de la Industria Turistica\",\"potentialAction\":[{\"@type\":\"SearchAction\",\"target\":{\"@type\":\"EntryPoint\",\"urlTemplate\":\"https:\/\/nitu.mx\/?s={search_term_string}\"},\"query-input\":\"required name=search_term_string\"}],\"inLanguage\":\"es-MX\"},{\"@type\":[\"Person\",\"Organization\"],\"@id\":\"https:\/\/nitu.mx\/#\/schema\/person\/ae7a53426417292d3dd07b45a33e01bc\",\"name\":\"Arturo Medina\",\"image\":{\"@type\":\"ImageObject\",\"inLanguage\":\"es-MX\",\"@id\":\"https:\/\/nitu.mx\/#\/schema\/person\/image\/\",\"url\":\"https:\/\/nitu.mx\/wp-content\/uploads\/2024\/04\/4A315622-1904-4D5C-B022-878CDC840E04-90x90-1.jpeg\",\"contentUrl\":\"https:\/\/nitu.mx\/wp-content\/uploads\/2024\/04\/4A315622-1904-4D5C-B022-878CDC840E04-90x90-1.jpeg\",\"width\":90,\"height\":90,\"caption\":\"Arturo Medina\"},\"logo\":{\"@id\":\"https:\/\/nitu.mx\/#\/schema\/person\/image\/\"},\"description\":\"Director NITU.mx, Egresado de la Escuela de Periodismo Carlos Septi\u00e9n Garc\u00eda. Periodista y analista especializado en turismo desde hace 35 a\u00f1os, radicado en Canc\u00fan Q.Roo. arturo@nitu.mx\",\"sameAs\":[\"https:\/\/nitu.mx\",\"https:\/\/www.facebook.com\/NITUmx\/\",\"medinacancun\",\"https:\/\/twitter.com\/@Arturo_Medina_G\"]},{\"@type\":\"Person\",\"@id\":\"https:\/\/nitu.mx\/#\/schema\/person\/afc52e313e27e660739556d421d3d6b4\",\"name\":\"Mari Soto\",\"image\":{\"@type\":\"ImageObject\",\"inLanguage\":\"es-MX\",\"@id\":\"https:\/\/nitu.mx\/#\/schema\/person\/image\/\",\"url\":\"https:\/\/secure.gravatar.com\/avatar\/2619c282a180a20d89fcaea82a6736e2?s=96&d=mm&r=g\",\"contentUrl\":\"https:\/\/secure.gravatar.com\/avatar\/2619c282a180a20d89fcaea82a6736e2?s=96&d=mm&r=g\",\"caption\":\"Mari Soto\"},\"sameAs\":[\"https:\/\/nitu.mx\"],\"url\":\"https:\/\/nitu.mx\/index.php\/author\/guadalupe\/\"}]}<\/script>\n<!-- \/ Yoast SEO plugin. -->","yoast_head_json":{"title":"Aumenta demanda de viajeros a destinos urbanos y coloniales: PriceTravel - Nitu - Noticias de la Industria Turistica","description":"PriceTravel Holding, inform\u00f3 que las grandes urbes y ciudades coloniales mexicanas registraron un crecimiento en reservas durante 2017.","robots":{"index":"index","follow":"follow","max-snippet":"max-snippet:-1","max-image-preview":"max-image-preview:large","max-video-preview":"max-video-preview:-1"},"canonical":"https:\/\/nitu.mx\/index.php\/2018\/02\/09\/aumenta-demanda-de-viajeros-a-destinos-urbanos-y-coloniales-pricetravel\/","twitter_card":"summary_large_image","twitter_title":"Aumenta demanda de viajeros a destinos urbanos y coloniales: PriceTravel - Nitu - Noticias de la Industria Turistica","twitter_description":"PriceTravel Holding, inform\u00f3 que las grandes urbes y ciudades coloniales mexicanas registraron un crecimiento en reservas durante 2017.","twitter_image":"https:\/\/nitu.mx\/wp-content\/uploads\/2018\/02\/guadalajara-price-travel.jpg","twitter_creator":"@NITUmx","twitter_site":"@Arturo_Medina_G","twitter_misc":{"Escrito por":"Mari Soto","Tiempo de lectura":"1 minuto"},"schema":{"@context":"https:\/\/schema.org","@graph":[{"@type":"Article","@id":"https:\/\/nitu.mx\/index.php\/2018\/02\/09\/aumenta-demanda-de-viajeros-a-destinos-urbanos-y-coloniales-pricetravel\/#article","isPartOf":{"@id":"https:\/\/nitu.mx\/index.php\/2018\/02\/09\/aumenta-demanda-de-viajeros-a-destinos-urbanos-y-coloniales-pricetravel\/"},"author":{"name":"Mari Soto","@id":"https:\/\/nitu.mx\/#\/schema\/person\/afc52e313e27e660739556d421d3d6b4"},"headline":"Aumenta demanda de viajeros a destinos urbanos y coloniales: PriceTravel","datePublished":"2018-02-09T05:49:40+00:00","dateModified":"2018-02-09T06:28:05+00:00","mainEntityOfPage":{"@id":"https:\/\/nitu.mx\/index.php\/2018\/02\/09\/aumenta-demanda-de-viajeros-a-destinos-urbanos-y-coloniales-pricetravel\/"},"wordCount":216,"commentCount":0,"publisher":{"@id":"https:\/\/nitu.mx\/#\/schema\/person\/ae7a53426417292d3dd07b45a33e01bc"},"image":{"@id":"https:\/\/nitu.mx\/index.php\/2018\/02\/09\/aumenta-demanda-de-viajeros-a-destinos-urbanos-y-coloniales-pricetravel\/#primaryimage"},"thumbnailUrl":"https:\/\/nitu.mx\/wp-content\/uploads\/2018\/02\/guadalajara-price-travel.jpg","keywords":["ciudades coloniales","destinos urbanos","PriceTravel"],"articleSection":["Agencias de Viajes"],"inLanguage":"es-MX","potentialAction":[{"@type":"CommentAction","name":"Comment","target":["https:\/\/nitu.mx\/index.php\/2018\/02\/09\/aumenta-demanda-de-viajeros-a-destinos-urbanos-y-coloniales-pricetravel\/#respond"]}]},{"@type":"WebPage","@id":"https:\/\/nitu.mx\/index.php\/2018\/02\/09\/aumenta-demanda-de-viajeros-a-destinos-urbanos-y-coloniales-pricetravel\/","url":"https:\/\/nitu.mx\/index.php\/2018\/02\/09\/aumenta-demanda-de-viajeros-a-destinos-urbanos-y-coloniales-pricetravel\/","name":"Aumenta demanda de viajeros a destinos urbanos y coloniales: PriceTravel - Nitu - Noticias de la Industria Turistica","isPartOf":{"@id":"https:\/\/nitu.mx\/#website"},"primaryImageOfPage":{"@id":"https:\/\/nitu.mx\/index.php\/2018\/02\/09\/aumenta-demanda-de-viajeros-a-destinos-urbanos-y-coloniales-pricetravel\/#primaryimage"},"image":{"@id":"https:\/\/nitu.mx\/index.php\/2018\/02\/09\/aumenta-demanda-de-viajeros-a-destinos-urbanos-y-coloniales-pricetravel\/#primaryimage"},"thumbnailUrl":"https:\/\/nitu.mx\/wp-content\/uploads\/2018\/02\/guadalajara-price-travel.jpg","datePublished":"2018-02-09T05:49:40+00:00","dateModified":"2018-02-09T06:28:05+00:00","description":"PriceTravel Holding, inform\u00f3 que las grandes urbes y ciudades coloniales mexicanas registraron un crecimiento en reservas durante 2017.","breadcrumb":{"@id":"https:\/\/nitu.mx\/index.php\/2018\/02\/09\/aumenta-demanda-de-viajeros-a-destinos-urbanos-y-coloniales-pricetravel\/#breadcrumb"},"inLanguage":"es-MX","potentialAction":[{"@type":"ReadAction","target":["https:\/\/nitu.mx\/index.php\/2018\/02\/09\/aumenta-demanda-de-viajeros-a-destinos-urbanos-y-coloniales-pricetravel\/"]}]},{"@type":"ImageObject","inLanguage":"es-MX","@id":"https:\/\/nitu.mx\/index.php\/2018\/02\/09\/aumenta-demanda-de-viajeros-a-destinos-urbanos-y-coloniales-pricetravel\/#primaryimage","url":"https:\/\/nitu.mx\/wp-content\/uploads\/2018\/02\/guadalajara-price-travel.jpg","contentUrl":"https:\/\/nitu.mx\/wp-content\/uploads\/2018\/02\/guadalajara-price-travel.jpg","width":850,"height":480,"caption":"guadalajara pricetravel"},{"@type":"BreadcrumbList","@id":"https:\/\/nitu.mx\/index.php\/2018\/02\/09\/aumenta-demanda-de-viajeros-a-destinos-urbanos-y-coloniales-pricetravel\/#breadcrumb","itemListElement":[{"@type":"ListItem","position":1,"name":"Inicio","item":"https:\/\/nitu.mx\/"},{"@type":"ListItem","position":2,"name":"Aumenta demanda de viajeros a destinos urbanos y coloniales: PriceTravel"}]},{"@type":"WebSite","@id":"https:\/\/nitu.mx\/#website","url":"https:\/\/nitu.mx\/","name":"Nitu - Noticias de la Industria Turistica","description":"Noticias de la Industria Turistica","publisher":{"@id":"https:\/\/nitu.mx\/#\/schema\/person\/ae7a53426417292d3dd07b45a33e01bc"},"alternateName":"Noticias de la Industria Turistica","potentialAction":[{"@type":"SearchAction","target":{"@type":"EntryPoint","urlTemplate":"https:\/\/nitu.mx\/?s={search_term_string}"},"query-input":"required name=search_term_string"}],"inLanguage":"es-MX"},{"@type":["Person","Organization"],"@id":"https:\/\/nitu.mx\/#\/schema\/person\/ae7a53426417292d3dd07b45a33e01bc","name":"Arturo Medina","image":{"@type":"ImageObject","inLanguage":"es-MX","@id":"https:\/\/nitu.mx\/#\/schema\/person\/image\/","url":"https:\/\/nitu.mx\/wp-content\/uploads\/2024\/04\/4A315622-1904-4D5C-B022-878CDC840E04-90x90-1.jpeg","contentUrl":"https:\/\/nitu.mx\/wp-content\/uploads\/2024\/04\/4A315622-1904-4D5C-B022-878CDC840E04-90x90-1.jpeg","width":90,"height":90,"caption":"Arturo Medina"},"logo":{"@id":"https:\/\/nitu.mx\/#\/schema\/person\/image\/"},"description":"Director NITU.mx, Egresado de la Escuela de Periodismo Carlos Septi\u00e9n Garc\u00eda. Periodista y analista especializado en turismo desde hace 35 a\u00f1os, radicado en Canc\u00fan Q.Roo. arturo@nitu.mx","sameAs":["https:\/\/nitu.mx","https:\/\/www.facebook.com\/NITUmx\/","medinacancun","https:\/\/twitter.com\/@Arturo_Medina_G"]},{"@type":"Person","@id":"https:\/\/nitu.mx\/#\/schema\/person\/afc52e313e27e660739556d421d3d6b4","name":"Mari Soto","image":{"@type":"ImageObject","inLanguage":"es-MX","@id":"https:\/\/nitu.mx\/#\/schema\/person\/image\/","url":"https:\/\/secure.gravatar.com\/avatar\/2619c282a180a20d89fcaea82a6736e2?s=96&d=mm&r=g","contentUrl":"https:\/\/secure.gravatar.com\/avatar\/2619c282a180a20d89fcaea82a6736e2?s=96&d=mm&r=g","caption":"Mari Soto"},"sameAs":["https:\/\/nitu.mx"],"url":"https:\/\/nitu.mx\/index.php\/author\/guadalupe\/"}]}},"views":212,"_links":{"self":[{"href":"https:\/\/nitu.mx\/index.php\/wp-json\/wp\/v2\/posts\/17364"}],"collection":[{"href":"https:\/\/nitu.mx\/index.php\/wp-json\/wp\/v2\/posts"}],"about":[{"href":"https:\/\/nitu.mx\/index.php\/wp-json\/wp\/v2\/types\/post"}],"author":[{"embeddable":true,"href":"https:\/\/nitu.mx\/index.php\/wp-json\/wp\/v2\/users\/5"}],"replies":[{"embeddable":true,"href":"https:\/\/nitu.mx\/index.php\/wp-json\/wp\/v2\/comments?post=17364"}],"version-history":[{"count":1,"href":"https:\/\/nitu.mx\/index.php\/wp-json\/wp\/v2\/posts\/17364\/revisions"}],"predecessor-version":[{"id":17365,"href":"https:\/\/nitu.mx\/index.php\/wp-json\/wp\/v2\/posts\/17364\/revisions\/17365"}],"wp:featuredmedia":[{"embeddable":true,"href":"https:\/\/nitu.mx\/index.php\/wp-json\/wp\/v2\/media\/17368"}],"wp:attachment":[{"href":"https:\/\/nitu.mx\/index.php\/wp-json\/wp\/v2\/media?parent=17364"}],"wp:term":[{"taxonomy":"category","embeddable":true,"href":"https:\/\/nitu.mx\/index.php\/wp-json\/wp\/v2\/categories?post=17364"},{"taxonomy":"post_tag","embeddable":true,"href":"https:\/\/nitu.mx\/index.php\/wp-json\/wp\/v2\/tags?post=17364"}],"curies":[{"name":"wp","href":"https:\/\/api.w.org\/{rel}","templated":true}]}}