{"id":17269,"date":"2018-02-07T01:17:12","date_gmt":"2018-02-07T06:17:12","guid":{"rendered":"http:\/\/www.dev.nitu.mx\/?p=17269"},"modified":"2018-02-07T01:28:17","modified_gmt":"2018-02-07T06:28:17","slug":"reencarpetamiento-del-blvd-kukulcan-cancun-este-primer-semestre","status":"publish","type":"post","link":"https:\/\/nitu.mx\/index.php\/2018\/02\/07\/reencarpetamiento-del-blvd-kukulcan-cancun-este-primer-semestre\/","title":{"rendered":"Reencarpetamiento del Blvd. Kukulcan de Canc\u00fan en este primer semestre"},"content":{"rendered":"<p>Miguel Alonso Reyes director general del Fondo Nacional de Fomento al Turismo (Fonatur), se\u00f1al\u00f3 a <em><strong>NITU.mx<\/strong><\/em>, que las obras de reencarpetamiento de la principal v\u00eda de acceso a su zona tur\u00edstica el boulevard Kukulcan es una obra prioritaria para este 2018 e iniciar\u00e1 en el primer semestre.<\/p>\n<p>Apunt\u00f3 que se tiene conciencia de la necesidad destac\u00f3 que la obra es un requerimiento de la comunidad y el sector tur\u00edstico.<br \/>\nEl boulevard kukulcan consta de 24 kil\u00f3metros de extensi\u00f3n en su primera y segunda fase que son las m\u00e1s transitadas, consta de cuatro carriles dos de entrada y dos de salida, que unen a la ciudad con la zona hotelera de Canc\u00fan en un extremos y en otro a la carretera Canc\u00fan Tulum.<\/p>\n<p>El funcionario dijo que Fonatur sabe que es una de las obras prioritarias en la zona, y que se estudia programar en este primer semestre, adem\u00e1s de buscar los horarios adecuados.<\/p>\n<p>Por su parte, Juan Carlos Gonz\u00e1lez Hern\u00e1ndez, delegado del Fondo Nacional de Fomento al Turismo (Fonatur), dijo que el presupuesto para este 2018 es de m\u00e1s de 170 millones de pesos, refiri\u00f3 que los trabajos se har\u00e1n por tramos, pues no se planea un reencarpetamiento total. Aunque no pudo definir el presupuesto exacto apunt\u00f3 que se trata de decena de millones de pesos, para esta obra.<\/p>\n<p>Respecto a los horarios de los trabajos y las quejas de que las obras se realizan cuando hay importante afluencia de turistas, se\u00f1al\u00f3 que cada vez hay menos temporadas bajas en Canc\u00fan (lo que es positivo), \u201cpero pasa que en ese tiempo hay lluvias, pero tratamos de encontrar el mejor periodo para llevar a cabo las obras\u201d refiri\u00f3.<\/p>\n<p>Por otra parte, Alonso Reyes remarc\u00f3 que el Fondo planea replicar las playas como Delfines y Langosta que se han hecho en Canc\u00fan y el parque del kil\u00f3metro Cero, en entidades como Huatulco y Los Cabos.<\/p>\n","protected":false},"excerpt":{"rendered":"<p>Miguel Alonso Reyes director general del Fondo Nacional de Fomento al Turismo (Fonatur), se\u00f1al\u00f3 a NITU.mx, que las obras de reencarpetamiento de la principal v\u00eda de acceso a su zona tur\u00edstica el boulevard Kukulcan es una obra prioritaria para este 2018 e iniciar\u00e1 en el primer semestre. Apunt\u00f3 que se tiene conciencia de la necesidad [&hellip;]<\/p>\n","protected":false},"author":3,"featured_media":17293,"comment_status":"open","ping_status":"open","sticky":false,"template":"","format":"standard","meta":{"footnotes":""},"categories":[5,12],"tags":[6118,889,7972,1961],"yoast_head":"<!-- This site is optimized with the Yoast SEO plugin v22.2 - https:\/\/yoast.com\/wordpress\/plugins\/seo\/ -->\n<title>Reencarpetamiento del Blvd. Kukulcan de Canc\u00fan en este primer semestre - Nitu - Noticias de la Industria Turistica<\/title>\n<meta name=\"robots\" content=\"index, follow, max-snippet:-1, max-image-preview:large, max-video-preview:-1\" \/>\n<link rel=\"canonical\" href=\"https:\/\/nitu.mx\/index.php\/2018\/02\/07\/reencarpetamiento-del-blvd-kukulcan-cancun-este-primer-semestre\/\" \/>\n<meta name=\"twitter:card\" content=\"summary_large_image\" \/>\n<meta name=\"twitter:title\" content=\"Reencarpetamiento del Blvd. Kukulcan de Canc\u00fan en este primer semestre - Nitu - Noticias de la Industria Turistica\" \/>\n<meta name=\"twitter:description\" content=\"Miguel Alonso Reyes director general del Fondo Nacional de Fomento al Turismo (Fonatur), se\u00f1al\u00f3 a NITU.mx, que las obras de reencarpetamiento de la principal v\u00eda de acceso a su zona tur\u00edstica el boulevard Kukulcan es una obra prioritaria para este 2018 e iniciar\u00e1 en el primer semestre. Apunt\u00f3 que se tiene conciencia de la necesidad [&hellip;]\" \/>\n<meta name=\"twitter:image\" content=\"https:\/\/nitu.mx\/wp-content\/uploads\/2018\/02\/kukulcan.jpg\" \/>\n<meta name=\"twitter:creator\" content=\"@NITUmx\" \/>\n<meta name=\"twitter:site\" content=\"@Arturo_Medina_G\" \/>\n<meta name=\"twitter:label1\" content=\"Escrito por\" \/>\n\t<meta name=\"twitter:data1\" content=\"Alejandra Moncisbays\" \/>\n\t<meta name=\"twitter:label2\" content=\"Tiempo de lectura\" \/>\n\t<meta name=\"twitter:data2\" content=\"2 minutos\" \/>\n<script type=\"application\/ld+json\" class=\"yoast-schema-graph\">{\"@context\":\"https:\/\/schema.org\",\"@graph\":[{\"@type\":\"Article\",\"@id\":\"https:\/\/nitu.mx\/index.php\/2018\/02\/07\/reencarpetamiento-del-blvd-kukulcan-cancun-este-primer-semestre\/#article\",\"isPartOf\":{\"@id\":\"https:\/\/nitu.mx\/index.php\/2018\/02\/07\/reencarpetamiento-del-blvd-kukulcan-cancun-este-primer-semestre\/\"},\"author\":{\"name\":\"Alejandra Moncisbays\",\"@id\":\"https:\/\/nitu.mx\/#\/schema\/person\/2ecd887b19dfd3382d1f14fc5acf24a8\"},\"headline\":\"Reencarpetamiento del Blvd. Kukulcan de Canc\u00fan en este primer semestre\",\"datePublished\":\"2018-02-07T06:17:12+00:00\",\"dateModified\":\"2018-02-07T06:28:17+00:00\",\"mainEntityOfPage\":{\"@id\":\"https:\/\/nitu.mx\/index.php\/2018\/02\/07\/reencarpetamiento-del-blvd-kukulcan-cancun-este-primer-semestre\/\"},\"wordCount\":339,\"commentCount\":0,\"publisher\":{\"@id\":\"https:\/\/nitu.mx\/#\/schema\/person\/ae7a53426417292d3dd07b45a33e01bc\"},\"image\":{\"@id\":\"https:\/\/nitu.mx\/index.php\/2018\/02\/07\/reencarpetamiento-del-blvd-kukulcan-cancun-este-primer-semestre\/#primaryimage\"},\"thumbnailUrl\":\"https:\/\/nitu.mx\/wp-content\/uploads\/2018\/02\/kukulcan.jpg\",\"keywords\":[\"boulevard Kukulc\u00e1n\",\"Fonatur\",\"Juan Carlos Gonz\u00e1lez Hern\u00e1ndez\",\"Miguel Alonso Reyes\"],\"articleSection\":[\"Destinos\",\"Marketing\"],\"inLanguage\":\"es-MX\",\"potentialAction\":[{\"@type\":\"CommentAction\",\"name\":\"Comment\",\"target\":[\"https:\/\/nitu.mx\/index.php\/2018\/02\/07\/reencarpetamiento-del-blvd-kukulcan-cancun-este-primer-semestre\/#respond\"]}]},{\"@type\":\"WebPage\",\"@id\":\"https:\/\/nitu.mx\/index.php\/2018\/02\/07\/reencarpetamiento-del-blvd-kukulcan-cancun-este-primer-semestre\/\",\"url\":\"https:\/\/nitu.mx\/index.php\/2018\/02\/07\/reencarpetamiento-del-blvd-kukulcan-cancun-este-primer-semestre\/\",\"name\":\"Reencarpetamiento del Blvd. Kukulcan de Canc\u00fan en este primer semestre - Nitu - Noticias de la Industria Turistica\",\"isPartOf\":{\"@id\":\"https:\/\/nitu.mx\/#website\"},\"primaryImageOfPage\":{\"@id\":\"https:\/\/nitu.mx\/index.php\/2018\/02\/07\/reencarpetamiento-del-blvd-kukulcan-cancun-este-primer-semestre\/#primaryimage\"},\"image\":{\"@id\":\"https:\/\/nitu.mx\/index.php\/2018\/02\/07\/reencarpetamiento-del-blvd-kukulcan-cancun-este-primer-semestre\/#primaryimage\"},\"thumbnailUrl\":\"https:\/\/nitu.mx\/wp-content\/uploads\/2018\/02\/kukulcan.jpg\",\"datePublished\":\"2018-02-07T06:17:12+00:00\",\"dateModified\":\"2018-02-07T06:28:17+00:00\",\"breadcrumb\":{\"@id\":\"https:\/\/nitu.mx\/index.php\/2018\/02\/07\/reencarpetamiento-del-blvd-kukulcan-cancun-este-primer-semestre\/#breadcrumb\"},\"inLanguage\":\"es-MX\",\"potentialAction\":[{\"@type\":\"ReadAction\",\"target\":[\"https:\/\/nitu.mx\/index.php\/2018\/02\/07\/reencarpetamiento-del-blvd-kukulcan-cancun-este-primer-semestre\/\"]}]},{\"@type\":\"ImageObject\",\"inLanguage\":\"es-MX\",\"@id\":\"https:\/\/nitu.mx\/index.php\/2018\/02\/07\/reencarpetamiento-del-blvd-kukulcan-cancun-este-primer-semestre\/#primaryimage\",\"url\":\"https:\/\/nitu.mx\/wp-content\/uploads\/2018\/02\/kukulcan.jpg\",\"contentUrl\":\"https:\/\/nitu.mx\/wp-content\/uploads\/2018\/02\/kukulcan.jpg\",\"width\":850,\"height\":480,\"caption\":\"kukulcan\"},{\"@type\":\"BreadcrumbList\",\"@id\":\"https:\/\/nitu.mx\/index.php\/2018\/02\/07\/reencarpetamiento-del-blvd-kukulcan-cancun-este-primer-semestre\/#breadcrumb\",\"itemListElement\":[{\"@type\":\"ListItem\",\"position\":1,\"name\":\"Inicio\",\"item\":\"https:\/\/nitu.mx\/\"},{\"@type\":\"ListItem\",\"position\":2,\"name\":\"Reencarpetamiento del Blvd. Kukulcan de Canc\u00fan en este primer semestre\"}]},{\"@type\":\"WebSite\",\"@id\":\"https:\/\/nitu.mx\/#website\",\"url\":\"https:\/\/nitu.mx\/\",\"name\":\"Nitu - Noticias de la Industria Turistica\",\"description\":\"Noticias de la Industria Turistica\",\"publisher\":{\"@id\":\"https:\/\/nitu.mx\/#\/schema\/person\/ae7a53426417292d3dd07b45a33e01bc\"},\"alternateName\":\"Noticias de la Industria Turistica\",\"potentialAction\":[{\"@type\":\"SearchAction\",\"target\":{\"@type\":\"EntryPoint\",\"urlTemplate\":\"https:\/\/nitu.mx\/?s={search_term_string}\"},\"query-input\":\"required name=search_term_string\"}],\"inLanguage\":\"es-MX\"},{\"@type\":[\"Person\",\"Organization\"],\"@id\":\"https:\/\/nitu.mx\/#\/schema\/person\/ae7a53426417292d3dd07b45a33e01bc\",\"name\":\"Arturo Medina\",\"image\":{\"@type\":\"ImageObject\",\"inLanguage\":\"es-MX\",\"@id\":\"https:\/\/nitu.mx\/#\/schema\/person\/image\/\",\"url\":\"https:\/\/nitu.mx\/wp-content\/uploads\/2024\/04\/4A315622-1904-4D5C-B022-878CDC840E04-90x90-1.jpeg\",\"contentUrl\":\"https:\/\/nitu.mx\/wp-content\/uploads\/2024\/04\/4A315622-1904-4D5C-B022-878CDC840E04-90x90-1.jpeg\",\"width\":90,\"height\":90,\"caption\":\"Arturo Medina\"},\"logo\":{\"@id\":\"https:\/\/nitu.mx\/#\/schema\/person\/image\/\"},\"description\":\"Director NITU.mx, Egresado de la Escuela de Periodismo Carlos Septi\u00e9n Garc\u00eda. Periodista y analista especializado en turismo desde hace 35 a\u00f1os, radicado en Canc\u00fan Q.Roo. arturo@nitu.mx\",\"sameAs\":[\"https:\/\/nitu.mx\",\"https:\/\/www.facebook.com\/NITUmx\/\",\"medinacancun\",\"https:\/\/twitter.com\/@Arturo_Medina_G\"]},{\"@type\":\"Person\",\"@id\":\"https:\/\/nitu.mx\/#\/schema\/person\/2ecd887b19dfd3382d1f14fc5acf24a8\",\"name\":\"Alejandra Moncisbays\",\"image\":{\"@type\":\"ImageObject\",\"inLanguage\":\"es-MX\",\"@id\":\"https:\/\/nitu.mx\/#\/schema\/person\/image\/\",\"url\":\"https:\/\/secure.gravatar.com\/avatar\/e74f7af0be172b7804dacfd0bfbef787?s=96&d=mm&r=g\",\"contentUrl\":\"https:\/\/secure.gravatar.com\/avatar\/e74f7af0be172b7804dacfd0bfbef787?s=96&d=mm&r=g\",\"caption\":\"Alejandra Moncisbays\"},\"description\":\"Curs\u00e9 la carrera de Periodismo y Comunicaci\u00f3n en la Facultad de Estudios Profesionales Acatl\u00e1n. Vivo en Canc\u00fan desde hace 24 a\u00f1os. Fui reportera de La Tarde de Canc\u00fan, y Novedades de Quintana Roo, colabor\u00e9 en TVCUN, edit\u00e9 Cancun\u00edssimo y colabor\u00e9 en las revistas Latitud21, entre otras, con principal enfoque en los sectores empresarial y tur\u00edstico. Desde hace varios a\u00f1os soy Agente de Seguros con c\u00e9dula de la Comisi\u00f3n Nacional de Seguros y Fianzas. Actualmente, me desarrollo en los \u00e1mbitos del periodismo y el sector asegurador.\",\"sameAs\":[\"https:\/\/nitu.mx\"],\"url\":\"https:\/\/nitu.mx\/index.php\/author\/alejandra\/\"}]}<\/script>\n<!-- \/ Yoast SEO plugin. -->","yoast_head_json":{"title":"Reencarpetamiento del Blvd. Kukulcan de Canc\u00fan en este primer semestre - Nitu - Noticias de la Industria Turistica","robots":{"index":"index","follow":"follow","max-snippet":"max-snippet:-1","max-image-preview":"max-image-preview:large","max-video-preview":"max-video-preview:-1"},"canonical":"https:\/\/nitu.mx\/index.php\/2018\/02\/07\/reencarpetamiento-del-blvd-kukulcan-cancun-este-primer-semestre\/","twitter_card":"summary_large_image","twitter_title":"Reencarpetamiento del Blvd. Kukulcan de Canc\u00fan en este primer semestre - Nitu - Noticias de la Industria Turistica","twitter_description":"Miguel Alonso Reyes director general del Fondo Nacional de Fomento al Turismo (Fonatur), se\u00f1al\u00f3 a NITU.mx, que las obras de reencarpetamiento de la principal v\u00eda de acceso a su zona tur\u00edstica el boulevard Kukulcan es una obra prioritaria para este 2018 e iniciar\u00e1 en el primer semestre. Apunt\u00f3 que se tiene conciencia de la necesidad [&hellip;]","twitter_image":"https:\/\/nitu.mx\/wp-content\/uploads\/2018\/02\/kukulcan.jpg","twitter_creator":"@NITUmx","twitter_site":"@Arturo_Medina_G","twitter_misc":{"Escrito por":"Alejandra Moncisbays","Tiempo de lectura":"2 minutos"},"schema":{"@context":"https:\/\/schema.org","@graph":[{"@type":"Article","@id":"https:\/\/nitu.mx\/index.php\/2018\/02\/07\/reencarpetamiento-del-blvd-kukulcan-cancun-este-primer-semestre\/#article","isPartOf":{"@id":"https:\/\/nitu.mx\/index.php\/2018\/02\/07\/reencarpetamiento-del-blvd-kukulcan-cancun-este-primer-semestre\/"},"author":{"name":"Alejandra Moncisbays","@id":"https:\/\/nitu.mx\/#\/schema\/person\/2ecd887b19dfd3382d1f14fc5acf24a8"},"headline":"Reencarpetamiento del Blvd. Kukulcan de Canc\u00fan en este primer semestre","datePublished":"2018-02-07T06:17:12+00:00","dateModified":"2018-02-07T06:28:17+00:00","mainEntityOfPage":{"@id":"https:\/\/nitu.mx\/index.php\/2018\/02\/07\/reencarpetamiento-del-blvd-kukulcan-cancun-este-primer-semestre\/"},"wordCount":339,"commentCount":0,"publisher":{"@id":"https:\/\/nitu.mx\/#\/schema\/person\/ae7a53426417292d3dd07b45a33e01bc"},"image":{"@id":"https:\/\/nitu.mx\/index.php\/2018\/02\/07\/reencarpetamiento-del-blvd-kukulcan-cancun-este-primer-semestre\/#primaryimage"},"thumbnailUrl":"https:\/\/nitu.mx\/wp-content\/uploads\/2018\/02\/kukulcan.jpg","keywords":["boulevard Kukulc\u00e1n","Fonatur","Juan Carlos Gonz\u00e1lez Hern\u00e1ndez","Miguel Alonso Reyes"],"articleSection":["Destinos","Marketing"],"inLanguage":"es-MX","potentialAction":[{"@type":"CommentAction","name":"Comment","target":["https:\/\/nitu.mx\/index.php\/2018\/02\/07\/reencarpetamiento-del-blvd-kukulcan-cancun-este-primer-semestre\/#respond"]}]},{"@type":"WebPage","@id":"https:\/\/nitu.mx\/index.php\/2018\/02\/07\/reencarpetamiento-del-blvd-kukulcan-cancun-este-primer-semestre\/","url":"https:\/\/nitu.mx\/index.php\/2018\/02\/07\/reencarpetamiento-del-blvd-kukulcan-cancun-este-primer-semestre\/","name":"Reencarpetamiento del Blvd. Kukulcan de Canc\u00fan en este primer semestre - Nitu - Noticias de la Industria Turistica","isPartOf":{"@id":"https:\/\/nitu.mx\/#website"},"primaryImageOfPage":{"@id":"https:\/\/nitu.mx\/index.php\/2018\/02\/07\/reencarpetamiento-del-blvd-kukulcan-cancun-este-primer-semestre\/#primaryimage"},"image":{"@id":"https:\/\/nitu.mx\/index.php\/2018\/02\/07\/reencarpetamiento-del-blvd-kukulcan-cancun-este-primer-semestre\/#primaryimage"},"thumbnailUrl":"https:\/\/nitu.mx\/wp-content\/uploads\/2018\/02\/kukulcan.jpg","datePublished":"2018-02-07T06:17:12+00:00","dateModified":"2018-02-07T06:28:17+00:00","breadcrumb":{"@id":"https:\/\/nitu.mx\/index.php\/2018\/02\/07\/reencarpetamiento-del-blvd-kukulcan-cancun-este-primer-semestre\/#breadcrumb"},"inLanguage":"es-MX","potentialAction":[{"@type":"ReadAction","target":["https:\/\/nitu.mx\/index.php\/2018\/02\/07\/reencarpetamiento-del-blvd-kukulcan-cancun-este-primer-semestre\/"]}]},{"@type":"ImageObject","inLanguage":"es-MX","@id":"https:\/\/nitu.mx\/index.php\/2018\/02\/07\/reencarpetamiento-del-blvd-kukulcan-cancun-este-primer-semestre\/#primaryimage","url":"https:\/\/nitu.mx\/wp-content\/uploads\/2018\/02\/kukulcan.jpg","contentUrl":"https:\/\/nitu.mx\/wp-content\/uploads\/2018\/02\/kukulcan.jpg","width":850,"height":480,"caption":"kukulcan"},{"@type":"BreadcrumbList","@id":"https:\/\/nitu.mx\/index.php\/2018\/02\/07\/reencarpetamiento-del-blvd-kukulcan-cancun-este-primer-semestre\/#breadcrumb","itemListElement":[{"@type":"ListItem","position":1,"name":"Inicio","item":"https:\/\/nitu.mx\/"},{"@type":"ListItem","position":2,"name":"Reencarpetamiento del Blvd. Kukulcan de Canc\u00fan en este primer semestre"}]},{"@type":"WebSite","@id":"https:\/\/nitu.mx\/#website","url":"https:\/\/nitu.mx\/","name":"Nitu - Noticias de la Industria Turistica","description":"Noticias de la Industria Turistica","publisher":{"@id":"https:\/\/nitu.mx\/#\/schema\/person\/ae7a53426417292d3dd07b45a33e01bc"},"alternateName":"Noticias de la Industria Turistica","potentialAction":[{"@type":"SearchAction","target":{"@type":"EntryPoint","urlTemplate":"https:\/\/nitu.mx\/?s={search_term_string}"},"query-input":"required name=search_term_string"}],"inLanguage":"es-MX"},{"@type":["Person","Organization"],"@id":"https:\/\/nitu.mx\/#\/schema\/person\/ae7a53426417292d3dd07b45a33e01bc","name":"Arturo Medina","image":{"@type":"ImageObject","inLanguage":"es-MX","@id":"https:\/\/nitu.mx\/#\/schema\/person\/image\/","url":"https:\/\/nitu.mx\/wp-content\/uploads\/2024\/04\/4A315622-1904-4D5C-B022-878CDC840E04-90x90-1.jpeg","contentUrl":"https:\/\/nitu.mx\/wp-content\/uploads\/2024\/04\/4A315622-1904-4D5C-B022-878CDC840E04-90x90-1.jpeg","width":90,"height":90,"caption":"Arturo Medina"},"logo":{"@id":"https:\/\/nitu.mx\/#\/schema\/person\/image\/"},"description":"Director NITU.mx, Egresado de la Escuela de Periodismo Carlos Septi\u00e9n Garc\u00eda. Periodista y analista especializado en turismo desde hace 35 a\u00f1os, radicado en Canc\u00fan Q.Roo. arturo@nitu.mx","sameAs":["https:\/\/nitu.mx","https:\/\/www.facebook.com\/NITUmx\/","medinacancun","https:\/\/twitter.com\/@Arturo_Medina_G"]},{"@type":"Person","@id":"https:\/\/nitu.mx\/#\/schema\/person\/2ecd887b19dfd3382d1f14fc5acf24a8","name":"Alejandra Moncisbays","image":{"@type":"ImageObject","inLanguage":"es-MX","@id":"https:\/\/nitu.mx\/#\/schema\/person\/image\/","url":"https:\/\/secure.gravatar.com\/avatar\/e74f7af0be172b7804dacfd0bfbef787?s=96&d=mm&r=g","contentUrl":"https:\/\/secure.gravatar.com\/avatar\/e74f7af0be172b7804dacfd0bfbef787?s=96&d=mm&r=g","caption":"Alejandra Moncisbays"},"description":"Curs\u00e9 la carrera de Periodismo y Comunicaci\u00f3n en la Facultad de Estudios Profesionales Acatl\u00e1n. Vivo en Canc\u00fan desde hace 24 a\u00f1os. Fui reportera de La Tarde de Canc\u00fan, y Novedades de Quintana Roo, colabor\u00e9 en TVCUN, edit\u00e9 Cancun\u00edssimo y colabor\u00e9 en las revistas Latitud21, entre otras, con principal enfoque en los sectores empresarial y tur\u00edstico. Desde hace varios a\u00f1os soy Agente de Seguros con c\u00e9dula de la Comisi\u00f3n Nacional de Seguros y Fianzas. Actualmente, me desarrollo en los \u00e1mbitos del periodismo y el sector asegurador.","sameAs":["https:\/\/nitu.mx"],"url":"https:\/\/nitu.mx\/index.php\/author\/alejandra\/"}]}},"views":534,"_links":{"self":[{"href":"https:\/\/nitu.mx\/index.php\/wp-json\/wp\/v2\/posts\/17269"}],"collection":[{"href":"https:\/\/nitu.mx\/index.php\/wp-json\/wp\/v2\/posts"}],"about":[{"href":"https:\/\/nitu.mx\/index.php\/wp-json\/wp\/v2\/types\/post"}],"author":[{"embeddable":true,"href":"https:\/\/nitu.mx\/index.php\/wp-json\/wp\/v2\/users\/3"}],"replies":[{"embeddable":true,"href":"https:\/\/nitu.mx\/index.php\/wp-json\/wp\/v2\/comments?post=17269"}],"version-history":[{"count":2,"href":"https:\/\/nitu.mx\/index.php\/wp-json\/wp\/v2\/posts\/17269\/revisions"}],"predecessor-version":[{"id":17295,"href":"https:\/\/nitu.mx\/index.php\/wp-json\/wp\/v2\/posts\/17269\/revisions\/17295"}],"wp:featuredmedia":[{"embeddable":true,"href":"https:\/\/nitu.mx\/index.php\/wp-json\/wp\/v2\/media\/17293"}],"wp:attachment":[{"href":"https:\/\/nitu.mx\/index.php\/wp-json\/wp\/v2\/media?parent=17269"}],"wp:term":[{"taxonomy":"category","embeddable":true,"href":"https:\/\/nitu.mx\/index.php\/wp-json\/wp\/v2\/categories?post=17269"},{"taxonomy":"post_tag","embeddable":true,"href":"https:\/\/nitu.mx\/index.php\/wp-json\/wp\/v2\/tags?post=17269"}],"curies":[{"name":"wp","href":"https:\/\/api.w.org\/{rel}","templated":true}]}}