{"id":17248,"date":"2018-02-06T00:05:17","date_gmt":"2018-02-06T05:05:17","guid":{"rendered":"http:\/\/www.dev.nitu.mx\/?p=17248"},"modified":"2018-02-06T00:07:04","modified_gmt":"2018-02-06T05:07:04","slug":"paradisus-playa-del-carmen-nombra-nuevos-directivos","status":"publish","type":"post","link":"https:\/\/nitu.mx\/index.php\/2018\/02\/06\/paradisus-playa-del-carmen-nombra-nuevos-directivos\/","title":{"rendered":"Paradisus Playa del Carmen nombra nuevos directivos"},"content":{"rendered":"<p>Paradisus Playa del Carmen La Perla &amp; La Esmeralda, complejo que forma parte de la cadena espa\u00f1ola Meli\u00e1, anunci\u00f3 nuevos nombramientos en diversos de sus ejecutivos: Andrew Cumming como gerente del Hotel La Perla; Jindrich Stipek como su nuevo director de Alimentos y Bebidas; el chef Felipe Sady Quezada Guzm\u00e1n, Chef Ejecutivo del exclusivo resort y Malin Skog, como su nueva Directora de Guest Experience.<\/p>\n<p>El ingl\u00e9s, Andrew Cumming ser\u00e1 quien se desempe\u00f1ar\u00e1 como gerente del Hotel La Perla, cuenta con m\u00e1s de 28 a\u00f1os de experiencia en la industria tur\u00edstica en pa\u00edses como Venezuela, Estados Unidos, M\u00e9xico y Jamaica.<\/p>\n<p>Andrew Cumming es un reconocido hotelero apasionado por la hospitalidad de lujo y un amplio conocedor del Caribe Mexicano que aportar\u00e1 sus conocimientos y habilidades hacia consolidar el liderazgo y la excelencia de este emblem\u00e1tico resort de la cadena Meli\u00e1 Hotels &amp; Resorts en el Caribe Mexicano.<\/p>\n<p>Recientemente, Cumming ocup\u00f3 el cargo de gerente de Hotel del Royalton Riviera Canc\u00fan, puesto que tuvo por tres a\u00f1os, desde el reto de dirigir la apertura del resort de mil 183 habitaciones, hasta alcanzar importantes reconocimientos, como la Certificaci\u00f3n Cuatro Diamantes de la AAA.<\/p>\n<p>Jindrich Stipek es su nuevo director de Alimentos y Bebidas, de nacionalidad checa\/costarricense. Es egresado de la Escuela de Hoteler\u00eda e Instituto Superior de Hoteler\u00eda y Turismo de la Rep\u00fablica Checa, con especializaci\u00f3n en Administraci\u00f3n de Alimentos y Bebidas de la Universidad Latina \u2013 American Hotel &amp; Lodging Educational Institute.<\/p>\n<p>Cuenta con una din\u00e1mica y mete\u00f3rica trayectoria de 17 a\u00f1os en la industria tur\u00edstica en prestigiados hoteles y restaurantes de la Rep\u00fablica Checa, Costa Rica, Panam\u00e1, Rep\u00fablica Dominicana y ahora M\u00e9xico.<\/p>\n<p>Recientemente ocup\u00f3 el puesto de director de Alimentos y Bebidas del hotel Paradisus Palma Real by Meli\u00e1 en B\u00e1varo, Punta Cana, Rep\u00fablica Dominicana, en la que tuvo a su cargo la operaci\u00f3n de 13 restaurantes y 16 bares del resort vacacional con est\u00e1ndares de calidad de Cuatro Diamantes de la AAA.<\/p>\n<p>Con m\u00e1s de 11 a\u00f1os experiencia en la industria hotelera y restaurantera internacional, el chef Felipe Sady Quezada Guzm\u00e1n llega al Paradisus Playa del Carmen La Perla &amp; La Esmeralda para ocupar el cargo de chef ejecutivo del exclusivo resort, ganador de los Cuatro Diamantes de la AAA.<\/p>\n<p>Con una destacada trayectoria profesional en la alta gastronom\u00eda que le ha permitido aprender las mejores t\u00e9cnicas y tendencias culinarias de pa\u00edses como Nueva Zelanda, Per\u00fa, Chile, Canad\u00e1, Espa\u00f1a, Rep\u00fablica Dominicana y M\u00e9xico, Quezada Guzm\u00e1n ha ocupado ascendentes posiciones dentro de las diferentes propiedades de la cadena hotelera Meli\u00e1 Hotel International, como el de Chef Ejecutivo del Paradisus Palma Real en B\u00e1varo, Punta Cana, Rep\u00fablica Dominicana, que ocup\u00f3 antes de su actual nombramiento.<\/p>\n<p>Como directora de Guest Experience, nombraron a Malin Skog de nacionalidad: Sueca \u2013 Estocolmo, quien ha trabajando con Melia Hotels International desde el a\u00f1o 1999; entre otras \u00e1reas se ha desarrollado en el \u00c1rea de Manager Guest Experience para zona Baleares Espa\u00f1a, en el Corporativo Palma de Mallorca estuvo en 17 hoteles dos a\u00f1os 2009- 2010 abrir la zona Bulgaria con cinco hoteles. Fue formadora durante varios a\u00f1os para los nuevos equipos.<\/p>\n<p>Durante sus a\u00f1os en la zona de Baleares form\u00f3 parte de varios proyectos en Espa\u00f1a: Abri\u00f3 el primer hotel de Social \u201cTwitter\u201d; Katmandu Hotel con parque tem\u00e1tico; HR Manager, Mediterr\u00e1nea \u00c1rea, Corporativo Palma de Mallorca para reclutar y formar los equipos de Guest Experience; Experiencia Cubana en los hoteles Paradisus Princesa del Mar y Paradisus Varadero; Experiencia Paradisus Palma Real en Punta Cana Rep\u00fablica Dominicana.\u00a0<a title=\"Paradisus Resorts PC logra 82% de ocupaci\u00f3n y planea crecer en 2018\" href=\"http:\/\/www.dev.nitu.mx\/index.php\/2018\/01\/25\/paradisus-resorts-pc-logra-82-de-ocupacion-y-planea-crecer-en-2018\/\" rel=\"bookmark\">(Paradisus Resorts PC logra 82% de ocupaci\u00f3n y planea crecer en 2018<\/a>).<\/p>\n","protected":false},"excerpt":{"rendered":"<p>Paradisus Playa del Carmen La Perla &amp; La Esmeralda, complejo que forma parte de la cadena espa\u00f1ola Meli\u00e1, anunci\u00f3 nuevos nombramientos en diversos de sus ejecutivos: Andrew Cumming como gerente del Hotel La Perla; Jindrich Stipek como su nuevo director de Alimentos y Bebidas; el chef Felipe Sady Quezada Guzm\u00e1n, Chef Ejecutivo del exclusivo resort [&hellip;]<\/p>\n","protected":false},"author":3,"featured_media":13535,"comment_status":"open","ping_status":"open","sticky":false,"template":"","format":"standard","meta":{"footnotes":""},"categories":[5,2],"tags":[7941,7944,100,7949,7943,1391,7946,7940,7945,68,3777],"yoast_head":"<!-- This site is optimized with the Yoast SEO plugin v22.2 - https:\/\/yoast.com\/wordpress\/plugins\/seo\/ -->\n<title>Paradisus Playa del Carmen nombra nuevos directivos - Nitu - Noticias de la Industria Turistica<\/title>\n<meta name=\"description\" content=\"Paradisus Playa del Carmen La Perla &amp; La Esmeralda, de la cadena Meli\u00e1, anunci\u00f3 nuevos nombramientos en diversos de sus ejecutivos.\" \/>\n<meta name=\"robots\" content=\"index, follow, max-snippet:-1, max-image-preview:large, max-video-preview:-1\" \/>\n<link rel=\"canonical\" href=\"https:\/\/nitu.mx\/index.php\/2018\/02\/06\/paradisus-playa-del-carmen-nombra-nuevos-directivos\/\" \/>\n<meta name=\"twitter:card\" content=\"summary_large_image\" \/>\n<meta name=\"twitter:title\" content=\"Paradisus Playa del Carmen nombra nuevos directivos - Nitu - Noticias de la Industria Turistica\" \/>\n<meta name=\"twitter:description\" content=\"Paradisus Playa del Carmen La Perla &amp; La Esmeralda, de la cadena Meli\u00e1, anunci\u00f3 nuevos nombramientos en diversos de sus ejecutivos.\" \/>\n<meta name=\"twitter:image\" content=\"https:\/\/nitu.mx\/wp-content\/uploads\/2017\/10\/Paradisus-Playa-del-Carmen.jpg\" \/>\n<meta name=\"twitter:creator\" content=\"@NITUmx\" \/>\n<meta name=\"twitter:site\" content=\"@Arturo_Medina_G\" \/>\n<meta name=\"twitter:label1\" content=\"Escrito por\" \/>\n\t<meta name=\"twitter:data1\" content=\"Alejandra Moncisbays\" \/>\n\t<meta name=\"twitter:label2\" content=\"Tiempo de lectura\" \/>\n\t<meta name=\"twitter:data2\" content=\"3 minutos\" \/>\n<script type=\"application\/ld+json\" class=\"yoast-schema-graph\">{\"@context\":\"https:\/\/schema.org\",\"@graph\":[{\"@type\":\"Article\",\"@id\":\"https:\/\/nitu.mx\/index.php\/2018\/02\/06\/paradisus-playa-del-carmen-nombra-nuevos-directivos\/#article\",\"isPartOf\":{\"@id\":\"https:\/\/nitu.mx\/index.php\/2018\/02\/06\/paradisus-playa-del-carmen-nombra-nuevos-directivos\/\"},\"author\":{\"name\":\"Alejandra Moncisbays\",\"@id\":\"https:\/\/nitu.mx\/#\/schema\/person\/2ecd887b19dfd3382d1f14fc5acf24a8\"},\"headline\":\"Paradisus Playa del Carmen nombra nuevos directivos\",\"datePublished\":\"2018-02-06T05:05:17+00:00\",\"dateModified\":\"2018-02-06T05:07:04+00:00\",\"mainEntityOfPage\":{\"@id\":\"https:\/\/nitu.mx\/index.php\/2018\/02\/06\/paradisus-playa-del-carmen-nombra-nuevos-directivos\/\"},\"wordCount\":639,\"commentCount\":0,\"publisher\":{\"@id\":\"https:\/\/nitu.mx\/#\/schema\/person\/ae7a53426417292d3dd07b45a33e01bc\"},\"image\":{\"@id\":\"https:\/\/nitu.mx\/index.php\/2018\/02\/06\/paradisus-playa-del-carmen-nombra-nuevos-directivos\/#primaryimage\"},\"thumbnailUrl\":\"https:\/\/nitu.mx\/wp-content\/uploads\/2017\/10\/Paradisus-Playa-del-Carmen.jpg\",\"keywords\":[\"Andrew Cumming\",\"Directora de Guest Experience\",\"Estados Unidos\",\"Felipe Sady Quezada Guzm\u00e1n\",\"Hotel La Perla\",\"Jamaica\",\"Jindrich Stipech\",\"La Perla &amp; La Esmeralda\",\"Malin Skog\",\"M\u00e9xico\",\"Venezuela\"],\"articleSection\":[\"Destinos\",\"Hoteles\"],\"inLanguage\":\"es-MX\",\"potentialAction\":[{\"@type\":\"CommentAction\",\"name\":\"Comment\",\"target\":[\"https:\/\/nitu.mx\/index.php\/2018\/02\/06\/paradisus-playa-del-carmen-nombra-nuevos-directivos\/#respond\"]}]},{\"@type\":\"WebPage\",\"@id\":\"https:\/\/nitu.mx\/index.php\/2018\/02\/06\/paradisus-playa-del-carmen-nombra-nuevos-directivos\/\",\"url\":\"https:\/\/nitu.mx\/index.php\/2018\/02\/06\/paradisus-playa-del-carmen-nombra-nuevos-directivos\/\",\"name\":\"Paradisus Playa del Carmen nombra nuevos directivos - Nitu - Noticias de la Industria Turistica\",\"isPartOf\":{\"@id\":\"https:\/\/nitu.mx\/#website\"},\"primaryImageOfPage\":{\"@id\":\"https:\/\/nitu.mx\/index.php\/2018\/02\/06\/paradisus-playa-del-carmen-nombra-nuevos-directivos\/#primaryimage\"},\"image\":{\"@id\":\"https:\/\/nitu.mx\/index.php\/2018\/02\/06\/paradisus-playa-del-carmen-nombra-nuevos-directivos\/#primaryimage\"},\"thumbnailUrl\":\"https:\/\/nitu.mx\/wp-content\/uploads\/2017\/10\/Paradisus-Playa-del-Carmen.jpg\",\"datePublished\":\"2018-02-06T05:05:17+00:00\",\"dateModified\":\"2018-02-06T05:07:04+00:00\",\"description\":\"Paradisus Playa del Carmen La Perla & La Esmeralda, de la cadena Meli\u00e1, anunci\u00f3 nuevos nombramientos en diversos de sus ejecutivos.\",\"breadcrumb\":{\"@id\":\"https:\/\/nitu.mx\/index.php\/2018\/02\/06\/paradisus-playa-del-carmen-nombra-nuevos-directivos\/#breadcrumb\"},\"inLanguage\":\"es-MX\",\"potentialAction\":[{\"@type\":\"ReadAction\",\"target\":[\"https:\/\/nitu.mx\/index.php\/2018\/02\/06\/paradisus-playa-del-carmen-nombra-nuevos-directivos\/\"]}]},{\"@type\":\"ImageObject\",\"inLanguage\":\"es-MX\",\"@id\":\"https:\/\/nitu.mx\/index.php\/2018\/02\/06\/paradisus-playa-del-carmen-nombra-nuevos-directivos\/#primaryimage\",\"url\":\"https:\/\/nitu.mx\/wp-content\/uploads\/2017\/10\/Paradisus-Playa-del-Carmen.jpg\",\"contentUrl\":\"https:\/\/nitu.mx\/wp-content\/uploads\/2017\/10\/Paradisus-Playa-del-Carmen.jpg\",\"width\":850,\"height\":480,\"caption\":\"Paradisus Playa del Carmen barcelo\"},{\"@type\":\"BreadcrumbList\",\"@id\":\"https:\/\/nitu.mx\/index.php\/2018\/02\/06\/paradisus-playa-del-carmen-nombra-nuevos-directivos\/#breadcrumb\",\"itemListElement\":[{\"@type\":\"ListItem\",\"position\":1,\"name\":\"Inicio\",\"item\":\"https:\/\/nitu.mx\/\"},{\"@type\":\"ListItem\",\"position\":2,\"name\":\"Paradisus Playa del Carmen nombra nuevos directivos\"}]},{\"@type\":\"WebSite\",\"@id\":\"https:\/\/nitu.mx\/#website\",\"url\":\"https:\/\/nitu.mx\/\",\"name\":\"Nitu - Noticias de la Industria Turistica\",\"description\":\"Noticias de la Industria Turistica\",\"publisher\":{\"@id\":\"https:\/\/nitu.mx\/#\/schema\/person\/ae7a53426417292d3dd07b45a33e01bc\"},\"alternateName\":\"Noticias de la Industria Turistica\",\"potentialAction\":[{\"@type\":\"SearchAction\",\"target\":{\"@type\":\"EntryPoint\",\"urlTemplate\":\"https:\/\/nitu.mx\/?s={search_term_string}\"},\"query-input\":\"required name=search_term_string\"}],\"inLanguage\":\"es-MX\"},{\"@type\":[\"Person\",\"Organization\"],\"@id\":\"https:\/\/nitu.mx\/#\/schema\/person\/ae7a53426417292d3dd07b45a33e01bc\",\"name\":\"Arturo Medina\",\"image\":{\"@type\":\"ImageObject\",\"inLanguage\":\"es-MX\",\"@id\":\"https:\/\/nitu.mx\/#\/schema\/person\/image\/\",\"url\":\"https:\/\/nitu.mx\/wp-content\/uploads\/2024\/04\/4A315622-1904-4D5C-B022-878CDC840E04-90x90-1.jpeg\",\"contentUrl\":\"https:\/\/nitu.mx\/wp-content\/uploads\/2024\/04\/4A315622-1904-4D5C-B022-878CDC840E04-90x90-1.jpeg\",\"width\":90,\"height\":90,\"caption\":\"Arturo Medina\"},\"logo\":{\"@id\":\"https:\/\/nitu.mx\/#\/schema\/person\/image\/\"},\"description\":\"Director NITU.mx, Egresado de la Escuela de Periodismo Carlos Septi\u00e9n Garc\u00eda. Periodista y analista especializado en turismo desde hace 35 a\u00f1os, radicado en Canc\u00fan Q.Roo. arturo@nitu.mx\",\"sameAs\":[\"https:\/\/nitu.mx\",\"https:\/\/www.facebook.com\/NITUmx\/\",\"medinacancun\",\"https:\/\/twitter.com\/@Arturo_Medina_G\"]},{\"@type\":\"Person\",\"@id\":\"https:\/\/nitu.mx\/#\/schema\/person\/2ecd887b19dfd3382d1f14fc5acf24a8\",\"name\":\"Alejandra Moncisbays\",\"image\":{\"@type\":\"ImageObject\",\"inLanguage\":\"es-MX\",\"@id\":\"https:\/\/nitu.mx\/#\/schema\/person\/image\/\",\"url\":\"https:\/\/secure.gravatar.com\/avatar\/e74f7af0be172b7804dacfd0bfbef787?s=96&d=mm&r=g\",\"contentUrl\":\"https:\/\/secure.gravatar.com\/avatar\/e74f7af0be172b7804dacfd0bfbef787?s=96&d=mm&r=g\",\"caption\":\"Alejandra Moncisbays\"},\"description\":\"Curs\u00e9 la carrera de Periodismo y Comunicaci\u00f3n en la Facultad de Estudios Profesionales Acatl\u00e1n. Vivo en Canc\u00fan desde hace 24 a\u00f1os. Fui reportera de La Tarde de Canc\u00fan, y Novedades de Quintana Roo, colabor\u00e9 en TVCUN, edit\u00e9 Cancun\u00edssimo y colabor\u00e9 en las revistas Latitud21, entre otras, con principal enfoque en los sectores empresarial y tur\u00edstico. Desde hace varios a\u00f1os soy Agente de Seguros con c\u00e9dula de la Comisi\u00f3n Nacional de Seguros y Fianzas. Actualmente, me desarrollo en los \u00e1mbitos del periodismo y el sector asegurador.\",\"sameAs\":[\"https:\/\/nitu.mx\"],\"url\":\"https:\/\/nitu.mx\/index.php\/author\/alejandra\/\"}]}<\/script>\n<!-- \/ Yoast SEO plugin. -->","yoast_head_json":{"title":"Paradisus Playa del Carmen nombra nuevos directivos - Nitu - Noticias de la Industria Turistica","description":"Paradisus Playa del Carmen La Perla & La Esmeralda, de la cadena Meli\u00e1, anunci\u00f3 nuevos nombramientos en diversos de sus ejecutivos.","robots":{"index":"index","follow":"follow","max-snippet":"max-snippet:-1","max-image-preview":"max-image-preview:large","max-video-preview":"max-video-preview:-1"},"canonical":"https:\/\/nitu.mx\/index.php\/2018\/02\/06\/paradisus-playa-del-carmen-nombra-nuevos-directivos\/","twitter_card":"summary_large_image","twitter_title":"Paradisus Playa del Carmen nombra nuevos directivos - Nitu - Noticias de la Industria Turistica","twitter_description":"Paradisus Playa del Carmen La Perla & La Esmeralda, de la cadena Meli\u00e1, anunci\u00f3 nuevos nombramientos en diversos de sus ejecutivos.","twitter_image":"https:\/\/nitu.mx\/wp-content\/uploads\/2017\/10\/Paradisus-Playa-del-Carmen.jpg","twitter_creator":"@NITUmx","twitter_site":"@Arturo_Medina_G","twitter_misc":{"Escrito por":"Alejandra Moncisbays","Tiempo de lectura":"3 minutos"},"schema":{"@context":"https:\/\/schema.org","@graph":[{"@type":"Article","@id":"https:\/\/nitu.mx\/index.php\/2018\/02\/06\/paradisus-playa-del-carmen-nombra-nuevos-directivos\/#article","isPartOf":{"@id":"https:\/\/nitu.mx\/index.php\/2018\/02\/06\/paradisus-playa-del-carmen-nombra-nuevos-directivos\/"},"author":{"name":"Alejandra Moncisbays","@id":"https:\/\/nitu.mx\/#\/schema\/person\/2ecd887b19dfd3382d1f14fc5acf24a8"},"headline":"Paradisus Playa del Carmen nombra nuevos directivos","datePublished":"2018-02-06T05:05:17+00:00","dateModified":"2018-02-06T05:07:04+00:00","mainEntityOfPage":{"@id":"https:\/\/nitu.mx\/index.php\/2018\/02\/06\/paradisus-playa-del-carmen-nombra-nuevos-directivos\/"},"wordCount":639,"commentCount":0,"publisher":{"@id":"https:\/\/nitu.mx\/#\/schema\/person\/ae7a53426417292d3dd07b45a33e01bc"},"image":{"@id":"https:\/\/nitu.mx\/index.php\/2018\/02\/06\/paradisus-playa-del-carmen-nombra-nuevos-directivos\/#primaryimage"},"thumbnailUrl":"https:\/\/nitu.mx\/wp-content\/uploads\/2017\/10\/Paradisus-Playa-del-Carmen.jpg","keywords":["Andrew Cumming","Directora de Guest Experience","Estados Unidos","Felipe Sady Quezada Guzm\u00e1n","Hotel La Perla","Jamaica","Jindrich Stipech","La Perla &amp; La Esmeralda","Malin Skog","M\u00e9xico","Venezuela"],"articleSection":["Destinos","Hoteles"],"inLanguage":"es-MX","potentialAction":[{"@type":"CommentAction","name":"Comment","target":["https:\/\/nitu.mx\/index.php\/2018\/02\/06\/paradisus-playa-del-carmen-nombra-nuevos-directivos\/#respond"]}]},{"@type":"WebPage","@id":"https:\/\/nitu.mx\/index.php\/2018\/02\/06\/paradisus-playa-del-carmen-nombra-nuevos-directivos\/","url":"https:\/\/nitu.mx\/index.php\/2018\/02\/06\/paradisus-playa-del-carmen-nombra-nuevos-directivos\/","name":"Paradisus Playa del Carmen nombra nuevos directivos - Nitu - Noticias de la Industria Turistica","isPartOf":{"@id":"https:\/\/nitu.mx\/#website"},"primaryImageOfPage":{"@id":"https:\/\/nitu.mx\/index.php\/2018\/02\/06\/paradisus-playa-del-carmen-nombra-nuevos-directivos\/#primaryimage"},"image":{"@id":"https:\/\/nitu.mx\/index.php\/2018\/02\/06\/paradisus-playa-del-carmen-nombra-nuevos-directivos\/#primaryimage"},"thumbnailUrl":"https:\/\/nitu.mx\/wp-content\/uploads\/2017\/10\/Paradisus-Playa-del-Carmen.jpg","datePublished":"2018-02-06T05:05:17+00:00","dateModified":"2018-02-06T05:07:04+00:00","description":"Paradisus Playa del Carmen La Perla & La Esmeralda, de la cadena Meli\u00e1, anunci\u00f3 nuevos nombramientos en diversos de sus ejecutivos.","breadcrumb":{"@id":"https:\/\/nitu.mx\/index.php\/2018\/02\/06\/paradisus-playa-del-carmen-nombra-nuevos-directivos\/#breadcrumb"},"inLanguage":"es-MX","potentialAction":[{"@type":"ReadAction","target":["https:\/\/nitu.mx\/index.php\/2018\/02\/06\/paradisus-playa-del-carmen-nombra-nuevos-directivos\/"]}]},{"@type":"ImageObject","inLanguage":"es-MX","@id":"https:\/\/nitu.mx\/index.php\/2018\/02\/06\/paradisus-playa-del-carmen-nombra-nuevos-directivos\/#primaryimage","url":"https:\/\/nitu.mx\/wp-content\/uploads\/2017\/10\/Paradisus-Playa-del-Carmen.jpg","contentUrl":"https:\/\/nitu.mx\/wp-content\/uploads\/2017\/10\/Paradisus-Playa-del-Carmen.jpg","width":850,"height":480,"caption":"Paradisus Playa del Carmen barcelo"},{"@type":"BreadcrumbList","@id":"https:\/\/nitu.mx\/index.php\/2018\/02\/06\/paradisus-playa-del-carmen-nombra-nuevos-directivos\/#breadcrumb","itemListElement":[{"@type":"ListItem","position":1,"name":"Inicio","item":"https:\/\/nitu.mx\/"},{"@type":"ListItem","position":2,"name":"Paradisus Playa del Carmen nombra nuevos directivos"}]},{"@type":"WebSite","@id":"https:\/\/nitu.mx\/#website","url":"https:\/\/nitu.mx\/","name":"Nitu - Noticias de la Industria Turistica","description":"Noticias de la Industria Turistica","publisher":{"@id":"https:\/\/nitu.mx\/#\/schema\/person\/ae7a53426417292d3dd07b45a33e01bc"},"alternateName":"Noticias de la Industria Turistica","potentialAction":[{"@type":"SearchAction","target":{"@type":"EntryPoint","urlTemplate":"https:\/\/nitu.mx\/?s={search_term_string}"},"query-input":"required name=search_term_string"}],"inLanguage":"es-MX"},{"@type":["Person","Organization"],"@id":"https:\/\/nitu.mx\/#\/schema\/person\/ae7a53426417292d3dd07b45a33e01bc","name":"Arturo Medina","image":{"@type":"ImageObject","inLanguage":"es-MX","@id":"https:\/\/nitu.mx\/#\/schema\/person\/image\/","url":"https:\/\/nitu.mx\/wp-content\/uploads\/2024\/04\/4A315622-1904-4D5C-B022-878CDC840E04-90x90-1.jpeg","contentUrl":"https:\/\/nitu.mx\/wp-content\/uploads\/2024\/04\/4A315622-1904-4D5C-B022-878CDC840E04-90x90-1.jpeg","width":90,"height":90,"caption":"Arturo Medina"},"logo":{"@id":"https:\/\/nitu.mx\/#\/schema\/person\/image\/"},"description":"Director NITU.mx, Egresado de la Escuela de Periodismo Carlos Septi\u00e9n Garc\u00eda. Periodista y analista especializado en turismo desde hace 35 a\u00f1os, radicado en Canc\u00fan Q.Roo. arturo@nitu.mx","sameAs":["https:\/\/nitu.mx","https:\/\/www.facebook.com\/NITUmx\/","medinacancun","https:\/\/twitter.com\/@Arturo_Medina_G"]},{"@type":"Person","@id":"https:\/\/nitu.mx\/#\/schema\/person\/2ecd887b19dfd3382d1f14fc5acf24a8","name":"Alejandra Moncisbays","image":{"@type":"ImageObject","inLanguage":"es-MX","@id":"https:\/\/nitu.mx\/#\/schema\/person\/image\/","url":"https:\/\/secure.gravatar.com\/avatar\/e74f7af0be172b7804dacfd0bfbef787?s=96&d=mm&r=g","contentUrl":"https:\/\/secure.gravatar.com\/avatar\/e74f7af0be172b7804dacfd0bfbef787?s=96&d=mm&r=g","caption":"Alejandra Moncisbays"},"description":"Curs\u00e9 la carrera de Periodismo y Comunicaci\u00f3n en la Facultad de Estudios Profesionales Acatl\u00e1n. Vivo en Canc\u00fan desde hace 24 a\u00f1os. Fui reportera de La Tarde de Canc\u00fan, y Novedades de Quintana Roo, colabor\u00e9 en TVCUN, edit\u00e9 Cancun\u00edssimo y colabor\u00e9 en las revistas Latitud21, entre otras, con principal enfoque en los sectores empresarial y tur\u00edstico. Desde hace varios a\u00f1os soy Agente de Seguros con c\u00e9dula de la Comisi\u00f3n Nacional de Seguros y Fianzas. Actualmente, me desarrollo en los \u00e1mbitos del periodismo y el sector asegurador.","sameAs":["https:\/\/nitu.mx"],"url":"https:\/\/nitu.mx\/index.php\/author\/alejandra\/"}]}},"views":875,"_links":{"self":[{"href":"https:\/\/nitu.mx\/index.php\/wp-json\/wp\/v2\/posts\/17248"}],"collection":[{"href":"https:\/\/nitu.mx\/index.php\/wp-json\/wp\/v2\/posts"}],"about":[{"href":"https:\/\/nitu.mx\/index.php\/wp-json\/wp\/v2\/types\/post"}],"author":[{"embeddable":true,"href":"https:\/\/nitu.mx\/index.php\/wp-json\/wp\/v2\/users\/3"}],"replies":[{"embeddable":true,"href":"https:\/\/nitu.mx\/index.php\/wp-json\/wp\/v2\/comments?post=17248"}],"version-history":[{"count":3,"href":"https:\/\/nitu.mx\/index.php\/wp-json\/wp\/v2\/posts\/17248\/revisions"}],"predecessor-version":[{"id":17265,"href":"https:\/\/nitu.mx\/index.php\/wp-json\/wp\/v2\/posts\/17248\/revisions\/17265"}],"wp:featuredmedia":[{"embeddable":true,"href":"https:\/\/nitu.mx\/index.php\/wp-json\/wp\/v2\/media\/13535"}],"wp:attachment":[{"href":"https:\/\/nitu.mx\/index.php\/wp-json\/wp\/v2\/media?parent=17248"}],"wp:term":[{"taxonomy":"category","embeddable":true,"href":"https:\/\/nitu.mx\/index.php\/wp-json\/wp\/v2\/categories?post=17248"},{"taxonomy":"post_tag","embeddable":true,"href":"https:\/\/nitu.mx\/index.php\/wp-json\/wp\/v2\/tags?post=17248"}],"curies":[{"name":"wp","href":"https:\/\/api.w.org\/{rel}","templated":true}]}}