{"id":17237,"date":"2018-02-05T23:39:36","date_gmt":"2018-02-06T04:39:36","guid":{"rendered":"http:\/\/www.dev.nitu.mx\/?p=17237"},"modified":"2018-02-06T00:06:50","modified_gmt":"2018-02-06T05:06:50","slug":"transat-designo-a-jordi-sole-nuevo-presidente-de-la-nueva-division-hotelera-de-tansat-a-partir-del-20-de-febrero","status":"publish","type":"post","link":"https:\/\/nitu.mx\/index.php\/2018\/02\/05\/transat-designo-a-jordi-sole-nuevo-presidente-de-la-nueva-division-hotelera-de-tansat-a-partir-del-20-de-febrero\/","title":{"rendered":"Transat design\u00f3 a Jordi Sol\u00e9 presidente de la nueva divisi\u00f3n hotelera a partir del 20 de febrero"},"content":{"rendered":"<p>Jordi Sol\u00e9, quien a\u00fan es el SVP Operations at Blue Diamond Resorts y que ha trabajado para las principales cadenas de complejos tur\u00edsticos internacionales, ser\u00e1 quien dirija todas las operaciones de desarrollo hotelero de Transat en el Caribe y M\u00e9xico, dos mercados en los que la compa\u00f1\u00eda de turismo internacional ha estado activa durante 30 a\u00f1os.<\/p>\n<p>Transat vendi\u00f3 su participaci\u00f3n minoritaria de 35 por ciento en Ocean Hotels en el oto\u00f1o de 2017, una participaci\u00f3n que hab\u00eda tenido desde 2007. Tiene previsto operar unas cinco mil habitaciones dentro de siete a\u00f1os.<\/p>\n<p>&#8220;Estamos encantados de asociarnos con un profesional de la industria tur\u00edstica que tiene una amplia experiencia en operaciones, ventas, marketing y gesti\u00f3n de personal en centros tur\u00edsticos con todo incluido en los destinos de Sun&#8221;, dijo Jean-Marc Eustache, presidente ejecutivo principal de Transat.<\/p>\n<p>&#8220;Podremos contar con el s\u00f3lido conocimiento de operaciones y mercados del Sr. Sol\u00e9 para desarrollar nuestra propia cadena hotelera en el sur. El desarrollo de esta nueva divisi\u00f3n hotelera impulsar\u00e1 el crecimiento y la prosperidad de Transat, al permitirnos adaptar totalmente la experiencia de viaje a las necesidades de nuestros clientes &#8220;, revela Paxnews.com.<\/p>\n<p>Desde 2001, Sol\u00e9 supervisa las operaciones de los complejos que pertenecen a varias de las principales cadenas hoteleras internacionales. Comenz\u00f3 su carrera en la industria en Espa\u00f1a como subdirector gerente de Barcel\u00f3 Hotels and Resorts, donde optimiz\u00f3 los procedimientos operativos y organizativos en toda Europa.<\/p>\n<p>En 2009, lleg\u00f3 a Am\u00e9rica Latina como jefe de Iberostar Hotels and Resorts en M\u00e9xico, donde supervis\u00f3 los 10 centros tur\u00edsticos de la regi\u00f3n (4 mil habitaciones y 4 mil 500 empleados).\u00a0<a title=\"Cuatro Iberostar Grand Collection se incorporan al portafolio de Preferred Hotels &amp; Resorts\" href=\"http:\/\/www.dev.nitu.mx\/index.php\/2017\/11\/05\/cuatro-iberostar-grand-collection-se-incorporan-al-portafolio-preferred-hotels-resorts\/\" rel=\"bookmark\">(Cuatro Iberostar Grand Collection se incorporan al portafolio de Preferred Hotels &amp; Resorts<\/a>).<\/p>\n<p>M\u00e1s recientemente, fue nombrado vicepresidente senior de Operaciones de Blue Diamond Resorts, participando en el amplio crecimiento y desarrollo de la compa\u00f1\u00eda.<\/p>\n<p>Sol\u00e9 tiene un MBA del IESE Business School y una licenciatura en ingenier\u00eda industrial de la Universitat Polit\u00e8cnica de Catalunya, en Barcelona, \u200b\u200bEspa\u00f1a.<\/p>\n","protected":false},"excerpt":{"rendered":"<p>Jordi Sol\u00e9, quien a\u00fan es el SVP Operations at Blue Diamond Resorts y que ha trabajado para las principales cadenas de complejos tur\u00edsticos internacionales, ser\u00e1 quien dirija todas las operaciones de desarrollo hotelero de Transat en el Caribe y M\u00e9xico, dos mercados en los que la compa\u00f1\u00eda de turismo internacional ha estado activa durante 30 [&hellip;]<\/p>\n","protected":false},"author":17,"featured_media":17262,"comment_status":"open","ping_status":"open","sticky":false,"template":"","format":"standard","meta":{"footnotes":""},"categories":[2,374],"tags":[7953,404,7936,68,7935],"yoast_head":"<!-- This site is optimized with the Yoast SEO plugin v22.2 - https:\/\/yoast.com\/wordpress\/plugins\/seo\/ -->\n<title>Transat design\u00f3 a Jordi Sol\u00e9 presidente de la nueva divisi\u00f3n hotelera a partir del 20 de febrero - Nitu - Noticias de la Industria Turistica<\/title>\n<meta name=\"description\" content=\"Jordi Sol\u00e9 ser\u00e1 quien dirija todas las operaciones de desarrollo hotelero de Transat en el Caribe y M\u00e9xico, mercados en donde ha estado presente.\" \/>\n<meta name=\"robots\" content=\"index, follow, max-snippet:-1, max-image-preview:large, max-video-preview:-1\" \/>\n<link rel=\"canonical\" href=\"https:\/\/nitu.mx\/index.php\/2018\/02\/05\/transat-designo-a-jordi-sole-nuevo-presidente-de-la-nueva-division-hotelera-de-tansat-a-partir-del-20-de-febrero\/\" \/>\n<meta name=\"twitter:card\" content=\"summary_large_image\" \/>\n<meta name=\"twitter:title\" content=\"Transat design\u00f3 a Jordi Sol\u00e9 presidente de la nueva divisi\u00f3n hotelera a partir del 20 de febrero - Nitu - Noticias de la Industria Turistica\" \/>\n<meta name=\"twitter:description\" content=\"Jordi Sol\u00e9 ser\u00e1 quien dirija todas las operaciones de desarrollo hotelero de Transat en el Caribe y M\u00e9xico, mercados en donde ha estado presente.\" \/>\n<meta name=\"twitter:image\" content=\"https:\/\/nitu.mx\/wp-content\/uploads\/2018\/02\/Jordi-Sol\u00e9.jpg\" \/>\n<meta name=\"twitter:creator\" content=\"@NITUmx\" \/>\n<meta name=\"twitter:site\" content=\"@Arturo_Medina_G\" \/>\n<meta name=\"twitter:label1\" content=\"Escrito por\" \/>\n\t<meta name=\"twitter:data1\" content=\"Redacci\u00f3n\" \/>\n\t<meta name=\"twitter:label2\" content=\"Tiempo de lectura\" \/>\n\t<meta name=\"twitter:data2\" content=\"2 minutos\" \/>\n<script type=\"application\/ld+json\" class=\"yoast-schema-graph\">{\"@context\":\"https:\/\/schema.org\",\"@graph\":[{\"@type\":\"Article\",\"@id\":\"https:\/\/nitu.mx\/index.php\/2018\/02\/05\/transat-designo-a-jordi-sole-nuevo-presidente-de-la-nueva-division-hotelera-de-tansat-a-partir-del-20-de-febrero\/#article\",\"isPartOf\":{\"@id\":\"https:\/\/nitu.mx\/index.php\/2018\/02\/05\/transat-designo-a-jordi-sole-nuevo-presidente-de-la-nueva-division-hotelera-de-tansat-a-partir-del-20-de-febrero\/\"},\"author\":{\"name\":\"Redacci\u00f3n\",\"@id\":\"https:\/\/nitu.mx\/#\/schema\/person\/4a28fe9bd65924f7c90623773daf1b0b\"},\"headline\":\"Transat design\u00f3 a Jordi Sol\u00e9 presidente de la nueva divisi\u00f3n hotelera a partir del 20 de febrero\",\"datePublished\":\"2018-02-06T04:39:36+00:00\",\"dateModified\":\"2018-02-06T05:06:50+00:00\",\"mainEntityOfPage\":{\"@id\":\"https:\/\/nitu.mx\/index.php\/2018\/02\/05\/transat-designo-a-jordi-sole-nuevo-presidente-de-la-nueva-division-hotelera-de-tansat-a-partir-del-20-de-febrero\/\"},\"wordCount\":355,\"commentCount\":0,\"publisher\":{\"@id\":\"https:\/\/nitu.mx\/#\/schema\/person\/ae7a53426417292d3dd07b45a33e01bc\"},\"image\":{\"@id\":\"https:\/\/nitu.mx\/index.php\/2018\/02\/05\/transat-designo-a-jordi-sole-nuevo-presidente-de-la-nueva-division-hotelera-de-tansat-a-partir-del-20-de-febrero\/#primaryimage\"},\"thumbnailUrl\":\"https:\/\/nitu.mx\/wp-content\/uploads\/2018\/02\/Jordi-Sol\u00e9.jpg\",\"keywords\":[\"Blue Diamond Resorts\",\"Caribe\",\"Jordi Sol\u00e9\",\"M\u00e9xico\",\"Transat\"],\"articleSection\":[\"Hoteles\",\"Internacional\"],\"inLanguage\":\"es-MX\",\"potentialAction\":[{\"@type\":\"CommentAction\",\"name\":\"Comment\",\"target\":[\"https:\/\/nitu.mx\/index.php\/2018\/02\/05\/transat-designo-a-jordi-sole-nuevo-presidente-de-la-nueva-division-hotelera-de-tansat-a-partir-del-20-de-febrero\/#respond\"]}]},{\"@type\":\"WebPage\",\"@id\":\"https:\/\/nitu.mx\/index.php\/2018\/02\/05\/transat-designo-a-jordi-sole-nuevo-presidente-de-la-nueva-division-hotelera-de-tansat-a-partir-del-20-de-febrero\/\",\"url\":\"https:\/\/nitu.mx\/index.php\/2018\/02\/05\/transat-designo-a-jordi-sole-nuevo-presidente-de-la-nueva-division-hotelera-de-tansat-a-partir-del-20-de-febrero\/\",\"name\":\"Transat design\u00f3 a Jordi Sol\u00e9 presidente de la nueva divisi\u00f3n hotelera a partir del 20 de febrero - Nitu - Noticias de la Industria Turistica\",\"isPartOf\":{\"@id\":\"https:\/\/nitu.mx\/#website\"},\"primaryImageOfPage\":{\"@id\":\"https:\/\/nitu.mx\/index.php\/2018\/02\/05\/transat-designo-a-jordi-sole-nuevo-presidente-de-la-nueva-division-hotelera-de-tansat-a-partir-del-20-de-febrero\/#primaryimage\"},\"image\":{\"@id\":\"https:\/\/nitu.mx\/index.php\/2018\/02\/05\/transat-designo-a-jordi-sole-nuevo-presidente-de-la-nueva-division-hotelera-de-tansat-a-partir-del-20-de-febrero\/#primaryimage\"},\"thumbnailUrl\":\"https:\/\/nitu.mx\/wp-content\/uploads\/2018\/02\/Jordi-Sol\u00e9.jpg\",\"datePublished\":\"2018-02-06T04:39:36+00:00\",\"dateModified\":\"2018-02-06T05:06:50+00:00\",\"description\":\"Jordi Sol\u00e9 ser\u00e1 quien dirija todas las operaciones de desarrollo hotelero de Transat en el Caribe y M\u00e9xico, mercados en donde ha estado presente.\",\"breadcrumb\":{\"@id\":\"https:\/\/nitu.mx\/index.php\/2018\/02\/05\/transat-designo-a-jordi-sole-nuevo-presidente-de-la-nueva-division-hotelera-de-tansat-a-partir-del-20-de-febrero\/#breadcrumb\"},\"inLanguage\":\"es-MX\",\"potentialAction\":[{\"@type\":\"ReadAction\",\"target\":[\"https:\/\/nitu.mx\/index.php\/2018\/02\/05\/transat-designo-a-jordi-sole-nuevo-presidente-de-la-nueva-division-hotelera-de-tansat-a-partir-del-20-de-febrero\/\"]}]},{\"@type\":\"ImageObject\",\"inLanguage\":\"es-MX\",\"@id\":\"https:\/\/nitu.mx\/index.php\/2018\/02\/05\/transat-designo-a-jordi-sole-nuevo-presidente-de-la-nueva-division-hotelera-de-tansat-a-partir-del-20-de-febrero\/#primaryimage\",\"url\":\"https:\/\/nitu.mx\/wp-content\/uploads\/2018\/02\/Jordi-Sol\u00e9.jpg\",\"contentUrl\":\"https:\/\/nitu.mx\/wp-content\/uploads\/2018\/02\/Jordi-Sol\u00e9.jpg\",\"width\":850,\"height\":480,\"caption\":\"Transat\"},{\"@type\":\"BreadcrumbList\",\"@id\":\"https:\/\/nitu.mx\/index.php\/2018\/02\/05\/transat-designo-a-jordi-sole-nuevo-presidente-de-la-nueva-division-hotelera-de-tansat-a-partir-del-20-de-febrero\/#breadcrumb\",\"itemListElement\":[{\"@type\":\"ListItem\",\"position\":1,\"name\":\"Inicio\",\"item\":\"https:\/\/nitu.mx\/\"},{\"@type\":\"ListItem\",\"position\":2,\"name\":\"Transat design\u00f3 a Jordi Sol\u00e9 presidente de la nueva divisi\u00f3n hotelera a partir del 20 de febrero\"}]},{\"@type\":\"WebSite\",\"@id\":\"https:\/\/nitu.mx\/#website\",\"url\":\"https:\/\/nitu.mx\/\",\"name\":\"Nitu - Noticias de la Industria Turistica\",\"description\":\"Noticias de la Industria Turistica\",\"publisher\":{\"@id\":\"https:\/\/nitu.mx\/#\/schema\/person\/ae7a53426417292d3dd07b45a33e01bc\"},\"alternateName\":\"Noticias de la Industria Turistica\",\"potentialAction\":[{\"@type\":\"SearchAction\",\"target\":{\"@type\":\"EntryPoint\",\"urlTemplate\":\"https:\/\/nitu.mx\/?s={search_term_string}\"},\"query-input\":\"required name=search_term_string\"}],\"inLanguage\":\"es-MX\"},{\"@type\":[\"Person\",\"Organization\"],\"@id\":\"https:\/\/nitu.mx\/#\/schema\/person\/ae7a53426417292d3dd07b45a33e01bc\",\"name\":\"Arturo Medina\",\"image\":{\"@type\":\"ImageObject\",\"inLanguage\":\"es-MX\",\"@id\":\"https:\/\/nitu.mx\/#\/schema\/person\/image\/\",\"url\":\"https:\/\/nitu.mx\/wp-content\/uploads\/2024\/04\/4A315622-1904-4D5C-B022-878CDC840E04-90x90-1.jpeg\",\"contentUrl\":\"https:\/\/nitu.mx\/wp-content\/uploads\/2024\/04\/4A315622-1904-4D5C-B022-878CDC840E04-90x90-1.jpeg\",\"width\":90,\"height\":90,\"caption\":\"Arturo Medina\"},\"logo\":{\"@id\":\"https:\/\/nitu.mx\/#\/schema\/person\/image\/\"},\"description\":\"Director NITU.mx, Egresado de la Escuela de Periodismo Carlos Septi\u00e9n Garc\u00eda. Periodista y analista especializado en turismo desde hace 35 a\u00f1os, radicado en Canc\u00fan Q.Roo. arturo@nitu.mx\",\"sameAs\":[\"https:\/\/nitu.mx\",\"https:\/\/www.facebook.com\/NITUmx\/\",\"medinacancun\",\"https:\/\/twitter.com\/@Arturo_Medina_G\"]},{\"@type\":\"Person\",\"@id\":\"https:\/\/nitu.mx\/#\/schema\/person\/4a28fe9bd65924f7c90623773daf1b0b\",\"name\":\"Redacci\u00f3n\",\"image\":{\"@type\":\"ImageObject\",\"inLanguage\":\"es-MX\",\"@id\":\"https:\/\/nitu.mx\/#\/schema\/person\/image\/\",\"url\":\"https:\/\/secure.gravatar.com\/avatar\/5dd011c8ccfc5cd7e4c81e42252aab38?s=96&d=mm&r=g\",\"contentUrl\":\"https:\/\/secure.gravatar.com\/avatar\/5dd011c8ccfc5cd7e4c81e42252aab38?s=96&d=mm&r=g\",\"caption\":\"Redacci\u00f3n\"},\"url\":\"https:\/\/nitu.mx\/index.php\/author\/redaccion\/\"}]}<\/script>\n<!-- \/ Yoast SEO plugin. -->","yoast_head_json":{"title":"Transat design\u00f3 a Jordi Sol\u00e9 presidente de la nueva divisi\u00f3n hotelera a partir del 20 de febrero - Nitu - Noticias de la Industria Turistica","description":"Jordi Sol\u00e9 ser\u00e1 quien dirija todas las operaciones de desarrollo hotelero de Transat en el Caribe y M\u00e9xico, mercados en donde ha estado presente.","robots":{"index":"index","follow":"follow","max-snippet":"max-snippet:-1","max-image-preview":"max-image-preview:large","max-video-preview":"max-video-preview:-1"},"canonical":"https:\/\/nitu.mx\/index.php\/2018\/02\/05\/transat-designo-a-jordi-sole-nuevo-presidente-de-la-nueva-division-hotelera-de-tansat-a-partir-del-20-de-febrero\/","twitter_card":"summary_large_image","twitter_title":"Transat design\u00f3 a Jordi Sol\u00e9 presidente de la nueva divisi\u00f3n hotelera a partir del 20 de febrero - Nitu - Noticias de la Industria Turistica","twitter_description":"Jordi Sol\u00e9 ser\u00e1 quien dirija todas las operaciones de desarrollo hotelero de Transat en el Caribe y M\u00e9xico, mercados en donde ha estado presente.","twitter_image":"https:\/\/nitu.mx\/wp-content\/uploads\/2018\/02\/Jordi-Sol\u00e9.jpg","twitter_creator":"@NITUmx","twitter_site":"@Arturo_Medina_G","twitter_misc":{"Escrito por":"Redacci\u00f3n","Tiempo de lectura":"2 minutos"},"schema":{"@context":"https:\/\/schema.org","@graph":[{"@type":"Article","@id":"https:\/\/nitu.mx\/index.php\/2018\/02\/05\/transat-designo-a-jordi-sole-nuevo-presidente-de-la-nueva-division-hotelera-de-tansat-a-partir-del-20-de-febrero\/#article","isPartOf":{"@id":"https:\/\/nitu.mx\/index.php\/2018\/02\/05\/transat-designo-a-jordi-sole-nuevo-presidente-de-la-nueva-division-hotelera-de-tansat-a-partir-del-20-de-febrero\/"},"author":{"name":"Redacci\u00f3n","@id":"https:\/\/nitu.mx\/#\/schema\/person\/4a28fe9bd65924f7c90623773daf1b0b"},"headline":"Transat design\u00f3 a Jordi Sol\u00e9 presidente de la nueva divisi\u00f3n hotelera a partir del 20 de febrero","datePublished":"2018-02-06T04:39:36+00:00","dateModified":"2018-02-06T05:06:50+00:00","mainEntityOfPage":{"@id":"https:\/\/nitu.mx\/index.php\/2018\/02\/05\/transat-designo-a-jordi-sole-nuevo-presidente-de-la-nueva-division-hotelera-de-tansat-a-partir-del-20-de-febrero\/"},"wordCount":355,"commentCount":0,"publisher":{"@id":"https:\/\/nitu.mx\/#\/schema\/person\/ae7a53426417292d3dd07b45a33e01bc"},"image":{"@id":"https:\/\/nitu.mx\/index.php\/2018\/02\/05\/transat-designo-a-jordi-sole-nuevo-presidente-de-la-nueva-division-hotelera-de-tansat-a-partir-del-20-de-febrero\/#primaryimage"},"thumbnailUrl":"https:\/\/nitu.mx\/wp-content\/uploads\/2018\/02\/Jordi-Sol\u00e9.jpg","keywords":["Blue Diamond Resorts","Caribe","Jordi Sol\u00e9","M\u00e9xico","Transat"],"articleSection":["Hoteles","Internacional"],"inLanguage":"es-MX","potentialAction":[{"@type":"CommentAction","name":"Comment","target":["https:\/\/nitu.mx\/index.php\/2018\/02\/05\/transat-designo-a-jordi-sole-nuevo-presidente-de-la-nueva-division-hotelera-de-tansat-a-partir-del-20-de-febrero\/#respond"]}]},{"@type":"WebPage","@id":"https:\/\/nitu.mx\/index.php\/2018\/02\/05\/transat-designo-a-jordi-sole-nuevo-presidente-de-la-nueva-division-hotelera-de-tansat-a-partir-del-20-de-febrero\/","url":"https:\/\/nitu.mx\/index.php\/2018\/02\/05\/transat-designo-a-jordi-sole-nuevo-presidente-de-la-nueva-division-hotelera-de-tansat-a-partir-del-20-de-febrero\/","name":"Transat design\u00f3 a Jordi Sol\u00e9 presidente de la nueva divisi\u00f3n hotelera a partir del 20 de febrero - Nitu - Noticias de la Industria Turistica","isPartOf":{"@id":"https:\/\/nitu.mx\/#website"},"primaryImageOfPage":{"@id":"https:\/\/nitu.mx\/index.php\/2018\/02\/05\/transat-designo-a-jordi-sole-nuevo-presidente-de-la-nueva-division-hotelera-de-tansat-a-partir-del-20-de-febrero\/#primaryimage"},"image":{"@id":"https:\/\/nitu.mx\/index.php\/2018\/02\/05\/transat-designo-a-jordi-sole-nuevo-presidente-de-la-nueva-division-hotelera-de-tansat-a-partir-del-20-de-febrero\/#primaryimage"},"thumbnailUrl":"https:\/\/nitu.mx\/wp-content\/uploads\/2018\/02\/Jordi-Sol\u00e9.jpg","datePublished":"2018-02-06T04:39:36+00:00","dateModified":"2018-02-06T05:06:50+00:00","description":"Jordi Sol\u00e9 ser\u00e1 quien dirija todas las operaciones de desarrollo hotelero de Transat en el Caribe y M\u00e9xico, mercados en donde ha estado presente.","breadcrumb":{"@id":"https:\/\/nitu.mx\/index.php\/2018\/02\/05\/transat-designo-a-jordi-sole-nuevo-presidente-de-la-nueva-division-hotelera-de-tansat-a-partir-del-20-de-febrero\/#breadcrumb"},"inLanguage":"es-MX","potentialAction":[{"@type":"ReadAction","target":["https:\/\/nitu.mx\/index.php\/2018\/02\/05\/transat-designo-a-jordi-sole-nuevo-presidente-de-la-nueva-division-hotelera-de-tansat-a-partir-del-20-de-febrero\/"]}]},{"@type":"ImageObject","inLanguage":"es-MX","@id":"https:\/\/nitu.mx\/index.php\/2018\/02\/05\/transat-designo-a-jordi-sole-nuevo-presidente-de-la-nueva-division-hotelera-de-tansat-a-partir-del-20-de-febrero\/#primaryimage","url":"https:\/\/nitu.mx\/wp-content\/uploads\/2018\/02\/Jordi-Sol\u00e9.jpg","contentUrl":"https:\/\/nitu.mx\/wp-content\/uploads\/2018\/02\/Jordi-Sol\u00e9.jpg","width":850,"height":480,"caption":"Transat"},{"@type":"BreadcrumbList","@id":"https:\/\/nitu.mx\/index.php\/2018\/02\/05\/transat-designo-a-jordi-sole-nuevo-presidente-de-la-nueva-division-hotelera-de-tansat-a-partir-del-20-de-febrero\/#breadcrumb","itemListElement":[{"@type":"ListItem","position":1,"name":"Inicio","item":"https:\/\/nitu.mx\/"},{"@type":"ListItem","position":2,"name":"Transat design\u00f3 a Jordi Sol\u00e9 presidente de la nueva divisi\u00f3n hotelera a partir del 20 de febrero"}]},{"@type":"WebSite","@id":"https:\/\/nitu.mx\/#website","url":"https:\/\/nitu.mx\/","name":"Nitu - Noticias de la Industria Turistica","description":"Noticias de la Industria Turistica","publisher":{"@id":"https:\/\/nitu.mx\/#\/schema\/person\/ae7a53426417292d3dd07b45a33e01bc"},"alternateName":"Noticias de la Industria Turistica","potentialAction":[{"@type":"SearchAction","target":{"@type":"EntryPoint","urlTemplate":"https:\/\/nitu.mx\/?s={search_term_string}"},"query-input":"required name=search_term_string"}],"inLanguage":"es-MX"},{"@type":["Person","Organization"],"@id":"https:\/\/nitu.mx\/#\/schema\/person\/ae7a53426417292d3dd07b45a33e01bc","name":"Arturo Medina","image":{"@type":"ImageObject","inLanguage":"es-MX","@id":"https:\/\/nitu.mx\/#\/schema\/person\/image\/","url":"https:\/\/nitu.mx\/wp-content\/uploads\/2024\/04\/4A315622-1904-4D5C-B022-878CDC840E04-90x90-1.jpeg","contentUrl":"https:\/\/nitu.mx\/wp-content\/uploads\/2024\/04\/4A315622-1904-4D5C-B022-878CDC840E04-90x90-1.jpeg","width":90,"height":90,"caption":"Arturo Medina"},"logo":{"@id":"https:\/\/nitu.mx\/#\/schema\/person\/image\/"},"description":"Director NITU.mx, Egresado de la Escuela de Periodismo Carlos Septi\u00e9n Garc\u00eda. Periodista y analista especializado en turismo desde hace 35 a\u00f1os, radicado en Canc\u00fan Q.Roo. arturo@nitu.mx","sameAs":["https:\/\/nitu.mx","https:\/\/www.facebook.com\/NITUmx\/","medinacancun","https:\/\/twitter.com\/@Arturo_Medina_G"]},{"@type":"Person","@id":"https:\/\/nitu.mx\/#\/schema\/person\/4a28fe9bd65924f7c90623773daf1b0b","name":"Redacci\u00f3n","image":{"@type":"ImageObject","inLanguage":"es-MX","@id":"https:\/\/nitu.mx\/#\/schema\/person\/image\/","url":"https:\/\/secure.gravatar.com\/avatar\/5dd011c8ccfc5cd7e4c81e42252aab38?s=96&d=mm&r=g","contentUrl":"https:\/\/secure.gravatar.com\/avatar\/5dd011c8ccfc5cd7e4c81e42252aab38?s=96&d=mm&r=g","caption":"Redacci\u00f3n"},"url":"https:\/\/nitu.mx\/index.php\/author\/redaccion\/"}]}},"views":524,"_links":{"self":[{"href":"https:\/\/nitu.mx\/index.php\/wp-json\/wp\/v2\/posts\/17237"}],"collection":[{"href":"https:\/\/nitu.mx\/index.php\/wp-json\/wp\/v2\/posts"}],"about":[{"href":"https:\/\/nitu.mx\/index.php\/wp-json\/wp\/v2\/types\/post"}],"author":[{"embeddable":true,"href":"https:\/\/nitu.mx\/index.php\/wp-json\/wp\/v2\/users\/17"}],"replies":[{"embeddable":true,"href":"https:\/\/nitu.mx\/index.php\/wp-json\/wp\/v2\/comments?post=17237"}],"version-history":[{"count":3,"href":"https:\/\/nitu.mx\/index.php\/wp-json\/wp\/v2\/posts\/17237\/revisions"}],"predecessor-version":[{"id":17263,"href":"https:\/\/nitu.mx\/index.php\/wp-json\/wp\/v2\/posts\/17237\/revisions\/17263"}],"wp:featuredmedia":[{"embeddable":true,"href":"https:\/\/nitu.mx\/index.php\/wp-json\/wp\/v2\/media\/17262"}],"wp:attachment":[{"href":"https:\/\/nitu.mx\/index.php\/wp-json\/wp\/v2\/media?parent=17237"}],"wp:term":[{"taxonomy":"category","embeddable":true,"href":"https:\/\/nitu.mx\/index.php\/wp-json\/wp\/v2\/categories?post=17237"},{"taxonomy":"post_tag","embeddable":true,"href":"https:\/\/nitu.mx\/index.php\/wp-json\/wp\/v2\/tags?post=17237"}],"curies":[{"name":"wp","href":"https:\/\/api.w.org\/{rel}","templated":true}]}}