{"id":17092,"date":"2018-01-29T23:57:56","date_gmt":"2018-01-30T04:57:56","guid":{"rendered":"http:\/\/www.dev.nitu.mx\/?p=17092"},"modified":"2018-01-30T01:02:03","modified_gmt":"2018-01-30T06:02:03","slug":"interjet-lanza-vuelos-a-san-francisco-via-cancun-y-guadalajara","status":"publish","type":"post","link":"https:\/\/nitu.mx\/index.php\/2018\/01\/29\/interjet-lanza-vuelos-a-san-francisco-via-cancun-y-guadalajara\/","title":{"rendered":"Interjet lanza vuelos a San Francisco v\u00eda Canc\u00fan y Guadalajara"},"content":{"rendered":"<p>A partir del 14 de marzo pr\u00f3ximo, Interjet comenzar\u00e1 operaciones de su nuevo servicio directo y sin escalas entre el aeropuerto internacional de San Francisco (SFO) y dos destinos en M\u00e9xico: se trata de las terminales de Canc\u00fan (CUN) y de Guadalajara (GUA).<\/p>\n<p><em><strong>NITU.mx<\/strong><\/em> inform\u00f3 el 11 de diciembre del a\u00f1o pasado, que el director Comercial Ejecutivo de Interjet, Julio Gamero, adelant\u00f3 que para el 2018, la aerol\u00ednea contar\u00eda con un portafolio de rutas m\u00e1s extenso, ya que se prev\u00e9 iniciar m\u00e1s destinos desde el interior de la Rep\u00fablica Mexicana hacia Estados Unidos y Latinoam\u00e9rica.\u00a0<a title=\"Interjet va por m\u00e1s rutas en M\u00e9xico, EU y Latam durante 2018\" href=\"http:\/\/www.dev.nitu.mx\/index.php\/2017\/12\/11\/interjet-va-por-mas-rutas-en-mexico-eu-y-latam-durante-2018\/\" rel=\"bookmark\">(Interjet va por m\u00e1s rutas en M\u00e9xico, EU y Latam durante 2018<\/a>).<\/p>\n<p>De acuerdo con un reporte de ATW, estas rutas sean operadas mediante equipos Airbus A320 con capacidad para 150 pasajeros.<\/p>\n<p>Asimismo, se prev\u00e9 que el itinerario sea de tres frecuencias a la semana, con salidas y regresos los martes, mi\u00e9rcoles y s\u00e1bados para ambas rutas.<\/p>\n<p>Este anuncio llega a s\u00f3lo un d\u00eda de que la autodenominada &#8220;aerol\u00ednea de alta eficiencia&#8221; presentara su nueva ruta desde la capital jaliscience hacia el aeropuerto O&#8217;Hare de Chicago.<\/p>\n<p>Con SFO ya suman 10 los aeropuertos en la Uni\u00f3n Americana a los que conecta Interjet, abarcando destinos como Houston, Las Vegas, Los \u00c1ngeles, Miami y Nueva York.<\/p>\n<p>As\u00ed, su red alcanz\u00f3 los 54 destinos, 20 de los cuales son ciudades de ocho pa\u00edses diferentes y el resto son de la Rep\u00fablica Mexicana.<\/p>\n","protected":false},"excerpt":{"rendered":"<p>A partir del 14 de marzo pr\u00f3ximo, Interjet comenzar\u00e1 operaciones de su nuevo servicio directo y sin escalas entre el aeropuerto internacional de San Francisco (SFO) y dos destinos en M\u00e9xico: se trata de las terminales de Canc\u00fan (CUN) y de Guadalajara (GUA). NITU.mx inform\u00f3 el 11 de diciembre del a\u00f1o pasado, que el director [&hellip;]<\/p>\n","protected":false},"author":17,"featured_media":17109,"comment_status":"open","ping_status":"open","sticky":false,"template":"","format":"standard","meta":{"footnotes":""},"categories":[29,7],"tags":[102,490,172,1524,7865,7866],"yoast_head":"<!-- This site is optimized with the Yoast SEO plugin v22.2 - https:\/\/yoast.com\/wordpress\/plugins\/seo\/ -->\n<title>Interjet lanza vuelos a San Francisco v\u00eda Canc\u00fan y Guadalajara - Nitu - Noticias de la Industria Turistica<\/title>\n<meta name=\"description\" content=\"A partir del 14 de marzo pr\u00f3ximo, Interjet comenzar\u00e1 operaciones de su nuevo servicio entre San Francisco (SFO) y Canc\u00fan (CUN) y de Guadalajara (GUA).\" \/>\n<meta name=\"robots\" content=\"index, follow, max-snippet:-1, max-image-preview:large, max-video-preview:-1\" \/>\n<link rel=\"canonical\" href=\"https:\/\/nitu.mx\/index.php\/2018\/01\/29\/interjet-lanza-vuelos-a-san-francisco-via-cancun-y-guadalajara\/\" \/>\n<meta name=\"twitter:card\" content=\"summary_large_image\" \/>\n<meta name=\"twitter:title\" content=\"Interjet lanza vuelos a San Francisco v\u00eda Canc\u00fan y Guadalajara - Nitu - Noticias de la Industria Turistica\" \/>\n<meta name=\"twitter:description\" content=\"A partir del 14 de marzo pr\u00f3ximo, Interjet comenzar\u00e1 operaciones de su nuevo servicio entre San Francisco (SFO) y Canc\u00fan (CUN) y de Guadalajara (GUA).\" \/>\n<meta name=\"twitter:image\" content=\"https:\/\/nitu.mx\/wp-content\/uploads\/2018\/01\/11interjet-848x478-1.jpg\" \/>\n<meta name=\"twitter:creator\" content=\"@NITUmx\" \/>\n<meta name=\"twitter:site\" content=\"@Arturo_Medina_G\" \/>\n<meta name=\"twitter:label1\" content=\"Escrito por\" \/>\n\t<meta name=\"twitter:data1\" content=\"Redacci\u00f3n\" \/>\n\t<meta name=\"twitter:label2\" content=\"Tiempo de lectura\" \/>\n\t<meta name=\"twitter:data2\" content=\"1 minuto\" \/>\n<script type=\"application\/ld+json\" class=\"yoast-schema-graph\">{\"@context\":\"https:\/\/schema.org\",\"@graph\":[{\"@type\":\"Article\",\"@id\":\"https:\/\/nitu.mx\/index.php\/2018\/01\/29\/interjet-lanza-vuelos-a-san-francisco-via-cancun-y-guadalajara\/#article\",\"isPartOf\":{\"@id\":\"https:\/\/nitu.mx\/index.php\/2018\/01\/29\/interjet-lanza-vuelos-a-san-francisco-via-cancun-y-guadalajara\/\"},\"author\":{\"name\":\"Redacci\u00f3n\",\"@id\":\"https:\/\/nitu.mx\/#\/schema\/person\/4a28fe9bd65924f7c90623773daf1b0b\"},\"headline\":\"Interjet lanza vuelos a San Francisco v\u00eda Canc\u00fan y Guadalajara\",\"datePublished\":\"2018-01-30T04:57:56+00:00\",\"dateModified\":\"2018-01-30T06:02:03+00:00\",\"mainEntityOfPage\":{\"@id\":\"https:\/\/nitu.mx\/index.php\/2018\/01\/29\/interjet-lanza-vuelos-a-san-francisco-via-cancun-y-guadalajara\/\"},\"wordCount\":260,\"commentCount\":0,\"publisher\":{\"@id\":\"https:\/\/nitu.mx\/#\/schema\/person\/ae7a53426417292d3dd07b45a33e01bc\"},\"image\":{\"@id\":\"https:\/\/nitu.mx\/index.php\/2018\/01\/29\/interjet-lanza-vuelos-a-san-francisco-via-cancun-y-guadalajara\/#primaryimage\"},\"thumbnailUrl\":\"https:\/\/nitu.mx\/wp-content\/uploads\/2018\/01\/11interjet-848x478-1.jpg\",\"keywords\":[\"Airbus A320\",\"Guadalajara\",\"Interjet\",\"San Francisco\",\"SFO\",\"terminales de Canc\u00fan\"],\"articleSection\":[\"Aerol\u00edneas\",\"Estados Unidos\"],\"inLanguage\":\"es-MX\",\"potentialAction\":[{\"@type\":\"CommentAction\",\"name\":\"Comment\",\"target\":[\"https:\/\/nitu.mx\/index.php\/2018\/01\/29\/interjet-lanza-vuelos-a-san-francisco-via-cancun-y-guadalajara\/#respond\"]}]},{\"@type\":\"WebPage\",\"@id\":\"https:\/\/nitu.mx\/index.php\/2018\/01\/29\/interjet-lanza-vuelos-a-san-francisco-via-cancun-y-guadalajara\/\",\"url\":\"https:\/\/nitu.mx\/index.php\/2018\/01\/29\/interjet-lanza-vuelos-a-san-francisco-via-cancun-y-guadalajara\/\",\"name\":\"Interjet lanza vuelos a San Francisco v\u00eda Canc\u00fan y Guadalajara - Nitu - Noticias de la Industria Turistica\",\"isPartOf\":{\"@id\":\"https:\/\/nitu.mx\/#website\"},\"primaryImageOfPage\":{\"@id\":\"https:\/\/nitu.mx\/index.php\/2018\/01\/29\/interjet-lanza-vuelos-a-san-francisco-via-cancun-y-guadalajara\/#primaryimage\"},\"image\":{\"@id\":\"https:\/\/nitu.mx\/index.php\/2018\/01\/29\/interjet-lanza-vuelos-a-san-francisco-via-cancun-y-guadalajara\/#primaryimage\"},\"thumbnailUrl\":\"https:\/\/nitu.mx\/wp-content\/uploads\/2018\/01\/11interjet-848x478-1.jpg\",\"datePublished\":\"2018-01-30T04:57:56+00:00\",\"dateModified\":\"2018-01-30T06:02:03+00:00\",\"description\":\"A partir del 14 de marzo pr\u00f3ximo, Interjet comenzar\u00e1 operaciones de su nuevo servicio entre San Francisco (SFO) y Canc\u00fan (CUN) y de Guadalajara (GUA).\",\"breadcrumb\":{\"@id\":\"https:\/\/nitu.mx\/index.php\/2018\/01\/29\/interjet-lanza-vuelos-a-san-francisco-via-cancun-y-guadalajara\/#breadcrumb\"},\"inLanguage\":\"es-MX\",\"potentialAction\":[{\"@type\":\"ReadAction\",\"target\":[\"https:\/\/nitu.mx\/index.php\/2018\/01\/29\/interjet-lanza-vuelos-a-san-francisco-via-cancun-y-guadalajara\/\"]}]},{\"@type\":\"ImageObject\",\"inLanguage\":\"es-MX\",\"@id\":\"https:\/\/nitu.mx\/index.php\/2018\/01\/29\/interjet-lanza-vuelos-a-san-francisco-via-cancun-y-guadalajara\/#primaryimage\",\"url\":\"https:\/\/nitu.mx\/wp-content\/uploads\/2018\/01\/11interjet-848x478-1.jpg\",\"contentUrl\":\"https:\/\/nitu.mx\/wp-content\/uploads\/2018\/01\/11interjet-848x478-1.jpg\",\"width\":850,\"height\":480,\"caption\":\"Interjet Vacations Sabre\"},{\"@type\":\"BreadcrumbList\",\"@id\":\"https:\/\/nitu.mx\/index.php\/2018\/01\/29\/interjet-lanza-vuelos-a-san-francisco-via-cancun-y-guadalajara\/#breadcrumb\",\"itemListElement\":[{\"@type\":\"ListItem\",\"position\":1,\"name\":\"Inicio\",\"item\":\"https:\/\/nitu.mx\/\"},{\"@type\":\"ListItem\",\"position\":2,\"name\":\"Interjet lanza vuelos a San Francisco v\u00eda Canc\u00fan y Guadalajara\"}]},{\"@type\":\"WebSite\",\"@id\":\"https:\/\/nitu.mx\/#website\",\"url\":\"https:\/\/nitu.mx\/\",\"name\":\"Nitu - Noticias de la Industria Turistica\",\"description\":\"Noticias de la Industria Turistica\",\"publisher\":{\"@id\":\"https:\/\/nitu.mx\/#\/schema\/person\/ae7a53426417292d3dd07b45a33e01bc\"},\"alternateName\":\"Noticias de la Industria Turistica\",\"potentialAction\":[{\"@type\":\"SearchAction\",\"target\":{\"@type\":\"EntryPoint\",\"urlTemplate\":\"https:\/\/nitu.mx\/?s={search_term_string}\"},\"query-input\":\"required name=search_term_string\"}],\"inLanguage\":\"es-MX\"},{\"@type\":[\"Person\",\"Organization\"],\"@id\":\"https:\/\/nitu.mx\/#\/schema\/person\/ae7a53426417292d3dd07b45a33e01bc\",\"name\":\"Arturo Medina\",\"image\":{\"@type\":\"ImageObject\",\"inLanguage\":\"es-MX\",\"@id\":\"https:\/\/nitu.mx\/#\/schema\/person\/image\/\",\"url\":\"https:\/\/nitu.mx\/wp-content\/uploads\/2024\/04\/4A315622-1904-4D5C-B022-878CDC840E04-90x90-1.jpeg\",\"contentUrl\":\"https:\/\/nitu.mx\/wp-content\/uploads\/2024\/04\/4A315622-1904-4D5C-B022-878CDC840E04-90x90-1.jpeg\",\"width\":90,\"height\":90,\"caption\":\"Arturo Medina\"},\"logo\":{\"@id\":\"https:\/\/nitu.mx\/#\/schema\/person\/image\/\"},\"description\":\"Director NITU.mx, Egresado de la Escuela de Periodismo Carlos Septi\u00e9n Garc\u00eda. Periodista y analista especializado en turismo desde hace 35 a\u00f1os, radicado en Canc\u00fan Q.Roo. arturo@nitu.mx\",\"sameAs\":[\"https:\/\/nitu.mx\",\"https:\/\/www.facebook.com\/NITUmx\/\",\"medinacancun\",\"https:\/\/twitter.com\/@Arturo_Medina_G\"]},{\"@type\":\"Person\",\"@id\":\"https:\/\/nitu.mx\/#\/schema\/person\/4a28fe9bd65924f7c90623773daf1b0b\",\"name\":\"Redacci\u00f3n\",\"image\":{\"@type\":\"ImageObject\",\"inLanguage\":\"es-MX\",\"@id\":\"https:\/\/nitu.mx\/#\/schema\/person\/image\/\",\"url\":\"https:\/\/secure.gravatar.com\/avatar\/5dd011c8ccfc5cd7e4c81e42252aab38?s=96&d=mm&r=g\",\"contentUrl\":\"https:\/\/secure.gravatar.com\/avatar\/5dd011c8ccfc5cd7e4c81e42252aab38?s=96&d=mm&r=g\",\"caption\":\"Redacci\u00f3n\"},\"url\":\"https:\/\/nitu.mx\/index.php\/author\/redaccion\/\"}]}<\/script>\n<!-- \/ Yoast SEO plugin. -->","yoast_head_json":{"title":"Interjet lanza vuelos a San Francisco v\u00eda Canc\u00fan y Guadalajara - Nitu - Noticias de la Industria Turistica","description":"A partir del 14 de marzo pr\u00f3ximo, Interjet comenzar\u00e1 operaciones de su nuevo servicio entre San Francisco (SFO) y Canc\u00fan (CUN) y de Guadalajara (GUA).","robots":{"index":"index","follow":"follow","max-snippet":"max-snippet:-1","max-image-preview":"max-image-preview:large","max-video-preview":"max-video-preview:-1"},"canonical":"https:\/\/nitu.mx\/index.php\/2018\/01\/29\/interjet-lanza-vuelos-a-san-francisco-via-cancun-y-guadalajara\/","twitter_card":"summary_large_image","twitter_title":"Interjet lanza vuelos a San Francisco v\u00eda Canc\u00fan y Guadalajara - Nitu - Noticias de la Industria Turistica","twitter_description":"A partir del 14 de marzo pr\u00f3ximo, Interjet comenzar\u00e1 operaciones de su nuevo servicio entre San Francisco (SFO) y Canc\u00fan (CUN) y de Guadalajara (GUA).","twitter_image":"https:\/\/nitu.mx\/wp-content\/uploads\/2018\/01\/11interjet-848x478-1.jpg","twitter_creator":"@NITUmx","twitter_site":"@Arturo_Medina_G","twitter_misc":{"Escrito por":"Redacci\u00f3n","Tiempo de lectura":"1 minuto"},"schema":{"@context":"https:\/\/schema.org","@graph":[{"@type":"Article","@id":"https:\/\/nitu.mx\/index.php\/2018\/01\/29\/interjet-lanza-vuelos-a-san-francisco-via-cancun-y-guadalajara\/#article","isPartOf":{"@id":"https:\/\/nitu.mx\/index.php\/2018\/01\/29\/interjet-lanza-vuelos-a-san-francisco-via-cancun-y-guadalajara\/"},"author":{"name":"Redacci\u00f3n","@id":"https:\/\/nitu.mx\/#\/schema\/person\/4a28fe9bd65924f7c90623773daf1b0b"},"headline":"Interjet lanza vuelos a San Francisco v\u00eda Canc\u00fan y Guadalajara","datePublished":"2018-01-30T04:57:56+00:00","dateModified":"2018-01-30T06:02:03+00:00","mainEntityOfPage":{"@id":"https:\/\/nitu.mx\/index.php\/2018\/01\/29\/interjet-lanza-vuelos-a-san-francisco-via-cancun-y-guadalajara\/"},"wordCount":260,"commentCount":0,"publisher":{"@id":"https:\/\/nitu.mx\/#\/schema\/person\/ae7a53426417292d3dd07b45a33e01bc"},"image":{"@id":"https:\/\/nitu.mx\/index.php\/2018\/01\/29\/interjet-lanza-vuelos-a-san-francisco-via-cancun-y-guadalajara\/#primaryimage"},"thumbnailUrl":"https:\/\/nitu.mx\/wp-content\/uploads\/2018\/01\/11interjet-848x478-1.jpg","keywords":["Airbus A320","Guadalajara","Interjet","San Francisco","SFO","terminales de Canc\u00fan"],"articleSection":["Aerol\u00edneas","Estados Unidos"],"inLanguage":"es-MX","potentialAction":[{"@type":"CommentAction","name":"Comment","target":["https:\/\/nitu.mx\/index.php\/2018\/01\/29\/interjet-lanza-vuelos-a-san-francisco-via-cancun-y-guadalajara\/#respond"]}]},{"@type":"WebPage","@id":"https:\/\/nitu.mx\/index.php\/2018\/01\/29\/interjet-lanza-vuelos-a-san-francisco-via-cancun-y-guadalajara\/","url":"https:\/\/nitu.mx\/index.php\/2018\/01\/29\/interjet-lanza-vuelos-a-san-francisco-via-cancun-y-guadalajara\/","name":"Interjet lanza vuelos a San Francisco v\u00eda Canc\u00fan y Guadalajara - Nitu - Noticias de la Industria Turistica","isPartOf":{"@id":"https:\/\/nitu.mx\/#website"},"primaryImageOfPage":{"@id":"https:\/\/nitu.mx\/index.php\/2018\/01\/29\/interjet-lanza-vuelos-a-san-francisco-via-cancun-y-guadalajara\/#primaryimage"},"image":{"@id":"https:\/\/nitu.mx\/index.php\/2018\/01\/29\/interjet-lanza-vuelos-a-san-francisco-via-cancun-y-guadalajara\/#primaryimage"},"thumbnailUrl":"https:\/\/nitu.mx\/wp-content\/uploads\/2018\/01\/11interjet-848x478-1.jpg","datePublished":"2018-01-30T04:57:56+00:00","dateModified":"2018-01-30T06:02:03+00:00","description":"A partir del 14 de marzo pr\u00f3ximo, Interjet comenzar\u00e1 operaciones de su nuevo servicio entre San Francisco (SFO) y Canc\u00fan (CUN) y de Guadalajara (GUA).","breadcrumb":{"@id":"https:\/\/nitu.mx\/index.php\/2018\/01\/29\/interjet-lanza-vuelos-a-san-francisco-via-cancun-y-guadalajara\/#breadcrumb"},"inLanguage":"es-MX","potentialAction":[{"@type":"ReadAction","target":["https:\/\/nitu.mx\/index.php\/2018\/01\/29\/interjet-lanza-vuelos-a-san-francisco-via-cancun-y-guadalajara\/"]}]},{"@type":"ImageObject","inLanguage":"es-MX","@id":"https:\/\/nitu.mx\/index.php\/2018\/01\/29\/interjet-lanza-vuelos-a-san-francisco-via-cancun-y-guadalajara\/#primaryimage","url":"https:\/\/nitu.mx\/wp-content\/uploads\/2018\/01\/11interjet-848x478-1.jpg","contentUrl":"https:\/\/nitu.mx\/wp-content\/uploads\/2018\/01\/11interjet-848x478-1.jpg","width":850,"height":480,"caption":"Interjet Vacations Sabre"},{"@type":"BreadcrumbList","@id":"https:\/\/nitu.mx\/index.php\/2018\/01\/29\/interjet-lanza-vuelos-a-san-francisco-via-cancun-y-guadalajara\/#breadcrumb","itemListElement":[{"@type":"ListItem","position":1,"name":"Inicio","item":"https:\/\/nitu.mx\/"},{"@type":"ListItem","position":2,"name":"Interjet lanza vuelos a San Francisco v\u00eda Canc\u00fan y Guadalajara"}]},{"@type":"WebSite","@id":"https:\/\/nitu.mx\/#website","url":"https:\/\/nitu.mx\/","name":"Nitu - Noticias de la Industria Turistica","description":"Noticias de la Industria Turistica","publisher":{"@id":"https:\/\/nitu.mx\/#\/schema\/person\/ae7a53426417292d3dd07b45a33e01bc"},"alternateName":"Noticias de la Industria Turistica","potentialAction":[{"@type":"SearchAction","target":{"@type":"EntryPoint","urlTemplate":"https:\/\/nitu.mx\/?s={search_term_string}"},"query-input":"required name=search_term_string"}],"inLanguage":"es-MX"},{"@type":["Person","Organization"],"@id":"https:\/\/nitu.mx\/#\/schema\/person\/ae7a53426417292d3dd07b45a33e01bc","name":"Arturo Medina","image":{"@type":"ImageObject","inLanguage":"es-MX","@id":"https:\/\/nitu.mx\/#\/schema\/person\/image\/","url":"https:\/\/nitu.mx\/wp-content\/uploads\/2024\/04\/4A315622-1904-4D5C-B022-878CDC840E04-90x90-1.jpeg","contentUrl":"https:\/\/nitu.mx\/wp-content\/uploads\/2024\/04\/4A315622-1904-4D5C-B022-878CDC840E04-90x90-1.jpeg","width":90,"height":90,"caption":"Arturo Medina"},"logo":{"@id":"https:\/\/nitu.mx\/#\/schema\/person\/image\/"},"description":"Director NITU.mx, Egresado de la Escuela de Periodismo Carlos Septi\u00e9n Garc\u00eda. Periodista y analista especializado en turismo desde hace 35 a\u00f1os, radicado en Canc\u00fan Q.Roo. arturo@nitu.mx","sameAs":["https:\/\/nitu.mx","https:\/\/www.facebook.com\/NITUmx\/","medinacancun","https:\/\/twitter.com\/@Arturo_Medina_G"]},{"@type":"Person","@id":"https:\/\/nitu.mx\/#\/schema\/person\/4a28fe9bd65924f7c90623773daf1b0b","name":"Redacci\u00f3n","image":{"@type":"ImageObject","inLanguage":"es-MX","@id":"https:\/\/nitu.mx\/#\/schema\/person\/image\/","url":"https:\/\/secure.gravatar.com\/avatar\/5dd011c8ccfc5cd7e4c81e42252aab38?s=96&d=mm&r=g","contentUrl":"https:\/\/secure.gravatar.com\/avatar\/5dd011c8ccfc5cd7e4c81e42252aab38?s=96&d=mm&r=g","caption":"Redacci\u00f3n"},"url":"https:\/\/nitu.mx\/index.php\/author\/redaccion\/"}]}},"views":348,"_links":{"self":[{"href":"https:\/\/nitu.mx\/index.php\/wp-json\/wp\/v2\/posts\/17092"}],"collection":[{"href":"https:\/\/nitu.mx\/index.php\/wp-json\/wp\/v2\/posts"}],"about":[{"href":"https:\/\/nitu.mx\/index.php\/wp-json\/wp\/v2\/types\/post"}],"author":[{"embeddable":true,"href":"https:\/\/nitu.mx\/index.php\/wp-json\/wp\/v2\/users\/17"}],"replies":[{"embeddable":true,"href":"https:\/\/nitu.mx\/index.php\/wp-json\/wp\/v2\/comments?post=17092"}],"version-history":[{"count":3,"href":"https:\/\/nitu.mx\/index.php\/wp-json\/wp\/v2\/posts\/17092\/revisions"}],"predecessor-version":[{"id":17110,"href":"https:\/\/nitu.mx\/index.php\/wp-json\/wp\/v2\/posts\/17092\/revisions\/17110"}],"wp:featuredmedia":[{"embeddable":true,"href":"https:\/\/nitu.mx\/index.php\/wp-json\/wp\/v2\/media\/17109"}],"wp:attachment":[{"href":"https:\/\/nitu.mx\/index.php\/wp-json\/wp\/v2\/media?parent=17092"}],"wp:term":[{"taxonomy":"category","embeddable":true,"href":"https:\/\/nitu.mx\/index.php\/wp-json\/wp\/v2\/categories?post=17092"},{"taxonomy":"post_tag","embeddable":true,"href":"https:\/\/nitu.mx\/index.php\/wp-json\/wp\/v2\/tags?post=17092"}],"curies":[{"name":"wp","href":"https:\/\/api.w.org\/{rel}","templated":true}]}}