{"id":17031,"date":"2018-01-29T00:27:56","date_gmt":"2018-01-29T05:27:56","guid":{"rendered":"http:\/\/www.dev.nitu.mx\/?p=17031"},"modified":"2018-01-29T01:26:31","modified_gmt":"2018-01-29T06:26:31","slug":"oasis-rechaza-regresar-asociacion-de-hoteles-de-cancun","status":"publish","type":"post","link":"https:\/\/nitu.mx\/index.php\/2018\/01\/29\/oasis-rechaza-regresar-asociacion-de-hoteles-de-cancun\/","title":{"rendered":"Oasis rechaza regresar a la Asociaci\u00f3n de Hoteles de Canc\u00fan"},"content":{"rendered":"<p>Grupo Oasis, la cadena espa\u00f1ola de Pedro Pueyo, ha decidido que no regresar\u00e1 a formar parte de la Asociaci\u00f3n de Hoteles de Canc\u00fan y Puerto Morelos (AHC&amp;PM), por considerar que no representa sus intereses, esto a pesar del prop\u00f3sito de su nuevo presidente, Roberto Cintr\u00f3n G\u00f3mez de incrementar la presencia de las cadenas espa\u00f1olas.\u00a0(<a title=\"Con Roberto Cintr\u00f3n las cadenas espa\u00f1olas se sumar\u00e1n a la AHC\" href=\"http:\/\/www.dev.nitu.mx\/index.php\/2017\/12\/08\/con-roberto-cintron-las-cadenas-espanolas-se-sumaran-a-la-ahc\/\" rel=\"bookmark\">Con Roberto Cintr\u00f3n las cadenas espa\u00f1olas se sumar\u00e1n a la AHC<\/a>).<\/p>\n<p>Fue en febrero del 2015 que en una carta dirigida al arquitecto Carlos Gosselin, presidente de la Asociaci\u00f3n de Hoteles de Canc\u00fan, el Grupo Oasis anunci\u00f3 su salida del organismo por \u201cevidentes transgresiones a los estatutos de la misma\u201d.<\/p>\n<p>El comunicado firmado por el director general del Grupo Oasis, Guillermo Portella Mur, mencionaba estar en desacuerdo en la propuesta de que Carlos Gosselin alargar\u00eda su interinato hasta finales de ese a\u00f1o.<\/p>\n<p>Se\u00f1alaban que en una votaci\u00f3n \u201ca mano alzada\u201d se omiti\u00f3 la identificaci\u00f3n p\u00fablica y transparente de la acreditaci\u00f3n o representaci\u00f3n legal de cada votante, as\u00ed como el conteo p\u00fablico del n\u00famero de cuartos con el que cada uno de los \u201csupuestos\u201d representantes legales de los \u201csupuestos\u201d Asociados Activos, lo que consideraban violaci\u00f3n a los estatutos y dejaban el organismo.<\/p>\n<p>Aunque uno de los principales objetivos de Roberto Cintr\u00f3n G\u00f3mez, al mando de la Asociaci\u00f3n de Hoteles de Canc\u00fan y Puerto Morelos, ser\u00e1 aumentar su representatividad, ya que asegur\u00f3 que ya est\u00e1 amarrada la participaci\u00f3n de las cadenas hoteleras espa\u00f1olas como RIU, Iberostar, Meli\u00e1, Palladium y algunos otros a trav\u00e9s de Inverotel que los representa en el Caribe, y que dirige Ram\u00f3n Rosell\u00f3.<\/p>\n<p>Empero, fuentes cercanas a <em><strong>NITU.mx<\/strong><\/em>, aseguraron que a esta lista no se sumar\u00e1 Grupo Oasis, ya que pertenecen tambi\u00e9n a la Asociaci\u00f3n de Hoteles de la Riviera Maya, por su propiedad en Akumal. Adem\u00e1s de que su director general es Jean Agarrista, quien ha sido durante varios a\u00f1os presidente del mencionado organismo hotelero.<\/p>\n<p>La cadena espa\u00f1ola hotelera Oasis Hotels &amp; Resorts cuenta con modernos hoteles en Canc\u00fan y suman nueve em territorio quintanarroense que suman 3 mil 200 llaves.<\/p>\n<p>El primero de ellos y m\u00e1s conocido es el Hotel The Pyramid at Grand Oasis con 232 habitaciones; el Hotel Grand Oasis Canc\u00fan con mil 320 habitaciones; el Oasis Canc\u00fan Lite con 192 llaves; Oasis Palm con 470 cuartos; Oasis Smart Canc\u00fan con 178 habitaciones; Grand Oasis Sens con 337 llaves; Grand Oasis Palm de 345 cuartos; el Hotel Oh! The Urban Oasis 52 y The Sian Kaan and Grand Oasis Tulum en Akumal Riviera Maya con 76 cuartos.<\/p>\n","protected":false},"excerpt":{"rendered":"<p>Grupo Oasis, la cadena espa\u00f1ola de Pedro Pueyo, ha decidido que no regresar\u00e1 a formar parte de la Asociaci\u00f3n de Hoteles de Canc\u00fan y Puerto Morelos (AHC&amp;PM), por considerar que no representa sus intereses, esto a pesar del prop\u00f3sito de su nuevo presidente, Roberto Cintr\u00f3n G\u00f3mez de incrementar la presencia de las cadenas espa\u00f1olas.\u00a0(Con Roberto [&hellip;]<\/p>\n","protected":false},"author":3,"featured_media":17055,"comment_status":"open","ping_status":"open","sticky":false,"template":"","format":"standard","meta":{"footnotes":""},"categories":[5,2],"tags":[357,1224,7828,7826,7825,7827],"yoast_head":"<!-- This site is optimized with the Yoast SEO plugin v22.2 - https:\/\/yoast.com\/wordpress\/plugins\/seo\/ -->\n<title>Oasis rechaza regresar a la Asociaci\u00f3n de Hoteles de Canc\u00fan - Nitu - Noticias de la Industria Turistica<\/title>\n<meta name=\"description\" content=\"Grupo Oasis, la cadena espa\u00f1ola de Pedro Pueyo, ha decidido que no regresar\u00e1 a formar parte de la Asociaci\u00f3n de Hoteles de Canc\u00fan y Puerto Morelos\" \/>\n<meta name=\"robots\" content=\"index, follow, max-snippet:-1, max-image-preview:large, max-video-preview:-1\" \/>\n<link rel=\"canonical\" href=\"https:\/\/nitu.mx\/index.php\/2018\/01\/29\/oasis-rechaza-regresar-asociacion-de-hoteles-de-cancun\/\" \/>\n<meta name=\"twitter:card\" content=\"summary_large_image\" \/>\n<meta name=\"twitter:title\" content=\"Oasis rechaza regresar a la Asociaci\u00f3n de Hoteles de Canc\u00fan - Nitu - Noticias de la Industria Turistica\" \/>\n<meta name=\"twitter:description\" content=\"Grupo Oasis, la cadena espa\u00f1ola de Pedro Pueyo, ha decidido que no regresar\u00e1 a formar parte de la Asociaci\u00f3n de Hoteles de Canc\u00fan y Puerto Morelos\" \/>\n<meta name=\"twitter:image\" content=\"https:\/\/nitu.mx\/wp-content\/uploads\/2018\/01\/Oasis-asociacion-hoteles-cancun.jpg\" \/>\n<meta name=\"twitter:creator\" content=\"@NITUmx\" \/>\n<meta name=\"twitter:site\" content=\"@Arturo_Medina_G\" \/>\n<meta name=\"twitter:label1\" content=\"Escrito por\" \/>\n\t<meta name=\"twitter:data1\" content=\"Alejandra Moncisbays\" \/>\n\t<meta name=\"twitter:label2\" content=\"Tiempo de lectura\" \/>\n\t<meta name=\"twitter:data2\" content=\"2 minutos\" \/>\n<script type=\"application\/ld+json\" class=\"yoast-schema-graph\">{\"@context\":\"https:\/\/schema.org\",\"@graph\":[{\"@type\":\"Article\",\"@id\":\"https:\/\/nitu.mx\/index.php\/2018\/01\/29\/oasis-rechaza-regresar-asociacion-de-hoteles-de-cancun\/#article\",\"isPartOf\":{\"@id\":\"https:\/\/nitu.mx\/index.php\/2018\/01\/29\/oasis-rechaza-regresar-asociacion-de-hoteles-de-cancun\/\"},\"author\":{\"name\":\"Alejandra Moncisbays\",\"@id\":\"https:\/\/nitu.mx\/#\/schema\/person\/2ecd887b19dfd3382d1f14fc5acf24a8\"},\"headline\":\"Oasis rechaza regresar a la Asociaci\u00f3n de Hoteles de Canc\u00fan\",\"datePublished\":\"2018-01-29T05:27:56+00:00\",\"dateModified\":\"2018-01-29T06:26:31+00:00\",\"mainEntityOfPage\":{\"@id\":\"https:\/\/nitu.mx\/index.php\/2018\/01\/29\/oasis-rechaza-regresar-asociacion-de-hoteles-de-cancun\/\"},\"wordCount\":460,\"commentCount\":0,\"publisher\":{\"@id\":\"https:\/\/nitu.mx\/#\/schema\/person\/ae7a53426417292d3dd07b45a33e01bc\"},\"image\":{\"@id\":\"https:\/\/nitu.mx\/index.php\/2018\/01\/29\/oasis-rechaza-regresar-asociacion-de-hoteles-de-cancun\/#primaryimage\"},\"thumbnailUrl\":\"https:\/\/nitu.mx\/wp-content\/uploads\/2018\/01\/Oasis-asociacion-hoteles-cancun.jpg\",\"keywords\":[\"Carlos Gosselin\",\"Grupo Oasis\",\"Guillermo Portella Mur\",\"Hotel Grand Oasis\",\"Hotel The Pyramid at Grand Oasis\",\"The Sian Kaan and Grand Oasis Tulum en Akumal Riviera Maya\"],\"articleSection\":[\"Destinos\",\"Hoteles\"],\"inLanguage\":\"es-MX\",\"potentialAction\":[{\"@type\":\"CommentAction\",\"name\":\"Comment\",\"target\":[\"https:\/\/nitu.mx\/index.php\/2018\/01\/29\/oasis-rechaza-regresar-asociacion-de-hoteles-de-cancun\/#respond\"]}]},{\"@type\":\"WebPage\",\"@id\":\"https:\/\/nitu.mx\/index.php\/2018\/01\/29\/oasis-rechaza-regresar-asociacion-de-hoteles-de-cancun\/\",\"url\":\"https:\/\/nitu.mx\/index.php\/2018\/01\/29\/oasis-rechaza-regresar-asociacion-de-hoteles-de-cancun\/\",\"name\":\"Oasis rechaza regresar a la Asociaci\u00f3n de Hoteles de Canc\u00fan - Nitu - Noticias de la Industria Turistica\",\"isPartOf\":{\"@id\":\"https:\/\/nitu.mx\/#website\"},\"primaryImageOfPage\":{\"@id\":\"https:\/\/nitu.mx\/index.php\/2018\/01\/29\/oasis-rechaza-regresar-asociacion-de-hoteles-de-cancun\/#primaryimage\"},\"image\":{\"@id\":\"https:\/\/nitu.mx\/index.php\/2018\/01\/29\/oasis-rechaza-regresar-asociacion-de-hoteles-de-cancun\/#primaryimage\"},\"thumbnailUrl\":\"https:\/\/nitu.mx\/wp-content\/uploads\/2018\/01\/Oasis-asociacion-hoteles-cancun.jpg\",\"datePublished\":\"2018-01-29T05:27:56+00:00\",\"dateModified\":\"2018-01-29T06:26:31+00:00\",\"description\":\"Grupo Oasis, la cadena espa\u00f1ola de Pedro Pueyo, ha decidido que no regresar\u00e1 a formar parte de la Asociaci\u00f3n de Hoteles de Canc\u00fan y Puerto Morelos\",\"breadcrumb\":{\"@id\":\"https:\/\/nitu.mx\/index.php\/2018\/01\/29\/oasis-rechaza-regresar-asociacion-de-hoteles-de-cancun\/#breadcrumb\"},\"inLanguage\":\"es-MX\",\"potentialAction\":[{\"@type\":\"ReadAction\",\"target\":[\"https:\/\/nitu.mx\/index.php\/2018\/01\/29\/oasis-rechaza-regresar-asociacion-de-hoteles-de-cancun\/\"]}]},{\"@type\":\"ImageObject\",\"inLanguage\":\"es-MX\",\"@id\":\"https:\/\/nitu.mx\/index.php\/2018\/01\/29\/oasis-rechaza-regresar-asociacion-de-hoteles-de-cancun\/#primaryimage\",\"url\":\"https:\/\/nitu.mx\/wp-content\/uploads\/2018\/01\/Oasis-asociacion-hoteles-cancun.jpg\",\"contentUrl\":\"https:\/\/nitu.mx\/wp-content\/uploads\/2018\/01\/Oasis-asociacion-hoteles-cancun.jpg\",\"width\":850,\"height\":480,\"caption\":\"Oasis asociacion hoteles cancun\"},{\"@type\":\"BreadcrumbList\",\"@id\":\"https:\/\/nitu.mx\/index.php\/2018\/01\/29\/oasis-rechaza-regresar-asociacion-de-hoteles-de-cancun\/#breadcrumb\",\"itemListElement\":[{\"@type\":\"ListItem\",\"position\":1,\"name\":\"Inicio\",\"item\":\"https:\/\/nitu.mx\/\"},{\"@type\":\"ListItem\",\"position\":2,\"name\":\"Oasis rechaza regresar a la Asociaci\u00f3n de Hoteles de Canc\u00fan\"}]},{\"@type\":\"WebSite\",\"@id\":\"https:\/\/nitu.mx\/#website\",\"url\":\"https:\/\/nitu.mx\/\",\"name\":\"Nitu - Noticias de la Industria Turistica\",\"description\":\"Noticias de la Industria Turistica\",\"publisher\":{\"@id\":\"https:\/\/nitu.mx\/#\/schema\/person\/ae7a53426417292d3dd07b45a33e01bc\"},\"alternateName\":\"Noticias de la Industria Turistica\",\"potentialAction\":[{\"@type\":\"SearchAction\",\"target\":{\"@type\":\"EntryPoint\",\"urlTemplate\":\"https:\/\/nitu.mx\/?s={search_term_string}\"},\"query-input\":\"required name=search_term_string\"}],\"inLanguage\":\"es-MX\"},{\"@type\":[\"Person\",\"Organization\"],\"@id\":\"https:\/\/nitu.mx\/#\/schema\/person\/ae7a53426417292d3dd07b45a33e01bc\",\"name\":\"Arturo Medina\",\"image\":{\"@type\":\"ImageObject\",\"inLanguage\":\"es-MX\",\"@id\":\"https:\/\/nitu.mx\/#\/schema\/person\/image\/\",\"url\":\"https:\/\/nitu.mx\/wp-content\/uploads\/2024\/04\/4A315622-1904-4D5C-B022-878CDC840E04-90x90-1.jpeg\",\"contentUrl\":\"https:\/\/nitu.mx\/wp-content\/uploads\/2024\/04\/4A315622-1904-4D5C-B022-878CDC840E04-90x90-1.jpeg\",\"width\":90,\"height\":90,\"caption\":\"Arturo Medina\"},\"logo\":{\"@id\":\"https:\/\/nitu.mx\/#\/schema\/person\/image\/\"},\"description\":\"Director NITU.mx, Egresado de la Escuela de Periodismo Carlos Septi\u00e9n Garc\u00eda. Periodista y analista especializado en turismo desde hace 35 a\u00f1os, radicado en Canc\u00fan Q.Roo. arturo@nitu.mx\",\"sameAs\":[\"https:\/\/nitu.mx\",\"https:\/\/www.facebook.com\/NITUmx\/\",\"medinacancun\",\"https:\/\/twitter.com\/@Arturo_Medina_G\"]},{\"@type\":\"Person\",\"@id\":\"https:\/\/nitu.mx\/#\/schema\/person\/2ecd887b19dfd3382d1f14fc5acf24a8\",\"name\":\"Alejandra Moncisbays\",\"image\":{\"@type\":\"ImageObject\",\"inLanguage\":\"es-MX\",\"@id\":\"https:\/\/nitu.mx\/#\/schema\/person\/image\/\",\"url\":\"https:\/\/secure.gravatar.com\/avatar\/e74f7af0be172b7804dacfd0bfbef787?s=96&d=mm&r=g\",\"contentUrl\":\"https:\/\/secure.gravatar.com\/avatar\/e74f7af0be172b7804dacfd0bfbef787?s=96&d=mm&r=g\",\"caption\":\"Alejandra Moncisbays\"},\"description\":\"Curs\u00e9 la carrera de Periodismo y Comunicaci\u00f3n en la Facultad de Estudios Profesionales Acatl\u00e1n. Vivo en Canc\u00fan desde hace 24 a\u00f1os. Fui reportera de La Tarde de Canc\u00fan, y Novedades de Quintana Roo, colabor\u00e9 en TVCUN, edit\u00e9 Cancun\u00edssimo y colabor\u00e9 en las revistas Latitud21, entre otras, con principal enfoque en los sectores empresarial y tur\u00edstico. Desde hace varios a\u00f1os soy Agente de Seguros con c\u00e9dula de la Comisi\u00f3n Nacional de Seguros y Fianzas. Actualmente, me desarrollo en los \u00e1mbitos del periodismo y el sector asegurador.\",\"sameAs\":[\"https:\/\/nitu.mx\"],\"url\":\"https:\/\/nitu.mx\/index.php\/author\/alejandra\/\"}]}<\/script>\n<!-- \/ Yoast SEO plugin. -->","yoast_head_json":{"title":"Oasis rechaza regresar a la Asociaci\u00f3n de Hoteles de Canc\u00fan - Nitu - Noticias de la Industria Turistica","description":"Grupo Oasis, la cadena espa\u00f1ola de Pedro Pueyo, ha decidido que no regresar\u00e1 a formar parte de la Asociaci\u00f3n de Hoteles de Canc\u00fan y Puerto Morelos","robots":{"index":"index","follow":"follow","max-snippet":"max-snippet:-1","max-image-preview":"max-image-preview:large","max-video-preview":"max-video-preview:-1"},"canonical":"https:\/\/nitu.mx\/index.php\/2018\/01\/29\/oasis-rechaza-regresar-asociacion-de-hoteles-de-cancun\/","twitter_card":"summary_large_image","twitter_title":"Oasis rechaza regresar a la Asociaci\u00f3n de Hoteles de Canc\u00fan - Nitu - Noticias de la Industria Turistica","twitter_description":"Grupo Oasis, la cadena espa\u00f1ola de Pedro Pueyo, ha decidido que no regresar\u00e1 a formar parte de la Asociaci\u00f3n de Hoteles de Canc\u00fan y Puerto Morelos","twitter_image":"https:\/\/nitu.mx\/wp-content\/uploads\/2018\/01\/Oasis-asociacion-hoteles-cancun.jpg","twitter_creator":"@NITUmx","twitter_site":"@Arturo_Medina_G","twitter_misc":{"Escrito por":"Alejandra Moncisbays","Tiempo de lectura":"2 minutos"},"schema":{"@context":"https:\/\/schema.org","@graph":[{"@type":"Article","@id":"https:\/\/nitu.mx\/index.php\/2018\/01\/29\/oasis-rechaza-regresar-asociacion-de-hoteles-de-cancun\/#article","isPartOf":{"@id":"https:\/\/nitu.mx\/index.php\/2018\/01\/29\/oasis-rechaza-regresar-asociacion-de-hoteles-de-cancun\/"},"author":{"name":"Alejandra Moncisbays","@id":"https:\/\/nitu.mx\/#\/schema\/person\/2ecd887b19dfd3382d1f14fc5acf24a8"},"headline":"Oasis rechaza regresar a la Asociaci\u00f3n de Hoteles de Canc\u00fan","datePublished":"2018-01-29T05:27:56+00:00","dateModified":"2018-01-29T06:26:31+00:00","mainEntityOfPage":{"@id":"https:\/\/nitu.mx\/index.php\/2018\/01\/29\/oasis-rechaza-regresar-asociacion-de-hoteles-de-cancun\/"},"wordCount":460,"commentCount":0,"publisher":{"@id":"https:\/\/nitu.mx\/#\/schema\/person\/ae7a53426417292d3dd07b45a33e01bc"},"image":{"@id":"https:\/\/nitu.mx\/index.php\/2018\/01\/29\/oasis-rechaza-regresar-asociacion-de-hoteles-de-cancun\/#primaryimage"},"thumbnailUrl":"https:\/\/nitu.mx\/wp-content\/uploads\/2018\/01\/Oasis-asociacion-hoteles-cancun.jpg","keywords":["Carlos Gosselin","Grupo Oasis","Guillermo Portella Mur","Hotel Grand Oasis","Hotel The Pyramid at Grand Oasis","The Sian Kaan and Grand Oasis Tulum en Akumal Riviera Maya"],"articleSection":["Destinos","Hoteles"],"inLanguage":"es-MX","potentialAction":[{"@type":"CommentAction","name":"Comment","target":["https:\/\/nitu.mx\/index.php\/2018\/01\/29\/oasis-rechaza-regresar-asociacion-de-hoteles-de-cancun\/#respond"]}]},{"@type":"WebPage","@id":"https:\/\/nitu.mx\/index.php\/2018\/01\/29\/oasis-rechaza-regresar-asociacion-de-hoteles-de-cancun\/","url":"https:\/\/nitu.mx\/index.php\/2018\/01\/29\/oasis-rechaza-regresar-asociacion-de-hoteles-de-cancun\/","name":"Oasis rechaza regresar a la Asociaci\u00f3n de Hoteles de Canc\u00fan - Nitu - Noticias de la Industria Turistica","isPartOf":{"@id":"https:\/\/nitu.mx\/#website"},"primaryImageOfPage":{"@id":"https:\/\/nitu.mx\/index.php\/2018\/01\/29\/oasis-rechaza-regresar-asociacion-de-hoteles-de-cancun\/#primaryimage"},"image":{"@id":"https:\/\/nitu.mx\/index.php\/2018\/01\/29\/oasis-rechaza-regresar-asociacion-de-hoteles-de-cancun\/#primaryimage"},"thumbnailUrl":"https:\/\/nitu.mx\/wp-content\/uploads\/2018\/01\/Oasis-asociacion-hoteles-cancun.jpg","datePublished":"2018-01-29T05:27:56+00:00","dateModified":"2018-01-29T06:26:31+00:00","description":"Grupo Oasis, la cadena espa\u00f1ola de Pedro Pueyo, ha decidido que no regresar\u00e1 a formar parte de la Asociaci\u00f3n de Hoteles de Canc\u00fan y Puerto Morelos","breadcrumb":{"@id":"https:\/\/nitu.mx\/index.php\/2018\/01\/29\/oasis-rechaza-regresar-asociacion-de-hoteles-de-cancun\/#breadcrumb"},"inLanguage":"es-MX","potentialAction":[{"@type":"ReadAction","target":["https:\/\/nitu.mx\/index.php\/2018\/01\/29\/oasis-rechaza-regresar-asociacion-de-hoteles-de-cancun\/"]}]},{"@type":"ImageObject","inLanguage":"es-MX","@id":"https:\/\/nitu.mx\/index.php\/2018\/01\/29\/oasis-rechaza-regresar-asociacion-de-hoteles-de-cancun\/#primaryimage","url":"https:\/\/nitu.mx\/wp-content\/uploads\/2018\/01\/Oasis-asociacion-hoteles-cancun.jpg","contentUrl":"https:\/\/nitu.mx\/wp-content\/uploads\/2018\/01\/Oasis-asociacion-hoteles-cancun.jpg","width":850,"height":480,"caption":"Oasis asociacion hoteles cancun"},{"@type":"BreadcrumbList","@id":"https:\/\/nitu.mx\/index.php\/2018\/01\/29\/oasis-rechaza-regresar-asociacion-de-hoteles-de-cancun\/#breadcrumb","itemListElement":[{"@type":"ListItem","position":1,"name":"Inicio","item":"https:\/\/nitu.mx\/"},{"@type":"ListItem","position":2,"name":"Oasis rechaza regresar a la Asociaci\u00f3n de Hoteles de Canc\u00fan"}]},{"@type":"WebSite","@id":"https:\/\/nitu.mx\/#website","url":"https:\/\/nitu.mx\/","name":"Nitu - Noticias de la Industria Turistica","description":"Noticias de la Industria Turistica","publisher":{"@id":"https:\/\/nitu.mx\/#\/schema\/person\/ae7a53426417292d3dd07b45a33e01bc"},"alternateName":"Noticias de la Industria Turistica","potentialAction":[{"@type":"SearchAction","target":{"@type":"EntryPoint","urlTemplate":"https:\/\/nitu.mx\/?s={search_term_string}"},"query-input":"required name=search_term_string"}],"inLanguage":"es-MX"},{"@type":["Person","Organization"],"@id":"https:\/\/nitu.mx\/#\/schema\/person\/ae7a53426417292d3dd07b45a33e01bc","name":"Arturo Medina","image":{"@type":"ImageObject","inLanguage":"es-MX","@id":"https:\/\/nitu.mx\/#\/schema\/person\/image\/","url":"https:\/\/nitu.mx\/wp-content\/uploads\/2024\/04\/4A315622-1904-4D5C-B022-878CDC840E04-90x90-1.jpeg","contentUrl":"https:\/\/nitu.mx\/wp-content\/uploads\/2024\/04\/4A315622-1904-4D5C-B022-878CDC840E04-90x90-1.jpeg","width":90,"height":90,"caption":"Arturo Medina"},"logo":{"@id":"https:\/\/nitu.mx\/#\/schema\/person\/image\/"},"description":"Director NITU.mx, Egresado de la Escuela de Periodismo Carlos Septi\u00e9n Garc\u00eda. Periodista y analista especializado en turismo desde hace 35 a\u00f1os, radicado en Canc\u00fan Q.Roo. arturo@nitu.mx","sameAs":["https:\/\/nitu.mx","https:\/\/www.facebook.com\/NITUmx\/","medinacancun","https:\/\/twitter.com\/@Arturo_Medina_G"]},{"@type":"Person","@id":"https:\/\/nitu.mx\/#\/schema\/person\/2ecd887b19dfd3382d1f14fc5acf24a8","name":"Alejandra Moncisbays","image":{"@type":"ImageObject","inLanguage":"es-MX","@id":"https:\/\/nitu.mx\/#\/schema\/person\/image\/","url":"https:\/\/secure.gravatar.com\/avatar\/e74f7af0be172b7804dacfd0bfbef787?s=96&d=mm&r=g","contentUrl":"https:\/\/secure.gravatar.com\/avatar\/e74f7af0be172b7804dacfd0bfbef787?s=96&d=mm&r=g","caption":"Alejandra Moncisbays"},"description":"Curs\u00e9 la carrera de Periodismo y Comunicaci\u00f3n en la Facultad de Estudios Profesionales Acatl\u00e1n. Vivo en Canc\u00fan desde hace 24 a\u00f1os. Fui reportera de La Tarde de Canc\u00fan, y Novedades de Quintana Roo, colabor\u00e9 en TVCUN, edit\u00e9 Cancun\u00edssimo y colabor\u00e9 en las revistas Latitud21, entre otras, con principal enfoque en los sectores empresarial y tur\u00edstico. Desde hace varios a\u00f1os soy Agente de Seguros con c\u00e9dula de la Comisi\u00f3n Nacional de Seguros y Fianzas. Actualmente, me desarrollo en los \u00e1mbitos del periodismo y el sector asegurador.","sameAs":["https:\/\/nitu.mx"],"url":"https:\/\/nitu.mx\/index.php\/author\/alejandra\/"}]}},"views":1240,"_links":{"self":[{"href":"https:\/\/nitu.mx\/index.php\/wp-json\/wp\/v2\/posts\/17031"}],"collection":[{"href":"https:\/\/nitu.mx\/index.php\/wp-json\/wp\/v2\/posts"}],"about":[{"href":"https:\/\/nitu.mx\/index.php\/wp-json\/wp\/v2\/types\/post"}],"author":[{"embeddable":true,"href":"https:\/\/nitu.mx\/index.php\/wp-json\/wp\/v2\/users\/3"}],"replies":[{"embeddable":true,"href":"https:\/\/nitu.mx\/index.php\/wp-json\/wp\/v2\/comments?post=17031"}],"version-history":[{"count":5,"href":"https:\/\/nitu.mx\/index.php\/wp-json\/wp\/v2\/posts\/17031\/revisions"}],"predecessor-version":[{"id":17056,"href":"https:\/\/nitu.mx\/index.php\/wp-json\/wp\/v2\/posts\/17031\/revisions\/17056"}],"wp:featuredmedia":[{"embeddable":true,"href":"https:\/\/nitu.mx\/index.php\/wp-json\/wp\/v2\/media\/17055"}],"wp:attachment":[{"href":"https:\/\/nitu.mx\/index.php\/wp-json\/wp\/v2\/media?parent=17031"}],"wp:term":[{"taxonomy":"category","embeddable":true,"href":"https:\/\/nitu.mx\/index.php\/wp-json\/wp\/v2\/categories?post=17031"},{"taxonomy":"post_tag","embeddable":true,"href":"https:\/\/nitu.mx\/index.php\/wp-json\/wp\/v2\/tags?post=17031"}],"curies":[{"name":"wp","href":"https:\/\/api.w.org\/{rel}","templated":true}]}}