{"id":17029,"date":"2018-01-29T01:04:53","date_gmt":"2018-01-29T06:04:53","guid":{"rendered":"http:\/\/www.dev.nitu.mx\/?p=17029"},"modified":"2018-01-29T01:26:49","modified_gmt":"2018-01-29T06:26:49","slug":"izzzleep-se-expandira-la-t2-del-aicm-busca-llegar-otras-ciudades-del-pais","status":"publish","type":"post","link":"https:\/\/nitu.mx\/index.php\/2018\/01\/29\/izzzleep-se-expandira-la-t2-del-aicm-busca-llegar-otras-ciudades-del-pais\/","title":{"rendered":"Izzzleep se expandir\u00e1 a la T2 del AICM y busca llegar a otras ciudades del pa\u00eds"},"content":{"rendered":"<p>El modelo de hospedaje en c\u00e1psulas Izzzleep, que se inaugur\u00f3 hace medio a\u00f1o en el Aeropuerto Internacional de la Ciudad de M\u00e9xico, expandir\u00e1 su presencia en la Terminal 2 de dicha terminal a\u00e9rea, tras el \u00e9xito obtenido desde su apertura.<\/p>\n<p>El hotel c\u00e1psula ha recibido viajeros de 90 pa\u00edses, por lo que adem\u00e1s de llegar a la T2 con instalaciones m\u00e1s grandes, buscar llevar el modelos, 100 por ciento mexicano, a los aeropuertos de Guadalajara, Monterrey, Tijuana y Canc\u00fan.<\/p>\n<p>As\u00ed lo dio a conocer Jos\u00e9 Mart\u00edn, fundador de Izzzleep, quien asegur\u00f3 que empresas de otros pa\u00edses de Am\u00e9rica y Europa se han mostrado interesadas en este innovador concepto de hotel, que consiste en dos dormitorios con 40 c\u00e1psulas cada una.<\/p>\n<p>El alto flujo de viajeros que requieren un espacio para descansar e instalarse previo a sus vuelos o al llegar en horarios complicados, oblig\u00f3 a pensar en esta opci\u00f3n, pues muchos pasajeros optaban por acostarse en los pasillos del AICM.<\/p>\n<p>Muchos viajeros se ven en la necesidad de llegar desde las 3 o 4 de la ma\u00f1ana para documentar y tomar vuelos a partir de las 6:00 am; adem\u00e1s durante la madrugada llegan varios de largo alcance provenientes de otras latitudes, por lo que resulta pr\u00e1ctico tener un lugar donde descansar algunas horas.<\/p>\n<p>Izzzleep retoma un modelo que surgi\u00f3 en Jap\u00f3n, combinado con otras \u00e1reas de descanso como las que hay en el Aeropuerto de Dallas-Fort Worth, y adaptado al estilo de lo que busca el viajero en M\u00e9xico.<\/p>\n<p>Las c\u00e1psulas cuentan con un colch\u00f3n con s\u00e1banas desechables, puertos usb, enchufes, control de ventilaci\u00f3n, luz de relajaci\u00f3n, mesa de trabajo, televisi\u00f3n de 32 pulgadas y wifi. Adicional a esto, hay servicio de regaderas, \u00e1rea de lockers, resguardo de equipaje y sanitarios. Por ello, el \u00e9xito del modelo encontrar\u00e1 una gran \u00e1rea de oportunidad en otros aeropuertos del pa\u00eds, comenta Mart\u00edn.<\/p>\n","protected":false},"excerpt":{"rendered":"<p>El modelo de hospedaje en c\u00e1psulas Izzzleep, que se inaugur\u00f3 hace medio a\u00f1o en el Aeropuerto Internacional de la Ciudad de M\u00e9xico, expandir\u00e1 su presencia en la Terminal 2 de dicha terminal a\u00e9rea, tras el \u00e9xito obtenido desde su apertura. El hotel c\u00e1psula ha recibido viajeros de 90 pa\u00edses, por lo que adem\u00e1s de llegar [&hellip;]<\/p>\n","protected":false},"author":5,"featured_media":17061,"comment_status":"open","ping_status":"open","sticky":false,"template":"","format":"standard","meta":{"footnotes":""},"categories":[2],"tags":[7839,231,7841,7840],"yoast_head":"<!-- This site is optimized with the Yoast SEO plugin v22.2 - https:\/\/yoast.com\/wordpress\/plugins\/seo\/ -->\n<title>Izzzleep se expandir\u00e1 a la T2 del AICM y busca llegar a otras ciudades del pa\u00eds - Nitu - Noticias de la Industria Turistica<\/title>\n<meta name=\"robots\" content=\"index, follow, max-snippet:-1, max-image-preview:large, max-video-preview:-1\" \/>\n<link rel=\"canonical\" href=\"https:\/\/nitu.mx\/index.php\/2018\/01\/29\/izzzleep-se-expandira-la-t2-del-aicm-busca-llegar-otras-ciudades-del-pais\/\" \/>\n<meta name=\"twitter:card\" content=\"summary_large_image\" \/>\n<meta name=\"twitter:title\" content=\"Izzzleep se expandir\u00e1 a la T2 del AICM y busca llegar a otras ciudades del pa\u00eds - Nitu - Noticias de la Industria Turistica\" \/>\n<meta name=\"twitter:description\" content=\"El modelo de hospedaje en c\u00e1psulas Izzzleep, que se inaugur\u00f3 hace medio a\u00f1o en el Aeropuerto Internacional de la Ciudad de M\u00e9xico, expandir\u00e1 su presencia en la Terminal 2 de dicha terminal a\u00e9rea, tras el \u00e9xito obtenido desde su apertura. El hotel c\u00e1psula ha recibido viajeros de 90 pa\u00edses, por lo que adem\u00e1s de llegar [&hellip;]\" \/>\n<meta name=\"twitter:image\" content=\"https:\/\/nitu.mx\/wp-content\/uploads\/2018\/01\/izzzleep-aeropuerto.jpg\" \/>\n<meta name=\"twitter:creator\" content=\"@NITUmx\" \/>\n<meta name=\"twitter:site\" content=\"@Arturo_Medina_G\" \/>\n<meta name=\"twitter:label1\" content=\"Escrito por\" \/>\n\t<meta name=\"twitter:data1\" content=\"Mari Soto\" \/>\n\t<meta name=\"twitter:label2\" content=\"Tiempo de lectura\" \/>\n\t<meta name=\"twitter:data2\" content=\"2 minutos\" \/>\n<script type=\"application\/ld+json\" class=\"yoast-schema-graph\">{\"@context\":\"https:\/\/schema.org\",\"@graph\":[{\"@type\":\"Article\",\"@id\":\"https:\/\/nitu.mx\/index.php\/2018\/01\/29\/izzzleep-se-expandira-la-t2-del-aicm-busca-llegar-otras-ciudades-del-pais\/#article\",\"isPartOf\":{\"@id\":\"https:\/\/nitu.mx\/index.php\/2018\/01\/29\/izzzleep-se-expandira-la-t2-del-aicm-busca-llegar-otras-ciudades-del-pais\/\"},\"author\":{\"name\":\"Mari Soto\",\"@id\":\"https:\/\/nitu.mx\/#\/schema\/person\/afc52e313e27e660739556d421d3d6b4\"},\"headline\":\"Izzzleep se expandir\u00e1 a la T2 del AICM y busca llegar a otras ciudades del pa\u00eds\",\"datePublished\":\"2018-01-29T06:04:53+00:00\",\"dateModified\":\"2018-01-29T06:26:49+00:00\",\"mainEntityOfPage\":{\"@id\":\"https:\/\/nitu.mx\/index.php\/2018\/01\/29\/izzzleep-se-expandira-la-t2-del-aicm-busca-llegar-otras-ciudades-del-pais\/\"},\"wordCount\":346,\"commentCount\":0,\"publisher\":{\"@id\":\"https:\/\/nitu.mx\/#\/schema\/person\/ae7a53426417292d3dd07b45a33e01bc\"},\"image\":{\"@id\":\"https:\/\/nitu.mx\/index.php\/2018\/01\/29\/izzzleep-se-expandira-la-t2-del-aicm-busca-llegar-otras-ciudades-del-pais\/#primaryimage\"},\"thumbnailUrl\":\"https:\/\/nitu.mx\/wp-content\/uploads\/2018\/01\/izzzleep-aeropuerto.jpg\",\"keywords\":[\"izzzleep\",\"Jap\u00f3n\",\"Jos\u00e9 Mart\u00edn\",\"T2 AICM\"],\"articleSection\":[\"Hoteles\"],\"inLanguage\":\"es-MX\",\"potentialAction\":[{\"@type\":\"CommentAction\",\"name\":\"Comment\",\"target\":[\"https:\/\/nitu.mx\/index.php\/2018\/01\/29\/izzzleep-se-expandira-la-t2-del-aicm-busca-llegar-otras-ciudades-del-pais\/#respond\"]}]},{\"@type\":\"WebPage\",\"@id\":\"https:\/\/nitu.mx\/index.php\/2018\/01\/29\/izzzleep-se-expandira-la-t2-del-aicm-busca-llegar-otras-ciudades-del-pais\/\",\"url\":\"https:\/\/nitu.mx\/index.php\/2018\/01\/29\/izzzleep-se-expandira-la-t2-del-aicm-busca-llegar-otras-ciudades-del-pais\/\",\"name\":\"Izzzleep se expandir\u00e1 a la T2 del AICM y busca llegar a otras ciudades del pa\u00eds - Nitu - Noticias de la Industria Turistica\",\"isPartOf\":{\"@id\":\"https:\/\/nitu.mx\/#website\"},\"primaryImageOfPage\":{\"@id\":\"https:\/\/nitu.mx\/index.php\/2018\/01\/29\/izzzleep-se-expandira-la-t2-del-aicm-busca-llegar-otras-ciudades-del-pais\/#primaryimage\"},\"image\":{\"@id\":\"https:\/\/nitu.mx\/index.php\/2018\/01\/29\/izzzleep-se-expandira-la-t2-del-aicm-busca-llegar-otras-ciudades-del-pais\/#primaryimage\"},\"thumbnailUrl\":\"https:\/\/nitu.mx\/wp-content\/uploads\/2018\/01\/izzzleep-aeropuerto.jpg\",\"datePublished\":\"2018-01-29T06:04:53+00:00\",\"dateModified\":\"2018-01-29T06:26:49+00:00\",\"breadcrumb\":{\"@id\":\"https:\/\/nitu.mx\/index.php\/2018\/01\/29\/izzzleep-se-expandira-la-t2-del-aicm-busca-llegar-otras-ciudades-del-pais\/#breadcrumb\"},\"inLanguage\":\"es-MX\",\"potentialAction\":[{\"@type\":\"ReadAction\",\"target\":[\"https:\/\/nitu.mx\/index.php\/2018\/01\/29\/izzzleep-se-expandira-la-t2-del-aicm-busca-llegar-otras-ciudades-del-pais\/\"]}]},{\"@type\":\"ImageObject\",\"inLanguage\":\"es-MX\",\"@id\":\"https:\/\/nitu.mx\/index.php\/2018\/01\/29\/izzzleep-se-expandira-la-t2-del-aicm-busca-llegar-otras-ciudades-del-pais\/#primaryimage\",\"url\":\"https:\/\/nitu.mx\/wp-content\/uploads\/2018\/01\/izzzleep-aeropuerto.jpg\",\"contentUrl\":\"https:\/\/nitu.mx\/wp-content\/uploads\/2018\/01\/izzzleep-aeropuerto.jpg\",\"width\":850,\"height\":480,\"caption\":\"izzzleep aeropuerto\"},{\"@type\":\"BreadcrumbList\",\"@id\":\"https:\/\/nitu.mx\/index.php\/2018\/01\/29\/izzzleep-se-expandira-la-t2-del-aicm-busca-llegar-otras-ciudades-del-pais\/#breadcrumb\",\"itemListElement\":[{\"@type\":\"ListItem\",\"position\":1,\"name\":\"Inicio\",\"item\":\"https:\/\/nitu.mx\/\"},{\"@type\":\"ListItem\",\"position\":2,\"name\":\"Izzzleep se expandir\u00e1 a la T2 del AICM y busca llegar a otras ciudades del pa\u00eds\"}]},{\"@type\":\"WebSite\",\"@id\":\"https:\/\/nitu.mx\/#website\",\"url\":\"https:\/\/nitu.mx\/\",\"name\":\"Nitu - Noticias de la Industria Turistica\",\"description\":\"Noticias de la Industria Turistica\",\"publisher\":{\"@id\":\"https:\/\/nitu.mx\/#\/schema\/person\/ae7a53426417292d3dd07b45a33e01bc\"},\"alternateName\":\"Noticias de la Industria Turistica\",\"potentialAction\":[{\"@type\":\"SearchAction\",\"target\":{\"@type\":\"EntryPoint\",\"urlTemplate\":\"https:\/\/nitu.mx\/?s={search_term_string}\"},\"query-input\":\"required name=search_term_string\"}],\"inLanguage\":\"es-MX\"},{\"@type\":[\"Person\",\"Organization\"],\"@id\":\"https:\/\/nitu.mx\/#\/schema\/person\/ae7a53426417292d3dd07b45a33e01bc\",\"name\":\"Arturo Medina\",\"image\":{\"@type\":\"ImageObject\",\"inLanguage\":\"es-MX\",\"@id\":\"https:\/\/nitu.mx\/#\/schema\/person\/image\/\",\"url\":\"https:\/\/nitu.mx\/wp-content\/uploads\/2024\/04\/4A315622-1904-4D5C-B022-878CDC840E04-90x90-1.jpeg\",\"contentUrl\":\"https:\/\/nitu.mx\/wp-content\/uploads\/2024\/04\/4A315622-1904-4D5C-B022-878CDC840E04-90x90-1.jpeg\",\"width\":90,\"height\":90,\"caption\":\"Arturo Medina\"},\"logo\":{\"@id\":\"https:\/\/nitu.mx\/#\/schema\/person\/image\/\"},\"description\":\"Director NITU.mx, Egresado de la Escuela de Periodismo Carlos Septi\u00e9n Garc\u00eda. Periodista y analista especializado en turismo desde hace 35 a\u00f1os, radicado en Canc\u00fan Q.Roo. arturo@nitu.mx\",\"sameAs\":[\"https:\/\/nitu.mx\",\"https:\/\/www.facebook.com\/NITUmx\/\",\"medinacancun\",\"https:\/\/twitter.com\/@Arturo_Medina_G\"]},{\"@type\":\"Person\",\"@id\":\"https:\/\/nitu.mx\/#\/schema\/person\/afc52e313e27e660739556d421d3d6b4\",\"name\":\"Mari Soto\",\"image\":{\"@type\":\"ImageObject\",\"inLanguage\":\"es-MX\",\"@id\":\"https:\/\/nitu.mx\/#\/schema\/person\/image\/\",\"url\":\"https:\/\/secure.gravatar.com\/avatar\/2619c282a180a20d89fcaea82a6736e2?s=96&d=mm&r=g\",\"contentUrl\":\"https:\/\/secure.gravatar.com\/avatar\/2619c282a180a20d89fcaea82a6736e2?s=96&d=mm&r=g\",\"caption\":\"Mari Soto\"},\"sameAs\":[\"https:\/\/nitu.mx\"],\"url\":\"https:\/\/nitu.mx\/index.php\/author\/guadalupe\/\"}]}<\/script>\n<!-- \/ Yoast SEO plugin. -->","yoast_head_json":{"title":"Izzzleep se expandir\u00e1 a la T2 del AICM y busca llegar a otras ciudades del pa\u00eds - Nitu - Noticias de la Industria Turistica","robots":{"index":"index","follow":"follow","max-snippet":"max-snippet:-1","max-image-preview":"max-image-preview:large","max-video-preview":"max-video-preview:-1"},"canonical":"https:\/\/nitu.mx\/index.php\/2018\/01\/29\/izzzleep-se-expandira-la-t2-del-aicm-busca-llegar-otras-ciudades-del-pais\/","twitter_card":"summary_large_image","twitter_title":"Izzzleep se expandir\u00e1 a la T2 del AICM y busca llegar a otras ciudades del pa\u00eds - Nitu - Noticias de la Industria Turistica","twitter_description":"El modelo de hospedaje en c\u00e1psulas Izzzleep, que se inaugur\u00f3 hace medio a\u00f1o en el Aeropuerto Internacional de la Ciudad de M\u00e9xico, expandir\u00e1 su presencia en la Terminal 2 de dicha terminal a\u00e9rea, tras el \u00e9xito obtenido desde su apertura. El hotel c\u00e1psula ha recibido viajeros de 90 pa\u00edses, por lo que adem\u00e1s de llegar [&hellip;]","twitter_image":"https:\/\/nitu.mx\/wp-content\/uploads\/2018\/01\/izzzleep-aeropuerto.jpg","twitter_creator":"@NITUmx","twitter_site":"@Arturo_Medina_G","twitter_misc":{"Escrito por":"Mari Soto","Tiempo de lectura":"2 minutos"},"schema":{"@context":"https:\/\/schema.org","@graph":[{"@type":"Article","@id":"https:\/\/nitu.mx\/index.php\/2018\/01\/29\/izzzleep-se-expandira-la-t2-del-aicm-busca-llegar-otras-ciudades-del-pais\/#article","isPartOf":{"@id":"https:\/\/nitu.mx\/index.php\/2018\/01\/29\/izzzleep-se-expandira-la-t2-del-aicm-busca-llegar-otras-ciudades-del-pais\/"},"author":{"name":"Mari Soto","@id":"https:\/\/nitu.mx\/#\/schema\/person\/afc52e313e27e660739556d421d3d6b4"},"headline":"Izzzleep se expandir\u00e1 a la T2 del AICM y busca llegar a otras ciudades del pa\u00eds","datePublished":"2018-01-29T06:04:53+00:00","dateModified":"2018-01-29T06:26:49+00:00","mainEntityOfPage":{"@id":"https:\/\/nitu.mx\/index.php\/2018\/01\/29\/izzzleep-se-expandira-la-t2-del-aicm-busca-llegar-otras-ciudades-del-pais\/"},"wordCount":346,"commentCount":0,"publisher":{"@id":"https:\/\/nitu.mx\/#\/schema\/person\/ae7a53426417292d3dd07b45a33e01bc"},"image":{"@id":"https:\/\/nitu.mx\/index.php\/2018\/01\/29\/izzzleep-se-expandira-la-t2-del-aicm-busca-llegar-otras-ciudades-del-pais\/#primaryimage"},"thumbnailUrl":"https:\/\/nitu.mx\/wp-content\/uploads\/2018\/01\/izzzleep-aeropuerto.jpg","keywords":["izzzleep","Jap\u00f3n","Jos\u00e9 Mart\u00edn","T2 AICM"],"articleSection":["Hoteles"],"inLanguage":"es-MX","potentialAction":[{"@type":"CommentAction","name":"Comment","target":["https:\/\/nitu.mx\/index.php\/2018\/01\/29\/izzzleep-se-expandira-la-t2-del-aicm-busca-llegar-otras-ciudades-del-pais\/#respond"]}]},{"@type":"WebPage","@id":"https:\/\/nitu.mx\/index.php\/2018\/01\/29\/izzzleep-se-expandira-la-t2-del-aicm-busca-llegar-otras-ciudades-del-pais\/","url":"https:\/\/nitu.mx\/index.php\/2018\/01\/29\/izzzleep-se-expandira-la-t2-del-aicm-busca-llegar-otras-ciudades-del-pais\/","name":"Izzzleep se expandir\u00e1 a la T2 del AICM y busca llegar a otras ciudades del pa\u00eds - Nitu - Noticias de la Industria Turistica","isPartOf":{"@id":"https:\/\/nitu.mx\/#website"},"primaryImageOfPage":{"@id":"https:\/\/nitu.mx\/index.php\/2018\/01\/29\/izzzleep-se-expandira-la-t2-del-aicm-busca-llegar-otras-ciudades-del-pais\/#primaryimage"},"image":{"@id":"https:\/\/nitu.mx\/index.php\/2018\/01\/29\/izzzleep-se-expandira-la-t2-del-aicm-busca-llegar-otras-ciudades-del-pais\/#primaryimage"},"thumbnailUrl":"https:\/\/nitu.mx\/wp-content\/uploads\/2018\/01\/izzzleep-aeropuerto.jpg","datePublished":"2018-01-29T06:04:53+00:00","dateModified":"2018-01-29T06:26:49+00:00","breadcrumb":{"@id":"https:\/\/nitu.mx\/index.php\/2018\/01\/29\/izzzleep-se-expandira-la-t2-del-aicm-busca-llegar-otras-ciudades-del-pais\/#breadcrumb"},"inLanguage":"es-MX","potentialAction":[{"@type":"ReadAction","target":["https:\/\/nitu.mx\/index.php\/2018\/01\/29\/izzzleep-se-expandira-la-t2-del-aicm-busca-llegar-otras-ciudades-del-pais\/"]}]},{"@type":"ImageObject","inLanguage":"es-MX","@id":"https:\/\/nitu.mx\/index.php\/2018\/01\/29\/izzzleep-se-expandira-la-t2-del-aicm-busca-llegar-otras-ciudades-del-pais\/#primaryimage","url":"https:\/\/nitu.mx\/wp-content\/uploads\/2018\/01\/izzzleep-aeropuerto.jpg","contentUrl":"https:\/\/nitu.mx\/wp-content\/uploads\/2018\/01\/izzzleep-aeropuerto.jpg","width":850,"height":480,"caption":"izzzleep aeropuerto"},{"@type":"BreadcrumbList","@id":"https:\/\/nitu.mx\/index.php\/2018\/01\/29\/izzzleep-se-expandira-la-t2-del-aicm-busca-llegar-otras-ciudades-del-pais\/#breadcrumb","itemListElement":[{"@type":"ListItem","position":1,"name":"Inicio","item":"https:\/\/nitu.mx\/"},{"@type":"ListItem","position":2,"name":"Izzzleep se expandir\u00e1 a la T2 del AICM y busca llegar a otras ciudades del pa\u00eds"}]},{"@type":"WebSite","@id":"https:\/\/nitu.mx\/#website","url":"https:\/\/nitu.mx\/","name":"Nitu - Noticias de la Industria Turistica","description":"Noticias de la Industria Turistica","publisher":{"@id":"https:\/\/nitu.mx\/#\/schema\/person\/ae7a53426417292d3dd07b45a33e01bc"},"alternateName":"Noticias de la Industria Turistica","potentialAction":[{"@type":"SearchAction","target":{"@type":"EntryPoint","urlTemplate":"https:\/\/nitu.mx\/?s={search_term_string}"},"query-input":"required name=search_term_string"}],"inLanguage":"es-MX"},{"@type":["Person","Organization"],"@id":"https:\/\/nitu.mx\/#\/schema\/person\/ae7a53426417292d3dd07b45a33e01bc","name":"Arturo Medina","image":{"@type":"ImageObject","inLanguage":"es-MX","@id":"https:\/\/nitu.mx\/#\/schema\/person\/image\/","url":"https:\/\/nitu.mx\/wp-content\/uploads\/2024\/04\/4A315622-1904-4D5C-B022-878CDC840E04-90x90-1.jpeg","contentUrl":"https:\/\/nitu.mx\/wp-content\/uploads\/2024\/04\/4A315622-1904-4D5C-B022-878CDC840E04-90x90-1.jpeg","width":90,"height":90,"caption":"Arturo Medina"},"logo":{"@id":"https:\/\/nitu.mx\/#\/schema\/person\/image\/"},"description":"Director NITU.mx, Egresado de la Escuela de Periodismo Carlos Septi\u00e9n Garc\u00eda. Periodista y analista especializado en turismo desde hace 35 a\u00f1os, radicado en Canc\u00fan Q.Roo. arturo@nitu.mx","sameAs":["https:\/\/nitu.mx","https:\/\/www.facebook.com\/NITUmx\/","medinacancun","https:\/\/twitter.com\/@Arturo_Medina_G"]},{"@type":"Person","@id":"https:\/\/nitu.mx\/#\/schema\/person\/afc52e313e27e660739556d421d3d6b4","name":"Mari Soto","image":{"@type":"ImageObject","inLanguage":"es-MX","@id":"https:\/\/nitu.mx\/#\/schema\/person\/image\/","url":"https:\/\/secure.gravatar.com\/avatar\/2619c282a180a20d89fcaea82a6736e2?s=96&d=mm&r=g","contentUrl":"https:\/\/secure.gravatar.com\/avatar\/2619c282a180a20d89fcaea82a6736e2?s=96&d=mm&r=g","caption":"Mari Soto"},"sameAs":["https:\/\/nitu.mx"],"url":"https:\/\/nitu.mx\/index.php\/author\/guadalupe\/"}]}},"views":1123,"_links":{"self":[{"href":"https:\/\/nitu.mx\/index.php\/wp-json\/wp\/v2\/posts\/17029"}],"collection":[{"href":"https:\/\/nitu.mx\/index.php\/wp-json\/wp\/v2\/posts"}],"about":[{"href":"https:\/\/nitu.mx\/index.php\/wp-json\/wp\/v2\/types\/post"}],"author":[{"embeddable":true,"href":"https:\/\/nitu.mx\/index.php\/wp-json\/wp\/v2\/users\/5"}],"replies":[{"embeddable":true,"href":"https:\/\/nitu.mx\/index.php\/wp-json\/wp\/v2\/comments?post=17029"}],"version-history":[{"count":1,"href":"https:\/\/nitu.mx\/index.php\/wp-json\/wp\/v2\/posts\/17029\/revisions"}],"predecessor-version":[{"id":17030,"href":"https:\/\/nitu.mx\/index.php\/wp-json\/wp\/v2\/posts\/17029\/revisions\/17030"}],"wp:featuredmedia":[{"embeddable":true,"href":"https:\/\/nitu.mx\/index.php\/wp-json\/wp\/v2\/media\/17061"}],"wp:attachment":[{"href":"https:\/\/nitu.mx\/index.php\/wp-json\/wp\/v2\/media?parent=17029"}],"wp:term":[{"taxonomy":"category","embeddable":true,"href":"https:\/\/nitu.mx\/index.php\/wp-json\/wp\/v2\/categories?post=17029"},{"taxonomy":"post_tag","embeddable":true,"href":"https:\/\/nitu.mx\/index.php\/wp-json\/wp\/v2\/tags?post=17029"}],"curies":[{"name":"wp","href":"https:\/\/api.w.org\/{rel}","templated":true}]}}