{"id":16945,"date":"2018-01-25T00:00:05","date_gmt":"2018-01-25T05:00:05","guid":{"rendered":"http:\/\/www.dev.nitu.mx\/?p=16945"},"modified":"2018-01-25T01:22:43","modified_gmt":"2018-01-25T06:22:43","slug":"edgar-solis-va-por-su-tercer-ano-al-frente-de-la-metropolitana","status":"publish","type":"post","link":"https:\/\/nitu.mx\/index.php\/2018\/01\/25\/edgar-solis-va-por-su-tercer-ano-al-frente-de-la-metropolitana\/","title":{"rendered":"Edgar Sol\u00eds va por su tercer a\u00f1o al frente de la Metropolitana"},"content":{"rendered":"<p>Por votaci\u00f3n un\u00e1nime una vez m\u00e1s Edgar Sol\u00eds, tambi\u00e9n director de Vimsa Operadora, estar\u00e1 de nuevo llevando las riendas de la Asociaci\u00f3n Metropolitana de Agencias de Viajes para el periodo 2018.<\/p>\n<p>Sol\u00eds trabajar\u00e1 arduamente con su nuevo consejo directivo integrado por: Benjam\u00edn Izquierdo y Jos\u00e9\u0301 Luis Viveros como vicepresidentes; Ma. Eugenia Bravo como Tesorera; Octavio Medina como secretario y como Consejeros Olga Pulido, Alfredo Torres, Salvador Ma\u00edz. Ma. Eugenia Denigris, Pedro Jim\u00e9nez Labora y Jos\u00e9\u0301 Antonio Pinto; como Asesores: Isaac Brown, Sonia Maiz, C\u00e9sar Romero y Lorenzo Salsamendi; En tanto como directora de la Comisi\u00f3n de Honor y Justicia, estar\u00e1 al frente Berenice Lozano; Yolanda Gonz\u00e1lez en la Comisi\u00f3n de Vigilancia y en la Comisi\u00f3n de Representantes Virgilio Garza.<\/p>\n<p>La votaci\u00f3n se dio en el marco de la XXVI Asamblea General Ordinaria Anual, en la cual Edgar present\u00f3 su informe anual de actividades correspondiente al a\u00f1o 2017. (<a title=\"Edgar Sol\u00eds se queda un a\u00f1o m\u00e1s al frente de la Metropolitana\" href=\"http:\/\/www.dev.nitu.mx\/index.php\/2017\/02\/23\/edgar-solis-se-queda-un-ano-mas-al-frente-de-la-metropolitana\/\" rel=\"bookmark\">Edgar Sol\u00eds se queda un a\u00f1o m\u00e1s al frente de la Metropolitana<\/a>).<\/p>\n<p>Para finalizar el presidente, dirigi\u00f3\u0301 unas palabras a los integrantes de su Consejo Directivo para agradecer todo su apoyo durante el ejercicio 2017, el cual estuvo lleno de logros y mucho \u00e9xito.<\/p>\n<p>Cabe destacar que la Metropolitana cumple 25 a\u00f1os de vida, y lo celebrar\u00e1 a lo largo del a\u00f1o con interesantes eventos y benficios para sus socios. Hoy arranca una serie de actividades para conmemorar el festejo con una exclusiva comida.<\/p>\n","protected":false},"excerpt":{"rendered":"<p>Por votaci\u00f3n un\u00e1nime una vez m\u00e1s Edgar Sol\u00eds, tambi\u00e9n director de Vimsa Operadora, estar\u00e1 de nuevo llevando las riendas de la Asociaci\u00f3n Metropolitana de Agencias de Viajes para el periodo 2018. Sol\u00eds trabajar\u00e1 arduamente con su nuevo consejo directivo integrado por: Benjam\u00edn Izquierdo y Jos\u00e9\u0301 Luis Viveros como vicepresidentes; Ma. Eugenia Bravo como Tesorera; Octavio [&hellip;]<\/p>\n","protected":false},"author":17,"featured_media":16952,"comment_status":"open","ping_status":"open","sticky":false,"template":"","format":"standard","meta":{"footnotes":""},"categories":[3],"tags":[7798,2104,1359,7799],"yoast_head":"<!-- This site is optimized with the Yoast SEO plugin v22.2 - https:\/\/yoast.com\/wordpress\/plugins\/seo\/ -->\n<title>Edgar Sol\u00eds va por su tercer a\u00f1o al frente de la Metropolitana - Nitu - Noticias de la Industria Turistica<\/title>\n<meta name=\"description\" content=\"Por votaci\u00f3n un\u00e1nime una vez m\u00e1s Edgar Sol\u00eds, estar\u00e1 de nuevo llevando las riendas de la Asociaci\u00f3n Metropolitana de Agencias de Viajes\" \/>\n<meta name=\"robots\" content=\"index, follow, max-snippet:-1, max-image-preview:large, max-video-preview:-1\" \/>\n<link rel=\"canonical\" href=\"https:\/\/nitu.mx\/index.php\/2018\/01\/25\/edgar-solis-va-por-su-tercer-ano-al-frente-de-la-metropolitana\/\" \/>\n<meta name=\"twitter:card\" content=\"summary_large_image\" \/>\n<meta name=\"twitter:title\" content=\"Edgar Sol\u00eds va por su tercer a\u00f1o al frente de la Metropolitana - Nitu - Noticias de la Industria Turistica\" \/>\n<meta name=\"twitter:description\" content=\"Por votaci\u00f3n un\u00e1nime una vez m\u00e1s Edgar Sol\u00eds, estar\u00e1 de nuevo llevando las riendas de la Asociaci\u00f3n Metropolitana de Agencias de Viajes\" \/>\n<meta name=\"twitter:image\" content=\"https:\/\/nitu.mx\/wp-content\/uploads\/2018\/01\/EDGAR-SOLIS.jpg\" \/>\n<meta name=\"twitter:creator\" content=\"@NITUmx\" \/>\n<meta name=\"twitter:site\" content=\"@Arturo_Medina_G\" \/>\n<meta name=\"twitter:label1\" content=\"Escrito por\" \/>\n\t<meta name=\"twitter:data1\" content=\"Redacci\u00f3n\" \/>\n\t<meta name=\"twitter:label2\" content=\"Tiempo de lectura\" \/>\n\t<meta name=\"twitter:data2\" content=\"1 minuto\" \/>\n<script type=\"application\/ld+json\" class=\"yoast-schema-graph\">{\"@context\":\"https:\/\/schema.org\",\"@graph\":[{\"@type\":\"Article\",\"@id\":\"https:\/\/nitu.mx\/index.php\/2018\/01\/25\/edgar-solis-va-por-su-tercer-ano-al-frente-de-la-metropolitana\/#article\",\"isPartOf\":{\"@id\":\"https:\/\/nitu.mx\/index.php\/2018\/01\/25\/edgar-solis-va-por-su-tercer-ano-al-frente-de-la-metropolitana\/\"},\"author\":{\"name\":\"Redacci\u00f3n\",\"@id\":\"https:\/\/nitu.mx\/#\/schema\/person\/4a28fe9bd65924f7c90623773daf1b0b\"},\"headline\":\"Edgar Sol\u00eds va por su tercer a\u00f1o al frente de la Metropolitana\",\"datePublished\":\"2018-01-25T05:00:05+00:00\",\"dateModified\":\"2018-01-25T06:22:43+00:00\",\"mainEntityOfPage\":{\"@id\":\"https:\/\/nitu.mx\/index.php\/2018\/01\/25\/edgar-solis-va-por-su-tercer-ano-al-frente-de-la-metropolitana\/\"},\"wordCount\":263,\"commentCount\":0,\"publisher\":{\"@id\":\"https:\/\/nitu.mx\/#\/schema\/person\/ae7a53426417292d3dd07b45a33e01bc\"},\"image\":{\"@id\":\"https:\/\/nitu.mx\/index.php\/2018\/01\/25\/edgar-solis-va-por-su-tercer-ano-al-frente-de-la-metropolitana\/#primaryimage\"},\"thumbnailUrl\":\"https:\/\/nitu.mx\/wp-content\/uploads\/2018\/01\/EDGAR-SOLIS.jpg\",\"keywords\":[\"Asociaci\u00f3n metropolitana\",\"Edgar Sol\u00eds\",\"Metropolitana\",\"Vimsa Operadora\"],\"articleSection\":[\"Agencias de Viajes\"],\"inLanguage\":\"es-MX\",\"potentialAction\":[{\"@type\":\"CommentAction\",\"name\":\"Comment\",\"target\":[\"https:\/\/nitu.mx\/index.php\/2018\/01\/25\/edgar-solis-va-por-su-tercer-ano-al-frente-de-la-metropolitana\/#respond\"]}]},{\"@type\":\"WebPage\",\"@id\":\"https:\/\/nitu.mx\/index.php\/2018\/01\/25\/edgar-solis-va-por-su-tercer-ano-al-frente-de-la-metropolitana\/\",\"url\":\"https:\/\/nitu.mx\/index.php\/2018\/01\/25\/edgar-solis-va-por-su-tercer-ano-al-frente-de-la-metropolitana\/\",\"name\":\"Edgar Sol\u00eds va por su tercer a\u00f1o al frente de la Metropolitana - Nitu - Noticias de la Industria Turistica\",\"isPartOf\":{\"@id\":\"https:\/\/nitu.mx\/#website\"},\"primaryImageOfPage\":{\"@id\":\"https:\/\/nitu.mx\/index.php\/2018\/01\/25\/edgar-solis-va-por-su-tercer-ano-al-frente-de-la-metropolitana\/#primaryimage\"},\"image\":{\"@id\":\"https:\/\/nitu.mx\/index.php\/2018\/01\/25\/edgar-solis-va-por-su-tercer-ano-al-frente-de-la-metropolitana\/#primaryimage\"},\"thumbnailUrl\":\"https:\/\/nitu.mx\/wp-content\/uploads\/2018\/01\/EDGAR-SOLIS.jpg\",\"datePublished\":\"2018-01-25T05:00:05+00:00\",\"dateModified\":\"2018-01-25T06:22:43+00:00\",\"description\":\"Por votaci\u00f3n un\u00e1nime una vez m\u00e1s Edgar Sol\u00eds, estar\u00e1 de nuevo llevando las riendas de la Asociaci\u00f3n Metropolitana de Agencias de Viajes\",\"breadcrumb\":{\"@id\":\"https:\/\/nitu.mx\/index.php\/2018\/01\/25\/edgar-solis-va-por-su-tercer-ano-al-frente-de-la-metropolitana\/#breadcrumb\"},\"inLanguage\":\"es-MX\",\"potentialAction\":[{\"@type\":\"ReadAction\",\"target\":[\"https:\/\/nitu.mx\/index.php\/2018\/01\/25\/edgar-solis-va-por-su-tercer-ano-al-frente-de-la-metropolitana\/\"]}]},{\"@type\":\"ImageObject\",\"inLanguage\":\"es-MX\",\"@id\":\"https:\/\/nitu.mx\/index.php\/2018\/01\/25\/edgar-solis-va-por-su-tercer-ano-al-frente-de-la-metropolitana\/#primaryimage\",\"url\":\"https:\/\/nitu.mx\/wp-content\/uploads\/2018\/01\/EDGAR-SOLIS.jpg\",\"contentUrl\":\"https:\/\/nitu.mx\/wp-content\/uploads\/2018\/01\/EDGAR-SOLIS.jpg\",\"width\":850,\"height\":480,\"caption\":\"EDGAR SOLIS\"},{\"@type\":\"BreadcrumbList\",\"@id\":\"https:\/\/nitu.mx\/index.php\/2018\/01\/25\/edgar-solis-va-por-su-tercer-ano-al-frente-de-la-metropolitana\/#breadcrumb\",\"itemListElement\":[{\"@type\":\"ListItem\",\"position\":1,\"name\":\"Inicio\",\"item\":\"https:\/\/nitu.mx\/\"},{\"@type\":\"ListItem\",\"position\":2,\"name\":\"Edgar Sol\u00eds va por su tercer a\u00f1o al frente de la Metropolitana\"}]},{\"@type\":\"WebSite\",\"@id\":\"https:\/\/nitu.mx\/#website\",\"url\":\"https:\/\/nitu.mx\/\",\"name\":\"Nitu - Noticias de la Industria Turistica\",\"description\":\"Noticias de la Industria Turistica\",\"publisher\":{\"@id\":\"https:\/\/nitu.mx\/#\/schema\/person\/ae7a53426417292d3dd07b45a33e01bc\"},\"alternateName\":\"Noticias de la Industria Turistica\",\"potentialAction\":[{\"@type\":\"SearchAction\",\"target\":{\"@type\":\"EntryPoint\",\"urlTemplate\":\"https:\/\/nitu.mx\/?s={search_term_string}\"},\"query-input\":\"required name=search_term_string\"}],\"inLanguage\":\"es-MX\"},{\"@type\":[\"Person\",\"Organization\"],\"@id\":\"https:\/\/nitu.mx\/#\/schema\/person\/ae7a53426417292d3dd07b45a33e01bc\",\"name\":\"Arturo Medina\",\"image\":{\"@type\":\"ImageObject\",\"inLanguage\":\"es-MX\",\"@id\":\"https:\/\/nitu.mx\/#\/schema\/person\/image\/\",\"url\":\"https:\/\/nitu.mx\/wp-content\/uploads\/2024\/04\/4A315622-1904-4D5C-B022-878CDC840E04-90x90-1.jpeg\",\"contentUrl\":\"https:\/\/nitu.mx\/wp-content\/uploads\/2024\/04\/4A315622-1904-4D5C-B022-878CDC840E04-90x90-1.jpeg\",\"width\":90,\"height\":90,\"caption\":\"Arturo Medina\"},\"logo\":{\"@id\":\"https:\/\/nitu.mx\/#\/schema\/person\/image\/\"},\"description\":\"Director NITU.mx, Egresado de la Escuela de Periodismo Carlos Septi\u00e9n Garc\u00eda. Periodista y analista especializado en turismo desde hace 35 a\u00f1os, radicado en Canc\u00fan Q.Roo. arturo@nitu.mx\",\"sameAs\":[\"https:\/\/nitu.mx\",\"https:\/\/www.facebook.com\/NITUmx\/\",\"medinacancun\",\"https:\/\/twitter.com\/@Arturo_Medina_G\"]},{\"@type\":\"Person\",\"@id\":\"https:\/\/nitu.mx\/#\/schema\/person\/4a28fe9bd65924f7c90623773daf1b0b\",\"name\":\"Redacci\u00f3n\",\"image\":{\"@type\":\"ImageObject\",\"inLanguage\":\"es-MX\",\"@id\":\"https:\/\/nitu.mx\/#\/schema\/person\/image\/\",\"url\":\"https:\/\/secure.gravatar.com\/avatar\/5dd011c8ccfc5cd7e4c81e42252aab38?s=96&d=mm&r=g\",\"contentUrl\":\"https:\/\/secure.gravatar.com\/avatar\/5dd011c8ccfc5cd7e4c81e42252aab38?s=96&d=mm&r=g\",\"caption\":\"Redacci\u00f3n\"},\"url\":\"https:\/\/nitu.mx\/index.php\/author\/redaccion\/\"}]}<\/script>\n<!-- \/ Yoast SEO plugin. -->","yoast_head_json":{"title":"Edgar Sol\u00eds va por su tercer a\u00f1o al frente de la Metropolitana - Nitu - Noticias de la Industria Turistica","description":"Por votaci\u00f3n un\u00e1nime una vez m\u00e1s Edgar Sol\u00eds, estar\u00e1 de nuevo llevando las riendas de la Asociaci\u00f3n Metropolitana de Agencias de Viajes","robots":{"index":"index","follow":"follow","max-snippet":"max-snippet:-1","max-image-preview":"max-image-preview:large","max-video-preview":"max-video-preview:-1"},"canonical":"https:\/\/nitu.mx\/index.php\/2018\/01\/25\/edgar-solis-va-por-su-tercer-ano-al-frente-de-la-metropolitana\/","twitter_card":"summary_large_image","twitter_title":"Edgar Sol\u00eds va por su tercer a\u00f1o al frente de la Metropolitana - Nitu - Noticias de la Industria Turistica","twitter_description":"Por votaci\u00f3n un\u00e1nime una vez m\u00e1s Edgar Sol\u00eds, estar\u00e1 de nuevo llevando las riendas de la Asociaci\u00f3n Metropolitana de Agencias de Viajes","twitter_image":"https:\/\/nitu.mx\/wp-content\/uploads\/2018\/01\/EDGAR-SOLIS.jpg","twitter_creator":"@NITUmx","twitter_site":"@Arturo_Medina_G","twitter_misc":{"Escrito por":"Redacci\u00f3n","Tiempo de lectura":"1 minuto"},"schema":{"@context":"https:\/\/schema.org","@graph":[{"@type":"Article","@id":"https:\/\/nitu.mx\/index.php\/2018\/01\/25\/edgar-solis-va-por-su-tercer-ano-al-frente-de-la-metropolitana\/#article","isPartOf":{"@id":"https:\/\/nitu.mx\/index.php\/2018\/01\/25\/edgar-solis-va-por-su-tercer-ano-al-frente-de-la-metropolitana\/"},"author":{"name":"Redacci\u00f3n","@id":"https:\/\/nitu.mx\/#\/schema\/person\/4a28fe9bd65924f7c90623773daf1b0b"},"headline":"Edgar Sol\u00eds va por su tercer a\u00f1o al frente de la Metropolitana","datePublished":"2018-01-25T05:00:05+00:00","dateModified":"2018-01-25T06:22:43+00:00","mainEntityOfPage":{"@id":"https:\/\/nitu.mx\/index.php\/2018\/01\/25\/edgar-solis-va-por-su-tercer-ano-al-frente-de-la-metropolitana\/"},"wordCount":263,"commentCount":0,"publisher":{"@id":"https:\/\/nitu.mx\/#\/schema\/person\/ae7a53426417292d3dd07b45a33e01bc"},"image":{"@id":"https:\/\/nitu.mx\/index.php\/2018\/01\/25\/edgar-solis-va-por-su-tercer-ano-al-frente-de-la-metropolitana\/#primaryimage"},"thumbnailUrl":"https:\/\/nitu.mx\/wp-content\/uploads\/2018\/01\/EDGAR-SOLIS.jpg","keywords":["Asociaci\u00f3n metropolitana","Edgar Sol\u00eds","Metropolitana","Vimsa Operadora"],"articleSection":["Agencias de Viajes"],"inLanguage":"es-MX","potentialAction":[{"@type":"CommentAction","name":"Comment","target":["https:\/\/nitu.mx\/index.php\/2018\/01\/25\/edgar-solis-va-por-su-tercer-ano-al-frente-de-la-metropolitana\/#respond"]}]},{"@type":"WebPage","@id":"https:\/\/nitu.mx\/index.php\/2018\/01\/25\/edgar-solis-va-por-su-tercer-ano-al-frente-de-la-metropolitana\/","url":"https:\/\/nitu.mx\/index.php\/2018\/01\/25\/edgar-solis-va-por-su-tercer-ano-al-frente-de-la-metropolitana\/","name":"Edgar Sol\u00eds va por su tercer a\u00f1o al frente de la Metropolitana - Nitu - Noticias de la Industria Turistica","isPartOf":{"@id":"https:\/\/nitu.mx\/#website"},"primaryImageOfPage":{"@id":"https:\/\/nitu.mx\/index.php\/2018\/01\/25\/edgar-solis-va-por-su-tercer-ano-al-frente-de-la-metropolitana\/#primaryimage"},"image":{"@id":"https:\/\/nitu.mx\/index.php\/2018\/01\/25\/edgar-solis-va-por-su-tercer-ano-al-frente-de-la-metropolitana\/#primaryimage"},"thumbnailUrl":"https:\/\/nitu.mx\/wp-content\/uploads\/2018\/01\/EDGAR-SOLIS.jpg","datePublished":"2018-01-25T05:00:05+00:00","dateModified":"2018-01-25T06:22:43+00:00","description":"Por votaci\u00f3n un\u00e1nime una vez m\u00e1s Edgar Sol\u00eds, estar\u00e1 de nuevo llevando las riendas de la Asociaci\u00f3n Metropolitana de Agencias de Viajes","breadcrumb":{"@id":"https:\/\/nitu.mx\/index.php\/2018\/01\/25\/edgar-solis-va-por-su-tercer-ano-al-frente-de-la-metropolitana\/#breadcrumb"},"inLanguage":"es-MX","potentialAction":[{"@type":"ReadAction","target":["https:\/\/nitu.mx\/index.php\/2018\/01\/25\/edgar-solis-va-por-su-tercer-ano-al-frente-de-la-metropolitana\/"]}]},{"@type":"ImageObject","inLanguage":"es-MX","@id":"https:\/\/nitu.mx\/index.php\/2018\/01\/25\/edgar-solis-va-por-su-tercer-ano-al-frente-de-la-metropolitana\/#primaryimage","url":"https:\/\/nitu.mx\/wp-content\/uploads\/2018\/01\/EDGAR-SOLIS.jpg","contentUrl":"https:\/\/nitu.mx\/wp-content\/uploads\/2018\/01\/EDGAR-SOLIS.jpg","width":850,"height":480,"caption":"EDGAR SOLIS"},{"@type":"BreadcrumbList","@id":"https:\/\/nitu.mx\/index.php\/2018\/01\/25\/edgar-solis-va-por-su-tercer-ano-al-frente-de-la-metropolitana\/#breadcrumb","itemListElement":[{"@type":"ListItem","position":1,"name":"Inicio","item":"https:\/\/nitu.mx\/"},{"@type":"ListItem","position":2,"name":"Edgar Sol\u00eds va por su tercer a\u00f1o al frente de la Metropolitana"}]},{"@type":"WebSite","@id":"https:\/\/nitu.mx\/#website","url":"https:\/\/nitu.mx\/","name":"Nitu - Noticias de la Industria Turistica","description":"Noticias de la Industria Turistica","publisher":{"@id":"https:\/\/nitu.mx\/#\/schema\/person\/ae7a53426417292d3dd07b45a33e01bc"},"alternateName":"Noticias de la Industria Turistica","potentialAction":[{"@type":"SearchAction","target":{"@type":"EntryPoint","urlTemplate":"https:\/\/nitu.mx\/?s={search_term_string}"},"query-input":"required name=search_term_string"}],"inLanguage":"es-MX"},{"@type":["Person","Organization"],"@id":"https:\/\/nitu.mx\/#\/schema\/person\/ae7a53426417292d3dd07b45a33e01bc","name":"Arturo Medina","image":{"@type":"ImageObject","inLanguage":"es-MX","@id":"https:\/\/nitu.mx\/#\/schema\/person\/image\/","url":"https:\/\/nitu.mx\/wp-content\/uploads\/2024\/04\/4A315622-1904-4D5C-B022-878CDC840E04-90x90-1.jpeg","contentUrl":"https:\/\/nitu.mx\/wp-content\/uploads\/2024\/04\/4A315622-1904-4D5C-B022-878CDC840E04-90x90-1.jpeg","width":90,"height":90,"caption":"Arturo Medina"},"logo":{"@id":"https:\/\/nitu.mx\/#\/schema\/person\/image\/"},"description":"Director NITU.mx, Egresado de la Escuela de Periodismo Carlos Septi\u00e9n Garc\u00eda. Periodista y analista especializado en turismo desde hace 35 a\u00f1os, radicado en Canc\u00fan Q.Roo. arturo@nitu.mx","sameAs":["https:\/\/nitu.mx","https:\/\/www.facebook.com\/NITUmx\/","medinacancun","https:\/\/twitter.com\/@Arturo_Medina_G"]},{"@type":"Person","@id":"https:\/\/nitu.mx\/#\/schema\/person\/4a28fe9bd65924f7c90623773daf1b0b","name":"Redacci\u00f3n","image":{"@type":"ImageObject","inLanguage":"es-MX","@id":"https:\/\/nitu.mx\/#\/schema\/person\/image\/","url":"https:\/\/secure.gravatar.com\/avatar\/5dd011c8ccfc5cd7e4c81e42252aab38?s=96&d=mm&r=g","contentUrl":"https:\/\/secure.gravatar.com\/avatar\/5dd011c8ccfc5cd7e4c81e42252aab38?s=96&d=mm&r=g","caption":"Redacci\u00f3n"},"url":"https:\/\/nitu.mx\/index.php\/author\/redaccion\/"}]}},"views":372,"_links":{"self":[{"href":"https:\/\/nitu.mx\/index.php\/wp-json\/wp\/v2\/posts\/16945"}],"collection":[{"href":"https:\/\/nitu.mx\/index.php\/wp-json\/wp\/v2\/posts"}],"about":[{"href":"https:\/\/nitu.mx\/index.php\/wp-json\/wp\/v2\/types\/post"}],"author":[{"embeddable":true,"href":"https:\/\/nitu.mx\/index.php\/wp-json\/wp\/v2\/users\/17"}],"replies":[{"embeddable":true,"href":"https:\/\/nitu.mx\/index.php\/wp-json\/wp\/v2\/comments?post=16945"}],"version-history":[{"count":3,"href":"https:\/\/nitu.mx\/index.php\/wp-json\/wp\/v2\/posts\/16945\/revisions"}],"predecessor-version":[{"id":16954,"href":"https:\/\/nitu.mx\/index.php\/wp-json\/wp\/v2\/posts\/16945\/revisions\/16954"}],"wp:featuredmedia":[{"embeddable":true,"href":"https:\/\/nitu.mx\/index.php\/wp-json\/wp\/v2\/media\/16952"}],"wp:attachment":[{"href":"https:\/\/nitu.mx\/index.php\/wp-json\/wp\/v2\/media?parent=16945"}],"wp:term":[{"taxonomy":"category","embeddable":true,"href":"https:\/\/nitu.mx\/index.php\/wp-json\/wp\/v2\/categories?post=16945"},{"taxonomy":"post_tag","embeddable":true,"href":"https:\/\/nitu.mx\/index.php\/wp-json\/wp\/v2\/tags?post=16945"}],"curies":[{"name":"wp","href":"https:\/\/api.w.org\/{rel}","templated":true}]}}