{"id":16811,"date":"2018-01-21T23:42:06","date_gmt":"2018-01-22T04:42:06","guid":{"rendered":"http:\/\/www.dev.nitu.mx\/?p=16811"},"modified":"2018-01-21T23:44:27","modified_gmt":"2018-01-22T04:44:27","slug":"cofece-podria-multar-a-aeromexico-y-volaris-por-posibles-practicas-monopolicas","status":"publish","type":"post","link":"https:\/\/nitu.mx\/index.php\/2018\/01\/21\/cofece-podria-multar-a-aeromexico-y-volaris-por-posibles-practicas-monopolicas\/","title":{"rendered":"Cofece podr\u00eda multar a Aerom\u00e9xico y Volaris por posibles \u201cpr\u00e1cticas monop\u00f3licas\u201d"},"content":{"rendered":"<p>Aerom\u00e9xico y Volaris fueron notificadas por la Comisi\u00f3n Federal de Competencia Econ\u00f3mica (Cofece) de un Dictamen de Probable Responsabilidad relacionado con una investigaci\u00f3n por una posible pr\u00e1ctica monop\u00f3lica.<\/p>\n<p>En abril de 2015, en un comunicado de prensa, el organismo que preside Alejandra Palacios inform\u00f3 el inicio de una investigaci\u00f3n por una \u201cposible realizaci\u00f3n de pr\u00e1cticas monop\u00f3licas absolutas en el mercado de servicios al p\u00fablico de transporte a\u00e9reo de pasajeros y\/o de carga con origen y\/o destino en el territorio nacional\u201d.<\/p>\n<p>De acuerdo con fuentes del organismo antimonopolios, el pasado 7 de diciembre el Pleno de la Cofece discuti\u00f3 dicho asunto, cuya resoluci\u00f3n fue continuar con este proceso tras concluir la fase de investigaci\u00f3n por la probable pr\u00e1ctica monop\u00f3lica.<\/p>\n<p>\u201cEn el referido Dictamen, la Autoridad Investigadora de la Cofece imputa de manera presuntiva a Aerom\u00e9xico su probable responsabilidad en la comisi\u00f3n de dichas pr\u00e1cticas. Es pertinente destacar que por tratarse de hechos que habr\u00edan ocurrido en la d\u00e9cada pasada, el Dictamen est\u00e1 fundado en la anterior Ley Federal de Competencia Econ\u00f3mica\u201d, se lee en un comunicado enviado por la aerol\u00ednea a la Bolsa Mexicana de Valores.\u00a0<a title=\"Cofece alega ante la Corte desacato en la asignaci\u00f3n de slots en el AICM\" href=\"http:\/\/www.dev.nitu.mx\/index.php\/2017\/11\/24\/cofece-promueve-recurso-ante-la-corte-alegando-desacato-en-la-asignacion-de-horarios-de-aterrizaje-y-despeje-en-el-aicm\/\" rel=\"bookmark\">(Cofece alega ante la Corte desacato en la asignaci\u00f3n de slots en el AICM<\/a>).<\/p>\n<p>Mientras tanto, el comunicado de Volaris menciona que Cofece &#8220;notific\u00f3 un Dictamen de Probable Responsabilidad (a la aerol\u00ednea) a trav\u00e9s del cual la Autoridad Investigadora imputa de manera presuntiva a diversas aerol\u00edneas nacionales, entre las cuales se encuentra Volaris, la posible comisi\u00f3n de pr\u00e1cticas monop\u00f3licas absolutas en el mercado de servicios al p\u00fablico de transporte a\u00e9reo de pasajeros en el territorio nacional durante el periodo comprendido entre el mes de abril del 2008 y hasta el mes de febrero de 2010&#8221;.<\/p>\n<p>No obstante, seg\u00fan fuentes del organismo, a\u00fan no se le imputa responsabilidad definitiva a ninguna de las aerol\u00edneas, pues en esta fase del procedimiento las empresas a\u00e9reas podr\u00e1n presentar pruebas para apelar la resoluci\u00f3n y posible sanci\u00f3n de la Cofece.<\/p>\n<p>El organismo antimonopolios declin\u00f3 dar a conocer en qu\u00e9 consiste la posible pr\u00e1ctica monop\u00f3lica, as\u00ed como las dem\u00e1s empresas a\u00e9reas relacionadas. En dos hechos relevantes muy similares en su estructura y redacci\u00f3n, tanto Aerom\u00e9xico como Volaris afirman estar &#8220;analizando&#8221; el contenido del dictamen dado a conocer el jueves pasado y subrayan que, hasta la fecha, no se les ha imputado &#8220;responsabilidad definitiva&#8221; alguna. &#8220;Aerom\u00e9xico continuar\u00e1 cooperando con la Cofece y dar\u00e1 respuesta al dictamen de probable responsabilidad ejerciendo los medios de defensa procedentes&#8221;, agrega la empresa comandada por Andr\u00e9s Conesa, que se dice\u00a0&#8220;comprometida&#8221; con la generaci\u00f3n de &#8220;beneficios para los consumidores en un entorno de competencia libre y justa, por lo que este tipo de pr\u00e1cticas son inaceptables y contrarias a los valores y c\u00f3digo de conducta de la aerol\u00ednea&#8221;. Por su parte, la compa\u00f1\u00eda de bajo coste, especializada en trayectos entre M\u00e9xico y Estados Unidos, afirma estar &#8220;comprometida con el cumplimiento de las leyes y con el desarrollo a las condiciones de competencia en el mercado&#8221;.<\/p>\n<p>La investigaci\u00f3n podr\u00eda concluir en una multa para ambas compa\u00f1\u00edas de hasta 4.6 millones de d\u00f3lares (3.8 millones de euros). En ese supuesto, a\u00f1ade Volaris en un mensaje claramente dirigido para sus accionistas, no habr\u00eda ning\u00fan &#8220;efecto adverso en el desempe\u00f1o&#8221; financiero de la empresa. &#8220;No obstante, lo anterior resulta imposible predecir la posici\u00f3n final de dicha autoridad ya que el procedimiento ante la Cofece se encuentra en tr\u00e1mite&#8221;, agrega.<\/p>\n<p>Poco m\u00e1s de 24 horas despu\u00e9s de los comunicados de ambas aerol\u00edneas, la Cofece ha confirmado este domingo que ha emplazado a consultas a &#8220;diversos agentes econ\u00f3micos&#8221; -sin nombrar en ning\u00fan momento a Aerom\u00e9xico o a Volaris- por su &#8220;probable responsabilidad en la realizaci\u00f3n de pr\u00e1cticas monop\u00f3licas absolutas en el mercado de la prestaci\u00f3n de servicios al p\u00fablico de transporte a\u00e9reo de pasajeros con origen y destino en territorio nacional&#8221;. Los hechos, subraya el organismo &#8220;posiblemente derivaron en contratos, convenios, arreglos o combinaciones entre agentes econ\u00f3micos competidores que participan en el mercado referido, con el objeto o efecto de fijar o manipular el precio base de los servicios que ofrecen&#8221;. Al haber ocurrido en la d\u00e9cada pasada, el dictamen de la Cofece est\u00e1 fundado en la antigua ley mexicana de competencia, reformada en 2011.<\/p>\n<p>Con una flota de 120 aviones de corto, medio y largo radio y mil destinos ofertados, Aerom\u00e9xico es la mayor aerol\u00ednea de M\u00e9xico y se encuentra en pleno proceso de fusi\u00f3n con una de las mayores compa\u00f1\u00edas a\u00e9reas del mundo: la estadounidense Delta. Volaris, por su parte, tiene 71 aeronaves \u2014todas ellas Airbus de corto y medio radio\u2014 con las que vuela a 174 destinos. Esta semana, la empresa dirigida por Enrique Beltranena ha anunciado que duplicar\u00e1 su flota de aqu\u00ed a 2026 con la compra de 80 nuevos aviones de la familia A-320. Con informaci\u00f3n de El Financiero y El Pa\u00eds.\u00a0<a title=\"Volaris invertir\u00eda 9 mil mdd para adquirir 80 aviones Airbus\" href=\"http:\/\/www.dev.nitu.mx\/index.php\/2018\/01\/16\/volaris-invertiria-9-mil-mdd-para-adquirir-80-aviones-airbus\/\" rel=\"bookmark\">(Volaris invertir\u00eda 9 mil mdd para adquirir 80 aviones Airbus<\/a>).<\/p>\n","protected":false},"excerpt":{"rendered":"<p>Aerom\u00e9xico y Volaris fueron notificadas por la Comisi\u00f3n Federal de Competencia Econ\u00f3mica (Cofece) de un Dictamen de Probable Responsabilidad relacionado con una investigaci\u00f3n por una posible pr\u00e1ctica monop\u00f3lica. En abril de 2015, en un comunicado de prensa, el organismo que preside Alejandra Palacios inform\u00f3 el inicio de una investigaci\u00f3n por una \u201cposible realizaci\u00f3n de pr\u00e1cticas [&hellip;]<\/p>\n","protected":false},"author":17,"featured_media":16454,"comment_status":"open","ping_status":"open","sticky":false,"template":"","format":"standard","meta":{"footnotes":""},"categories":[29,5],"tags":[2259,30,2612,170,696,719,435,5889,131,4042],"yoast_head":"<!-- This site is optimized with the Yoast SEO plugin v22.2 - https:\/\/yoast.com\/wordpress\/plugins\/seo\/ -->\n<title>Cofece podr\u00eda multar a Aerom\u00e9xico y Volaris por posibles \u201cpr\u00e1cticas monop\u00f3licas\u201d - Nitu - Noticias de la Industria Turistica<\/title>\n<meta name=\"description\" content=\"Aerom\u00e9xico y Volaris fueron notificadas por la Cofece de un Dictamen de Probable Responsabilidad por una posible pr\u00e1ctica monop\u00f3lica.\" \/>\n<meta name=\"robots\" content=\"index, follow, max-snippet:-1, max-image-preview:large, max-video-preview:-1\" \/>\n<link rel=\"canonical\" href=\"https:\/\/nitu.mx\/index.php\/2018\/01\/21\/cofece-podria-multar-a-aeromexico-y-volaris-por-posibles-practicas-monopolicas\/\" \/>\n<meta name=\"twitter:card\" content=\"summary_large_image\" \/>\n<meta name=\"twitter:title\" content=\"Cofece podr\u00eda multar a Aerom\u00e9xico y Volaris por posibles \u201cpr\u00e1cticas monop\u00f3licas\u201d - Nitu - Noticias de la Industria Turistica\" \/>\n<meta name=\"twitter:description\" content=\"Aerom\u00e9xico y Volaris fueron notificadas por la Cofece de un Dictamen de Probable Responsabilidad por una posible pr\u00e1ctica monop\u00f3lica.\" \/>\n<meta name=\"twitter:image\" content=\"https:\/\/nitu.mx\/wp-content\/uploads\/2018\/01\/Volaris-y-Aerom\u00e9xico.jpg\" \/>\n<meta name=\"twitter:creator\" content=\"@NITUmx\" \/>\n<meta name=\"twitter:site\" content=\"@Arturo_Medina_G\" \/>\n<meta name=\"twitter:label1\" content=\"Escrito por\" \/>\n\t<meta name=\"twitter:data1\" content=\"Redacci\u00f3n\" \/>\n\t<meta name=\"twitter:label2\" content=\"Tiempo de lectura\" \/>\n\t<meta name=\"twitter:data2\" content=\"4 minutos\" \/>\n<script type=\"application\/ld+json\" class=\"yoast-schema-graph\">{\"@context\":\"https:\/\/schema.org\",\"@graph\":[{\"@type\":\"Article\",\"@id\":\"https:\/\/nitu.mx\/index.php\/2018\/01\/21\/cofece-podria-multar-a-aeromexico-y-volaris-por-posibles-practicas-monopolicas\/#article\",\"isPartOf\":{\"@id\":\"https:\/\/nitu.mx\/index.php\/2018\/01\/21\/cofece-podria-multar-a-aeromexico-y-volaris-por-posibles-practicas-monopolicas\/\"},\"author\":{\"name\":\"Redacci\u00f3n\",\"@id\":\"https:\/\/nitu.mx\/#\/schema\/person\/4a28fe9bd65924f7c90623773daf1b0b\"},\"headline\":\"Cofece podr\u00eda multar a Aerom\u00e9xico y Volaris por posibles \u201cpr\u00e1cticas monop\u00f3licas\u201d\",\"datePublished\":\"2018-01-22T04:42:06+00:00\",\"dateModified\":\"2018-01-22T04:44:27+00:00\",\"mainEntityOfPage\":{\"@id\":\"https:\/\/nitu.mx\/index.php\/2018\/01\/21\/cofece-podria-multar-a-aeromexico-y-volaris-por-posibles-practicas-monopolicas\/\"},\"wordCount\":892,\"commentCount\":0,\"publisher\":{\"@id\":\"https:\/\/nitu.mx\/#\/schema\/person\/ae7a53426417292d3dd07b45a33e01bc\"},\"image\":{\"@id\":\"https:\/\/nitu.mx\/index.php\/2018\/01\/21\/cofece-podria-multar-a-aeromexico-y-volaris-por-posibles-practicas-monopolicas\/#primaryimage\"},\"thumbnailUrl\":\"https:\/\/nitu.mx\/wp-content\/uploads\/2018\/01\/Volaris-y-Aerom\u00e9xico.jpg\",\"keywords\":[\"aerol\u00edneas\",\"Aerom\u00e9xico\",\"Alejandra Palacios\",\"Andr\u00e9s Conesa\",\"COFECE\",\"Comisi\u00f3n Federal de Competencia Econ\u00f3mica\",\"Enrique Beltranena\",\"Pr\u00e1cticas Monop\u00f3licas\",\"Volaris\",\"Vuelos\"],\"articleSection\":[\"Aerol\u00edneas\",\"Destinos\"],\"inLanguage\":\"es-MX\",\"potentialAction\":[{\"@type\":\"CommentAction\",\"name\":\"Comment\",\"target\":[\"https:\/\/nitu.mx\/index.php\/2018\/01\/21\/cofece-podria-multar-a-aeromexico-y-volaris-por-posibles-practicas-monopolicas\/#respond\"]}]},{\"@type\":\"WebPage\",\"@id\":\"https:\/\/nitu.mx\/index.php\/2018\/01\/21\/cofece-podria-multar-a-aeromexico-y-volaris-por-posibles-practicas-monopolicas\/\",\"url\":\"https:\/\/nitu.mx\/index.php\/2018\/01\/21\/cofece-podria-multar-a-aeromexico-y-volaris-por-posibles-practicas-monopolicas\/\",\"name\":\"Cofece podr\u00eda multar a Aerom\u00e9xico y Volaris por posibles \u201cpr\u00e1cticas monop\u00f3licas\u201d - Nitu - Noticias de la Industria Turistica\",\"isPartOf\":{\"@id\":\"https:\/\/nitu.mx\/#website\"},\"primaryImageOfPage\":{\"@id\":\"https:\/\/nitu.mx\/index.php\/2018\/01\/21\/cofece-podria-multar-a-aeromexico-y-volaris-por-posibles-practicas-monopolicas\/#primaryimage\"},\"image\":{\"@id\":\"https:\/\/nitu.mx\/index.php\/2018\/01\/21\/cofece-podria-multar-a-aeromexico-y-volaris-por-posibles-practicas-monopolicas\/#primaryimage\"},\"thumbnailUrl\":\"https:\/\/nitu.mx\/wp-content\/uploads\/2018\/01\/Volaris-y-Aerom\u00e9xico.jpg\",\"datePublished\":\"2018-01-22T04:42:06+00:00\",\"dateModified\":\"2018-01-22T04:44:27+00:00\",\"description\":\"Aerom\u00e9xico y Volaris fueron notificadas por la Cofece de un Dictamen de Probable Responsabilidad por una posible pr\u00e1ctica monop\u00f3lica.\",\"breadcrumb\":{\"@id\":\"https:\/\/nitu.mx\/index.php\/2018\/01\/21\/cofece-podria-multar-a-aeromexico-y-volaris-por-posibles-practicas-monopolicas\/#breadcrumb\"},\"inLanguage\":\"es-MX\",\"potentialAction\":[{\"@type\":\"ReadAction\",\"target\":[\"https:\/\/nitu.mx\/index.php\/2018\/01\/21\/cofece-podria-multar-a-aeromexico-y-volaris-por-posibles-practicas-monopolicas\/\"]}]},{\"@type\":\"ImageObject\",\"inLanguage\":\"es-MX\",\"@id\":\"https:\/\/nitu.mx\/index.php\/2018\/01\/21\/cofece-podria-multar-a-aeromexico-y-volaris-por-posibles-practicas-monopolicas\/#primaryimage\",\"url\":\"https:\/\/nitu.mx\/wp-content\/uploads\/2018\/01\/Volaris-y-Aerom\u00e9xico.jpg\",\"contentUrl\":\"https:\/\/nitu.mx\/wp-content\/uploads\/2018\/01\/Volaris-y-Aerom\u00e9xico.jpg\",\"width\":850,\"height\":480,\"caption\":\"Volaris y Aerom\u00e9xico Cofece\"},{\"@type\":\"BreadcrumbList\",\"@id\":\"https:\/\/nitu.mx\/index.php\/2018\/01\/21\/cofece-podria-multar-a-aeromexico-y-volaris-por-posibles-practicas-monopolicas\/#breadcrumb\",\"itemListElement\":[{\"@type\":\"ListItem\",\"position\":1,\"name\":\"Inicio\",\"item\":\"https:\/\/nitu.mx\/\"},{\"@type\":\"ListItem\",\"position\":2,\"name\":\"Cofece podr\u00eda multar a Aerom\u00e9xico y Volaris por posibles \u201cpr\u00e1cticas monop\u00f3licas\u201d\"}]},{\"@type\":\"WebSite\",\"@id\":\"https:\/\/nitu.mx\/#website\",\"url\":\"https:\/\/nitu.mx\/\",\"name\":\"Nitu - Noticias de la Industria Turistica\",\"description\":\"Noticias de la Industria Turistica\",\"publisher\":{\"@id\":\"https:\/\/nitu.mx\/#\/schema\/person\/ae7a53426417292d3dd07b45a33e01bc\"},\"alternateName\":\"Noticias de la Industria Turistica\",\"potentialAction\":[{\"@type\":\"SearchAction\",\"target\":{\"@type\":\"EntryPoint\",\"urlTemplate\":\"https:\/\/nitu.mx\/?s={search_term_string}\"},\"query-input\":\"required name=search_term_string\"}],\"inLanguage\":\"es-MX\"},{\"@type\":[\"Person\",\"Organization\"],\"@id\":\"https:\/\/nitu.mx\/#\/schema\/person\/ae7a53426417292d3dd07b45a33e01bc\",\"name\":\"Arturo Medina\",\"image\":{\"@type\":\"ImageObject\",\"inLanguage\":\"es-MX\",\"@id\":\"https:\/\/nitu.mx\/#\/schema\/person\/image\/\",\"url\":\"https:\/\/nitu.mx\/wp-content\/uploads\/2024\/04\/4A315622-1904-4D5C-B022-878CDC840E04-90x90-1.jpeg\",\"contentUrl\":\"https:\/\/nitu.mx\/wp-content\/uploads\/2024\/04\/4A315622-1904-4D5C-B022-878CDC840E04-90x90-1.jpeg\",\"width\":90,\"height\":90,\"caption\":\"Arturo Medina\"},\"logo\":{\"@id\":\"https:\/\/nitu.mx\/#\/schema\/person\/image\/\"},\"description\":\"Director NITU.mx, Egresado de la Escuela de Periodismo Carlos Septi\u00e9n Garc\u00eda. Periodista y analista especializado en turismo desde hace 35 a\u00f1os, radicado en Canc\u00fan Q.Roo. arturo@nitu.mx\",\"sameAs\":[\"https:\/\/nitu.mx\",\"https:\/\/www.facebook.com\/NITUmx\/\",\"medinacancun\",\"https:\/\/twitter.com\/@Arturo_Medina_G\"]},{\"@type\":\"Person\",\"@id\":\"https:\/\/nitu.mx\/#\/schema\/person\/4a28fe9bd65924f7c90623773daf1b0b\",\"name\":\"Redacci\u00f3n\",\"image\":{\"@type\":\"ImageObject\",\"inLanguage\":\"es-MX\",\"@id\":\"https:\/\/nitu.mx\/#\/schema\/person\/image\/\",\"url\":\"https:\/\/secure.gravatar.com\/avatar\/5dd011c8ccfc5cd7e4c81e42252aab38?s=96&d=mm&r=g\",\"contentUrl\":\"https:\/\/secure.gravatar.com\/avatar\/5dd011c8ccfc5cd7e4c81e42252aab38?s=96&d=mm&r=g\",\"caption\":\"Redacci\u00f3n\"},\"url\":\"https:\/\/nitu.mx\/index.php\/author\/redaccion\/\"}]}<\/script>\n<!-- \/ Yoast SEO plugin. -->","yoast_head_json":{"title":"Cofece podr\u00eda multar a Aerom\u00e9xico y Volaris por posibles \u201cpr\u00e1cticas monop\u00f3licas\u201d - Nitu - Noticias de la Industria Turistica","description":"Aerom\u00e9xico y Volaris fueron notificadas por la Cofece de un Dictamen de Probable Responsabilidad por una posible pr\u00e1ctica monop\u00f3lica.","robots":{"index":"index","follow":"follow","max-snippet":"max-snippet:-1","max-image-preview":"max-image-preview:large","max-video-preview":"max-video-preview:-1"},"canonical":"https:\/\/nitu.mx\/index.php\/2018\/01\/21\/cofece-podria-multar-a-aeromexico-y-volaris-por-posibles-practicas-monopolicas\/","twitter_card":"summary_large_image","twitter_title":"Cofece podr\u00eda multar a Aerom\u00e9xico y Volaris por posibles \u201cpr\u00e1cticas monop\u00f3licas\u201d - Nitu - Noticias de la Industria Turistica","twitter_description":"Aerom\u00e9xico y Volaris fueron notificadas por la Cofece de un Dictamen de Probable Responsabilidad por una posible pr\u00e1ctica monop\u00f3lica.","twitter_image":"https:\/\/nitu.mx\/wp-content\/uploads\/2018\/01\/Volaris-y-Aerom\u00e9xico.jpg","twitter_creator":"@NITUmx","twitter_site":"@Arturo_Medina_G","twitter_misc":{"Escrito por":"Redacci\u00f3n","Tiempo de lectura":"4 minutos"},"schema":{"@context":"https:\/\/schema.org","@graph":[{"@type":"Article","@id":"https:\/\/nitu.mx\/index.php\/2018\/01\/21\/cofece-podria-multar-a-aeromexico-y-volaris-por-posibles-practicas-monopolicas\/#article","isPartOf":{"@id":"https:\/\/nitu.mx\/index.php\/2018\/01\/21\/cofece-podria-multar-a-aeromexico-y-volaris-por-posibles-practicas-monopolicas\/"},"author":{"name":"Redacci\u00f3n","@id":"https:\/\/nitu.mx\/#\/schema\/person\/4a28fe9bd65924f7c90623773daf1b0b"},"headline":"Cofece podr\u00eda multar a Aerom\u00e9xico y Volaris por posibles \u201cpr\u00e1cticas monop\u00f3licas\u201d","datePublished":"2018-01-22T04:42:06+00:00","dateModified":"2018-01-22T04:44:27+00:00","mainEntityOfPage":{"@id":"https:\/\/nitu.mx\/index.php\/2018\/01\/21\/cofece-podria-multar-a-aeromexico-y-volaris-por-posibles-practicas-monopolicas\/"},"wordCount":892,"commentCount":0,"publisher":{"@id":"https:\/\/nitu.mx\/#\/schema\/person\/ae7a53426417292d3dd07b45a33e01bc"},"image":{"@id":"https:\/\/nitu.mx\/index.php\/2018\/01\/21\/cofece-podria-multar-a-aeromexico-y-volaris-por-posibles-practicas-monopolicas\/#primaryimage"},"thumbnailUrl":"https:\/\/nitu.mx\/wp-content\/uploads\/2018\/01\/Volaris-y-Aerom\u00e9xico.jpg","keywords":["aerol\u00edneas","Aerom\u00e9xico","Alejandra Palacios","Andr\u00e9s Conesa","COFECE","Comisi\u00f3n Federal de Competencia Econ\u00f3mica","Enrique Beltranena","Pr\u00e1cticas Monop\u00f3licas","Volaris","Vuelos"],"articleSection":["Aerol\u00edneas","Destinos"],"inLanguage":"es-MX","potentialAction":[{"@type":"CommentAction","name":"Comment","target":["https:\/\/nitu.mx\/index.php\/2018\/01\/21\/cofece-podria-multar-a-aeromexico-y-volaris-por-posibles-practicas-monopolicas\/#respond"]}]},{"@type":"WebPage","@id":"https:\/\/nitu.mx\/index.php\/2018\/01\/21\/cofece-podria-multar-a-aeromexico-y-volaris-por-posibles-practicas-monopolicas\/","url":"https:\/\/nitu.mx\/index.php\/2018\/01\/21\/cofece-podria-multar-a-aeromexico-y-volaris-por-posibles-practicas-monopolicas\/","name":"Cofece podr\u00eda multar a Aerom\u00e9xico y Volaris por posibles \u201cpr\u00e1cticas monop\u00f3licas\u201d - Nitu - Noticias de la Industria Turistica","isPartOf":{"@id":"https:\/\/nitu.mx\/#website"},"primaryImageOfPage":{"@id":"https:\/\/nitu.mx\/index.php\/2018\/01\/21\/cofece-podria-multar-a-aeromexico-y-volaris-por-posibles-practicas-monopolicas\/#primaryimage"},"image":{"@id":"https:\/\/nitu.mx\/index.php\/2018\/01\/21\/cofece-podria-multar-a-aeromexico-y-volaris-por-posibles-practicas-monopolicas\/#primaryimage"},"thumbnailUrl":"https:\/\/nitu.mx\/wp-content\/uploads\/2018\/01\/Volaris-y-Aerom\u00e9xico.jpg","datePublished":"2018-01-22T04:42:06+00:00","dateModified":"2018-01-22T04:44:27+00:00","description":"Aerom\u00e9xico y Volaris fueron notificadas por la Cofece de un Dictamen de Probable Responsabilidad por una posible pr\u00e1ctica monop\u00f3lica.","breadcrumb":{"@id":"https:\/\/nitu.mx\/index.php\/2018\/01\/21\/cofece-podria-multar-a-aeromexico-y-volaris-por-posibles-practicas-monopolicas\/#breadcrumb"},"inLanguage":"es-MX","potentialAction":[{"@type":"ReadAction","target":["https:\/\/nitu.mx\/index.php\/2018\/01\/21\/cofece-podria-multar-a-aeromexico-y-volaris-por-posibles-practicas-monopolicas\/"]}]},{"@type":"ImageObject","inLanguage":"es-MX","@id":"https:\/\/nitu.mx\/index.php\/2018\/01\/21\/cofece-podria-multar-a-aeromexico-y-volaris-por-posibles-practicas-monopolicas\/#primaryimage","url":"https:\/\/nitu.mx\/wp-content\/uploads\/2018\/01\/Volaris-y-Aerom\u00e9xico.jpg","contentUrl":"https:\/\/nitu.mx\/wp-content\/uploads\/2018\/01\/Volaris-y-Aerom\u00e9xico.jpg","width":850,"height":480,"caption":"Volaris y Aerom\u00e9xico Cofece"},{"@type":"BreadcrumbList","@id":"https:\/\/nitu.mx\/index.php\/2018\/01\/21\/cofece-podria-multar-a-aeromexico-y-volaris-por-posibles-practicas-monopolicas\/#breadcrumb","itemListElement":[{"@type":"ListItem","position":1,"name":"Inicio","item":"https:\/\/nitu.mx\/"},{"@type":"ListItem","position":2,"name":"Cofece podr\u00eda multar a Aerom\u00e9xico y Volaris por posibles \u201cpr\u00e1cticas monop\u00f3licas\u201d"}]},{"@type":"WebSite","@id":"https:\/\/nitu.mx\/#website","url":"https:\/\/nitu.mx\/","name":"Nitu - Noticias de la Industria Turistica","description":"Noticias de la Industria Turistica","publisher":{"@id":"https:\/\/nitu.mx\/#\/schema\/person\/ae7a53426417292d3dd07b45a33e01bc"},"alternateName":"Noticias de la Industria Turistica","potentialAction":[{"@type":"SearchAction","target":{"@type":"EntryPoint","urlTemplate":"https:\/\/nitu.mx\/?s={search_term_string}"},"query-input":"required name=search_term_string"}],"inLanguage":"es-MX"},{"@type":["Person","Organization"],"@id":"https:\/\/nitu.mx\/#\/schema\/person\/ae7a53426417292d3dd07b45a33e01bc","name":"Arturo Medina","image":{"@type":"ImageObject","inLanguage":"es-MX","@id":"https:\/\/nitu.mx\/#\/schema\/person\/image\/","url":"https:\/\/nitu.mx\/wp-content\/uploads\/2024\/04\/4A315622-1904-4D5C-B022-878CDC840E04-90x90-1.jpeg","contentUrl":"https:\/\/nitu.mx\/wp-content\/uploads\/2024\/04\/4A315622-1904-4D5C-B022-878CDC840E04-90x90-1.jpeg","width":90,"height":90,"caption":"Arturo Medina"},"logo":{"@id":"https:\/\/nitu.mx\/#\/schema\/person\/image\/"},"description":"Director NITU.mx, Egresado de la Escuela de Periodismo Carlos Septi\u00e9n Garc\u00eda. Periodista y analista especializado en turismo desde hace 35 a\u00f1os, radicado en Canc\u00fan Q.Roo. arturo@nitu.mx","sameAs":["https:\/\/nitu.mx","https:\/\/www.facebook.com\/NITUmx\/","medinacancun","https:\/\/twitter.com\/@Arturo_Medina_G"]},{"@type":"Person","@id":"https:\/\/nitu.mx\/#\/schema\/person\/4a28fe9bd65924f7c90623773daf1b0b","name":"Redacci\u00f3n","image":{"@type":"ImageObject","inLanguage":"es-MX","@id":"https:\/\/nitu.mx\/#\/schema\/person\/image\/","url":"https:\/\/secure.gravatar.com\/avatar\/5dd011c8ccfc5cd7e4c81e42252aab38?s=96&d=mm&r=g","contentUrl":"https:\/\/secure.gravatar.com\/avatar\/5dd011c8ccfc5cd7e4c81e42252aab38?s=96&d=mm&r=g","caption":"Redacci\u00f3n"},"url":"https:\/\/nitu.mx\/index.php\/author\/redaccion\/"}]}},"views":310,"_links":{"self":[{"href":"https:\/\/nitu.mx\/index.php\/wp-json\/wp\/v2\/posts\/16811"}],"collection":[{"href":"https:\/\/nitu.mx\/index.php\/wp-json\/wp\/v2\/posts"}],"about":[{"href":"https:\/\/nitu.mx\/index.php\/wp-json\/wp\/v2\/types\/post"}],"author":[{"embeddable":true,"href":"https:\/\/nitu.mx\/index.php\/wp-json\/wp\/v2\/users\/17"}],"replies":[{"embeddable":true,"href":"https:\/\/nitu.mx\/index.php\/wp-json\/wp\/v2\/comments?post=16811"}],"version-history":[{"count":3,"href":"https:\/\/nitu.mx\/index.php\/wp-json\/wp\/v2\/posts\/16811\/revisions"}],"predecessor-version":[{"id":16837,"href":"https:\/\/nitu.mx\/index.php\/wp-json\/wp\/v2\/posts\/16811\/revisions\/16837"}],"wp:featuredmedia":[{"embeddable":true,"href":"https:\/\/nitu.mx\/index.php\/wp-json\/wp\/v2\/media\/16454"}],"wp:attachment":[{"href":"https:\/\/nitu.mx\/index.php\/wp-json\/wp\/v2\/media?parent=16811"}],"wp:term":[{"taxonomy":"category","embeddable":true,"href":"https:\/\/nitu.mx\/index.php\/wp-json\/wp\/v2\/categories?post=16811"},{"taxonomy":"post_tag","embeddable":true,"href":"https:\/\/nitu.mx\/index.php\/wp-json\/wp\/v2\/tags?post=16811"}],"curies":[{"name":"wp","href":"https:\/\/api.w.org\/{rel}","templated":true}]}}