{"id":16394,"date":"2018-01-08T23:33:54","date_gmt":"2018-01-09T04:33:54","guid":{"rendered":"http:\/\/www.dev.nitu.mx\/?p=16394"},"modified":"2018-01-09T01:43:23","modified_gmt":"2018-01-09T06:43:23","slug":"volaris-presento-a-holger-blankenstein-y-fernando-suarez-como-nuevos-vicepresidentes","status":"publish","type":"post","link":"https:\/\/nitu.mx\/index.php\/2018\/01\/08\/volaris-presento-a-holger-blankenstein-y-fernando-suarez-como-nuevos-vicepresidentes\/","title":{"rendered":"Volaris present\u00f3 a Blankenstein y Su\u00e1rez como nuevos vicepresidentes"},"content":{"rendered":"<p>Volaris dio a conocer que Holger Blankenstein y Fernando Su\u00e1rez asumir\u00e1n las posiciones de vicepresidentes ejecutivos de las aerol\u00edneas del grupo con vigencia inmediata.<\/p>\n<p>Destaca que tanto Blankenstein como Su\u00e1rez han estado con Volaris desde su inicio hace 12 a\u00f1os, desempe\u00f1ando los cargos de director Comercial y director Financiero, respectivamente.<\/p>\n<p>Como parte de su nuevo rol de gesti\u00f3n, Blankenstein tendr\u00e1 la responsabilidad de la generaci\u00f3n de ingresos, el servicio al cliente y operaciones de las aerol\u00edneas del grupo; mientras que Su\u00e1rez tendr\u00e1 la responsabilidad general de las finanzas, el desarrollo empresarial y las funciones de CFO de las aerol\u00edneas del grupo\u201d, indic\u00f3 Volaris a la Bolsa Mexicana de Valores (BMV) a trav\u00e9s de un comunicado.<\/p>\n<p>Ambos reportar\u00e1n directamente al director ejecutivo de Volaris, Enrique Beltranena.\u00a0<a title=\"Volaris transport\u00f3 a 16.4 millones de pasajeros en 2017\" href=\"http:\/\/www.dev.nitu.mx\/index.php\/2018\/01\/08\/volaris-transporto-a-16-4-millones-de-pasajeros-en-2017\/\" rel=\"bookmark\">(Volaris transport\u00f3 a 16.4 millones de pasajeros en 2017<\/a>).<\/p>\n","protected":false},"excerpt":{"rendered":"<p>Volaris dio a conocer que Holger Blankenstein y Fernando Su\u00e1rez asumir\u00e1n las posiciones de vicepresidentes ejecutivos de las aerol\u00edneas del grupo con vigencia inmediata. Destaca que tanto Blankenstein como Su\u00e1rez han estado con Volaris desde su inicio hace 12 a\u00f1os, desempe\u00f1ando los cargos de director Comercial y director Financiero, respectivamente. Como parte de su nuevo [&hellip;]<\/p>\n","protected":false},"author":17,"featured_media":7128,"comment_status":"open","ping_status":"open","sticky":false,"template":"","format":"standard","meta":{"footnotes":""},"categories":[29,6],"tags":[2259,7495,7494,807,131],"yoast_head":"<!-- This site is optimized with the Yoast SEO plugin v22.2 - https:\/\/yoast.com\/wordpress\/plugins\/seo\/ -->\n<title>Volaris present\u00f3 a Blankenstein y Su\u00e1rez como nuevos vicepresidentes - Nitu - Noticias de la Industria Turistica<\/title>\n<meta name=\"description\" content=\"Volaris dio a conocer que Holger Blankenstein y Fernando Su\u00e1rez asumir\u00e1n las posiciones de vicepresidentes ejecutivos de las aerol\u00edneas del grupo.\" \/>\n<meta name=\"robots\" content=\"index, follow, max-snippet:-1, max-image-preview:large, max-video-preview:-1\" \/>\n<link rel=\"canonical\" href=\"https:\/\/nitu.mx\/index.php\/2018\/01\/08\/volaris-presento-a-holger-blankenstein-y-fernando-suarez-como-nuevos-vicepresidentes\/\" \/>\n<meta name=\"twitter:card\" content=\"summary_large_image\" \/>\n<meta name=\"twitter:title\" content=\"Volaris present\u00f3 a Blankenstein y Su\u00e1rez como nuevos vicepresidentes - Nitu - Noticias de la Industria Turistica\" \/>\n<meta name=\"twitter:description\" content=\"Volaris dio a conocer que Holger Blankenstein y Fernando Su\u00e1rez asumir\u00e1n las posiciones de vicepresidentes ejecutivos de las aerol\u00edneas del grupo.\" \/>\n<meta name=\"twitter:image\" content=\"https:\/\/nitu.mx\/wp-content\/uploads\/2017\/02\/Enrique-Beltranena.jpg\" \/>\n<meta name=\"twitter:creator\" content=\"@NITUmx\" \/>\n<meta name=\"twitter:site\" content=\"@Arturo_Medina_G\" \/>\n<meta name=\"twitter:label1\" content=\"Escrito por\" \/>\n\t<meta name=\"twitter:data1\" content=\"Redacci\u00f3n\" \/>\n\t<meta name=\"twitter:label2\" content=\"Tiempo de lectura\" \/>\n\t<meta name=\"twitter:data2\" content=\"1 minuto\" \/>\n<script type=\"application\/ld+json\" class=\"yoast-schema-graph\">{\"@context\":\"https:\/\/schema.org\",\"@graph\":[{\"@type\":\"Article\",\"@id\":\"https:\/\/nitu.mx\/index.php\/2018\/01\/08\/volaris-presento-a-holger-blankenstein-y-fernando-suarez-como-nuevos-vicepresidentes\/#article\",\"isPartOf\":{\"@id\":\"https:\/\/nitu.mx\/index.php\/2018\/01\/08\/volaris-presento-a-holger-blankenstein-y-fernando-suarez-como-nuevos-vicepresidentes\/\"},\"author\":{\"name\":\"Redacci\u00f3n\",\"@id\":\"https:\/\/nitu.mx\/#\/schema\/person\/4a28fe9bd65924f7c90623773daf1b0b\"},\"headline\":\"Volaris present\u00f3 a Blankenstein y Su\u00e1rez como nuevos vicepresidentes\",\"datePublished\":\"2018-01-09T04:33:54+00:00\",\"dateModified\":\"2018-01-09T06:43:23+00:00\",\"mainEntityOfPage\":{\"@id\":\"https:\/\/nitu.mx\/index.php\/2018\/01\/08\/volaris-presento-a-holger-blankenstein-y-fernando-suarez-como-nuevos-vicepresidentes\/\"},\"wordCount\":154,\"commentCount\":0,\"publisher\":{\"@id\":\"https:\/\/nitu.mx\/#\/schema\/person\/ae7a53426417292d3dd07b45a33e01bc\"},\"image\":{\"@id\":\"https:\/\/nitu.mx\/index.php\/2018\/01\/08\/volaris-presento-a-holger-blankenstein-y-fernando-suarez-como-nuevos-vicepresidentes\/#primaryimage\"},\"thumbnailUrl\":\"https:\/\/nitu.mx\/wp-content\/uploads\/2017\/02\/Enrique-Beltranena.jpg\",\"keywords\":[\"aerol\u00edneas\",\"ejecutivos\",\"Fernando Su\u00e1rez\",\"Holger Blankenstein\",\"Volaris\"],\"articleSection\":[\"Aerol\u00edneas\",\"M\u00e9xico\"],\"inLanguage\":\"es-MX\",\"potentialAction\":[{\"@type\":\"CommentAction\",\"name\":\"Comment\",\"target\":[\"https:\/\/nitu.mx\/index.php\/2018\/01\/08\/volaris-presento-a-holger-blankenstein-y-fernando-suarez-como-nuevos-vicepresidentes\/#respond\"]}]},{\"@type\":\"WebPage\",\"@id\":\"https:\/\/nitu.mx\/index.php\/2018\/01\/08\/volaris-presento-a-holger-blankenstein-y-fernando-suarez-como-nuevos-vicepresidentes\/\",\"url\":\"https:\/\/nitu.mx\/index.php\/2018\/01\/08\/volaris-presento-a-holger-blankenstein-y-fernando-suarez-como-nuevos-vicepresidentes\/\",\"name\":\"Volaris present\u00f3 a Blankenstein y Su\u00e1rez como nuevos vicepresidentes - Nitu - Noticias de la Industria Turistica\",\"isPartOf\":{\"@id\":\"https:\/\/nitu.mx\/#website\"},\"primaryImageOfPage\":{\"@id\":\"https:\/\/nitu.mx\/index.php\/2018\/01\/08\/volaris-presento-a-holger-blankenstein-y-fernando-suarez-como-nuevos-vicepresidentes\/#primaryimage\"},\"image\":{\"@id\":\"https:\/\/nitu.mx\/index.php\/2018\/01\/08\/volaris-presento-a-holger-blankenstein-y-fernando-suarez-como-nuevos-vicepresidentes\/#primaryimage\"},\"thumbnailUrl\":\"https:\/\/nitu.mx\/wp-content\/uploads\/2017\/02\/Enrique-Beltranena.jpg\",\"datePublished\":\"2018-01-09T04:33:54+00:00\",\"dateModified\":\"2018-01-09T06:43:23+00:00\",\"description\":\"Volaris dio a conocer que Holger Blankenstein y Fernando Su\u00e1rez asumir\u00e1n las posiciones de vicepresidentes ejecutivos de las aerol\u00edneas del grupo.\",\"breadcrumb\":{\"@id\":\"https:\/\/nitu.mx\/index.php\/2018\/01\/08\/volaris-presento-a-holger-blankenstein-y-fernando-suarez-como-nuevos-vicepresidentes\/#breadcrumb\"},\"inLanguage\":\"es-MX\",\"potentialAction\":[{\"@type\":\"ReadAction\",\"target\":[\"https:\/\/nitu.mx\/index.php\/2018\/01\/08\/volaris-presento-a-holger-blankenstein-y-fernando-suarez-como-nuevos-vicepresidentes\/\"]}]},{\"@type\":\"ImageObject\",\"inLanguage\":\"es-MX\",\"@id\":\"https:\/\/nitu.mx\/index.php\/2018\/01\/08\/volaris-presento-a-holger-blankenstein-y-fernando-suarez-como-nuevos-vicepresidentes\/#primaryimage\",\"url\":\"https:\/\/nitu.mx\/wp-content\/uploads\/2017\/02\/Enrique-Beltranena.jpg\",\"contentUrl\":\"https:\/\/nitu.mx\/wp-content\/uploads\/2017\/02\/Enrique-Beltranena.jpg\",\"width\":850,\"height\":480,\"caption\":\"Volaris Blankenstein Enrique Beltranena\"},{\"@type\":\"BreadcrumbList\",\"@id\":\"https:\/\/nitu.mx\/index.php\/2018\/01\/08\/volaris-presento-a-holger-blankenstein-y-fernando-suarez-como-nuevos-vicepresidentes\/#breadcrumb\",\"itemListElement\":[{\"@type\":\"ListItem\",\"position\":1,\"name\":\"Inicio\",\"item\":\"https:\/\/nitu.mx\/\"},{\"@type\":\"ListItem\",\"position\":2,\"name\":\"Volaris present\u00f3 a Blankenstein y Su\u00e1rez como nuevos vicepresidentes\"}]},{\"@type\":\"WebSite\",\"@id\":\"https:\/\/nitu.mx\/#website\",\"url\":\"https:\/\/nitu.mx\/\",\"name\":\"Nitu - Noticias de la Industria Turistica\",\"description\":\"Noticias de la Industria Turistica\",\"publisher\":{\"@id\":\"https:\/\/nitu.mx\/#\/schema\/person\/ae7a53426417292d3dd07b45a33e01bc\"},\"alternateName\":\"Noticias de la Industria Turistica\",\"potentialAction\":[{\"@type\":\"SearchAction\",\"target\":{\"@type\":\"EntryPoint\",\"urlTemplate\":\"https:\/\/nitu.mx\/?s={search_term_string}\"},\"query-input\":\"required name=search_term_string\"}],\"inLanguage\":\"es-MX\"},{\"@type\":[\"Person\",\"Organization\"],\"@id\":\"https:\/\/nitu.mx\/#\/schema\/person\/ae7a53426417292d3dd07b45a33e01bc\",\"name\":\"Arturo Medina\",\"image\":{\"@type\":\"ImageObject\",\"inLanguage\":\"es-MX\",\"@id\":\"https:\/\/nitu.mx\/#\/schema\/person\/image\/\",\"url\":\"https:\/\/nitu.mx\/wp-content\/uploads\/2024\/04\/4A315622-1904-4D5C-B022-878CDC840E04-90x90-1.jpeg\",\"contentUrl\":\"https:\/\/nitu.mx\/wp-content\/uploads\/2024\/04\/4A315622-1904-4D5C-B022-878CDC840E04-90x90-1.jpeg\",\"width\":90,\"height\":90,\"caption\":\"Arturo Medina\"},\"logo\":{\"@id\":\"https:\/\/nitu.mx\/#\/schema\/person\/image\/\"},\"description\":\"Director NITU.mx, Egresado de la Escuela de Periodismo Carlos Septi\u00e9n Garc\u00eda. Periodista y analista especializado en turismo desde hace 35 a\u00f1os, radicado en Canc\u00fan Q.Roo. arturo@nitu.mx\",\"sameAs\":[\"https:\/\/nitu.mx\",\"https:\/\/www.facebook.com\/NITUmx\/\",\"medinacancun\",\"https:\/\/twitter.com\/@Arturo_Medina_G\"]},{\"@type\":\"Person\",\"@id\":\"https:\/\/nitu.mx\/#\/schema\/person\/4a28fe9bd65924f7c90623773daf1b0b\",\"name\":\"Redacci\u00f3n\",\"image\":{\"@type\":\"ImageObject\",\"inLanguage\":\"es-MX\",\"@id\":\"https:\/\/nitu.mx\/#\/schema\/person\/image\/\",\"url\":\"https:\/\/secure.gravatar.com\/avatar\/5dd011c8ccfc5cd7e4c81e42252aab38?s=96&d=mm&r=g\",\"contentUrl\":\"https:\/\/secure.gravatar.com\/avatar\/5dd011c8ccfc5cd7e4c81e42252aab38?s=96&d=mm&r=g\",\"caption\":\"Redacci\u00f3n\"},\"url\":\"https:\/\/nitu.mx\/index.php\/author\/redaccion\/\"}]}<\/script>\n<!-- \/ Yoast SEO plugin. -->","yoast_head_json":{"title":"Volaris present\u00f3 a Blankenstein y Su\u00e1rez como nuevos vicepresidentes - Nitu - Noticias de la Industria Turistica","description":"Volaris dio a conocer que Holger Blankenstein y Fernando Su\u00e1rez asumir\u00e1n las posiciones de vicepresidentes ejecutivos de las aerol\u00edneas del grupo.","robots":{"index":"index","follow":"follow","max-snippet":"max-snippet:-1","max-image-preview":"max-image-preview:large","max-video-preview":"max-video-preview:-1"},"canonical":"https:\/\/nitu.mx\/index.php\/2018\/01\/08\/volaris-presento-a-holger-blankenstein-y-fernando-suarez-como-nuevos-vicepresidentes\/","twitter_card":"summary_large_image","twitter_title":"Volaris present\u00f3 a Blankenstein y Su\u00e1rez como nuevos vicepresidentes - Nitu - Noticias de la Industria Turistica","twitter_description":"Volaris dio a conocer que Holger Blankenstein y Fernando Su\u00e1rez asumir\u00e1n las posiciones de vicepresidentes ejecutivos de las aerol\u00edneas del grupo.","twitter_image":"https:\/\/nitu.mx\/wp-content\/uploads\/2017\/02\/Enrique-Beltranena.jpg","twitter_creator":"@NITUmx","twitter_site":"@Arturo_Medina_G","twitter_misc":{"Escrito por":"Redacci\u00f3n","Tiempo de lectura":"1 minuto"},"schema":{"@context":"https:\/\/schema.org","@graph":[{"@type":"Article","@id":"https:\/\/nitu.mx\/index.php\/2018\/01\/08\/volaris-presento-a-holger-blankenstein-y-fernando-suarez-como-nuevos-vicepresidentes\/#article","isPartOf":{"@id":"https:\/\/nitu.mx\/index.php\/2018\/01\/08\/volaris-presento-a-holger-blankenstein-y-fernando-suarez-como-nuevos-vicepresidentes\/"},"author":{"name":"Redacci\u00f3n","@id":"https:\/\/nitu.mx\/#\/schema\/person\/4a28fe9bd65924f7c90623773daf1b0b"},"headline":"Volaris present\u00f3 a Blankenstein y Su\u00e1rez como nuevos vicepresidentes","datePublished":"2018-01-09T04:33:54+00:00","dateModified":"2018-01-09T06:43:23+00:00","mainEntityOfPage":{"@id":"https:\/\/nitu.mx\/index.php\/2018\/01\/08\/volaris-presento-a-holger-blankenstein-y-fernando-suarez-como-nuevos-vicepresidentes\/"},"wordCount":154,"commentCount":0,"publisher":{"@id":"https:\/\/nitu.mx\/#\/schema\/person\/ae7a53426417292d3dd07b45a33e01bc"},"image":{"@id":"https:\/\/nitu.mx\/index.php\/2018\/01\/08\/volaris-presento-a-holger-blankenstein-y-fernando-suarez-como-nuevos-vicepresidentes\/#primaryimage"},"thumbnailUrl":"https:\/\/nitu.mx\/wp-content\/uploads\/2017\/02\/Enrique-Beltranena.jpg","keywords":["aerol\u00edneas","ejecutivos","Fernando Su\u00e1rez","Holger Blankenstein","Volaris"],"articleSection":["Aerol\u00edneas","M\u00e9xico"],"inLanguage":"es-MX","potentialAction":[{"@type":"CommentAction","name":"Comment","target":["https:\/\/nitu.mx\/index.php\/2018\/01\/08\/volaris-presento-a-holger-blankenstein-y-fernando-suarez-como-nuevos-vicepresidentes\/#respond"]}]},{"@type":"WebPage","@id":"https:\/\/nitu.mx\/index.php\/2018\/01\/08\/volaris-presento-a-holger-blankenstein-y-fernando-suarez-como-nuevos-vicepresidentes\/","url":"https:\/\/nitu.mx\/index.php\/2018\/01\/08\/volaris-presento-a-holger-blankenstein-y-fernando-suarez-como-nuevos-vicepresidentes\/","name":"Volaris present\u00f3 a Blankenstein y Su\u00e1rez como nuevos vicepresidentes - Nitu - Noticias de la Industria Turistica","isPartOf":{"@id":"https:\/\/nitu.mx\/#website"},"primaryImageOfPage":{"@id":"https:\/\/nitu.mx\/index.php\/2018\/01\/08\/volaris-presento-a-holger-blankenstein-y-fernando-suarez-como-nuevos-vicepresidentes\/#primaryimage"},"image":{"@id":"https:\/\/nitu.mx\/index.php\/2018\/01\/08\/volaris-presento-a-holger-blankenstein-y-fernando-suarez-como-nuevos-vicepresidentes\/#primaryimage"},"thumbnailUrl":"https:\/\/nitu.mx\/wp-content\/uploads\/2017\/02\/Enrique-Beltranena.jpg","datePublished":"2018-01-09T04:33:54+00:00","dateModified":"2018-01-09T06:43:23+00:00","description":"Volaris dio a conocer que Holger Blankenstein y Fernando Su\u00e1rez asumir\u00e1n las posiciones de vicepresidentes ejecutivos de las aerol\u00edneas del grupo.","breadcrumb":{"@id":"https:\/\/nitu.mx\/index.php\/2018\/01\/08\/volaris-presento-a-holger-blankenstein-y-fernando-suarez-como-nuevos-vicepresidentes\/#breadcrumb"},"inLanguage":"es-MX","potentialAction":[{"@type":"ReadAction","target":["https:\/\/nitu.mx\/index.php\/2018\/01\/08\/volaris-presento-a-holger-blankenstein-y-fernando-suarez-como-nuevos-vicepresidentes\/"]}]},{"@type":"ImageObject","inLanguage":"es-MX","@id":"https:\/\/nitu.mx\/index.php\/2018\/01\/08\/volaris-presento-a-holger-blankenstein-y-fernando-suarez-como-nuevos-vicepresidentes\/#primaryimage","url":"https:\/\/nitu.mx\/wp-content\/uploads\/2017\/02\/Enrique-Beltranena.jpg","contentUrl":"https:\/\/nitu.mx\/wp-content\/uploads\/2017\/02\/Enrique-Beltranena.jpg","width":850,"height":480,"caption":"Volaris Blankenstein Enrique Beltranena"},{"@type":"BreadcrumbList","@id":"https:\/\/nitu.mx\/index.php\/2018\/01\/08\/volaris-presento-a-holger-blankenstein-y-fernando-suarez-como-nuevos-vicepresidentes\/#breadcrumb","itemListElement":[{"@type":"ListItem","position":1,"name":"Inicio","item":"https:\/\/nitu.mx\/"},{"@type":"ListItem","position":2,"name":"Volaris present\u00f3 a Blankenstein y Su\u00e1rez como nuevos vicepresidentes"}]},{"@type":"WebSite","@id":"https:\/\/nitu.mx\/#website","url":"https:\/\/nitu.mx\/","name":"Nitu - Noticias de la Industria Turistica","description":"Noticias de la Industria Turistica","publisher":{"@id":"https:\/\/nitu.mx\/#\/schema\/person\/ae7a53426417292d3dd07b45a33e01bc"},"alternateName":"Noticias de la Industria Turistica","potentialAction":[{"@type":"SearchAction","target":{"@type":"EntryPoint","urlTemplate":"https:\/\/nitu.mx\/?s={search_term_string}"},"query-input":"required name=search_term_string"}],"inLanguage":"es-MX"},{"@type":["Person","Organization"],"@id":"https:\/\/nitu.mx\/#\/schema\/person\/ae7a53426417292d3dd07b45a33e01bc","name":"Arturo Medina","image":{"@type":"ImageObject","inLanguage":"es-MX","@id":"https:\/\/nitu.mx\/#\/schema\/person\/image\/","url":"https:\/\/nitu.mx\/wp-content\/uploads\/2024\/04\/4A315622-1904-4D5C-B022-878CDC840E04-90x90-1.jpeg","contentUrl":"https:\/\/nitu.mx\/wp-content\/uploads\/2024\/04\/4A315622-1904-4D5C-B022-878CDC840E04-90x90-1.jpeg","width":90,"height":90,"caption":"Arturo Medina"},"logo":{"@id":"https:\/\/nitu.mx\/#\/schema\/person\/image\/"},"description":"Director NITU.mx, Egresado de la Escuela de Periodismo Carlos Septi\u00e9n Garc\u00eda. Periodista y analista especializado en turismo desde hace 35 a\u00f1os, radicado en Canc\u00fan Q.Roo. arturo@nitu.mx","sameAs":["https:\/\/nitu.mx","https:\/\/www.facebook.com\/NITUmx\/","medinacancun","https:\/\/twitter.com\/@Arturo_Medina_G"]},{"@type":"Person","@id":"https:\/\/nitu.mx\/#\/schema\/person\/4a28fe9bd65924f7c90623773daf1b0b","name":"Redacci\u00f3n","image":{"@type":"ImageObject","inLanguage":"es-MX","@id":"https:\/\/nitu.mx\/#\/schema\/person\/image\/","url":"https:\/\/secure.gravatar.com\/avatar\/5dd011c8ccfc5cd7e4c81e42252aab38?s=96&d=mm&r=g","contentUrl":"https:\/\/secure.gravatar.com\/avatar\/5dd011c8ccfc5cd7e4c81e42252aab38?s=96&d=mm&r=g","caption":"Redacci\u00f3n"},"url":"https:\/\/nitu.mx\/index.php\/author\/redaccion\/"}]}},"views":266,"_links":{"self":[{"href":"https:\/\/nitu.mx\/index.php\/wp-json\/wp\/v2\/posts\/16394"}],"collection":[{"href":"https:\/\/nitu.mx\/index.php\/wp-json\/wp\/v2\/posts"}],"about":[{"href":"https:\/\/nitu.mx\/index.php\/wp-json\/wp\/v2\/types\/post"}],"author":[{"embeddable":true,"href":"https:\/\/nitu.mx\/index.php\/wp-json\/wp\/v2\/users\/17"}],"replies":[{"embeddable":true,"href":"https:\/\/nitu.mx\/index.php\/wp-json\/wp\/v2\/comments?post=16394"}],"version-history":[{"count":4,"href":"https:\/\/nitu.mx\/index.php\/wp-json\/wp\/v2\/posts\/16394\/revisions"}],"predecessor-version":[{"id":16430,"href":"https:\/\/nitu.mx\/index.php\/wp-json\/wp\/v2\/posts\/16394\/revisions\/16430"}],"wp:featuredmedia":[{"embeddable":true,"href":"https:\/\/nitu.mx\/index.php\/wp-json\/wp\/v2\/media\/7128"}],"wp:attachment":[{"href":"https:\/\/nitu.mx\/index.php\/wp-json\/wp\/v2\/media?parent=16394"}],"wp:term":[{"taxonomy":"category","embeddable":true,"href":"https:\/\/nitu.mx\/index.php\/wp-json\/wp\/v2\/categories?post=16394"},{"taxonomy":"post_tag","embeddable":true,"href":"https:\/\/nitu.mx\/index.php\/wp-json\/wp\/v2\/tags?post=16394"}],"curies":[{"name":"wp","href":"https:\/\/api.w.org\/{rel}","templated":true}]}}