{"id":1639,"date":"2016-09-08T00:12:53","date_gmt":"2016-09-08T05:12:53","guid":{"rendered":"http:\/\/www.dev.nitu.mx\/?p=1639"},"modified":"2016-09-18T22:53:29","modified_gmt":"2016-09-19T03:53:29","slug":"crece-mas-trafico-nacional-internacional-aeropuerto-cancun","status":"publish","type":"post","link":"https:\/\/nitu.mx\/index.php\/2016\/09\/08\/crece-mas-trafico-nacional-internacional-aeropuerto-cancun\/","title":{"rendered":"Crece m\u00e1s tr\u00e1fico nacional que internacional en aeropuerto de Canc\u00fan"},"content":{"rendered":"<p>El turismo nacional sigue manteniendo mayor crecimiento en Canc\u00fan y Riviera Maya, que el internacional, demostrado por los n\u00fameros que reporta Aeropuertos del Sureste (Asur), en el Aeropuerto Internacional de Canc\u00fan para el mes de agosto, que en general, registr\u00f3 un incremento de 5.3 por ciento, con respecto al mismo periodo del 2015.<\/p>\n<p>En dicho lapso pas\u00f3 de 1 mill\u00f3n 785 mil 117 a 1 mill\u00f3n 879 mil 537 usuarios, en donde se destaca que la terminal \u00e1rea de Canc\u00fan ocupa el primer lugar de los nueve aeropuertos del Sur Sureste en cuanto al volumen de pasajeros atendidos.<\/p>\n<p>Asimismo, se explica que los pasajeros internacionales tuvieron un aumento de 3.2 por ciento con 1 mill\u00f3n 163 mil 267 arribos y salidas, y los nacionales un incremento de 8.8 puntos porcentuales con 716 mil 270 personas atendidas.<br \/>\nAl respecto, el responsable de Relaciones P\u00fablicas del AIC, Eduardo Rivadeneyra N\u00fa\u00f1ez, destac\u00f3 que, de acuerdo con las estad\u00edsticas, mes con mes se observa un aumento en el flujo de turismo.<\/p>\n<p>&#8220;Esperamos que durante septiembre se contin\u00fae con la tendencia de incremento, en Asur, estamos listos para atenderlos de la mejor manera posible, de modo que los pasajeros siempre se lleven la mejor experiencia al pasar por la terminal a\u00e9rea&#8221; asegur\u00f3.<\/p>\n<p>Cabe se\u00f1alar que, en lo que va del mes de septiembre, se han contabilizado 1 mil 797 operaciones programadas en llegadas y salidas, de vuelos nacionales y del extranjero.<\/p>\n","protected":false},"excerpt":{"rendered":"<p>El turismo nacional sigue manteniendo mayor crecimiento en Canc\u00fan y Riviera Maya, que el internacional, demostrado por los n\u00fameros que reporta Aeropuertos del Sureste (Asur), en el Aeropuerto Internacional de Canc\u00fan para el mes de agosto, que en general, registr\u00f3 un incremento de 5.3 por ciento, con respecto al mismo periodo del 2015. En dicho [&hellip;]<\/p>\n","protected":false},"author":2,"featured_media":1640,"comment_status":"open","ping_status":"open","sticky":false,"template":"","format":"standard","meta":{"footnotes":""},"categories":[5,6],"tags":[198,43,199,80],"yoast_head":"<!-- This site is optimized with the Yoast SEO plugin v22.2 - https:\/\/yoast.com\/wordpress\/plugins\/seo\/ -->\n<title>Crece m\u00e1s tr\u00e1fico nacional que internacional en aeropuerto de Canc\u00fan<\/title>\n<meta name=\"description\" content=\"El Aeropuerto Internacional de Canc\u00fan para el mes de agosto registr\u00f3 un incremento de 5.3 por ciento, con respecto al mismo periodo del 2015.\" \/>\n<meta name=\"robots\" content=\"index, follow, max-snippet:-1, max-image-preview:large, max-video-preview:-1\" \/>\n<link rel=\"canonical\" href=\"https:\/\/nitu.mx\/index.php\/2016\/09\/08\/crece-mas-trafico-nacional-internacional-aeropuerto-cancun\/\" \/>\n<meta name=\"twitter:card\" content=\"summary_large_image\" \/>\n<meta name=\"twitter:title\" content=\"Crece m\u00e1s tr\u00e1fico nacional que internacional en aeropuerto de Canc\u00fan\" \/>\n<meta name=\"twitter:description\" content=\"El Aeropuerto Internacional de Canc\u00fan para el mes de agosto registr\u00f3 un incremento de 5.3 por ciento, con respecto al mismo periodo del 2015.\" \/>\n<meta name=\"twitter:image\" content=\"https:\/\/nitu.mx\/wp-content\/uploads\/2016\/09\/cancun-airport.jpg\" \/>\n<meta name=\"twitter:creator\" content=\"@Arturo_Medina_G\" \/>\n<meta name=\"twitter:site\" content=\"@Arturo_Medina_G\" \/>\n<meta name=\"twitter:label1\" content=\"Escrito por\" \/>\n\t<meta name=\"twitter:data1\" content=\"Arturo Medina\" \/>\n\t<meta name=\"twitter:label2\" content=\"Tiempo de lectura\" \/>\n\t<meta name=\"twitter:data2\" content=\"1 minuto\" \/>\n<script type=\"application\/ld+json\" class=\"yoast-schema-graph\">{\"@context\":\"https:\/\/schema.org\",\"@graph\":[{\"@type\":\"Article\",\"@id\":\"https:\/\/nitu.mx\/index.php\/2016\/09\/08\/crece-mas-trafico-nacional-internacional-aeropuerto-cancun\/#article\",\"isPartOf\":{\"@id\":\"https:\/\/nitu.mx\/index.php\/2016\/09\/08\/crece-mas-trafico-nacional-internacional-aeropuerto-cancun\/\"},\"author\":{\"name\":\"Arturo Medina\",\"@id\":\"https:\/\/nitu.mx\/#\/schema\/person\/ae7a53426417292d3dd07b45a33e01bc\"},\"headline\":\"Crece m\u00e1s tr\u00e1fico nacional que internacional en aeropuerto de Canc\u00fan\",\"datePublished\":\"2016-09-08T05:12:53+00:00\",\"dateModified\":\"2016-09-19T03:53:29+00:00\",\"mainEntityOfPage\":{\"@id\":\"https:\/\/nitu.mx\/index.php\/2016\/09\/08\/crece-mas-trafico-nacional-internacional-aeropuerto-cancun\/\"},\"wordCount\":245,\"commentCount\":0,\"publisher\":{\"@id\":\"https:\/\/nitu.mx\/#\/schema\/person\/ae7a53426417292d3dd07b45a33e01bc\"},\"image\":{\"@id\":\"https:\/\/nitu.mx\/index.php\/2016\/09\/08\/crece-mas-trafico-nacional-internacional-aeropuerto-cancun\/#primaryimage\"},\"thumbnailUrl\":\"https:\/\/nitu.mx\/wp-content\/uploads\/2016\/09\/cancun-airport.jpg\",\"keywords\":[\"ASUR\",\"Canc\u00fan\",\"Eduardo Rivadeneyra\",\"Riviera Maya\"],\"articleSection\":[\"Destinos\",\"M\u00e9xico\"],\"inLanguage\":\"es-MX\",\"potentialAction\":[{\"@type\":\"CommentAction\",\"name\":\"Comment\",\"target\":[\"https:\/\/nitu.mx\/index.php\/2016\/09\/08\/crece-mas-trafico-nacional-internacional-aeropuerto-cancun\/#respond\"]}]},{\"@type\":\"WebPage\",\"@id\":\"https:\/\/nitu.mx\/index.php\/2016\/09\/08\/crece-mas-trafico-nacional-internacional-aeropuerto-cancun\/\",\"url\":\"https:\/\/nitu.mx\/index.php\/2016\/09\/08\/crece-mas-trafico-nacional-internacional-aeropuerto-cancun\/\",\"name\":\"Crece m\u00e1s tr\u00e1fico nacional que internacional en aeropuerto de Canc\u00fan\",\"isPartOf\":{\"@id\":\"https:\/\/nitu.mx\/#website\"},\"primaryImageOfPage\":{\"@id\":\"https:\/\/nitu.mx\/index.php\/2016\/09\/08\/crece-mas-trafico-nacional-internacional-aeropuerto-cancun\/#primaryimage\"},\"image\":{\"@id\":\"https:\/\/nitu.mx\/index.php\/2016\/09\/08\/crece-mas-trafico-nacional-internacional-aeropuerto-cancun\/#primaryimage\"},\"thumbnailUrl\":\"https:\/\/nitu.mx\/wp-content\/uploads\/2016\/09\/cancun-airport.jpg\",\"datePublished\":\"2016-09-08T05:12:53+00:00\",\"dateModified\":\"2016-09-19T03:53:29+00:00\",\"description\":\"El Aeropuerto Internacional de Canc\u00fan para el mes de agosto registr\u00f3 un incremento de 5.3 por ciento, con respecto al mismo periodo del 2015.\",\"breadcrumb\":{\"@id\":\"https:\/\/nitu.mx\/index.php\/2016\/09\/08\/crece-mas-trafico-nacional-internacional-aeropuerto-cancun\/#breadcrumb\"},\"inLanguage\":\"es-MX\",\"potentialAction\":[{\"@type\":\"ReadAction\",\"target\":[\"https:\/\/nitu.mx\/index.php\/2016\/09\/08\/crece-mas-trafico-nacional-internacional-aeropuerto-cancun\/\"]}]},{\"@type\":\"ImageObject\",\"inLanguage\":\"es-MX\",\"@id\":\"https:\/\/nitu.mx\/index.php\/2016\/09\/08\/crece-mas-trafico-nacional-internacional-aeropuerto-cancun\/#primaryimage\",\"url\":\"https:\/\/nitu.mx\/wp-content\/uploads\/2016\/09\/cancun-airport.jpg\",\"contentUrl\":\"https:\/\/nitu.mx\/wp-content\/uploads\/2016\/09\/cancun-airport.jpg\",\"width\":1024,\"height\":768},{\"@type\":\"BreadcrumbList\",\"@id\":\"https:\/\/nitu.mx\/index.php\/2016\/09\/08\/crece-mas-trafico-nacional-internacional-aeropuerto-cancun\/#breadcrumb\",\"itemListElement\":[{\"@type\":\"ListItem\",\"position\":1,\"name\":\"Inicio\",\"item\":\"https:\/\/nitu.mx\/\"},{\"@type\":\"ListItem\",\"position\":2,\"name\":\"Crece m\u00e1s tr\u00e1fico nacional que internacional en aeropuerto de Canc\u00fan\"}]},{\"@type\":\"WebSite\",\"@id\":\"https:\/\/nitu.mx\/#website\",\"url\":\"https:\/\/nitu.mx\/\",\"name\":\"Nitu - Noticias de la Industria Turistica\",\"description\":\"Noticias de la Industria Turistica\",\"publisher\":{\"@id\":\"https:\/\/nitu.mx\/#\/schema\/person\/ae7a53426417292d3dd07b45a33e01bc\"},\"alternateName\":\"Noticias de la Industria Turistica\",\"potentialAction\":[{\"@type\":\"SearchAction\",\"target\":{\"@type\":\"EntryPoint\",\"urlTemplate\":\"https:\/\/nitu.mx\/?s={search_term_string}\"},\"query-input\":\"required name=search_term_string\"}],\"inLanguage\":\"es-MX\"},{\"@type\":[\"Person\",\"Organization\"],\"@id\":\"https:\/\/nitu.mx\/#\/schema\/person\/ae7a53426417292d3dd07b45a33e01bc\",\"name\":\"Arturo Medina\",\"image\":{\"@type\":\"ImageObject\",\"inLanguage\":\"es-MX\",\"@id\":\"https:\/\/nitu.mx\/#\/schema\/person\/image\/\",\"url\":\"https:\/\/nitu.mx\/wp-content\/uploads\/2024\/04\/4A315622-1904-4D5C-B022-878CDC840E04-90x90-1.jpeg\",\"contentUrl\":\"https:\/\/nitu.mx\/wp-content\/uploads\/2024\/04\/4A315622-1904-4D5C-B022-878CDC840E04-90x90-1.jpeg\",\"width\":90,\"height\":90,\"caption\":\"Arturo Medina\"},\"logo\":{\"@id\":\"https:\/\/nitu.mx\/#\/schema\/person\/image\/\"},\"description\":\"Director NITU.mx, Egresado de la Escuela de Periodismo Carlos Septi\u00e9n Garc\u00eda. Periodista y analista especializado en turismo desde hace 35 a\u00f1os, radicado en Canc\u00fan Q.Roo. arturo@nitu.mx\",\"sameAs\":[\"https:\/\/nitu.mx\",\"https:\/\/www.facebook.com\/NITUmx\/\",\"medinacancun\",\"https:\/\/twitter.com\/@Arturo_Medina_G\"],\"url\":\"https:\/\/nitu.mx\/index.php\/author\/arturo-medina\/\"}]}<\/script>\n<!-- \/ Yoast SEO plugin. -->","yoast_head_json":{"title":"Crece m\u00e1s tr\u00e1fico nacional que internacional en aeropuerto de Canc\u00fan","description":"El Aeropuerto Internacional de Canc\u00fan para el mes de agosto registr\u00f3 un incremento de 5.3 por ciento, con respecto al mismo periodo del 2015.","robots":{"index":"index","follow":"follow","max-snippet":"max-snippet:-1","max-image-preview":"max-image-preview:large","max-video-preview":"max-video-preview:-1"},"canonical":"https:\/\/nitu.mx\/index.php\/2016\/09\/08\/crece-mas-trafico-nacional-internacional-aeropuerto-cancun\/","twitter_card":"summary_large_image","twitter_title":"Crece m\u00e1s tr\u00e1fico nacional que internacional en aeropuerto de Canc\u00fan","twitter_description":"El Aeropuerto Internacional de Canc\u00fan para el mes de agosto registr\u00f3 un incremento de 5.3 por ciento, con respecto al mismo periodo del 2015.","twitter_image":"https:\/\/nitu.mx\/wp-content\/uploads\/2016\/09\/cancun-airport.jpg","twitter_creator":"@Arturo_Medina_G","twitter_site":"@Arturo_Medina_G","twitter_misc":{"Escrito por":"Arturo Medina","Tiempo de lectura":"1 minuto"},"schema":{"@context":"https:\/\/schema.org","@graph":[{"@type":"Article","@id":"https:\/\/nitu.mx\/index.php\/2016\/09\/08\/crece-mas-trafico-nacional-internacional-aeropuerto-cancun\/#article","isPartOf":{"@id":"https:\/\/nitu.mx\/index.php\/2016\/09\/08\/crece-mas-trafico-nacional-internacional-aeropuerto-cancun\/"},"author":{"name":"Arturo Medina","@id":"https:\/\/nitu.mx\/#\/schema\/person\/ae7a53426417292d3dd07b45a33e01bc"},"headline":"Crece m\u00e1s tr\u00e1fico nacional que internacional en aeropuerto de Canc\u00fan","datePublished":"2016-09-08T05:12:53+00:00","dateModified":"2016-09-19T03:53:29+00:00","mainEntityOfPage":{"@id":"https:\/\/nitu.mx\/index.php\/2016\/09\/08\/crece-mas-trafico-nacional-internacional-aeropuerto-cancun\/"},"wordCount":245,"commentCount":0,"publisher":{"@id":"https:\/\/nitu.mx\/#\/schema\/person\/ae7a53426417292d3dd07b45a33e01bc"},"image":{"@id":"https:\/\/nitu.mx\/index.php\/2016\/09\/08\/crece-mas-trafico-nacional-internacional-aeropuerto-cancun\/#primaryimage"},"thumbnailUrl":"https:\/\/nitu.mx\/wp-content\/uploads\/2016\/09\/cancun-airport.jpg","keywords":["ASUR","Canc\u00fan","Eduardo Rivadeneyra","Riviera Maya"],"articleSection":["Destinos","M\u00e9xico"],"inLanguage":"es-MX","potentialAction":[{"@type":"CommentAction","name":"Comment","target":["https:\/\/nitu.mx\/index.php\/2016\/09\/08\/crece-mas-trafico-nacional-internacional-aeropuerto-cancun\/#respond"]}]},{"@type":"WebPage","@id":"https:\/\/nitu.mx\/index.php\/2016\/09\/08\/crece-mas-trafico-nacional-internacional-aeropuerto-cancun\/","url":"https:\/\/nitu.mx\/index.php\/2016\/09\/08\/crece-mas-trafico-nacional-internacional-aeropuerto-cancun\/","name":"Crece m\u00e1s tr\u00e1fico nacional que internacional en aeropuerto de Canc\u00fan","isPartOf":{"@id":"https:\/\/nitu.mx\/#website"},"primaryImageOfPage":{"@id":"https:\/\/nitu.mx\/index.php\/2016\/09\/08\/crece-mas-trafico-nacional-internacional-aeropuerto-cancun\/#primaryimage"},"image":{"@id":"https:\/\/nitu.mx\/index.php\/2016\/09\/08\/crece-mas-trafico-nacional-internacional-aeropuerto-cancun\/#primaryimage"},"thumbnailUrl":"https:\/\/nitu.mx\/wp-content\/uploads\/2016\/09\/cancun-airport.jpg","datePublished":"2016-09-08T05:12:53+00:00","dateModified":"2016-09-19T03:53:29+00:00","description":"El Aeropuerto Internacional de Canc\u00fan para el mes de agosto registr\u00f3 un incremento de 5.3 por ciento, con respecto al mismo periodo del 2015.","breadcrumb":{"@id":"https:\/\/nitu.mx\/index.php\/2016\/09\/08\/crece-mas-trafico-nacional-internacional-aeropuerto-cancun\/#breadcrumb"},"inLanguage":"es-MX","potentialAction":[{"@type":"ReadAction","target":["https:\/\/nitu.mx\/index.php\/2016\/09\/08\/crece-mas-trafico-nacional-internacional-aeropuerto-cancun\/"]}]},{"@type":"ImageObject","inLanguage":"es-MX","@id":"https:\/\/nitu.mx\/index.php\/2016\/09\/08\/crece-mas-trafico-nacional-internacional-aeropuerto-cancun\/#primaryimage","url":"https:\/\/nitu.mx\/wp-content\/uploads\/2016\/09\/cancun-airport.jpg","contentUrl":"https:\/\/nitu.mx\/wp-content\/uploads\/2016\/09\/cancun-airport.jpg","width":1024,"height":768},{"@type":"BreadcrumbList","@id":"https:\/\/nitu.mx\/index.php\/2016\/09\/08\/crece-mas-trafico-nacional-internacional-aeropuerto-cancun\/#breadcrumb","itemListElement":[{"@type":"ListItem","position":1,"name":"Inicio","item":"https:\/\/nitu.mx\/"},{"@type":"ListItem","position":2,"name":"Crece m\u00e1s tr\u00e1fico nacional que internacional en aeropuerto de Canc\u00fan"}]},{"@type":"WebSite","@id":"https:\/\/nitu.mx\/#website","url":"https:\/\/nitu.mx\/","name":"Nitu - Noticias de la Industria Turistica","description":"Noticias de la Industria Turistica","publisher":{"@id":"https:\/\/nitu.mx\/#\/schema\/person\/ae7a53426417292d3dd07b45a33e01bc"},"alternateName":"Noticias de la Industria Turistica","potentialAction":[{"@type":"SearchAction","target":{"@type":"EntryPoint","urlTemplate":"https:\/\/nitu.mx\/?s={search_term_string}"},"query-input":"required name=search_term_string"}],"inLanguage":"es-MX"},{"@type":["Person","Organization"],"@id":"https:\/\/nitu.mx\/#\/schema\/person\/ae7a53426417292d3dd07b45a33e01bc","name":"Arturo Medina","image":{"@type":"ImageObject","inLanguage":"es-MX","@id":"https:\/\/nitu.mx\/#\/schema\/person\/image\/","url":"https:\/\/nitu.mx\/wp-content\/uploads\/2024\/04\/4A315622-1904-4D5C-B022-878CDC840E04-90x90-1.jpeg","contentUrl":"https:\/\/nitu.mx\/wp-content\/uploads\/2024\/04\/4A315622-1904-4D5C-B022-878CDC840E04-90x90-1.jpeg","width":90,"height":90,"caption":"Arturo Medina"},"logo":{"@id":"https:\/\/nitu.mx\/#\/schema\/person\/image\/"},"description":"Director NITU.mx, Egresado de la Escuela de Periodismo Carlos Septi\u00e9n Garc\u00eda. Periodista y analista especializado en turismo desde hace 35 a\u00f1os, radicado en Canc\u00fan Q.Roo. arturo@nitu.mx","sameAs":["https:\/\/nitu.mx","https:\/\/www.facebook.com\/NITUmx\/","medinacancun","https:\/\/twitter.com\/@Arturo_Medina_G"],"url":"https:\/\/nitu.mx\/index.php\/author\/arturo-medina\/"}]}},"views":439,"_links":{"self":[{"href":"https:\/\/nitu.mx\/index.php\/wp-json\/wp\/v2\/posts\/1639"}],"collection":[{"href":"https:\/\/nitu.mx\/index.php\/wp-json\/wp\/v2\/posts"}],"about":[{"href":"https:\/\/nitu.mx\/index.php\/wp-json\/wp\/v2\/types\/post"}],"author":[{"embeddable":true,"href":"https:\/\/nitu.mx\/index.php\/wp-json\/wp\/v2\/users\/2"}],"replies":[{"embeddable":true,"href":"https:\/\/nitu.mx\/index.php\/wp-json\/wp\/v2\/comments?post=1639"}],"version-history":[{"count":3,"href":"https:\/\/nitu.mx\/index.php\/wp-json\/wp\/v2\/posts\/1639\/revisions"}],"predecessor-version":[{"id":1663,"href":"https:\/\/nitu.mx\/index.php\/wp-json\/wp\/v2\/posts\/1639\/revisions\/1663"}],"wp:featuredmedia":[{"embeddable":true,"href":"https:\/\/nitu.mx\/index.php\/wp-json\/wp\/v2\/media\/1640"}],"wp:attachment":[{"href":"https:\/\/nitu.mx\/index.php\/wp-json\/wp\/v2\/media?parent=1639"}],"wp:term":[{"taxonomy":"category","embeddable":true,"href":"https:\/\/nitu.mx\/index.php\/wp-json\/wp\/v2\/categories?post=1639"},{"taxonomy":"post_tag","embeddable":true,"href":"https:\/\/nitu.mx\/index.php\/wp-json\/wp\/v2\/tags?post=1639"}],"curies":[{"name":"wp","href":"https:\/\/api.w.org\/{rel}","templated":true}]}}