{"id":16039,"date":"2017-12-25T21:59:52","date_gmt":"2017-12-26T02:59:52","guid":{"rendered":"http:\/\/www.dev.nitu.mx\/?p=16039"},"modified":"2017-12-26T01:40:47","modified_gmt":"2017-12-26T06:40:47","slug":"interjet-y-aeromexico-suben-8-pasaje-en-aicm","status":"publish","type":"post","link":"https:\/\/nitu.mx\/index.php\/2017\/12\/25\/interjet-y-aeromexico-suben-8-pasaje-en-aicm\/","title":{"rendered":"Interjet y Aerom\u00e9xico suben 8% pasaje en AICM"},"content":{"rendered":"<p>Ambas aerol\u00edneas son las que m\u00e1s horarios de despegue y aterrizaje tienen en el Aeropuerto Internacional de la Ciudad de M\u00e9xico (AICM), lo que contribuy\u00f3 al aumento del pasaje en el mes de noviembre.<\/p>\n<p>Aerom\u00e9xico e Interjet, las dos aerol\u00edneas con m\u00e1s horarios de aterrizaje y despegue (slots), contribuyeron a que el tr\u00e1fico de pasajeros en el Aeropuerto Internacional de la Ciudad de M\u00e9xico (AICM) aumentar\u00e1 en casi ocho por ciento en noviembre de 2017, respecto a igual mes del a\u00f1o pasado.<\/p>\n<p>El flujo de viajeros del principal aeropuerto del pa\u00eds creci\u00f3 7.8 por ciento de enero a noviembre pasado, al llegar a los 40.7 millones, seg\u00fan el reporte de la administraci\u00f3n de la terminal.\u00a0(<a title=\"AICM transport\u00f3 a 40.7 millones de pasajeros de enero a noviembre\" href=\"http:\/\/www.dev.nitu.mx\/index.php\/2017\/12\/17\/aicm-transporto-a-40-7-millones-de-pasajeros-de-enero-a-noviembre\/\" rel=\"bookmark\">AICM transport\u00f3 a 40.7 millones de pasajeros de enero a noviembre<\/a>).<\/p>\n<p>En el mismo periodo, el tr\u00e1fico internacional del AICM creci\u00f3 en 12 por ciento a 14 millones 223 mil 552 viajeros, mientras que el nacional aument\u00f3 5.7 por ciento a 26 millones 505 mil 113 pasajeros.<\/p>\n<p>Mauricio Mart\u00ednez, analista de GBM, se\u00f1al\u00f3 que el aumento de pasajeros internacionales obedece a las estrategias puestas en marcha por las empresas que poseen m\u00e1s slots en la terminal a\u00e9rea.<\/p>\n<p>&#8220;Aerom\u00e9xico crece mucho en la parte internacional, tambi\u00e9n tenemos a Interjet y a Volaris creciendo en operaciones internacionales, en general la mayor\u00eda de las aerol\u00edneas tienen mayores aumentos en ese segmento&#8221;, expuso.<\/p>\n<p>Interjet y Aerom\u00e9xico han impulsado m\u00e1s su tr\u00e1fico de pasajeros al extranjero en busca de m\u00e1s ingresos en d\u00f3lares, para tener una cobertura natural sobre sus costos en dicha moneda, se\u00f1al\u00f3 una fuente que pidi\u00f3 no identificarse, revela El Financiero.<\/p>\n","protected":false},"excerpt":{"rendered":"<p>Ambas aerol\u00edneas son las que m\u00e1s horarios de despegue y aterrizaje tienen en el Aeropuerto Internacional de la Ciudad de M\u00e9xico (AICM), lo que contribuy\u00f3 al aumento del pasaje en el mes de noviembre. Aerom\u00e9xico e Interjet, las dos aerol\u00edneas con m\u00e1s horarios de aterrizaje y despegue (slots), contribuyeron a que el tr\u00e1fico de pasajeros [&hellip;]<\/p>\n","protected":false},"author":3,"featured_media":8058,"comment_status":"open","ping_status":"open","sticky":false,"template":"","format":"standard","meta":{"footnotes":""},"categories":[29,5],"tags":[2259,30,294,172,4265],"yoast_head":"<!-- This site is optimized with the Yoast SEO plugin v22.2 - https:\/\/yoast.com\/wordpress\/plugins\/seo\/ -->\n<title>Interjet y Aerom\u00e9xico suben 8% pasaje en AICM - Nitu - Noticias de la Industria Turistica<\/title>\n<meta name=\"description\" content=\"Ambas aerol\u00edneas son las que m\u00e1s horarios de despegue y aterrizaje tienen en el AICM, lo que contribuy\u00f3 al aumento del pasaje en el mes de noviembre.\" \/>\n<meta name=\"robots\" content=\"index, follow, max-snippet:-1, max-image-preview:large, max-video-preview:-1\" \/>\n<link rel=\"canonical\" href=\"https:\/\/nitu.mx\/index.php\/2017\/12\/25\/interjet-y-aeromexico-suben-8-pasaje-en-aicm\/\" \/>\n<meta name=\"twitter:card\" content=\"summary_large_image\" \/>\n<meta name=\"twitter:title\" content=\"Interjet y Aerom\u00e9xico suben 8% pasaje en AICM - Nitu - Noticias de la Industria Turistica\" \/>\n<meta name=\"twitter:description\" content=\"Ambas aerol\u00edneas son las que m\u00e1s horarios de despegue y aterrizaje tienen en el AICM, lo que contribuy\u00f3 al aumento del pasaje en el mes de noviembre.\" \/>\n<meta name=\"twitter:image\" content=\"https:\/\/nitu.mx\/wp-content\/uploads\/2017\/03\/Interjet-AICM.jpg\" \/>\n<meta name=\"twitter:creator\" content=\"@NITUmx\" \/>\n<meta name=\"twitter:site\" content=\"@Arturo_Medina_G\" \/>\n<meta name=\"twitter:label1\" content=\"Escrito por\" \/>\n\t<meta name=\"twitter:data1\" content=\"Alejandra Moncisbays\" \/>\n\t<meta name=\"twitter:label2\" content=\"Tiempo de lectura\" \/>\n\t<meta name=\"twitter:data2\" content=\"1 minuto\" \/>\n<script type=\"application\/ld+json\" class=\"yoast-schema-graph\">{\"@context\":\"https:\/\/schema.org\",\"@graph\":[{\"@type\":\"Article\",\"@id\":\"https:\/\/nitu.mx\/index.php\/2017\/12\/25\/interjet-y-aeromexico-suben-8-pasaje-en-aicm\/#article\",\"isPartOf\":{\"@id\":\"https:\/\/nitu.mx\/index.php\/2017\/12\/25\/interjet-y-aeromexico-suben-8-pasaje-en-aicm\/\"},\"author\":{\"name\":\"Alejandra Moncisbays\",\"@id\":\"https:\/\/nitu.mx\/#\/schema\/person\/2ecd887b19dfd3382d1f14fc5acf24a8\"},\"headline\":\"Interjet y Aerom\u00e9xico suben 8% pasaje en AICM\",\"datePublished\":\"2017-12-26T02:59:52+00:00\",\"dateModified\":\"2017-12-26T06:40:47+00:00\",\"mainEntityOfPage\":{\"@id\":\"https:\/\/nitu.mx\/index.php\/2017\/12\/25\/interjet-y-aeromexico-suben-8-pasaje-en-aicm\/\"},\"wordCount\":287,\"commentCount\":0,\"publisher\":{\"@id\":\"https:\/\/nitu.mx\/#\/schema\/person\/ae7a53426417292d3dd07b45a33e01bc\"},\"image\":{\"@id\":\"https:\/\/nitu.mx\/index.php\/2017\/12\/25\/interjet-y-aeromexico-suben-8-pasaje-en-aicm\/#primaryimage\"},\"thumbnailUrl\":\"https:\/\/nitu.mx\/wp-content\/uploads\/2017\/03\/Interjet-AICM.jpg\",\"keywords\":[\"aerol\u00edneas\",\"Aerom\u00e9xico\",\"AICM\",\"Interjet\",\"pasaje a\u00e9reo\"],\"articleSection\":[\"Aerol\u00edneas\",\"Destinos\"],\"inLanguage\":\"es-MX\",\"potentialAction\":[{\"@type\":\"CommentAction\",\"name\":\"Comment\",\"target\":[\"https:\/\/nitu.mx\/index.php\/2017\/12\/25\/interjet-y-aeromexico-suben-8-pasaje-en-aicm\/#respond\"]}]},{\"@type\":\"WebPage\",\"@id\":\"https:\/\/nitu.mx\/index.php\/2017\/12\/25\/interjet-y-aeromexico-suben-8-pasaje-en-aicm\/\",\"url\":\"https:\/\/nitu.mx\/index.php\/2017\/12\/25\/interjet-y-aeromexico-suben-8-pasaje-en-aicm\/\",\"name\":\"Interjet y Aerom\u00e9xico suben 8% pasaje en AICM - Nitu - Noticias de la Industria Turistica\",\"isPartOf\":{\"@id\":\"https:\/\/nitu.mx\/#website\"},\"primaryImageOfPage\":{\"@id\":\"https:\/\/nitu.mx\/index.php\/2017\/12\/25\/interjet-y-aeromexico-suben-8-pasaje-en-aicm\/#primaryimage\"},\"image\":{\"@id\":\"https:\/\/nitu.mx\/index.php\/2017\/12\/25\/interjet-y-aeromexico-suben-8-pasaje-en-aicm\/#primaryimage\"},\"thumbnailUrl\":\"https:\/\/nitu.mx\/wp-content\/uploads\/2017\/03\/Interjet-AICM.jpg\",\"datePublished\":\"2017-12-26T02:59:52+00:00\",\"dateModified\":\"2017-12-26T06:40:47+00:00\",\"description\":\"Ambas aerol\u00edneas son las que m\u00e1s horarios de despegue y aterrizaje tienen en el AICM, lo que contribuy\u00f3 al aumento del pasaje en el mes de noviembre.\",\"breadcrumb\":{\"@id\":\"https:\/\/nitu.mx\/index.php\/2017\/12\/25\/interjet-y-aeromexico-suben-8-pasaje-en-aicm\/#breadcrumb\"},\"inLanguage\":\"es-MX\",\"potentialAction\":[{\"@type\":\"ReadAction\",\"target\":[\"https:\/\/nitu.mx\/index.php\/2017\/12\/25\/interjet-y-aeromexico-suben-8-pasaje-en-aicm\/\"]}]},{\"@type\":\"ImageObject\",\"inLanguage\":\"es-MX\",\"@id\":\"https:\/\/nitu.mx\/index.php\/2017\/12\/25\/interjet-y-aeromexico-suben-8-pasaje-en-aicm\/#primaryimage\",\"url\":\"https:\/\/nitu.mx\/wp-content\/uploads\/2017\/03\/Interjet-AICM.jpg\",\"contentUrl\":\"https:\/\/nitu.mx\/wp-content\/uploads\/2017\/03\/Interjet-AICM.jpg\",\"width\":850,\"height\":480,\"caption\":\"Interjet AICM\"},{\"@type\":\"BreadcrumbList\",\"@id\":\"https:\/\/nitu.mx\/index.php\/2017\/12\/25\/interjet-y-aeromexico-suben-8-pasaje-en-aicm\/#breadcrumb\",\"itemListElement\":[{\"@type\":\"ListItem\",\"position\":1,\"name\":\"Inicio\",\"item\":\"https:\/\/nitu.mx\/\"},{\"@type\":\"ListItem\",\"position\":2,\"name\":\"Interjet y Aerom\u00e9xico suben 8% pasaje en AICM\"}]},{\"@type\":\"WebSite\",\"@id\":\"https:\/\/nitu.mx\/#website\",\"url\":\"https:\/\/nitu.mx\/\",\"name\":\"Nitu - Noticias de la Industria Turistica\",\"description\":\"Noticias de la Industria Turistica\",\"publisher\":{\"@id\":\"https:\/\/nitu.mx\/#\/schema\/person\/ae7a53426417292d3dd07b45a33e01bc\"},\"alternateName\":\"Noticias de la Industria Turistica\",\"potentialAction\":[{\"@type\":\"SearchAction\",\"target\":{\"@type\":\"EntryPoint\",\"urlTemplate\":\"https:\/\/nitu.mx\/?s={search_term_string}\"},\"query-input\":\"required name=search_term_string\"}],\"inLanguage\":\"es-MX\"},{\"@type\":[\"Person\",\"Organization\"],\"@id\":\"https:\/\/nitu.mx\/#\/schema\/person\/ae7a53426417292d3dd07b45a33e01bc\",\"name\":\"Arturo Medina\",\"image\":{\"@type\":\"ImageObject\",\"inLanguage\":\"es-MX\",\"@id\":\"https:\/\/nitu.mx\/#\/schema\/person\/image\/\",\"url\":\"https:\/\/nitu.mx\/wp-content\/uploads\/2024\/04\/4A315622-1904-4D5C-B022-878CDC840E04-90x90-1.jpeg\",\"contentUrl\":\"https:\/\/nitu.mx\/wp-content\/uploads\/2024\/04\/4A315622-1904-4D5C-B022-878CDC840E04-90x90-1.jpeg\",\"width\":90,\"height\":90,\"caption\":\"Arturo Medina\"},\"logo\":{\"@id\":\"https:\/\/nitu.mx\/#\/schema\/person\/image\/\"},\"description\":\"Director NITU.mx, Egresado de la Escuela de Periodismo Carlos Septi\u00e9n Garc\u00eda. Periodista y analista especializado en turismo desde hace 35 a\u00f1os, radicado en Canc\u00fan Q.Roo. arturo@nitu.mx\",\"sameAs\":[\"https:\/\/nitu.mx\",\"https:\/\/www.facebook.com\/NITUmx\/\",\"medinacancun\",\"https:\/\/twitter.com\/@Arturo_Medina_G\"]},{\"@type\":\"Person\",\"@id\":\"https:\/\/nitu.mx\/#\/schema\/person\/2ecd887b19dfd3382d1f14fc5acf24a8\",\"name\":\"Alejandra Moncisbays\",\"image\":{\"@type\":\"ImageObject\",\"inLanguage\":\"es-MX\",\"@id\":\"https:\/\/nitu.mx\/#\/schema\/person\/image\/\",\"url\":\"https:\/\/secure.gravatar.com\/avatar\/e74f7af0be172b7804dacfd0bfbef787?s=96&d=mm&r=g\",\"contentUrl\":\"https:\/\/secure.gravatar.com\/avatar\/e74f7af0be172b7804dacfd0bfbef787?s=96&d=mm&r=g\",\"caption\":\"Alejandra Moncisbays\"},\"description\":\"Curs\u00e9 la carrera de Periodismo y Comunicaci\u00f3n en la Facultad de Estudios Profesionales Acatl\u00e1n. Vivo en Canc\u00fan desde hace 24 a\u00f1os. Fui reportera de La Tarde de Canc\u00fan, y Novedades de Quintana Roo, colabor\u00e9 en TVCUN, edit\u00e9 Cancun\u00edssimo y colabor\u00e9 en las revistas Latitud21, entre otras, con principal enfoque en los sectores empresarial y tur\u00edstico. Desde hace varios a\u00f1os soy Agente de Seguros con c\u00e9dula de la Comisi\u00f3n Nacional de Seguros y Fianzas. Actualmente, me desarrollo en los \u00e1mbitos del periodismo y el sector asegurador.\",\"sameAs\":[\"https:\/\/nitu.mx\"],\"url\":\"https:\/\/nitu.mx\/index.php\/author\/alejandra\/\"}]}<\/script>\n<!-- \/ Yoast SEO plugin. -->","yoast_head_json":{"title":"Interjet y Aerom\u00e9xico suben 8% pasaje en AICM - Nitu - Noticias de la Industria Turistica","description":"Ambas aerol\u00edneas son las que m\u00e1s horarios de despegue y aterrizaje tienen en el AICM, lo que contribuy\u00f3 al aumento del pasaje en el mes de noviembre.","robots":{"index":"index","follow":"follow","max-snippet":"max-snippet:-1","max-image-preview":"max-image-preview:large","max-video-preview":"max-video-preview:-1"},"canonical":"https:\/\/nitu.mx\/index.php\/2017\/12\/25\/interjet-y-aeromexico-suben-8-pasaje-en-aicm\/","twitter_card":"summary_large_image","twitter_title":"Interjet y Aerom\u00e9xico suben 8% pasaje en AICM - Nitu - Noticias de la Industria Turistica","twitter_description":"Ambas aerol\u00edneas son las que m\u00e1s horarios de despegue y aterrizaje tienen en el AICM, lo que contribuy\u00f3 al aumento del pasaje en el mes de noviembre.","twitter_image":"https:\/\/nitu.mx\/wp-content\/uploads\/2017\/03\/Interjet-AICM.jpg","twitter_creator":"@NITUmx","twitter_site":"@Arturo_Medina_G","twitter_misc":{"Escrito por":"Alejandra Moncisbays","Tiempo de lectura":"1 minuto"},"schema":{"@context":"https:\/\/schema.org","@graph":[{"@type":"Article","@id":"https:\/\/nitu.mx\/index.php\/2017\/12\/25\/interjet-y-aeromexico-suben-8-pasaje-en-aicm\/#article","isPartOf":{"@id":"https:\/\/nitu.mx\/index.php\/2017\/12\/25\/interjet-y-aeromexico-suben-8-pasaje-en-aicm\/"},"author":{"name":"Alejandra Moncisbays","@id":"https:\/\/nitu.mx\/#\/schema\/person\/2ecd887b19dfd3382d1f14fc5acf24a8"},"headline":"Interjet y Aerom\u00e9xico suben 8% pasaje en AICM","datePublished":"2017-12-26T02:59:52+00:00","dateModified":"2017-12-26T06:40:47+00:00","mainEntityOfPage":{"@id":"https:\/\/nitu.mx\/index.php\/2017\/12\/25\/interjet-y-aeromexico-suben-8-pasaje-en-aicm\/"},"wordCount":287,"commentCount":0,"publisher":{"@id":"https:\/\/nitu.mx\/#\/schema\/person\/ae7a53426417292d3dd07b45a33e01bc"},"image":{"@id":"https:\/\/nitu.mx\/index.php\/2017\/12\/25\/interjet-y-aeromexico-suben-8-pasaje-en-aicm\/#primaryimage"},"thumbnailUrl":"https:\/\/nitu.mx\/wp-content\/uploads\/2017\/03\/Interjet-AICM.jpg","keywords":["aerol\u00edneas","Aerom\u00e9xico","AICM","Interjet","pasaje a\u00e9reo"],"articleSection":["Aerol\u00edneas","Destinos"],"inLanguage":"es-MX","potentialAction":[{"@type":"CommentAction","name":"Comment","target":["https:\/\/nitu.mx\/index.php\/2017\/12\/25\/interjet-y-aeromexico-suben-8-pasaje-en-aicm\/#respond"]}]},{"@type":"WebPage","@id":"https:\/\/nitu.mx\/index.php\/2017\/12\/25\/interjet-y-aeromexico-suben-8-pasaje-en-aicm\/","url":"https:\/\/nitu.mx\/index.php\/2017\/12\/25\/interjet-y-aeromexico-suben-8-pasaje-en-aicm\/","name":"Interjet y Aerom\u00e9xico suben 8% pasaje en AICM - Nitu - Noticias de la Industria Turistica","isPartOf":{"@id":"https:\/\/nitu.mx\/#website"},"primaryImageOfPage":{"@id":"https:\/\/nitu.mx\/index.php\/2017\/12\/25\/interjet-y-aeromexico-suben-8-pasaje-en-aicm\/#primaryimage"},"image":{"@id":"https:\/\/nitu.mx\/index.php\/2017\/12\/25\/interjet-y-aeromexico-suben-8-pasaje-en-aicm\/#primaryimage"},"thumbnailUrl":"https:\/\/nitu.mx\/wp-content\/uploads\/2017\/03\/Interjet-AICM.jpg","datePublished":"2017-12-26T02:59:52+00:00","dateModified":"2017-12-26T06:40:47+00:00","description":"Ambas aerol\u00edneas son las que m\u00e1s horarios de despegue y aterrizaje tienen en el AICM, lo que contribuy\u00f3 al aumento del pasaje en el mes de noviembre.","breadcrumb":{"@id":"https:\/\/nitu.mx\/index.php\/2017\/12\/25\/interjet-y-aeromexico-suben-8-pasaje-en-aicm\/#breadcrumb"},"inLanguage":"es-MX","potentialAction":[{"@type":"ReadAction","target":["https:\/\/nitu.mx\/index.php\/2017\/12\/25\/interjet-y-aeromexico-suben-8-pasaje-en-aicm\/"]}]},{"@type":"ImageObject","inLanguage":"es-MX","@id":"https:\/\/nitu.mx\/index.php\/2017\/12\/25\/interjet-y-aeromexico-suben-8-pasaje-en-aicm\/#primaryimage","url":"https:\/\/nitu.mx\/wp-content\/uploads\/2017\/03\/Interjet-AICM.jpg","contentUrl":"https:\/\/nitu.mx\/wp-content\/uploads\/2017\/03\/Interjet-AICM.jpg","width":850,"height":480,"caption":"Interjet AICM"},{"@type":"BreadcrumbList","@id":"https:\/\/nitu.mx\/index.php\/2017\/12\/25\/interjet-y-aeromexico-suben-8-pasaje-en-aicm\/#breadcrumb","itemListElement":[{"@type":"ListItem","position":1,"name":"Inicio","item":"https:\/\/nitu.mx\/"},{"@type":"ListItem","position":2,"name":"Interjet y Aerom\u00e9xico suben 8% pasaje en AICM"}]},{"@type":"WebSite","@id":"https:\/\/nitu.mx\/#website","url":"https:\/\/nitu.mx\/","name":"Nitu - Noticias de la Industria Turistica","description":"Noticias de la Industria Turistica","publisher":{"@id":"https:\/\/nitu.mx\/#\/schema\/person\/ae7a53426417292d3dd07b45a33e01bc"},"alternateName":"Noticias de la Industria Turistica","potentialAction":[{"@type":"SearchAction","target":{"@type":"EntryPoint","urlTemplate":"https:\/\/nitu.mx\/?s={search_term_string}"},"query-input":"required name=search_term_string"}],"inLanguage":"es-MX"},{"@type":["Person","Organization"],"@id":"https:\/\/nitu.mx\/#\/schema\/person\/ae7a53426417292d3dd07b45a33e01bc","name":"Arturo Medina","image":{"@type":"ImageObject","inLanguage":"es-MX","@id":"https:\/\/nitu.mx\/#\/schema\/person\/image\/","url":"https:\/\/nitu.mx\/wp-content\/uploads\/2024\/04\/4A315622-1904-4D5C-B022-878CDC840E04-90x90-1.jpeg","contentUrl":"https:\/\/nitu.mx\/wp-content\/uploads\/2024\/04\/4A315622-1904-4D5C-B022-878CDC840E04-90x90-1.jpeg","width":90,"height":90,"caption":"Arturo Medina"},"logo":{"@id":"https:\/\/nitu.mx\/#\/schema\/person\/image\/"},"description":"Director NITU.mx, Egresado de la Escuela de Periodismo Carlos Septi\u00e9n Garc\u00eda. Periodista y analista especializado en turismo desde hace 35 a\u00f1os, radicado en Canc\u00fan Q.Roo. arturo@nitu.mx","sameAs":["https:\/\/nitu.mx","https:\/\/www.facebook.com\/NITUmx\/","medinacancun","https:\/\/twitter.com\/@Arturo_Medina_G"]},{"@type":"Person","@id":"https:\/\/nitu.mx\/#\/schema\/person\/2ecd887b19dfd3382d1f14fc5acf24a8","name":"Alejandra Moncisbays","image":{"@type":"ImageObject","inLanguage":"es-MX","@id":"https:\/\/nitu.mx\/#\/schema\/person\/image\/","url":"https:\/\/secure.gravatar.com\/avatar\/e74f7af0be172b7804dacfd0bfbef787?s=96&d=mm&r=g","contentUrl":"https:\/\/secure.gravatar.com\/avatar\/e74f7af0be172b7804dacfd0bfbef787?s=96&d=mm&r=g","caption":"Alejandra Moncisbays"},"description":"Curs\u00e9 la carrera de Periodismo y Comunicaci\u00f3n en la Facultad de Estudios Profesionales Acatl\u00e1n. Vivo en Canc\u00fan desde hace 24 a\u00f1os. Fui reportera de La Tarde de Canc\u00fan, y Novedades de Quintana Roo, colabor\u00e9 en TVCUN, edit\u00e9 Cancun\u00edssimo y colabor\u00e9 en las revistas Latitud21, entre otras, con principal enfoque en los sectores empresarial y tur\u00edstico. Desde hace varios a\u00f1os soy Agente de Seguros con c\u00e9dula de la Comisi\u00f3n Nacional de Seguros y Fianzas. Actualmente, me desarrollo en los \u00e1mbitos del periodismo y el sector asegurador.","sameAs":["https:\/\/nitu.mx"],"url":"https:\/\/nitu.mx\/index.php\/author\/alejandra\/"}]}},"views":187,"_links":{"self":[{"href":"https:\/\/nitu.mx\/index.php\/wp-json\/wp\/v2\/posts\/16039"}],"collection":[{"href":"https:\/\/nitu.mx\/index.php\/wp-json\/wp\/v2\/posts"}],"about":[{"href":"https:\/\/nitu.mx\/index.php\/wp-json\/wp\/v2\/types\/post"}],"author":[{"embeddable":true,"href":"https:\/\/nitu.mx\/index.php\/wp-json\/wp\/v2\/users\/3"}],"replies":[{"embeddable":true,"href":"https:\/\/nitu.mx\/index.php\/wp-json\/wp\/v2\/comments?post=16039"}],"version-history":[{"count":3,"href":"https:\/\/nitu.mx\/index.php\/wp-json\/wp\/v2\/posts\/16039\/revisions"}],"predecessor-version":[{"id":16070,"href":"https:\/\/nitu.mx\/index.php\/wp-json\/wp\/v2\/posts\/16039\/revisions\/16070"}],"wp:featuredmedia":[{"embeddable":true,"href":"https:\/\/nitu.mx\/index.php\/wp-json\/wp\/v2\/media\/8058"}],"wp:attachment":[{"href":"https:\/\/nitu.mx\/index.php\/wp-json\/wp\/v2\/media?parent=16039"}],"wp:term":[{"taxonomy":"category","embeddable":true,"href":"https:\/\/nitu.mx\/index.php\/wp-json\/wp\/v2\/categories?post=16039"},{"taxonomy":"post_tag","embeddable":true,"href":"https:\/\/nitu.mx\/index.php\/wp-json\/wp\/v2\/tags?post=16039"}],"curies":[{"name":"wp","href":"https:\/\/api.w.org\/{rel}","templated":true}]}}