{"id":16025,"date":"2017-12-22T01:05:41","date_gmt":"2017-12-22T06:05:41","guid":{"rendered":"http:\/\/www.dev.nitu.mx\/?p=16025"},"modified":"2017-12-22T01:05:41","modified_gmt":"2017-12-22T06:05:41","slug":"turistas-cancunenses-reunidos-disfrutar-concierto-alondra-la-parra","status":"publish","type":"post","link":"https:\/\/nitu.mx\/index.php\/2017\/12\/22\/turistas-cancunenses-reunidos-disfrutar-concierto-alondra-la-parra\/","title":{"rendered":"Turistas y cancunenses reunidos para disfrutar el concierto de Alondra de la Parra"},"content":{"rendered":"<p>M\u00e1s de 6 mil personas, entre quintanarroenses y turistas nacionales y extranjeros, vibraron con el huapango de Moncayo, pieza con la que la directora de orquesta, Alondra de la Parra, abri\u00f3 el concierto gratuito \u201cNavidad en Quintana Roo 2017\u201d al que convoc\u00f3 el gobierno de Carlos Joaqu\u00edn, con la finalidad de acercar la cultura a la gente, restablecer la convivencia social y rescatar los valores familiares.<\/p>\n<p>Asimismo, se present\u00f3 por primera vez el pianista Paul Lewis, uno de los m\u00e1s laureados de su generaci\u00f3n y con una amplia trayectoria mundial, as\u00ed como el ensamble \u201cThe Australian Voices\u201d.<\/p>\n<p>Laura Mill\u00e1n, empleada en la ciudad de Canc\u00fan expres\u00f3 que este tipo de eventos son de alta calidad, gustan a la gente porque comunmente no los hay. \u201cEsto viene a darle a Canc\u00fan lo que le falta: eventos culturales para la gente de Canc\u00fan. Yo espero que a la juventud los ayude a ver las cosas diferentes y que Canc\u00fan no sea \u00fanicamente sol, playa y revent\u00f3n\u201d.<\/p>\n<p>El joven estudiante Bruno de la Pe\u00f1a, dijo: \u201ctodas estas actividades me gustan mucho porque se demuestra que hay una mayor diversidad de actividades en Canc\u00fan; le da un impulso a la ciudad al estado y es bastante beneficioso para todos\u201d.<\/p>\n<p>Rafael Rojas, trabajador de hoteler\u00eda, opini\u00f3 que Canc\u00fan necesita este tipo de espect\u00e1culos para los j\u00f3venes; \u201ces bueno que sea abierto y gratuito para toda la gente\u201d, abund\u00f3.<\/p>\n<p>\u201cYo vine expresamente al concierto y de vacaciones\u201d, dijo Paola de Mar\u00eda y Campos, consultora originaria de Ciudad de M\u00e9xico; \u201cme parece una buena iniciativa del gobierno porque en la Riviera y Canc\u00fan no hay muchos eventos culturales, es una gran ocasi\u00f3n para venir con toda la familia\u201d.<\/p>\n<p>Entre tanto Javier Cort\u00e9s, profesionista, se\u00f1al\u00f3 que \u201ces un acierto del gobierno del estado porque es cultura que no es muy usual ni hay muchos eventos de \u00e9ste tipo y que sean gratis y de este nivel; la cultura es educaci\u00f3n y entonces para que el pa\u00eds salga de la situaci\u00f3n en la que est\u00e1 se necesita, acerca a la sociedad y a los j\u00f3venes\u201d.<\/p>\n<p>La Directora de Orquesta Alondra de la Parra es la primera mujer mexicana en dirigir en Nueva York y es Embajadora Cultural Oficial de M\u00e9xico; ha dirigido algunas de las m\u00e1s prestigiosas orquestas de Francia, Alemania, Estados Unidos, Jap\u00f3n, Brasil, Suecia y Rusia incluyendo a la Orquesta de Paris, la Orquesta Sinf\u00f3nica del Radio de Berl\u00edn y la Cameristi della Scala de Mil\u00e1n.<\/p>\n<p>Previo al concierto, Alondra de la Parra ofreci\u00f3 una conferencia de prensa en la que dijo que la cultura es el ant\u00eddoto para todas las enfermedades sociales que tiene un pa\u00eds como el nuestro, donde todav\u00eda tenemos mucho por aprender. \u201ca cultura lleva siempre los valores que forjan estos los sentimientos y las ideas que ayudan a la sociedad; la cultura no es un lujo, la cultura va directo al alma, a la bondad\u201d.<\/p>\n<p>Afirm\u00f3 que un ni\u00f1o, en una orquesta, aprende a tener disciplina, respeto por sus compa\u00f1eros, a ser parte de un equipo, a que si tienen \u00e9xito no es solamente suyo sino de todo equipo. Aprende ejercicio mental, matem\u00e1tico, es un ni\u00f1o que sabe ser generoso, que sabe dar y todo eso que aprende es para regal\u00e1rselo al p\u00fablico y brindar un momento de alegr\u00eda y paz.<\/p>\n<p><img decoding=\"async\" loading=\"lazy\" class=\"aligncenter wp-image-16028 size-large\" src=\"http:\/\/www.dev.nitu.mx\/wp-content\/uploads\/2017\/12\/Alondra-de-la-parra2-1024x618.jpg\" alt=\"\" width=\"1024\" height=\"618\" srcset=\"https:\/\/nitu.mx\/wp-content\/uploads\/2017\/12\/Alondra-de-la-parra2-1024x618.jpg 1024w, https:\/\/nitu.mx\/wp-content\/uploads\/2017\/12\/Alondra-de-la-parra2-300x181.jpg 300w, https:\/\/nitu.mx\/wp-content\/uploads\/2017\/12\/Alondra-de-la-parra2-768x463.jpg 768w, https:\/\/nitu.mx\/wp-content\/uploads\/2017\/12\/Alondra-de-la-parra2.jpg 1280w\" sizes=\"(max-width: 1024px) 100vw, 1024px\" \/><\/p>\n<p>&nbsp;<\/p>\n<p><img decoding=\"async\" loading=\"lazy\" class=\"aligncenter wp-image-16029 size-large\" src=\"http:\/\/www.dev.nitu.mx\/wp-content\/uploads\/2017\/12\/Alondra-de-la-parra4-1024x635.jpg\" alt=\"\" width=\"1024\" height=\"635\" srcset=\"https:\/\/nitu.mx\/wp-content\/uploads\/2017\/12\/Alondra-de-la-parra4-1024x635.jpg 1024w, https:\/\/nitu.mx\/wp-content\/uploads\/2017\/12\/Alondra-de-la-parra4-300x186.jpg 300w, https:\/\/nitu.mx\/wp-content\/uploads\/2017\/12\/Alondra-de-la-parra4-768x476.jpg 768w, https:\/\/nitu.mx\/wp-content\/uploads\/2017\/12\/Alondra-de-la-parra4-385x240.jpg 385w, https:\/\/nitu.mx\/wp-content\/uploads\/2017\/12\/Alondra-de-la-parra4.jpg 1280w\" sizes=\"(max-width: 1024px) 100vw, 1024px\" \/><\/p>\n<p>&nbsp;<\/p>\n<p><img decoding=\"async\" loading=\"lazy\" class=\"aligncenter wp-image-16030 size-large\" src=\"http:\/\/www.dev.nitu.mx\/wp-content\/uploads\/2017\/12\/Alondra-de-la-parra8-1024x619.jpg\" alt=\"\" width=\"1024\" height=\"619\" srcset=\"https:\/\/nitu.mx\/wp-content\/uploads\/2017\/12\/Alondra-de-la-parra8-1024x619.jpg 1024w, https:\/\/nitu.mx\/wp-content\/uploads\/2017\/12\/Alondra-de-la-parra8-300x181.jpg 300w, https:\/\/nitu.mx\/wp-content\/uploads\/2017\/12\/Alondra-de-la-parra8-768x464.jpg 768w, https:\/\/nitu.mx\/wp-content\/uploads\/2017\/12\/Alondra-de-la-parra8.jpg 1280w\" sizes=\"(max-width: 1024px) 100vw, 1024px\" \/><\/p>\n<p>&nbsp;<\/p>\n","protected":false},"excerpt":{"rendered":"<p>M\u00e1s de 6 mil personas, entre quintanarroenses y turistas nacionales y extranjeros, vibraron con el huapango de Moncayo, pieza con la que la directora de orquesta, Alondra de la Parra, abri\u00f3 el concierto gratuito \u201cNavidad en Quintana Roo 2017\u201d al que convoc\u00f3 el gobierno de Carlos Joaqu\u00edn, con la finalidad de acercar la cultura a [&hellip;]<\/p>\n","protected":false},"author":2,"featured_media":16026,"comment_status":"open","ping_status":"open","sticky":false,"template":"","format":"standard","meta":{"footnotes":""},"categories":[5,6],"tags":[7327,261,260],"yoast_head":"<!-- This site is optimized with the Yoast SEO plugin v22.2 - https:\/\/yoast.com\/wordpress\/plugins\/seo\/ -->\n<title>Turistas y cancunenses reunidos para disfrutar el concierto de Alondra de la Parra - Nitu - Noticias de la Industria Turistica<\/title>\n<meta name=\"robots\" content=\"index, follow, max-snippet:-1, max-image-preview:large, max-video-preview:-1\" \/>\n<link rel=\"canonical\" href=\"https:\/\/nitu.mx\/index.php\/2017\/12\/22\/turistas-cancunenses-reunidos-disfrutar-concierto-alondra-la-parra\/\" \/>\n<meta name=\"twitter:card\" content=\"summary_large_image\" \/>\n<meta name=\"twitter:title\" content=\"Turistas y cancunenses reunidos para disfrutar el concierto de Alondra de la Parra - Nitu - Noticias de la Industria Turistica\" \/>\n<meta name=\"twitter:description\" content=\"M\u00e1s de 6 mil personas, entre quintanarroenses y turistas nacionales y extranjeros, vibraron con el huapango de Moncayo, pieza con la que la directora de orquesta, Alondra de la Parra, abri\u00f3 el concierto gratuito \u201cNavidad en Quintana Roo 2017\u201d al que convoc\u00f3 el gobierno de Carlos Joaqu\u00edn, con la finalidad de acercar la cultura a [&hellip;]\" \/>\n<meta name=\"twitter:image\" content=\"https:\/\/nitu.mx\/wp-content\/uploads\/2017\/12\/Captura-de-pantalla-2017-12-22-a-las-00.56.55.png\" \/>\n<meta name=\"twitter:creator\" content=\"@Arturo_Medina_G\" \/>\n<meta name=\"twitter:site\" content=\"@Arturo_Medina_G\" \/>\n<meta name=\"twitter:label1\" content=\"Escrito por\" \/>\n\t<meta name=\"twitter:data1\" content=\"Arturo Medina\" \/>\n\t<meta name=\"twitter:label2\" content=\"Tiempo de lectura\" \/>\n\t<meta name=\"twitter:data2\" content=\"3 minutos\" \/>\n<script type=\"application\/ld+json\" class=\"yoast-schema-graph\">{\"@context\":\"https:\/\/schema.org\",\"@graph\":[{\"@type\":\"Article\",\"@id\":\"https:\/\/nitu.mx\/index.php\/2017\/12\/22\/turistas-cancunenses-reunidos-disfrutar-concierto-alondra-la-parra\/#article\",\"isPartOf\":{\"@id\":\"https:\/\/nitu.mx\/index.php\/2017\/12\/22\/turistas-cancunenses-reunidos-disfrutar-concierto-alondra-la-parra\/\"},\"author\":{\"name\":\"Arturo Medina\",\"@id\":\"https:\/\/nitu.mx\/#\/schema\/person\/ae7a53426417292d3dd07b45a33e01bc\"},\"headline\":\"Turistas y cancunenses reunidos para disfrutar el concierto de Alondra de la Parra\",\"datePublished\":\"2017-12-22T06:05:41+00:00\",\"dateModified\":\"2017-12-22T06:05:41+00:00\",\"mainEntityOfPage\":{\"@id\":\"https:\/\/nitu.mx\/index.php\/2017\/12\/22\/turistas-cancunenses-reunidos-disfrutar-concierto-alondra-la-parra\/\"},\"wordCount\":605,\"commentCount\":0,\"publisher\":{\"@id\":\"https:\/\/nitu.mx\/#\/schema\/person\/ae7a53426417292d3dd07b45a33e01bc\"},\"image\":{\"@id\":\"https:\/\/nitu.mx\/index.php\/2017\/12\/22\/turistas-cancunenses-reunidos-disfrutar-concierto-alondra-la-parra\/#primaryimage\"},\"thumbnailUrl\":\"https:\/\/nitu.mx\/wp-content\/uploads\/2017\/12\/Captura-de-pantalla-2017-12-22-a-las-00.56.55.png\",\"keywords\":[\"Alondra de la Parra\",\"Carlos Joaqu\u00edn Gonz\u00e1lez\",\"Quintana Roo\"],\"articleSection\":[\"Destinos\",\"M\u00e9xico\"],\"inLanguage\":\"es-MX\",\"potentialAction\":[{\"@type\":\"CommentAction\",\"name\":\"Comment\",\"target\":[\"https:\/\/nitu.mx\/index.php\/2017\/12\/22\/turistas-cancunenses-reunidos-disfrutar-concierto-alondra-la-parra\/#respond\"]}]},{\"@type\":\"WebPage\",\"@id\":\"https:\/\/nitu.mx\/index.php\/2017\/12\/22\/turistas-cancunenses-reunidos-disfrutar-concierto-alondra-la-parra\/\",\"url\":\"https:\/\/nitu.mx\/index.php\/2017\/12\/22\/turistas-cancunenses-reunidos-disfrutar-concierto-alondra-la-parra\/\",\"name\":\"Turistas y cancunenses reunidos para disfrutar el concierto de Alondra de la Parra - Nitu - Noticias de la Industria Turistica\",\"isPartOf\":{\"@id\":\"https:\/\/nitu.mx\/#website\"},\"primaryImageOfPage\":{\"@id\":\"https:\/\/nitu.mx\/index.php\/2017\/12\/22\/turistas-cancunenses-reunidos-disfrutar-concierto-alondra-la-parra\/#primaryimage\"},\"image\":{\"@id\":\"https:\/\/nitu.mx\/index.php\/2017\/12\/22\/turistas-cancunenses-reunidos-disfrutar-concierto-alondra-la-parra\/#primaryimage\"},\"thumbnailUrl\":\"https:\/\/nitu.mx\/wp-content\/uploads\/2017\/12\/Captura-de-pantalla-2017-12-22-a-las-00.56.55.png\",\"datePublished\":\"2017-12-22T06:05:41+00:00\",\"dateModified\":\"2017-12-22T06:05:41+00:00\",\"breadcrumb\":{\"@id\":\"https:\/\/nitu.mx\/index.php\/2017\/12\/22\/turistas-cancunenses-reunidos-disfrutar-concierto-alondra-la-parra\/#breadcrumb\"},\"inLanguage\":\"es-MX\",\"potentialAction\":[{\"@type\":\"ReadAction\",\"target\":[\"https:\/\/nitu.mx\/index.php\/2017\/12\/22\/turistas-cancunenses-reunidos-disfrutar-concierto-alondra-la-parra\/\"]}]},{\"@type\":\"ImageObject\",\"inLanguage\":\"es-MX\",\"@id\":\"https:\/\/nitu.mx\/index.php\/2017\/12\/22\/turistas-cancunenses-reunidos-disfrutar-concierto-alondra-la-parra\/#primaryimage\",\"url\":\"https:\/\/nitu.mx\/wp-content\/uploads\/2017\/12\/Captura-de-pantalla-2017-12-22-a-las-00.56.55.png\",\"contentUrl\":\"https:\/\/nitu.mx\/wp-content\/uploads\/2017\/12\/Captura-de-pantalla-2017-12-22-a-las-00.56.55.png\",\"width\":1130,\"height\":628},{\"@type\":\"BreadcrumbList\",\"@id\":\"https:\/\/nitu.mx\/index.php\/2017\/12\/22\/turistas-cancunenses-reunidos-disfrutar-concierto-alondra-la-parra\/#breadcrumb\",\"itemListElement\":[{\"@type\":\"ListItem\",\"position\":1,\"name\":\"Inicio\",\"item\":\"https:\/\/nitu.mx\/\"},{\"@type\":\"ListItem\",\"position\":2,\"name\":\"Turistas y cancunenses reunidos para disfrutar el concierto de Alondra de la Parra\"}]},{\"@type\":\"WebSite\",\"@id\":\"https:\/\/nitu.mx\/#website\",\"url\":\"https:\/\/nitu.mx\/\",\"name\":\"Nitu - Noticias de la Industria Turistica\",\"description\":\"Noticias de la Industria Turistica\",\"publisher\":{\"@id\":\"https:\/\/nitu.mx\/#\/schema\/person\/ae7a53426417292d3dd07b45a33e01bc\"},\"alternateName\":\"Noticias de la Industria Turistica\",\"potentialAction\":[{\"@type\":\"SearchAction\",\"target\":{\"@type\":\"EntryPoint\",\"urlTemplate\":\"https:\/\/nitu.mx\/?s={search_term_string}\"},\"query-input\":\"required name=search_term_string\"}],\"inLanguage\":\"es-MX\"},{\"@type\":[\"Person\",\"Organization\"],\"@id\":\"https:\/\/nitu.mx\/#\/schema\/person\/ae7a53426417292d3dd07b45a33e01bc\",\"name\":\"Arturo Medina\",\"image\":{\"@type\":\"ImageObject\",\"inLanguage\":\"es-MX\",\"@id\":\"https:\/\/nitu.mx\/#\/schema\/person\/image\/\",\"url\":\"https:\/\/nitu.mx\/wp-content\/uploads\/2024\/04\/4A315622-1904-4D5C-B022-878CDC840E04-90x90-1.jpeg\",\"contentUrl\":\"https:\/\/nitu.mx\/wp-content\/uploads\/2024\/04\/4A315622-1904-4D5C-B022-878CDC840E04-90x90-1.jpeg\",\"width\":90,\"height\":90,\"caption\":\"Arturo Medina\"},\"logo\":{\"@id\":\"https:\/\/nitu.mx\/#\/schema\/person\/image\/\"},\"description\":\"Director NITU.mx, Egresado de la Escuela de Periodismo Carlos Septi\u00e9n Garc\u00eda. Periodista y analista especializado en turismo desde hace 35 a\u00f1os, radicado en Canc\u00fan Q.Roo. arturo@nitu.mx\",\"sameAs\":[\"https:\/\/nitu.mx\",\"https:\/\/www.facebook.com\/NITUmx\/\",\"medinacancun\",\"https:\/\/twitter.com\/@Arturo_Medina_G\"],\"url\":\"https:\/\/nitu.mx\/index.php\/author\/arturo-medina\/\"}]}<\/script>\n<!-- \/ Yoast SEO plugin. -->","yoast_head_json":{"title":"Turistas y cancunenses reunidos para disfrutar el concierto de Alondra de la Parra - Nitu - Noticias de la Industria Turistica","robots":{"index":"index","follow":"follow","max-snippet":"max-snippet:-1","max-image-preview":"max-image-preview:large","max-video-preview":"max-video-preview:-1"},"canonical":"https:\/\/nitu.mx\/index.php\/2017\/12\/22\/turistas-cancunenses-reunidos-disfrutar-concierto-alondra-la-parra\/","twitter_card":"summary_large_image","twitter_title":"Turistas y cancunenses reunidos para disfrutar el concierto de Alondra de la Parra - Nitu - Noticias de la Industria Turistica","twitter_description":"M\u00e1s de 6 mil personas, entre quintanarroenses y turistas nacionales y extranjeros, vibraron con el huapango de Moncayo, pieza con la que la directora de orquesta, Alondra de la Parra, abri\u00f3 el concierto gratuito \u201cNavidad en Quintana Roo 2017\u201d al que convoc\u00f3 el gobierno de Carlos Joaqu\u00edn, con la finalidad de acercar la cultura a [&hellip;]","twitter_image":"https:\/\/nitu.mx\/wp-content\/uploads\/2017\/12\/Captura-de-pantalla-2017-12-22-a-las-00.56.55.png","twitter_creator":"@Arturo_Medina_G","twitter_site":"@Arturo_Medina_G","twitter_misc":{"Escrito por":"Arturo Medina","Tiempo de lectura":"3 minutos"},"schema":{"@context":"https:\/\/schema.org","@graph":[{"@type":"Article","@id":"https:\/\/nitu.mx\/index.php\/2017\/12\/22\/turistas-cancunenses-reunidos-disfrutar-concierto-alondra-la-parra\/#article","isPartOf":{"@id":"https:\/\/nitu.mx\/index.php\/2017\/12\/22\/turistas-cancunenses-reunidos-disfrutar-concierto-alondra-la-parra\/"},"author":{"name":"Arturo Medina","@id":"https:\/\/nitu.mx\/#\/schema\/person\/ae7a53426417292d3dd07b45a33e01bc"},"headline":"Turistas y cancunenses reunidos para disfrutar el concierto de Alondra de la Parra","datePublished":"2017-12-22T06:05:41+00:00","dateModified":"2017-12-22T06:05:41+00:00","mainEntityOfPage":{"@id":"https:\/\/nitu.mx\/index.php\/2017\/12\/22\/turistas-cancunenses-reunidos-disfrutar-concierto-alondra-la-parra\/"},"wordCount":605,"commentCount":0,"publisher":{"@id":"https:\/\/nitu.mx\/#\/schema\/person\/ae7a53426417292d3dd07b45a33e01bc"},"image":{"@id":"https:\/\/nitu.mx\/index.php\/2017\/12\/22\/turistas-cancunenses-reunidos-disfrutar-concierto-alondra-la-parra\/#primaryimage"},"thumbnailUrl":"https:\/\/nitu.mx\/wp-content\/uploads\/2017\/12\/Captura-de-pantalla-2017-12-22-a-las-00.56.55.png","keywords":["Alondra de la Parra","Carlos Joaqu\u00edn Gonz\u00e1lez","Quintana Roo"],"articleSection":["Destinos","M\u00e9xico"],"inLanguage":"es-MX","potentialAction":[{"@type":"CommentAction","name":"Comment","target":["https:\/\/nitu.mx\/index.php\/2017\/12\/22\/turistas-cancunenses-reunidos-disfrutar-concierto-alondra-la-parra\/#respond"]}]},{"@type":"WebPage","@id":"https:\/\/nitu.mx\/index.php\/2017\/12\/22\/turistas-cancunenses-reunidos-disfrutar-concierto-alondra-la-parra\/","url":"https:\/\/nitu.mx\/index.php\/2017\/12\/22\/turistas-cancunenses-reunidos-disfrutar-concierto-alondra-la-parra\/","name":"Turistas y cancunenses reunidos para disfrutar el concierto de Alondra de la Parra - Nitu - Noticias de la Industria Turistica","isPartOf":{"@id":"https:\/\/nitu.mx\/#website"},"primaryImageOfPage":{"@id":"https:\/\/nitu.mx\/index.php\/2017\/12\/22\/turistas-cancunenses-reunidos-disfrutar-concierto-alondra-la-parra\/#primaryimage"},"image":{"@id":"https:\/\/nitu.mx\/index.php\/2017\/12\/22\/turistas-cancunenses-reunidos-disfrutar-concierto-alondra-la-parra\/#primaryimage"},"thumbnailUrl":"https:\/\/nitu.mx\/wp-content\/uploads\/2017\/12\/Captura-de-pantalla-2017-12-22-a-las-00.56.55.png","datePublished":"2017-12-22T06:05:41+00:00","dateModified":"2017-12-22T06:05:41+00:00","breadcrumb":{"@id":"https:\/\/nitu.mx\/index.php\/2017\/12\/22\/turistas-cancunenses-reunidos-disfrutar-concierto-alondra-la-parra\/#breadcrumb"},"inLanguage":"es-MX","potentialAction":[{"@type":"ReadAction","target":["https:\/\/nitu.mx\/index.php\/2017\/12\/22\/turistas-cancunenses-reunidos-disfrutar-concierto-alondra-la-parra\/"]}]},{"@type":"ImageObject","inLanguage":"es-MX","@id":"https:\/\/nitu.mx\/index.php\/2017\/12\/22\/turistas-cancunenses-reunidos-disfrutar-concierto-alondra-la-parra\/#primaryimage","url":"https:\/\/nitu.mx\/wp-content\/uploads\/2017\/12\/Captura-de-pantalla-2017-12-22-a-las-00.56.55.png","contentUrl":"https:\/\/nitu.mx\/wp-content\/uploads\/2017\/12\/Captura-de-pantalla-2017-12-22-a-las-00.56.55.png","width":1130,"height":628},{"@type":"BreadcrumbList","@id":"https:\/\/nitu.mx\/index.php\/2017\/12\/22\/turistas-cancunenses-reunidos-disfrutar-concierto-alondra-la-parra\/#breadcrumb","itemListElement":[{"@type":"ListItem","position":1,"name":"Inicio","item":"https:\/\/nitu.mx\/"},{"@type":"ListItem","position":2,"name":"Turistas y cancunenses reunidos para disfrutar el concierto de Alondra de la Parra"}]},{"@type":"WebSite","@id":"https:\/\/nitu.mx\/#website","url":"https:\/\/nitu.mx\/","name":"Nitu - Noticias de la Industria Turistica","description":"Noticias de la Industria Turistica","publisher":{"@id":"https:\/\/nitu.mx\/#\/schema\/person\/ae7a53426417292d3dd07b45a33e01bc"},"alternateName":"Noticias de la Industria Turistica","potentialAction":[{"@type":"SearchAction","target":{"@type":"EntryPoint","urlTemplate":"https:\/\/nitu.mx\/?s={search_term_string}"},"query-input":"required name=search_term_string"}],"inLanguage":"es-MX"},{"@type":["Person","Organization"],"@id":"https:\/\/nitu.mx\/#\/schema\/person\/ae7a53426417292d3dd07b45a33e01bc","name":"Arturo Medina","image":{"@type":"ImageObject","inLanguage":"es-MX","@id":"https:\/\/nitu.mx\/#\/schema\/person\/image\/","url":"https:\/\/nitu.mx\/wp-content\/uploads\/2024\/04\/4A315622-1904-4D5C-B022-878CDC840E04-90x90-1.jpeg","contentUrl":"https:\/\/nitu.mx\/wp-content\/uploads\/2024\/04\/4A315622-1904-4D5C-B022-878CDC840E04-90x90-1.jpeg","width":90,"height":90,"caption":"Arturo Medina"},"logo":{"@id":"https:\/\/nitu.mx\/#\/schema\/person\/image\/"},"description":"Director NITU.mx, Egresado de la Escuela de Periodismo Carlos Septi\u00e9n Garc\u00eda. Periodista y analista especializado en turismo desde hace 35 a\u00f1os, radicado en Canc\u00fan Q.Roo. arturo@nitu.mx","sameAs":["https:\/\/nitu.mx","https:\/\/www.facebook.com\/NITUmx\/","medinacancun","https:\/\/twitter.com\/@Arturo_Medina_G"],"url":"https:\/\/nitu.mx\/index.php\/author\/arturo-medina\/"}]}},"views":364,"_links":{"self":[{"href":"https:\/\/nitu.mx\/index.php\/wp-json\/wp\/v2\/posts\/16025"}],"collection":[{"href":"https:\/\/nitu.mx\/index.php\/wp-json\/wp\/v2\/posts"}],"about":[{"href":"https:\/\/nitu.mx\/index.php\/wp-json\/wp\/v2\/types\/post"}],"author":[{"embeddable":true,"href":"https:\/\/nitu.mx\/index.php\/wp-json\/wp\/v2\/users\/2"}],"replies":[{"embeddable":true,"href":"https:\/\/nitu.mx\/index.php\/wp-json\/wp\/v2\/comments?post=16025"}],"version-history":[{"count":2,"href":"https:\/\/nitu.mx\/index.php\/wp-json\/wp\/v2\/posts\/16025\/revisions"}],"predecessor-version":[{"id":16031,"href":"https:\/\/nitu.mx\/index.php\/wp-json\/wp\/v2\/posts\/16025\/revisions\/16031"}],"wp:featuredmedia":[{"embeddable":true,"href":"https:\/\/nitu.mx\/index.php\/wp-json\/wp\/v2\/media\/16026"}],"wp:attachment":[{"href":"https:\/\/nitu.mx\/index.php\/wp-json\/wp\/v2\/media?parent=16025"}],"wp:term":[{"taxonomy":"category","embeddable":true,"href":"https:\/\/nitu.mx\/index.php\/wp-json\/wp\/v2\/categories?post=16025"},{"taxonomy":"post_tag","embeddable":true,"href":"https:\/\/nitu.mx\/index.php\/wp-json\/wp\/v2\/tags?post=16025"}],"curies":[{"name":"wp","href":"https:\/\/api.w.org\/{rel}","templated":true}]}}