{"id":16005,"date":"2017-12-22T00:42:15","date_gmt":"2017-12-22T05:42:15","guid":{"rendered":"http:\/\/www.dev.nitu.mx\/?p=16005"},"modified":"2017-12-22T01:08:55","modified_gmt":"2017-12-22T06:08:55","slug":"alondra-la-parra-quintana-roo-potencial-organizar-festivales-musicales-turismo","status":"publish","type":"post","link":"https:\/\/nitu.mx\/index.php\/2017\/12\/22\/alondra-la-parra-quintana-roo-potencial-organizar-festivales-musicales-turismo\/","title":{"rendered":"Alondra de la Parra: \u201cQuintana Roo tiene potencial para organizar festivales musicales para turismo\u201d"},"content":{"rendered":"<p>La directora de orquesta, Alondra de la Parra asever\u00f3 que no s\u00f3lo el Caribe Mexicano, sino en general \u201cQuintana Roo tienen el potencial para atraer a turismo de alto poder adquisitivo por medio de festivales internacionales de m\u00fasica cl\u00e1sica\u201d.<br \/>\nLa artista se\u00f1al\u00f3 que en muchos pa\u00edses se tienen festivales de m\u00fasica cl\u00e1sica con exponentes internacionales, que atraen a turismo de alto poder adquisitivo. \u201cY est\u00e1 bien, claro que siempre hay que buscar que llegue a la comunidad, que se vaya desarrollando la m\u00fasica en la sociedad\u201d.<br \/>\nDestac\u00f3 que estos festivales no son obra del gobierno en solitario, ya que tambi\u00e9n se involucran los empresarios, hoteleros, restauranteros y la comunidad que apoyan el desarrollo de estos festivales.<br \/>\nComent\u00f3 que la cultura es la mejor apuesta que puede hacer un gobierno, pues ayuda al desarrollo personal y evitar actidudes negativas y problemas, y en ese aspecto falta mucho por hacer, pero tambi\u00e9n dijo \u201chay que reconocer los esfuerzos y lo que se hace bien, como esta noche\u201d.<br \/>\nY es que hoy ofrecer\u00e1 en Canc\u00fan el segundo Concierto \u201cNavidad en Quintana Roo 2017\u201d con la Orquesta de Las Am\u00e9ricas y estar\u00e1 acompa\u00f1ada por el pianista Paul Lewis y el ensamble \u201cThe Australian Voices\u201d.<br \/>\nSer\u00e1 un espect\u00e1culo gratuito y tiene el objetivo de acercar la cultura a la gente y a contribuir al restablecimiento de la convivencia familiar. Se tiene previsto arribe el gobernador Carlos Joaqu\u00edn acompa\u00f1ado de su esposa la presidenta del DIF Quintana Roo, Gabriela Rej\u00f3n de Joaqu\u00edn.<br \/>\nEl concierto iniciar\u00e1 a las ocho de la noche, por lo que se ha sugerido a los asistentes llegar con suficiente tiempo y una frazada, repelente de mosquitos, zapatos c\u00f3modos, para disfrutar del concierto, toda vez que ser\u00e1 a cielo abierto en el campo de golf de Puerto Canc\u00fan. El estacionamiento ser\u00e1 en el Centro Comercial Puerto Canc\u00fan y se tendr\u00e1 transporte gratuito al campo de golf del desarrollo inmobiliario.(<a title=\"El gobierno no debe competir con empresarios debe ser facilitador: Carlos Joaqu\u00edn\" href=\"http:\/\/www.dev.nitu.mx\/index.php\/2017\/10\/18\/el-gobierno-no-debe-competir-con-empresarios-debe-ser-facilitador-carlos-joaquin\/\" rel=\"bookmark\">El gobierno no debe competir con empresarios debe ser facilitador: Carlos Joaqu\u00edn<\/a>)<\/p>\n","protected":false},"excerpt":{"rendered":"<p>La directora de orquesta, Alondra de la Parra asever\u00f3 que no s\u00f3lo el Caribe Mexicano, sino en general \u201cQuintana Roo tienen el potencial para atraer a turismo de alto poder adquisitivo por medio de festivales internacionales de m\u00fasica cl\u00e1sica\u201d. La artista se\u00f1al\u00f3 que en muchos pa\u00edses se tienen festivales de m\u00fasica cl\u00e1sica con exponentes internacionales, [&hellip;]<\/p>\n","protected":false},"author":3,"featured_media":16032,"comment_status":"open","ping_status":"open","sticky":false,"template":"","format":"standard","meta":{"footnotes":""},"categories":[5],"tags":[7313,43,7312,5898],"yoast_head":"<!-- This site is optimized with the Yoast SEO plugin v22.2 - https:\/\/yoast.com\/wordpress\/plugins\/seo\/ -->\n<title>Alondra de la Parra: \u201cQuintana Roo tiene potencial para organizar festivales musicales para turismo\u201d - Nitu - Noticias de la Industria Turistica<\/title>\n<meta name=\"robots\" content=\"index, follow, max-snippet:-1, max-image-preview:large, max-video-preview:-1\" \/>\n<link rel=\"canonical\" href=\"https:\/\/nitu.mx\/index.php\/2017\/12\/22\/alondra-la-parra-quintana-roo-potencial-organizar-festivales-musicales-turismo\/\" \/>\n<meta name=\"twitter:card\" content=\"summary_large_image\" \/>\n<meta name=\"twitter:title\" content=\"Alondra de la Parra: \u201cQuintana Roo tiene potencial para organizar festivales musicales para turismo\u201d - Nitu - Noticias de la Industria Turistica\" \/>\n<meta name=\"twitter:description\" content=\"La directora de orquesta, Alondra de la Parra asever\u00f3 que no s\u00f3lo el Caribe Mexicano, sino en general \u201cQuintana Roo tienen el potencial para atraer a turismo de alto poder adquisitivo por medio de festivales internacionales de m\u00fasica cl\u00e1sica\u201d. La artista se\u00f1al\u00f3 que en muchos pa\u00edses se tienen festivales de m\u00fasica cl\u00e1sica con exponentes internacionales, [&hellip;]\" \/>\n<meta name=\"twitter:image\" content=\"https:\/\/nitu.mx\/wp-content\/uploads\/2017\/12\/alondra-super-ok.jpg\" \/>\n<meta name=\"twitter:creator\" content=\"@NITUmx\" \/>\n<meta name=\"twitter:site\" content=\"@Arturo_Medina_G\" \/>\n<meta name=\"twitter:label1\" content=\"Escrito por\" \/>\n\t<meta name=\"twitter:data1\" content=\"Alejandra Moncisbays\" \/>\n\t<meta name=\"twitter:label2\" content=\"Tiempo de lectura\" \/>\n\t<meta name=\"twitter:data2\" content=\"2 minutos\" \/>\n<script type=\"application\/ld+json\" class=\"yoast-schema-graph\">{\"@context\":\"https:\/\/schema.org\",\"@graph\":[{\"@type\":\"Article\",\"@id\":\"https:\/\/nitu.mx\/index.php\/2017\/12\/22\/alondra-la-parra-quintana-roo-potencial-organizar-festivales-musicales-turismo\/#article\",\"isPartOf\":{\"@id\":\"https:\/\/nitu.mx\/index.php\/2017\/12\/22\/alondra-la-parra-quintana-roo-potencial-organizar-festivales-musicales-turismo\/\"},\"author\":{\"name\":\"Alejandra Moncisbays\",\"@id\":\"https:\/\/nitu.mx\/#\/schema\/person\/2ecd887b19dfd3382d1f14fc5acf24a8\"},\"headline\":\"Alondra de la Parra: \u201cQuintana Roo tiene potencial para organizar festivales musicales para turismo\u201d\",\"datePublished\":\"2017-12-22T05:42:15+00:00\",\"dateModified\":\"2017-12-22T06:08:55+00:00\",\"mainEntityOfPage\":{\"@id\":\"https:\/\/nitu.mx\/index.php\/2017\/12\/22\/alondra-la-parra-quintana-roo-potencial-organizar-festivales-musicales-turismo\/\"},\"wordCount\":363,\"commentCount\":0,\"publisher\":{\"@id\":\"https:\/\/nitu.mx\/#\/schema\/person\/ae7a53426417292d3dd07b45a33e01bc\"},\"image\":{\"@id\":\"https:\/\/nitu.mx\/index.php\/2017\/12\/22\/alondra-la-parra-quintana-roo-potencial-organizar-festivales-musicales-turismo\/#primaryimage\"},\"thumbnailUrl\":\"https:\/\/nitu.mx\/wp-content\/uploads\/2017\/12\/alondra-super-ok.jpg\",\"keywords\":[\"\u201cThe Australian Voices\u201d\",\"Canc\u00fan\",\"Paul Lewis\",\"pianista\"],\"articleSection\":[\"Destinos\"],\"inLanguage\":\"es-MX\",\"potentialAction\":[{\"@type\":\"CommentAction\",\"name\":\"Comment\",\"target\":[\"https:\/\/nitu.mx\/index.php\/2017\/12\/22\/alondra-la-parra-quintana-roo-potencial-organizar-festivales-musicales-turismo\/#respond\"]}]},{\"@type\":\"WebPage\",\"@id\":\"https:\/\/nitu.mx\/index.php\/2017\/12\/22\/alondra-la-parra-quintana-roo-potencial-organizar-festivales-musicales-turismo\/\",\"url\":\"https:\/\/nitu.mx\/index.php\/2017\/12\/22\/alondra-la-parra-quintana-roo-potencial-organizar-festivales-musicales-turismo\/\",\"name\":\"Alondra de la Parra: \u201cQuintana Roo tiene potencial para organizar festivales musicales para turismo\u201d - Nitu - Noticias de la Industria Turistica\",\"isPartOf\":{\"@id\":\"https:\/\/nitu.mx\/#website\"},\"primaryImageOfPage\":{\"@id\":\"https:\/\/nitu.mx\/index.php\/2017\/12\/22\/alondra-la-parra-quintana-roo-potencial-organizar-festivales-musicales-turismo\/#primaryimage\"},\"image\":{\"@id\":\"https:\/\/nitu.mx\/index.php\/2017\/12\/22\/alondra-la-parra-quintana-roo-potencial-organizar-festivales-musicales-turismo\/#primaryimage\"},\"thumbnailUrl\":\"https:\/\/nitu.mx\/wp-content\/uploads\/2017\/12\/alondra-super-ok.jpg\",\"datePublished\":\"2017-12-22T05:42:15+00:00\",\"dateModified\":\"2017-12-22T06:08:55+00:00\",\"breadcrumb\":{\"@id\":\"https:\/\/nitu.mx\/index.php\/2017\/12\/22\/alondra-la-parra-quintana-roo-potencial-organizar-festivales-musicales-turismo\/#breadcrumb\"},\"inLanguage\":\"es-MX\",\"potentialAction\":[{\"@type\":\"ReadAction\",\"target\":[\"https:\/\/nitu.mx\/index.php\/2017\/12\/22\/alondra-la-parra-quintana-roo-potencial-organizar-festivales-musicales-turismo\/\"]}]},{\"@type\":\"ImageObject\",\"inLanguage\":\"es-MX\",\"@id\":\"https:\/\/nitu.mx\/index.php\/2017\/12\/22\/alondra-la-parra-quintana-roo-potencial-organizar-festivales-musicales-turismo\/#primaryimage\",\"url\":\"https:\/\/nitu.mx\/wp-content\/uploads\/2017\/12\/alondra-super-ok.jpg\",\"contentUrl\":\"https:\/\/nitu.mx\/wp-content\/uploads\/2017\/12\/alondra-super-ok.jpg\",\"width\":1085,\"height\":595},{\"@type\":\"BreadcrumbList\",\"@id\":\"https:\/\/nitu.mx\/index.php\/2017\/12\/22\/alondra-la-parra-quintana-roo-potencial-organizar-festivales-musicales-turismo\/#breadcrumb\",\"itemListElement\":[{\"@type\":\"ListItem\",\"position\":1,\"name\":\"Inicio\",\"item\":\"https:\/\/nitu.mx\/\"},{\"@type\":\"ListItem\",\"position\":2,\"name\":\"Alondra de la Parra: \u201cQuintana Roo tiene potencial para organizar festivales musicales para turismo\u201d\"}]},{\"@type\":\"WebSite\",\"@id\":\"https:\/\/nitu.mx\/#website\",\"url\":\"https:\/\/nitu.mx\/\",\"name\":\"Nitu - Noticias de la Industria Turistica\",\"description\":\"Noticias de la Industria Turistica\",\"publisher\":{\"@id\":\"https:\/\/nitu.mx\/#\/schema\/person\/ae7a53426417292d3dd07b45a33e01bc\"},\"alternateName\":\"Noticias de la Industria Turistica\",\"potentialAction\":[{\"@type\":\"SearchAction\",\"target\":{\"@type\":\"EntryPoint\",\"urlTemplate\":\"https:\/\/nitu.mx\/?s={search_term_string}\"},\"query-input\":\"required name=search_term_string\"}],\"inLanguage\":\"es-MX\"},{\"@type\":[\"Person\",\"Organization\"],\"@id\":\"https:\/\/nitu.mx\/#\/schema\/person\/ae7a53426417292d3dd07b45a33e01bc\",\"name\":\"Arturo Medina\",\"image\":{\"@type\":\"ImageObject\",\"inLanguage\":\"es-MX\",\"@id\":\"https:\/\/nitu.mx\/#\/schema\/person\/image\/\",\"url\":\"https:\/\/nitu.mx\/wp-content\/uploads\/2024\/04\/4A315622-1904-4D5C-B022-878CDC840E04-90x90-1.jpeg\",\"contentUrl\":\"https:\/\/nitu.mx\/wp-content\/uploads\/2024\/04\/4A315622-1904-4D5C-B022-878CDC840E04-90x90-1.jpeg\",\"width\":90,\"height\":90,\"caption\":\"Arturo Medina\"},\"logo\":{\"@id\":\"https:\/\/nitu.mx\/#\/schema\/person\/image\/\"},\"description\":\"Director NITU.mx, Egresado de la Escuela de Periodismo Carlos Septi\u00e9n Garc\u00eda. Periodista y analista especializado en turismo desde hace 35 a\u00f1os, radicado en Canc\u00fan Q.Roo. arturo@nitu.mx\",\"sameAs\":[\"https:\/\/nitu.mx\",\"https:\/\/www.facebook.com\/NITUmx\/\",\"medinacancun\",\"https:\/\/twitter.com\/@Arturo_Medina_G\"]},{\"@type\":\"Person\",\"@id\":\"https:\/\/nitu.mx\/#\/schema\/person\/2ecd887b19dfd3382d1f14fc5acf24a8\",\"name\":\"Alejandra Moncisbays\",\"image\":{\"@type\":\"ImageObject\",\"inLanguage\":\"es-MX\",\"@id\":\"https:\/\/nitu.mx\/#\/schema\/person\/image\/\",\"url\":\"https:\/\/secure.gravatar.com\/avatar\/e74f7af0be172b7804dacfd0bfbef787?s=96&d=mm&r=g\",\"contentUrl\":\"https:\/\/secure.gravatar.com\/avatar\/e74f7af0be172b7804dacfd0bfbef787?s=96&d=mm&r=g\",\"caption\":\"Alejandra Moncisbays\"},\"description\":\"Curs\u00e9 la carrera de Periodismo y Comunicaci\u00f3n en la Facultad de Estudios Profesionales Acatl\u00e1n. Vivo en Canc\u00fan desde hace 24 a\u00f1os. Fui reportera de La Tarde de Canc\u00fan, y Novedades de Quintana Roo, colabor\u00e9 en TVCUN, edit\u00e9 Cancun\u00edssimo y colabor\u00e9 en las revistas Latitud21, entre otras, con principal enfoque en los sectores empresarial y tur\u00edstico. Desde hace varios a\u00f1os soy Agente de Seguros con c\u00e9dula de la Comisi\u00f3n Nacional de Seguros y Fianzas. Actualmente, me desarrollo en los \u00e1mbitos del periodismo y el sector asegurador.\",\"sameAs\":[\"https:\/\/nitu.mx\"],\"url\":\"https:\/\/nitu.mx\/index.php\/author\/alejandra\/\"}]}<\/script>\n<!-- \/ Yoast SEO plugin. -->","yoast_head_json":{"title":"Alondra de la Parra: \u201cQuintana Roo tiene potencial para organizar festivales musicales para turismo\u201d - Nitu - Noticias de la Industria Turistica","robots":{"index":"index","follow":"follow","max-snippet":"max-snippet:-1","max-image-preview":"max-image-preview:large","max-video-preview":"max-video-preview:-1"},"canonical":"https:\/\/nitu.mx\/index.php\/2017\/12\/22\/alondra-la-parra-quintana-roo-potencial-organizar-festivales-musicales-turismo\/","twitter_card":"summary_large_image","twitter_title":"Alondra de la Parra: \u201cQuintana Roo tiene potencial para organizar festivales musicales para turismo\u201d - Nitu - Noticias de la Industria Turistica","twitter_description":"La directora de orquesta, Alondra de la Parra asever\u00f3 que no s\u00f3lo el Caribe Mexicano, sino en general \u201cQuintana Roo tienen el potencial para atraer a turismo de alto poder adquisitivo por medio de festivales internacionales de m\u00fasica cl\u00e1sica\u201d. La artista se\u00f1al\u00f3 que en muchos pa\u00edses se tienen festivales de m\u00fasica cl\u00e1sica con exponentes internacionales, [&hellip;]","twitter_image":"https:\/\/nitu.mx\/wp-content\/uploads\/2017\/12\/alondra-super-ok.jpg","twitter_creator":"@NITUmx","twitter_site":"@Arturo_Medina_G","twitter_misc":{"Escrito por":"Alejandra Moncisbays","Tiempo de lectura":"2 minutos"},"schema":{"@context":"https:\/\/schema.org","@graph":[{"@type":"Article","@id":"https:\/\/nitu.mx\/index.php\/2017\/12\/22\/alondra-la-parra-quintana-roo-potencial-organizar-festivales-musicales-turismo\/#article","isPartOf":{"@id":"https:\/\/nitu.mx\/index.php\/2017\/12\/22\/alondra-la-parra-quintana-roo-potencial-organizar-festivales-musicales-turismo\/"},"author":{"name":"Alejandra Moncisbays","@id":"https:\/\/nitu.mx\/#\/schema\/person\/2ecd887b19dfd3382d1f14fc5acf24a8"},"headline":"Alondra de la Parra: \u201cQuintana Roo tiene potencial para organizar festivales musicales para turismo\u201d","datePublished":"2017-12-22T05:42:15+00:00","dateModified":"2017-12-22T06:08:55+00:00","mainEntityOfPage":{"@id":"https:\/\/nitu.mx\/index.php\/2017\/12\/22\/alondra-la-parra-quintana-roo-potencial-organizar-festivales-musicales-turismo\/"},"wordCount":363,"commentCount":0,"publisher":{"@id":"https:\/\/nitu.mx\/#\/schema\/person\/ae7a53426417292d3dd07b45a33e01bc"},"image":{"@id":"https:\/\/nitu.mx\/index.php\/2017\/12\/22\/alondra-la-parra-quintana-roo-potencial-organizar-festivales-musicales-turismo\/#primaryimage"},"thumbnailUrl":"https:\/\/nitu.mx\/wp-content\/uploads\/2017\/12\/alondra-super-ok.jpg","keywords":["\u201cThe Australian Voices\u201d","Canc\u00fan","Paul Lewis","pianista"],"articleSection":["Destinos"],"inLanguage":"es-MX","potentialAction":[{"@type":"CommentAction","name":"Comment","target":["https:\/\/nitu.mx\/index.php\/2017\/12\/22\/alondra-la-parra-quintana-roo-potencial-organizar-festivales-musicales-turismo\/#respond"]}]},{"@type":"WebPage","@id":"https:\/\/nitu.mx\/index.php\/2017\/12\/22\/alondra-la-parra-quintana-roo-potencial-organizar-festivales-musicales-turismo\/","url":"https:\/\/nitu.mx\/index.php\/2017\/12\/22\/alondra-la-parra-quintana-roo-potencial-organizar-festivales-musicales-turismo\/","name":"Alondra de la Parra: \u201cQuintana Roo tiene potencial para organizar festivales musicales para turismo\u201d - Nitu - Noticias de la Industria Turistica","isPartOf":{"@id":"https:\/\/nitu.mx\/#website"},"primaryImageOfPage":{"@id":"https:\/\/nitu.mx\/index.php\/2017\/12\/22\/alondra-la-parra-quintana-roo-potencial-organizar-festivales-musicales-turismo\/#primaryimage"},"image":{"@id":"https:\/\/nitu.mx\/index.php\/2017\/12\/22\/alondra-la-parra-quintana-roo-potencial-organizar-festivales-musicales-turismo\/#primaryimage"},"thumbnailUrl":"https:\/\/nitu.mx\/wp-content\/uploads\/2017\/12\/alondra-super-ok.jpg","datePublished":"2017-12-22T05:42:15+00:00","dateModified":"2017-12-22T06:08:55+00:00","breadcrumb":{"@id":"https:\/\/nitu.mx\/index.php\/2017\/12\/22\/alondra-la-parra-quintana-roo-potencial-organizar-festivales-musicales-turismo\/#breadcrumb"},"inLanguage":"es-MX","potentialAction":[{"@type":"ReadAction","target":["https:\/\/nitu.mx\/index.php\/2017\/12\/22\/alondra-la-parra-quintana-roo-potencial-organizar-festivales-musicales-turismo\/"]}]},{"@type":"ImageObject","inLanguage":"es-MX","@id":"https:\/\/nitu.mx\/index.php\/2017\/12\/22\/alondra-la-parra-quintana-roo-potencial-organizar-festivales-musicales-turismo\/#primaryimage","url":"https:\/\/nitu.mx\/wp-content\/uploads\/2017\/12\/alondra-super-ok.jpg","contentUrl":"https:\/\/nitu.mx\/wp-content\/uploads\/2017\/12\/alondra-super-ok.jpg","width":1085,"height":595},{"@type":"BreadcrumbList","@id":"https:\/\/nitu.mx\/index.php\/2017\/12\/22\/alondra-la-parra-quintana-roo-potencial-organizar-festivales-musicales-turismo\/#breadcrumb","itemListElement":[{"@type":"ListItem","position":1,"name":"Inicio","item":"https:\/\/nitu.mx\/"},{"@type":"ListItem","position":2,"name":"Alondra de la Parra: \u201cQuintana Roo tiene potencial para organizar festivales musicales para turismo\u201d"}]},{"@type":"WebSite","@id":"https:\/\/nitu.mx\/#website","url":"https:\/\/nitu.mx\/","name":"Nitu - Noticias de la Industria Turistica","description":"Noticias de la Industria Turistica","publisher":{"@id":"https:\/\/nitu.mx\/#\/schema\/person\/ae7a53426417292d3dd07b45a33e01bc"},"alternateName":"Noticias de la Industria Turistica","potentialAction":[{"@type":"SearchAction","target":{"@type":"EntryPoint","urlTemplate":"https:\/\/nitu.mx\/?s={search_term_string}"},"query-input":"required name=search_term_string"}],"inLanguage":"es-MX"},{"@type":["Person","Organization"],"@id":"https:\/\/nitu.mx\/#\/schema\/person\/ae7a53426417292d3dd07b45a33e01bc","name":"Arturo Medina","image":{"@type":"ImageObject","inLanguage":"es-MX","@id":"https:\/\/nitu.mx\/#\/schema\/person\/image\/","url":"https:\/\/nitu.mx\/wp-content\/uploads\/2024\/04\/4A315622-1904-4D5C-B022-878CDC840E04-90x90-1.jpeg","contentUrl":"https:\/\/nitu.mx\/wp-content\/uploads\/2024\/04\/4A315622-1904-4D5C-B022-878CDC840E04-90x90-1.jpeg","width":90,"height":90,"caption":"Arturo Medina"},"logo":{"@id":"https:\/\/nitu.mx\/#\/schema\/person\/image\/"},"description":"Director NITU.mx, Egresado de la Escuela de Periodismo Carlos Septi\u00e9n Garc\u00eda. Periodista y analista especializado en turismo desde hace 35 a\u00f1os, radicado en Canc\u00fan Q.Roo. arturo@nitu.mx","sameAs":["https:\/\/nitu.mx","https:\/\/www.facebook.com\/NITUmx\/","medinacancun","https:\/\/twitter.com\/@Arturo_Medina_G"]},{"@type":"Person","@id":"https:\/\/nitu.mx\/#\/schema\/person\/2ecd887b19dfd3382d1f14fc5acf24a8","name":"Alejandra Moncisbays","image":{"@type":"ImageObject","inLanguage":"es-MX","@id":"https:\/\/nitu.mx\/#\/schema\/person\/image\/","url":"https:\/\/secure.gravatar.com\/avatar\/e74f7af0be172b7804dacfd0bfbef787?s=96&d=mm&r=g","contentUrl":"https:\/\/secure.gravatar.com\/avatar\/e74f7af0be172b7804dacfd0bfbef787?s=96&d=mm&r=g","caption":"Alejandra Moncisbays"},"description":"Curs\u00e9 la carrera de Periodismo y Comunicaci\u00f3n en la Facultad de Estudios Profesionales Acatl\u00e1n. Vivo en Canc\u00fan desde hace 24 a\u00f1os. Fui reportera de La Tarde de Canc\u00fan, y Novedades de Quintana Roo, colabor\u00e9 en TVCUN, edit\u00e9 Cancun\u00edssimo y colabor\u00e9 en las revistas Latitud21, entre otras, con principal enfoque en los sectores empresarial y tur\u00edstico. Desde hace varios a\u00f1os soy Agente de Seguros con c\u00e9dula de la Comisi\u00f3n Nacional de Seguros y Fianzas. Actualmente, me desarrollo en los \u00e1mbitos del periodismo y el sector asegurador.","sameAs":["https:\/\/nitu.mx"],"url":"https:\/\/nitu.mx\/index.php\/author\/alejandra\/"}]}},"views":316,"_links":{"self":[{"href":"https:\/\/nitu.mx\/index.php\/wp-json\/wp\/v2\/posts\/16005"}],"collection":[{"href":"https:\/\/nitu.mx\/index.php\/wp-json\/wp\/v2\/posts"}],"about":[{"href":"https:\/\/nitu.mx\/index.php\/wp-json\/wp\/v2\/types\/post"}],"author":[{"embeddable":true,"href":"https:\/\/nitu.mx\/index.php\/wp-json\/wp\/v2\/users\/3"}],"replies":[{"embeddable":true,"href":"https:\/\/nitu.mx\/index.php\/wp-json\/wp\/v2\/comments?post=16005"}],"version-history":[{"count":3,"href":"https:\/\/nitu.mx\/index.php\/wp-json\/wp\/v2\/posts\/16005\/revisions"}],"predecessor-version":[{"id":16014,"href":"https:\/\/nitu.mx\/index.php\/wp-json\/wp\/v2\/posts\/16005\/revisions\/16014"}],"wp:featuredmedia":[{"embeddable":true,"href":"https:\/\/nitu.mx\/index.php\/wp-json\/wp\/v2\/media\/16032"}],"wp:attachment":[{"href":"https:\/\/nitu.mx\/index.php\/wp-json\/wp\/v2\/media?parent=16005"}],"wp:term":[{"taxonomy":"category","embeddable":true,"href":"https:\/\/nitu.mx\/index.php\/wp-json\/wp\/v2\/categories?post=16005"},{"taxonomy":"post_tag","embeddable":true,"href":"https:\/\/nitu.mx\/index.php\/wp-json\/wp\/v2\/tags?post=16005"}],"curies":[{"name":"wp","href":"https:\/\/api.w.org\/{rel}","templated":true}]}}