{"id":15982,"date":"2017-12-21T00:01:25","date_gmt":"2017-12-21T05:01:25","guid":{"rendered":"http:\/\/www.dev.nitu.mx\/?p=15982"},"modified":"2017-12-21T00:01:25","modified_gmt":"2017-12-21T05:01:25","slug":"decidira-nh-hoteles-enero-posible-fusion-barcelo","status":"publish","type":"post","link":"https:\/\/nitu.mx\/index.php\/2017\/12\/21\/decidira-nh-hoteles-enero-posible-fusion-barcelo\/","title":{"rendered":"Decidir\u00e1 NH Hoteles en enero posible fusi\u00f3n con Barcel\u00f3"},"content":{"rendered":"<p>El consejo de administraci\u00f3n de NH Hotel Group ha acordado este mi\u00e9rcoles un\u00e1nimemente celebrar una reuni\u00f3n extraordinaria el pr\u00f3ximo 10 de enero de 2018 para adoptar una &#8220;resoluci\u00f3n definitiva&#8221; sobre la oferta planteada por Barcel\u00f3, seg\u00fan ha informado a la Comisi\u00f3n Nacional del Mercado de Valores (CNMV). La compa\u00f1\u00eda mallorquina de la familia Barcel\u00f3 propuso fusionar sus negocios y crear un grupo hotelero l\u00edder en Espa\u00f1a el pasado noviembre y dio tres meses de plazo a la cadena para analizar su oferta.<\/p>\n<p>El pasado 20 de noviembre, NITU.mx adelant\u00f3 que el grupo hotelero Barcel\u00f3 anunci\u00f3 que propuso a su competidor NH Hoteles, una fusi\u00f3n para crear el l\u00edder del sector en Espa\u00f1a, en una operaci\u00f3n que valora la cadena, con participaci\u00f3n del grupo chino HNA, en casi dos mil 500 millones de euros (unos tres mil millones de d\u00f3lares).<\/p>\n<p>El precio manejado por Barcel\u00f3 para la fusi\u00f3n, de 7.08 euros por t\u00edtulo, supone una fuerte prima sobre la cotizaci\u00f3n de NH, que cerr\u00f3 el viernes a cinco euros, con un valor total de mil 750 millones de euros. (<a title=\"Pone en la mesa Grupo Barcel\u00f3 3 mil mdd para fusionarse con NH\" href=\"http:\/\/www.dev.nitu.mx\/index.php\/2017\/11\/20\/pone-en-la-mesa-grupo-barcelo-3000-mdd-para-fusionarse-con-nh\/\" rel=\"bookmark\">Pone en la mesa Grupo Barcel\u00f3 3 mil mdd para fusionarse con NH<\/a><strong>).<\/strong><\/p>\n<p>La cadena NH Hotel Group seguir\u00e1 adelante con su plan estrat\u00e9gico para el periodo 2017-2019, independientemente de la oferta de fusi\u00f3n hecha por el grupo Barcel\u00f3, hab\u00eda explicado el consejero delegado de la primera compa\u00f1\u00eda, Ram\u00f3n Aragon\u00e9s.<\/p>\n<p>NH Hotel Group tiene 381 establecimientos en 31 pa\u00edses del mundo con 50 mil 030 habitaciones, 16 millones de clientes y 20 mil 915 empleados. De ellos, 63 hoteles est\u00e1n en 11 pa\u00edses de Am\u00e9rica, con m\u00e1s de 6\u00a0mil empleados y 9 mil habitaciones, que lo convierten en el primer operador de la regi\u00f3n con gesti\u00f3n directa de todos sus establecimientos. Barcel\u00f3 cuenta con 232 hoteles que suman m\u00e1s de 50\u00a0mil habitaciones en 21 pa\u00edses.<\/p>\n<p>Seg\u00fan su \u00faltimo reporte, Barcel\u00f3 Hotel Group, la divisi\u00f3n hotelera del Grupo Barcel\u00f3, es la tercera cadena m\u00e1s grande de Espa\u00f1a.<\/p>\n<p>Actualmente posee 230 hoteles urbanos y vacacionales de 4 y 5 estrellas y m\u00e1s de 50 mil habitaciones, en 21 pa\u00edses y comercializados bajo cuatro marcas: Royal Hideaway Luxury Hotels &amp; Resorts, Barcel\u00f3 Hotels &amp; Resorts, Occidental Hotels&amp; Resorts y Allegro Hotels.<\/p>\n<p>Tambi\u00e9n posee 100% del accionariado de Crestline Hotels&amp; Resorts, una empresa gestora de los Estados Unidos con un portafolio de 112 establecimientos. Barcel\u00f3 suma 21 hoteles en M\u00e9xico y m\u00e1s de 7.500 habitaciones.<\/p>\n<p>El NH Hotel Group est\u00e1 formado por las marcas NH Collection, que es su segmento pr\u00e9mium; NH Hotels, Nhow Hotels y Hesperia Resorts y suma 50 mil habitaciones en 400 hoteles. De los 30 proyectos del grupo para los pr\u00f3ximos meses, 12 est\u00e1n en cuatro pa\u00edses americanos, con un total de 1980 habitaciones.<\/p>\n<p>DESHOJAN LA MARGARITA<\/p>\n<p>En una reuni\u00f3n este mi\u00e9rcoles, el consejo de administraci\u00f3n de NH Hoteles &#8220;ha recibido y tomado raz\u00f3n de la informaci\u00f3n facilitada sobre la muestra de inter\u00e9s del grupo mallorqu\u00edn&#8221;, pero no ha llegado a tomar &#8220;ninguna decisi\u00f3n&#8221;, seg\u00fan ha explicado en la informaci\u00f3n remitida a la CNMV. As\u00ed, asegura que contin\u00faa su proceso de an\u00e1lisis y que &#8220;comunicar\u00e1 oportunamente al mercado la resoluci\u00f3n que adopte el pr\u00f3ximo 10 de enero.<\/p>\n<p>Si prosperase la fusi\u00f3n, Barcel\u00f3 ostentar\u00eda una participaci\u00f3n del 60% del nuevo grupo, que ser\u00eda un gigante hotelero que cotizar\u00eda en Bolsa con m\u00e1s de 600 hoteles en todo el mundo y con una facturaci\u00f3n conjunta de m\u00e1s de 3.000 millones de euros. En su oferta, Barcel\u00f3 valora NH Hoteles en 2.480 millones de euros a raz\u00f3n de 7,08 euros por t\u00edtulo, lo que representa una prima para los accionistas de NH del 27% sobre el precio de cotizaci\u00f3n de los \u00faltimos tres meses.<\/p>\n<p>De realizarse esta mega operaci\u00f3n, este grupo hotelero ser\u00eda el m\u00e1s grande de Espa\u00f1a incluso m\u00e1s que Meli\u00e1; a nivel europeo ser\u00eda el tercero s\u00f3lo por debajo de InterContinental y Accor; mientras que a nivel mundial ser\u00eda el quinto m\u00e1s grande.<\/p>\n<p>En abril pasado NITU.mx inform\u00f3 que NH Hotel Group, \u00a0planea la apertura de nuevos complejos en territorio mexicano entre 2017 y 2018 del total de los nuevos establecimientos a poner en operaci\u00f3n, dos estar\u00e1n en Monterrey, adem\u00e1s de uno en Puebla, San Luis Potos\u00ed, M\u00e9rida y en la Ciudad de M\u00e9xico, los cuales sumar\u00e1n cerca de mil habitaciones. <strong>(<\/strong><a title=\"NH Hotel Group abrir\u00e1 seis nuevos hoteles en M\u00e9xico\" href=\"http:\/\/www.dev.nitu.mx\/index.php\/2017\/04\/02\/nh-hotel-group-abrira-seis-nuevos-hoteles-en-mexico\/\" rel=\"bookmark\">NH Hotel Group abrir\u00e1 seis nuevos hoteles en M\u00e9xico<\/a><strong>). <\/strong><\/p>\n","protected":false},"excerpt":{"rendered":"<p>El consejo de administraci\u00f3n de NH Hotel Group ha acordado este mi\u00e9rcoles un\u00e1nimemente celebrar una reuni\u00f3n extraordinaria el pr\u00f3ximo 10 de enero de 2018 para adoptar una &#8220;resoluci\u00f3n definitiva&#8221; sobre la oferta planteada por Barcel\u00f3, seg\u00fan ha informado a la Comisi\u00f3n Nacional del Mercado de Valores (CNMV). La compa\u00f1\u00eda mallorquina de la familia Barcel\u00f3 propuso [&hellip;]<\/p>\n","protected":false},"author":17,"featured_media":15986,"comment_status":"open","ping_status":"open","sticky":false,"template":"","format":"standard","meta":{"footnotes":""},"categories":[2,374],"tags":[43,7292,7291,1213,7290,7293,68,3703,7289,86,6757],"yoast_head":"<!-- This site is optimized with the Yoast SEO plugin v22.2 - https:\/\/yoast.com\/wordpress\/plugins\/seo\/ -->\n<title>Decidir\u00e1 NH Hoteles en enero posible fusi\u00f3n con Barcel\u00f3 - Nitu - Noticias de la Industria Turistica<\/title>\n<meta name=\"robots\" content=\"index, follow, max-snippet:-1, max-image-preview:large, max-video-preview:-1\" \/>\n<link rel=\"canonical\" href=\"https:\/\/nitu.mx\/index.php\/2017\/12\/21\/decidira-nh-hoteles-enero-posible-fusion-barcelo\/\" \/>\n<meta name=\"twitter:card\" content=\"summary_large_image\" \/>\n<meta name=\"twitter:title\" content=\"Decidir\u00e1 NH Hoteles en enero posible fusi\u00f3n con Barcel\u00f3 - Nitu - Noticias de la Industria Turistica\" \/>\n<meta name=\"twitter:description\" content=\"El consejo de administraci\u00f3n de NH Hotel Group ha acordado este mi\u00e9rcoles un\u00e1nimemente celebrar una reuni\u00f3n extraordinaria el pr\u00f3ximo 10 de enero de 2018 para adoptar una &#8220;resoluci\u00f3n definitiva&#8221; sobre la oferta planteada por Barcel\u00f3, seg\u00fan ha informado a la Comisi\u00f3n Nacional del Mercado de Valores (CNMV). La compa\u00f1\u00eda mallorquina de la familia Barcel\u00f3 propuso [&hellip;]\" \/>\n<meta name=\"twitter:image\" content=\"https:\/\/nitu.mx\/wp-content\/uploads\/2017\/12\/puerto-morelos-NH-riviera.jpg\" \/>\n<meta name=\"twitter:creator\" content=\"@NITUmx\" \/>\n<meta name=\"twitter:site\" content=\"@Arturo_Medina_G\" \/>\n<meta name=\"twitter:label1\" content=\"Escrito por\" \/>\n\t<meta name=\"twitter:data1\" content=\"Redacci\u00f3n\" \/>\n\t<meta name=\"twitter:label2\" content=\"Tiempo de lectura\" \/>\n\t<meta name=\"twitter:data2\" content=\"4 minutos\" \/>\n<script type=\"application\/ld+json\" class=\"yoast-schema-graph\">{\"@context\":\"https:\/\/schema.org\",\"@graph\":[{\"@type\":\"Article\",\"@id\":\"https:\/\/nitu.mx\/index.php\/2017\/12\/21\/decidira-nh-hoteles-enero-posible-fusion-barcelo\/#article\",\"isPartOf\":{\"@id\":\"https:\/\/nitu.mx\/index.php\/2017\/12\/21\/decidira-nh-hoteles-enero-posible-fusion-barcelo\/\"},\"author\":{\"name\":\"Redacci\u00f3n\",\"@id\":\"https:\/\/nitu.mx\/#\/schema\/person\/4a28fe9bd65924f7c90623773daf1b0b\"},\"headline\":\"Decidir\u00e1 NH Hoteles en enero posible fusi\u00f3n con Barcel\u00f3\",\"datePublished\":\"2017-12-21T05:01:25+00:00\",\"dateModified\":\"2017-12-21T05:01:25+00:00\",\"mainEntityOfPage\":{\"@id\":\"https:\/\/nitu.mx\/index.php\/2017\/12\/21\/decidira-nh-hoteles-enero-posible-fusion-barcelo\/\"},\"wordCount\":778,\"commentCount\":0,\"publisher\":{\"@id\":\"https:\/\/nitu.mx\/#\/schema\/person\/ae7a53426417292d3dd07b45a33e01bc\"},\"image\":{\"@id\":\"https:\/\/nitu.mx\/index.php\/2017\/12\/21\/decidira-nh-hoteles-enero-posible-fusion-barcelo\/#primaryimage\"},\"thumbnailUrl\":\"https:\/\/nitu.mx\/wp-content\/uploads\/2017\/12\/puerto-morelos-NH-riviera.jpg\",\"keywords\":[\"Canc\u00fan\",\"CNMV\",\"Comisi\u00f3n Nacional del Mercado de Valores\",\"Espa\u00f1a\",\"familia Barcel\u00f3\",\"grupo chino HNA\",\"M\u00e9xico\",\"NH Hotel Group\",\"oferta de fusi\u00f3n\",\"Puerto Morelos\",\"Ram\u00f3n Aragon\u00e9s\"],\"articleSection\":[\"Hoteles\",\"Internacional\"],\"inLanguage\":\"es-MX\",\"potentialAction\":[{\"@type\":\"CommentAction\",\"name\":\"Comment\",\"target\":[\"https:\/\/nitu.mx\/index.php\/2017\/12\/21\/decidira-nh-hoteles-enero-posible-fusion-barcelo\/#respond\"]}]},{\"@type\":\"WebPage\",\"@id\":\"https:\/\/nitu.mx\/index.php\/2017\/12\/21\/decidira-nh-hoteles-enero-posible-fusion-barcelo\/\",\"url\":\"https:\/\/nitu.mx\/index.php\/2017\/12\/21\/decidira-nh-hoteles-enero-posible-fusion-barcelo\/\",\"name\":\"Decidir\u00e1 NH Hoteles en enero posible fusi\u00f3n con Barcel\u00f3 - Nitu - Noticias de la Industria Turistica\",\"isPartOf\":{\"@id\":\"https:\/\/nitu.mx\/#website\"},\"primaryImageOfPage\":{\"@id\":\"https:\/\/nitu.mx\/index.php\/2017\/12\/21\/decidira-nh-hoteles-enero-posible-fusion-barcelo\/#primaryimage\"},\"image\":{\"@id\":\"https:\/\/nitu.mx\/index.php\/2017\/12\/21\/decidira-nh-hoteles-enero-posible-fusion-barcelo\/#primaryimage\"},\"thumbnailUrl\":\"https:\/\/nitu.mx\/wp-content\/uploads\/2017\/12\/puerto-morelos-NH-riviera.jpg\",\"datePublished\":\"2017-12-21T05:01:25+00:00\",\"dateModified\":\"2017-12-21T05:01:25+00:00\",\"breadcrumb\":{\"@id\":\"https:\/\/nitu.mx\/index.php\/2017\/12\/21\/decidira-nh-hoteles-enero-posible-fusion-barcelo\/#breadcrumb\"},\"inLanguage\":\"es-MX\",\"potentialAction\":[{\"@type\":\"ReadAction\",\"target\":[\"https:\/\/nitu.mx\/index.php\/2017\/12\/21\/decidira-nh-hoteles-enero-posible-fusion-barcelo\/\"]}]},{\"@type\":\"ImageObject\",\"inLanguage\":\"es-MX\",\"@id\":\"https:\/\/nitu.mx\/index.php\/2017\/12\/21\/decidira-nh-hoteles-enero-posible-fusion-barcelo\/#primaryimage\",\"url\":\"https:\/\/nitu.mx\/wp-content\/uploads\/2017\/12\/puerto-morelos-NH-riviera.jpg\",\"contentUrl\":\"https:\/\/nitu.mx\/wp-content\/uploads\/2017\/12\/puerto-morelos-NH-riviera.jpg\",\"width\":550,\"height\":412},{\"@type\":\"BreadcrumbList\",\"@id\":\"https:\/\/nitu.mx\/index.php\/2017\/12\/21\/decidira-nh-hoteles-enero-posible-fusion-barcelo\/#breadcrumb\",\"itemListElement\":[{\"@type\":\"ListItem\",\"position\":1,\"name\":\"Inicio\",\"item\":\"https:\/\/nitu.mx\/\"},{\"@type\":\"ListItem\",\"position\":2,\"name\":\"Decidir\u00e1 NH Hoteles en enero posible fusi\u00f3n con Barcel\u00f3\"}]},{\"@type\":\"WebSite\",\"@id\":\"https:\/\/nitu.mx\/#website\",\"url\":\"https:\/\/nitu.mx\/\",\"name\":\"Nitu - Noticias de la Industria Turistica\",\"description\":\"Noticias de la Industria Turistica\",\"publisher\":{\"@id\":\"https:\/\/nitu.mx\/#\/schema\/person\/ae7a53426417292d3dd07b45a33e01bc\"},\"alternateName\":\"Noticias de la Industria Turistica\",\"potentialAction\":[{\"@type\":\"SearchAction\",\"target\":{\"@type\":\"EntryPoint\",\"urlTemplate\":\"https:\/\/nitu.mx\/?s={search_term_string}\"},\"query-input\":\"required name=search_term_string\"}],\"inLanguage\":\"es-MX\"},{\"@type\":[\"Person\",\"Organization\"],\"@id\":\"https:\/\/nitu.mx\/#\/schema\/person\/ae7a53426417292d3dd07b45a33e01bc\",\"name\":\"Arturo Medina\",\"image\":{\"@type\":\"ImageObject\",\"inLanguage\":\"es-MX\",\"@id\":\"https:\/\/nitu.mx\/#\/schema\/person\/image\/\",\"url\":\"https:\/\/nitu.mx\/wp-content\/uploads\/2024\/04\/4A315622-1904-4D5C-B022-878CDC840E04-90x90-1.jpeg\",\"contentUrl\":\"https:\/\/nitu.mx\/wp-content\/uploads\/2024\/04\/4A315622-1904-4D5C-B022-878CDC840E04-90x90-1.jpeg\",\"width\":90,\"height\":90,\"caption\":\"Arturo Medina\"},\"logo\":{\"@id\":\"https:\/\/nitu.mx\/#\/schema\/person\/image\/\"},\"description\":\"Director NITU.mx, Egresado de la Escuela de Periodismo Carlos Septi\u00e9n Garc\u00eda. Periodista y analista especializado en turismo desde hace 35 a\u00f1os, radicado en Canc\u00fan Q.Roo. arturo@nitu.mx\",\"sameAs\":[\"https:\/\/nitu.mx\",\"https:\/\/www.facebook.com\/NITUmx\/\",\"medinacancun\",\"https:\/\/twitter.com\/@Arturo_Medina_G\"]},{\"@type\":\"Person\",\"@id\":\"https:\/\/nitu.mx\/#\/schema\/person\/4a28fe9bd65924f7c90623773daf1b0b\",\"name\":\"Redacci\u00f3n\",\"image\":{\"@type\":\"ImageObject\",\"inLanguage\":\"es-MX\",\"@id\":\"https:\/\/nitu.mx\/#\/schema\/person\/image\/\",\"url\":\"https:\/\/secure.gravatar.com\/avatar\/5dd011c8ccfc5cd7e4c81e42252aab38?s=96&d=mm&r=g\",\"contentUrl\":\"https:\/\/secure.gravatar.com\/avatar\/5dd011c8ccfc5cd7e4c81e42252aab38?s=96&d=mm&r=g\",\"caption\":\"Redacci\u00f3n\"},\"url\":\"https:\/\/nitu.mx\/index.php\/author\/redaccion\/\"}]}<\/script>\n<!-- \/ Yoast SEO plugin. -->","yoast_head_json":{"title":"Decidir\u00e1 NH Hoteles en enero posible fusi\u00f3n con Barcel\u00f3 - Nitu - Noticias de la Industria Turistica","robots":{"index":"index","follow":"follow","max-snippet":"max-snippet:-1","max-image-preview":"max-image-preview:large","max-video-preview":"max-video-preview:-1"},"canonical":"https:\/\/nitu.mx\/index.php\/2017\/12\/21\/decidira-nh-hoteles-enero-posible-fusion-barcelo\/","twitter_card":"summary_large_image","twitter_title":"Decidir\u00e1 NH Hoteles en enero posible fusi\u00f3n con Barcel\u00f3 - Nitu - Noticias de la Industria Turistica","twitter_description":"El consejo de administraci\u00f3n de NH Hotel Group ha acordado este mi\u00e9rcoles un\u00e1nimemente celebrar una reuni\u00f3n extraordinaria el pr\u00f3ximo 10 de enero de 2018 para adoptar una &#8220;resoluci\u00f3n definitiva&#8221; sobre la oferta planteada por Barcel\u00f3, seg\u00fan ha informado a la Comisi\u00f3n Nacional del Mercado de Valores (CNMV). La compa\u00f1\u00eda mallorquina de la familia Barcel\u00f3 propuso [&hellip;]","twitter_image":"https:\/\/nitu.mx\/wp-content\/uploads\/2017\/12\/puerto-morelos-NH-riviera.jpg","twitter_creator":"@NITUmx","twitter_site":"@Arturo_Medina_G","twitter_misc":{"Escrito por":"Redacci\u00f3n","Tiempo de lectura":"4 minutos"},"schema":{"@context":"https:\/\/schema.org","@graph":[{"@type":"Article","@id":"https:\/\/nitu.mx\/index.php\/2017\/12\/21\/decidira-nh-hoteles-enero-posible-fusion-barcelo\/#article","isPartOf":{"@id":"https:\/\/nitu.mx\/index.php\/2017\/12\/21\/decidira-nh-hoteles-enero-posible-fusion-barcelo\/"},"author":{"name":"Redacci\u00f3n","@id":"https:\/\/nitu.mx\/#\/schema\/person\/4a28fe9bd65924f7c90623773daf1b0b"},"headline":"Decidir\u00e1 NH Hoteles en enero posible fusi\u00f3n con Barcel\u00f3","datePublished":"2017-12-21T05:01:25+00:00","dateModified":"2017-12-21T05:01:25+00:00","mainEntityOfPage":{"@id":"https:\/\/nitu.mx\/index.php\/2017\/12\/21\/decidira-nh-hoteles-enero-posible-fusion-barcelo\/"},"wordCount":778,"commentCount":0,"publisher":{"@id":"https:\/\/nitu.mx\/#\/schema\/person\/ae7a53426417292d3dd07b45a33e01bc"},"image":{"@id":"https:\/\/nitu.mx\/index.php\/2017\/12\/21\/decidira-nh-hoteles-enero-posible-fusion-barcelo\/#primaryimage"},"thumbnailUrl":"https:\/\/nitu.mx\/wp-content\/uploads\/2017\/12\/puerto-morelos-NH-riviera.jpg","keywords":["Canc\u00fan","CNMV","Comisi\u00f3n Nacional del Mercado de Valores","Espa\u00f1a","familia Barcel\u00f3","grupo chino HNA","M\u00e9xico","NH Hotel Group","oferta de fusi\u00f3n","Puerto Morelos","Ram\u00f3n Aragon\u00e9s"],"articleSection":["Hoteles","Internacional"],"inLanguage":"es-MX","potentialAction":[{"@type":"CommentAction","name":"Comment","target":["https:\/\/nitu.mx\/index.php\/2017\/12\/21\/decidira-nh-hoteles-enero-posible-fusion-barcelo\/#respond"]}]},{"@type":"WebPage","@id":"https:\/\/nitu.mx\/index.php\/2017\/12\/21\/decidira-nh-hoteles-enero-posible-fusion-barcelo\/","url":"https:\/\/nitu.mx\/index.php\/2017\/12\/21\/decidira-nh-hoteles-enero-posible-fusion-barcelo\/","name":"Decidir\u00e1 NH Hoteles en enero posible fusi\u00f3n con Barcel\u00f3 - Nitu - Noticias de la Industria Turistica","isPartOf":{"@id":"https:\/\/nitu.mx\/#website"},"primaryImageOfPage":{"@id":"https:\/\/nitu.mx\/index.php\/2017\/12\/21\/decidira-nh-hoteles-enero-posible-fusion-barcelo\/#primaryimage"},"image":{"@id":"https:\/\/nitu.mx\/index.php\/2017\/12\/21\/decidira-nh-hoteles-enero-posible-fusion-barcelo\/#primaryimage"},"thumbnailUrl":"https:\/\/nitu.mx\/wp-content\/uploads\/2017\/12\/puerto-morelos-NH-riviera.jpg","datePublished":"2017-12-21T05:01:25+00:00","dateModified":"2017-12-21T05:01:25+00:00","breadcrumb":{"@id":"https:\/\/nitu.mx\/index.php\/2017\/12\/21\/decidira-nh-hoteles-enero-posible-fusion-barcelo\/#breadcrumb"},"inLanguage":"es-MX","potentialAction":[{"@type":"ReadAction","target":["https:\/\/nitu.mx\/index.php\/2017\/12\/21\/decidira-nh-hoteles-enero-posible-fusion-barcelo\/"]}]},{"@type":"ImageObject","inLanguage":"es-MX","@id":"https:\/\/nitu.mx\/index.php\/2017\/12\/21\/decidira-nh-hoteles-enero-posible-fusion-barcelo\/#primaryimage","url":"https:\/\/nitu.mx\/wp-content\/uploads\/2017\/12\/puerto-morelos-NH-riviera.jpg","contentUrl":"https:\/\/nitu.mx\/wp-content\/uploads\/2017\/12\/puerto-morelos-NH-riviera.jpg","width":550,"height":412},{"@type":"BreadcrumbList","@id":"https:\/\/nitu.mx\/index.php\/2017\/12\/21\/decidira-nh-hoteles-enero-posible-fusion-barcelo\/#breadcrumb","itemListElement":[{"@type":"ListItem","position":1,"name":"Inicio","item":"https:\/\/nitu.mx\/"},{"@type":"ListItem","position":2,"name":"Decidir\u00e1 NH Hoteles en enero posible fusi\u00f3n con Barcel\u00f3"}]},{"@type":"WebSite","@id":"https:\/\/nitu.mx\/#website","url":"https:\/\/nitu.mx\/","name":"Nitu - Noticias de la Industria Turistica","description":"Noticias de la Industria Turistica","publisher":{"@id":"https:\/\/nitu.mx\/#\/schema\/person\/ae7a53426417292d3dd07b45a33e01bc"},"alternateName":"Noticias de la Industria Turistica","potentialAction":[{"@type":"SearchAction","target":{"@type":"EntryPoint","urlTemplate":"https:\/\/nitu.mx\/?s={search_term_string}"},"query-input":"required name=search_term_string"}],"inLanguage":"es-MX"},{"@type":["Person","Organization"],"@id":"https:\/\/nitu.mx\/#\/schema\/person\/ae7a53426417292d3dd07b45a33e01bc","name":"Arturo Medina","image":{"@type":"ImageObject","inLanguage":"es-MX","@id":"https:\/\/nitu.mx\/#\/schema\/person\/image\/","url":"https:\/\/nitu.mx\/wp-content\/uploads\/2024\/04\/4A315622-1904-4D5C-B022-878CDC840E04-90x90-1.jpeg","contentUrl":"https:\/\/nitu.mx\/wp-content\/uploads\/2024\/04\/4A315622-1904-4D5C-B022-878CDC840E04-90x90-1.jpeg","width":90,"height":90,"caption":"Arturo Medina"},"logo":{"@id":"https:\/\/nitu.mx\/#\/schema\/person\/image\/"},"description":"Director NITU.mx, Egresado de la Escuela de Periodismo Carlos Septi\u00e9n Garc\u00eda. Periodista y analista especializado en turismo desde hace 35 a\u00f1os, radicado en Canc\u00fan Q.Roo. arturo@nitu.mx","sameAs":["https:\/\/nitu.mx","https:\/\/www.facebook.com\/NITUmx\/","medinacancun","https:\/\/twitter.com\/@Arturo_Medina_G"]},{"@type":"Person","@id":"https:\/\/nitu.mx\/#\/schema\/person\/4a28fe9bd65924f7c90623773daf1b0b","name":"Redacci\u00f3n","image":{"@type":"ImageObject","inLanguage":"es-MX","@id":"https:\/\/nitu.mx\/#\/schema\/person\/image\/","url":"https:\/\/secure.gravatar.com\/avatar\/5dd011c8ccfc5cd7e4c81e42252aab38?s=96&d=mm&r=g","contentUrl":"https:\/\/secure.gravatar.com\/avatar\/5dd011c8ccfc5cd7e4c81e42252aab38?s=96&d=mm&r=g","caption":"Redacci\u00f3n"},"url":"https:\/\/nitu.mx\/index.php\/author\/redaccion\/"}]}},"views":245,"_links":{"self":[{"href":"https:\/\/nitu.mx\/index.php\/wp-json\/wp\/v2\/posts\/15982"}],"collection":[{"href":"https:\/\/nitu.mx\/index.php\/wp-json\/wp\/v2\/posts"}],"about":[{"href":"https:\/\/nitu.mx\/index.php\/wp-json\/wp\/v2\/types\/post"}],"author":[{"embeddable":true,"href":"https:\/\/nitu.mx\/index.php\/wp-json\/wp\/v2\/users\/17"}],"replies":[{"embeddable":true,"href":"https:\/\/nitu.mx\/index.php\/wp-json\/wp\/v2\/comments?post=15982"}],"version-history":[{"count":3,"href":"https:\/\/nitu.mx\/index.php\/wp-json\/wp\/v2\/posts\/15982\/revisions"}],"predecessor-version":[{"id":15995,"href":"https:\/\/nitu.mx\/index.php\/wp-json\/wp\/v2\/posts\/15982\/revisions\/15995"}],"wp:featuredmedia":[{"embeddable":true,"href":"https:\/\/nitu.mx\/index.php\/wp-json\/wp\/v2\/media\/15986"}],"wp:attachment":[{"href":"https:\/\/nitu.mx\/index.php\/wp-json\/wp\/v2\/media?parent=15982"}],"wp:term":[{"taxonomy":"category","embeddable":true,"href":"https:\/\/nitu.mx\/index.php\/wp-json\/wp\/v2\/categories?post=15982"},{"taxonomy":"post_tag","embeddable":true,"href":"https:\/\/nitu.mx\/index.php\/wp-json\/wp\/v2\/tags?post=15982"}],"curies":[{"name":"wp","href":"https:\/\/api.w.org\/{rel}","templated":true}]}}