{"id":1589,"date":"2016-09-07T08:03:19","date_gmt":"2016-09-07T13:03:19","guid":{"rendered":"http:\/\/www.dev.nitu.mx\/?p=1589"},"modified":"2016-09-18T22:45:11","modified_gmt":"2016-09-19T03:45:11","slug":"interjet-volaris-avianca-afectadas-engorrosos-procesos-internacion","status":"publish","type":"post","link":"https:\/\/nitu.mx\/index.php\/2016\/09\/07\/interjet-volaris-avianca-afectadas-engorrosos-procesos-internacion\/","title":{"rendered":"Interjet, Volaris y Avianca afectadas por engorrosos procesos de internaci\u00f3n"},"content":{"rendered":"<p>Interjet, Volaris, Aerom\u00e9xico, Avianca, LATAM y Copa, son s\u00f3lo algunas de las aerol\u00edneas afectadas por los procesos de internaci\u00f3n que se dan en los aeropuertos del pa\u00eds a los pasajeros procedentes de los pa\u00edses de Sudam\u00e9rica, por lo que de nueva cuenta directivos se han reunido con el secretario de Turismo, Enrique de la Madrid, para analizar\u00a0el uso de revisiones automatizadas para acortar los tiempos.<\/p>\n<p>Adem\u00e1s de las aerol\u00edneas enlistadas hay m\u00e1s empresas afectadas ya que los pasajeros se quejan, sufren retrasos y pierden conexiones, ante los retardos que deben padecer por los largos y engorrosos procesos de revisi\u00f3n.<\/p>\n<p>Como lo se\u00f1ala Dinero en Imagen, son los altos \u00edndices de contrabando y tr\u00e1fico de drogas, los que explican las reglas de revisi\u00f3n estrictas que se les aplican en los aeropuertos mexicanos.<\/p>\n<p>Sin embargo, muchas veces no son efectivas, sobre todo, cuando hay problemas de colusi\u00f3n con las propias autoridades, adem\u00e1s de que hay potenciales soluciones tecnol\u00f3gicas.<\/p>\n","protected":false},"excerpt":{"rendered":"<p>Interjet, Volaris, Aerom\u00e9xico, Avianca, LATAM y Copa, son s\u00f3lo algunas de las aerol\u00edneas afectadas por los procesos de internaci\u00f3n que se dan en los aeropuertos del pa\u00eds a los pasajeros procedentes de los pa\u00edses de Sudam\u00e9rica, por lo que de nueva cuenta directivos se han reunido con el secretario de Turismo, Enrique de la Madrid, [&hellip;]<\/p>\n","protected":false},"author":3,"featured_media":1590,"comment_status":"open","ping_status":"open","sticky":false,"template":"","format":"standard","meta":{"footnotes":""},"categories":[29],"tags":[30,173,176,172,174,175,131],"yoast_head":"<!-- This site is optimized with the Yoast SEO plugin v22.2 - https:\/\/yoast.com\/wordpress\/plugins\/seo\/ -->\n<title>Interjet, Volaris y Avianca afectadas por engorrosos procesos<\/title>\n<meta name=\"description\" content=\"Interjet, Volaris, Aerom\u00e9xico, Avianca, LATAM y Copa, son s\u00f3lo algunas de las aerol\u00edneas afectadas por los procesos de internaci\u00f3n.\" \/>\n<meta name=\"robots\" content=\"index, follow, max-snippet:-1, max-image-preview:large, max-video-preview:-1\" \/>\n<link rel=\"canonical\" href=\"https:\/\/nitu.mx\/index.php\/2016\/09\/07\/interjet-volaris-avianca-afectadas-engorrosos-procesos-internacion\/\" \/>\n<meta name=\"twitter:card\" content=\"summary_large_image\" \/>\n<meta name=\"twitter:title\" content=\"Interjet, Volaris y Avianca afectadas por engorrosos procesos\" \/>\n<meta name=\"twitter:description\" content=\"Interjet, Volaris, Aerom\u00e9xico, Avianca, LATAM y Copa, son s\u00f3lo algunas de las aerol\u00edneas afectadas por los procesos de internaci\u00f3n.\" \/>\n<meta name=\"twitter:image\" content=\"https:\/\/nitu.mx\/wp-content\/uploads\/2016\/09\/largas_filas.png\" \/>\n<meta name=\"twitter:creator\" content=\"@NITUmx\" \/>\n<meta name=\"twitter:site\" content=\"@Arturo_Medina_G\" \/>\n<meta name=\"twitter:label1\" content=\"Escrito por\" \/>\n\t<meta name=\"twitter:data1\" content=\"Alejandra Moncisbays\" \/>\n\t<meta name=\"twitter:label2\" content=\"Tiempo de lectura\" \/>\n\t<meta name=\"twitter:data2\" content=\"1 minuto\" \/>\n<script type=\"application\/ld+json\" class=\"yoast-schema-graph\">{\"@context\":\"https:\/\/schema.org\",\"@graph\":[{\"@type\":\"Article\",\"@id\":\"https:\/\/nitu.mx\/index.php\/2016\/09\/07\/interjet-volaris-avianca-afectadas-engorrosos-procesos-internacion\/#article\",\"isPartOf\":{\"@id\":\"https:\/\/nitu.mx\/index.php\/2016\/09\/07\/interjet-volaris-avianca-afectadas-engorrosos-procesos-internacion\/\"},\"author\":{\"name\":\"Alejandra Moncisbays\",\"@id\":\"https:\/\/nitu.mx\/#\/schema\/person\/2ecd887b19dfd3382d1f14fc5acf24a8\"},\"headline\":\"Interjet, Volaris y Avianca afectadas por engorrosos procesos de internaci\u00f3n\",\"datePublished\":\"2016-09-07T13:03:19+00:00\",\"dateModified\":\"2016-09-19T03:45:11+00:00\",\"mainEntityOfPage\":{\"@id\":\"https:\/\/nitu.mx\/index.php\/2016\/09\/07\/interjet-volaris-avianca-afectadas-engorrosos-procesos-internacion\/\"},\"wordCount\":185,\"commentCount\":0,\"publisher\":{\"@id\":\"https:\/\/nitu.mx\/#\/schema\/person\/ae7a53426417292d3dd07b45a33e01bc\"},\"image\":{\"@id\":\"https:\/\/nitu.mx\/index.php\/2016\/09\/07\/interjet-volaris-avianca-afectadas-engorrosos-procesos-internacion\/#primaryimage\"},\"thumbnailUrl\":\"https:\/\/nitu.mx\/wp-content\/uploads\/2016\/09\/largas_filas.png\",\"keywords\":[\"Aerom\u00e9xico\",\"Avianca\",\"Enrique de la Madrid\",\"Interjet\",\"LATAM y Copa\",\"Secretario de Turismo\",\"Volaris\"],\"articleSection\":[\"Aerol\u00edneas\"],\"inLanguage\":\"es-MX\",\"potentialAction\":[{\"@type\":\"CommentAction\",\"name\":\"Comment\",\"target\":[\"https:\/\/nitu.mx\/index.php\/2016\/09\/07\/interjet-volaris-avianca-afectadas-engorrosos-procesos-internacion\/#respond\"]}]},{\"@type\":\"WebPage\",\"@id\":\"https:\/\/nitu.mx\/index.php\/2016\/09\/07\/interjet-volaris-avianca-afectadas-engorrosos-procesos-internacion\/\",\"url\":\"https:\/\/nitu.mx\/index.php\/2016\/09\/07\/interjet-volaris-avianca-afectadas-engorrosos-procesos-internacion\/\",\"name\":\"Interjet, Volaris y Avianca afectadas por engorrosos procesos\",\"isPartOf\":{\"@id\":\"https:\/\/nitu.mx\/#website\"},\"primaryImageOfPage\":{\"@id\":\"https:\/\/nitu.mx\/index.php\/2016\/09\/07\/interjet-volaris-avianca-afectadas-engorrosos-procesos-internacion\/#primaryimage\"},\"image\":{\"@id\":\"https:\/\/nitu.mx\/index.php\/2016\/09\/07\/interjet-volaris-avianca-afectadas-engorrosos-procesos-internacion\/#primaryimage\"},\"thumbnailUrl\":\"https:\/\/nitu.mx\/wp-content\/uploads\/2016\/09\/largas_filas.png\",\"datePublished\":\"2016-09-07T13:03:19+00:00\",\"dateModified\":\"2016-09-19T03:45:11+00:00\",\"description\":\"Interjet, Volaris, Aerom\u00e9xico, Avianca, LATAM y Copa, son s\u00f3lo algunas de las aerol\u00edneas afectadas por los procesos de internaci\u00f3n.\",\"breadcrumb\":{\"@id\":\"https:\/\/nitu.mx\/index.php\/2016\/09\/07\/interjet-volaris-avianca-afectadas-engorrosos-procesos-internacion\/#breadcrumb\"},\"inLanguage\":\"es-MX\",\"potentialAction\":[{\"@type\":\"ReadAction\",\"target\":[\"https:\/\/nitu.mx\/index.php\/2016\/09\/07\/interjet-volaris-avianca-afectadas-engorrosos-procesos-internacion\/\"]}]},{\"@type\":\"ImageObject\",\"inLanguage\":\"es-MX\",\"@id\":\"https:\/\/nitu.mx\/index.php\/2016\/09\/07\/interjet-volaris-avianca-afectadas-engorrosos-procesos-internacion\/#primaryimage\",\"url\":\"https:\/\/nitu.mx\/wp-content\/uploads\/2016\/09\/largas_filas.png\",\"contentUrl\":\"https:\/\/nitu.mx\/wp-content\/uploads\/2016\/09\/largas_filas.png\",\"width\":755,\"height\":446,\"caption\":\"interjet volaris y avianca\"},{\"@type\":\"BreadcrumbList\",\"@id\":\"https:\/\/nitu.mx\/index.php\/2016\/09\/07\/interjet-volaris-avianca-afectadas-engorrosos-procesos-internacion\/#breadcrumb\",\"itemListElement\":[{\"@type\":\"ListItem\",\"position\":1,\"name\":\"Inicio\",\"item\":\"https:\/\/nitu.mx\/\"},{\"@type\":\"ListItem\",\"position\":2,\"name\":\"Interjet, Volaris y Avianca afectadas por engorrosos procesos de internaci\u00f3n\"}]},{\"@type\":\"WebSite\",\"@id\":\"https:\/\/nitu.mx\/#website\",\"url\":\"https:\/\/nitu.mx\/\",\"name\":\"Nitu - Noticias de la Industria Turistica\",\"description\":\"Noticias de la Industria Turistica\",\"publisher\":{\"@id\":\"https:\/\/nitu.mx\/#\/schema\/person\/ae7a53426417292d3dd07b45a33e01bc\"},\"alternateName\":\"Noticias de la Industria Turistica\",\"potentialAction\":[{\"@type\":\"SearchAction\",\"target\":{\"@type\":\"EntryPoint\",\"urlTemplate\":\"https:\/\/nitu.mx\/?s={search_term_string}\"},\"query-input\":\"required name=search_term_string\"}],\"inLanguage\":\"es-MX\"},{\"@type\":[\"Person\",\"Organization\"],\"@id\":\"https:\/\/nitu.mx\/#\/schema\/person\/ae7a53426417292d3dd07b45a33e01bc\",\"name\":\"Arturo Medina\",\"image\":{\"@type\":\"ImageObject\",\"inLanguage\":\"es-MX\",\"@id\":\"https:\/\/nitu.mx\/#\/schema\/person\/image\/\",\"url\":\"https:\/\/nitu.mx\/wp-content\/uploads\/2024\/04\/4A315622-1904-4D5C-B022-878CDC840E04-90x90-1.jpeg\",\"contentUrl\":\"https:\/\/nitu.mx\/wp-content\/uploads\/2024\/04\/4A315622-1904-4D5C-B022-878CDC840E04-90x90-1.jpeg\",\"width\":90,\"height\":90,\"caption\":\"Arturo Medina\"},\"logo\":{\"@id\":\"https:\/\/nitu.mx\/#\/schema\/person\/image\/\"},\"description\":\"Director NITU.mx, Egresado de la Escuela de Periodismo Carlos Septi\u00e9n Garc\u00eda. Periodista y analista especializado en turismo desde hace 35 a\u00f1os, radicado en Canc\u00fan Q.Roo. arturo@nitu.mx\",\"sameAs\":[\"https:\/\/nitu.mx\",\"https:\/\/www.facebook.com\/NITUmx\/\",\"medinacancun\",\"https:\/\/twitter.com\/@Arturo_Medina_G\"]},{\"@type\":\"Person\",\"@id\":\"https:\/\/nitu.mx\/#\/schema\/person\/2ecd887b19dfd3382d1f14fc5acf24a8\",\"name\":\"Alejandra Moncisbays\",\"image\":{\"@type\":\"ImageObject\",\"inLanguage\":\"es-MX\",\"@id\":\"https:\/\/nitu.mx\/#\/schema\/person\/image\/\",\"url\":\"https:\/\/secure.gravatar.com\/avatar\/e74f7af0be172b7804dacfd0bfbef787?s=96&d=mm&r=g\",\"contentUrl\":\"https:\/\/secure.gravatar.com\/avatar\/e74f7af0be172b7804dacfd0bfbef787?s=96&d=mm&r=g\",\"caption\":\"Alejandra Moncisbays\"},\"description\":\"Curs\u00e9 la carrera de Periodismo y Comunicaci\u00f3n en la Facultad de Estudios Profesionales Acatl\u00e1n. Vivo en Canc\u00fan desde hace 24 a\u00f1os. Fui reportera de La Tarde de Canc\u00fan, y Novedades de Quintana Roo, colabor\u00e9 en TVCUN, edit\u00e9 Cancun\u00edssimo y colabor\u00e9 en las revistas Latitud21, entre otras, con principal enfoque en los sectores empresarial y tur\u00edstico. Desde hace varios a\u00f1os soy Agente de Seguros con c\u00e9dula de la Comisi\u00f3n Nacional de Seguros y Fianzas. Actualmente, me desarrollo en los \u00e1mbitos del periodismo y el sector asegurador.\",\"sameAs\":[\"https:\/\/nitu.mx\"],\"url\":\"https:\/\/nitu.mx\/index.php\/author\/alejandra\/\"}]}<\/script>\n<!-- \/ Yoast SEO plugin. -->","yoast_head_json":{"title":"Interjet, Volaris y Avianca afectadas por engorrosos procesos","description":"Interjet, Volaris, Aerom\u00e9xico, Avianca, LATAM y Copa, son s\u00f3lo algunas de las aerol\u00edneas afectadas por los procesos de internaci\u00f3n.","robots":{"index":"index","follow":"follow","max-snippet":"max-snippet:-1","max-image-preview":"max-image-preview:large","max-video-preview":"max-video-preview:-1"},"canonical":"https:\/\/nitu.mx\/index.php\/2016\/09\/07\/interjet-volaris-avianca-afectadas-engorrosos-procesos-internacion\/","twitter_card":"summary_large_image","twitter_title":"Interjet, Volaris y Avianca afectadas por engorrosos procesos","twitter_description":"Interjet, Volaris, Aerom\u00e9xico, Avianca, LATAM y Copa, son s\u00f3lo algunas de las aerol\u00edneas afectadas por los procesos de internaci\u00f3n.","twitter_image":"https:\/\/nitu.mx\/wp-content\/uploads\/2016\/09\/largas_filas.png","twitter_creator":"@NITUmx","twitter_site":"@Arturo_Medina_G","twitter_misc":{"Escrito por":"Alejandra Moncisbays","Tiempo de lectura":"1 minuto"},"schema":{"@context":"https:\/\/schema.org","@graph":[{"@type":"Article","@id":"https:\/\/nitu.mx\/index.php\/2016\/09\/07\/interjet-volaris-avianca-afectadas-engorrosos-procesos-internacion\/#article","isPartOf":{"@id":"https:\/\/nitu.mx\/index.php\/2016\/09\/07\/interjet-volaris-avianca-afectadas-engorrosos-procesos-internacion\/"},"author":{"name":"Alejandra Moncisbays","@id":"https:\/\/nitu.mx\/#\/schema\/person\/2ecd887b19dfd3382d1f14fc5acf24a8"},"headline":"Interjet, Volaris y Avianca afectadas por engorrosos procesos de internaci\u00f3n","datePublished":"2016-09-07T13:03:19+00:00","dateModified":"2016-09-19T03:45:11+00:00","mainEntityOfPage":{"@id":"https:\/\/nitu.mx\/index.php\/2016\/09\/07\/interjet-volaris-avianca-afectadas-engorrosos-procesos-internacion\/"},"wordCount":185,"commentCount":0,"publisher":{"@id":"https:\/\/nitu.mx\/#\/schema\/person\/ae7a53426417292d3dd07b45a33e01bc"},"image":{"@id":"https:\/\/nitu.mx\/index.php\/2016\/09\/07\/interjet-volaris-avianca-afectadas-engorrosos-procesos-internacion\/#primaryimage"},"thumbnailUrl":"https:\/\/nitu.mx\/wp-content\/uploads\/2016\/09\/largas_filas.png","keywords":["Aerom\u00e9xico","Avianca","Enrique de la Madrid","Interjet","LATAM y Copa","Secretario de Turismo","Volaris"],"articleSection":["Aerol\u00edneas"],"inLanguage":"es-MX","potentialAction":[{"@type":"CommentAction","name":"Comment","target":["https:\/\/nitu.mx\/index.php\/2016\/09\/07\/interjet-volaris-avianca-afectadas-engorrosos-procesos-internacion\/#respond"]}]},{"@type":"WebPage","@id":"https:\/\/nitu.mx\/index.php\/2016\/09\/07\/interjet-volaris-avianca-afectadas-engorrosos-procesos-internacion\/","url":"https:\/\/nitu.mx\/index.php\/2016\/09\/07\/interjet-volaris-avianca-afectadas-engorrosos-procesos-internacion\/","name":"Interjet, Volaris y Avianca afectadas por engorrosos procesos","isPartOf":{"@id":"https:\/\/nitu.mx\/#website"},"primaryImageOfPage":{"@id":"https:\/\/nitu.mx\/index.php\/2016\/09\/07\/interjet-volaris-avianca-afectadas-engorrosos-procesos-internacion\/#primaryimage"},"image":{"@id":"https:\/\/nitu.mx\/index.php\/2016\/09\/07\/interjet-volaris-avianca-afectadas-engorrosos-procesos-internacion\/#primaryimage"},"thumbnailUrl":"https:\/\/nitu.mx\/wp-content\/uploads\/2016\/09\/largas_filas.png","datePublished":"2016-09-07T13:03:19+00:00","dateModified":"2016-09-19T03:45:11+00:00","description":"Interjet, Volaris, Aerom\u00e9xico, Avianca, LATAM y Copa, son s\u00f3lo algunas de las aerol\u00edneas afectadas por los procesos de internaci\u00f3n.","breadcrumb":{"@id":"https:\/\/nitu.mx\/index.php\/2016\/09\/07\/interjet-volaris-avianca-afectadas-engorrosos-procesos-internacion\/#breadcrumb"},"inLanguage":"es-MX","potentialAction":[{"@type":"ReadAction","target":["https:\/\/nitu.mx\/index.php\/2016\/09\/07\/interjet-volaris-avianca-afectadas-engorrosos-procesos-internacion\/"]}]},{"@type":"ImageObject","inLanguage":"es-MX","@id":"https:\/\/nitu.mx\/index.php\/2016\/09\/07\/interjet-volaris-avianca-afectadas-engorrosos-procesos-internacion\/#primaryimage","url":"https:\/\/nitu.mx\/wp-content\/uploads\/2016\/09\/largas_filas.png","contentUrl":"https:\/\/nitu.mx\/wp-content\/uploads\/2016\/09\/largas_filas.png","width":755,"height":446,"caption":"interjet volaris y avianca"},{"@type":"BreadcrumbList","@id":"https:\/\/nitu.mx\/index.php\/2016\/09\/07\/interjet-volaris-avianca-afectadas-engorrosos-procesos-internacion\/#breadcrumb","itemListElement":[{"@type":"ListItem","position":1,"name":"Inicio","item":"https:\/\/nitu.mx\/"},{"@type":"ListItem","position":2,"name":"Interjet, Volaris y Avianca afectadas por engorrosos procesos de internaci\u00f3n"}]},{"@type":"WebSite","@id":"https:\/\/nitu.mx\/#website","url":"https:\/\/nitu.mx\/","name":"Nitu - Noticias de la Industria Turistica","description":"Noticias de la Industria Turistica","publisher":{"@id":"https:\/\/nitu.mx\/#\/schema\/person\/ae7a53426417292d3dd07b45a33e01bc"},"alternateName":"Noticias de la Industria Turistica","potentialAction":[{"@type":"SearchAction","target":{"@type":"EntryPoint","urlTemplate":"https:\/\/nitu.mx\/?s={search_term_string}"},"query-input":"required name=search_term_string"}],"inLanguage":"es-MX"},{"@type":["Person","Organization"],"@id":"https:\/\/nitu.mx\/#\/schema\/person\/ae7a53426417292d3dd07b45a33e01bc","name":"Arturo Medina","image":{"@type":"ImageObject","inLanguage":"es-MX","@id":"https:\/\/nitu.mx\/#\/schema\/person\/image\/","url":"https:\/\/nitu.mx\/wp-content\/uploads\/2024\/04\/4A315622-1904-4D5C-B022-878CDC840E04-90x90-1.jpeg","contentUrl":"https:\/\/nitu.mx\/wp-content\/uploads\/2024\/04\/4A315622-1904-4D5C-B022-878CDC840E04-90x90-1.jpeg","width":90,"height":90,"caption":"Arturo Medina"},"logo":{"@id":"https:\/\/nitu.mx\/#\/schema\/person\/image\/"},"description":"Director NITU.mx, Egresado de la Escuela de Periodismo Carlos Septi\u00e9n Garc\u00eda. Periodista y analista especializado en turismo desde hace 35 a\u00f1os, radicado en Canc\u00fan Q.Roo. arturo@nitu.mx","sameAs":["https:\/\/nitu.mx","https:\/\/www.facebook.com\/NITUmx\/","medinacancun","https:\/\/twitter.com\/@Arturo_Medina_G"]},{"@type":"Person","@id":"https:\/\/nitu.mx\/#\/schema\/person\/2ecd887b19dfd3382d1f14fc5acf24a8","name":"Alejandra Moncisbays","image":{"@type":"ImageObject","inLanguage":"es-MX","@id":"https:\/\/nitu.mx\/#\/schema\/person\/image\/","url":"https:\/\/secure.gravatar.com\/avatar\/e74f7af0be172b7804dacfd0bfbef787?s=96&d=mm&r=g","contentUrl":"https:\/\/secure.gravatar.com\/avatar\/e74f7af0be172b7804dacfd0bfbef787?s=96&d=mm&r=g","caption":"Alejandra Moncisbays"},"description":"Curs\u00e9 la carrera de Periodismo y Comunicaci\u00f3n en la Facultad de Estudios Profesionales Acatl\u00e1n. Vivo en Canc\u00fan desde hace 24 a\u00f1os. Fui reportera de La Tarde de Canc\u00fan, y Novedades de Quintana Roo, colabor\u00e9 en TVCUN, edit\u00e9 Cancun\u00edssimo y colabor\u00e9 en las revistas Latitud21, entre otras, con principal enfoque en los sectores empresarial y tur\u00edstico. Desde hace varios a\u00f1os soy Agente de Seguros con c\u00e9dula de la Comisi\u00f3n Nacional de Seguros y Fianzas. Actualmente, me desarrollo en los \u00e1mbitos del periodismo y el sector asegurador.","sameAs":["https:\/\/nitu.mx"],"url":"https:\/\/nitu.mx\/index.php\/author\/alejandra\/"}]}},"views":386,"_links":{"self":[{"href":"https:\/\/nitu.mx\/index.php\/wp-json\/wp\/v2\/posts\/1589"}],"collection":[{"href":"https:\/\/nitu.mx\/index.php\/wp-json\/wp\/v2\/posts"}],"about":[{"href":"https:\/\/nitu.mx\/index.php\/wp-json\/wp\/v2\/types\/post"}],"author":[{"embeddable":true,"href":"https:\/\/nitu.mx\/index.php\/wp-json\/wp\/v2\/users\/3"}],"replies":[{"embeddable":true,"href":"https:\/\/nitu.mx\/index.php\/wp-json\/wp\/v2\/comments?post=1589"}],"version-history":[{"count":4,"href":"https:\/\/nitu.mx\/index.php\/wp-json\/wp\/v2\/posts\/1589\/revisions"}],"predecessor-version":[{"id":1661,"href":"https:\/\/nitu.mx\/index.php\/wp-json\/wp\/v2\/posts\/1589\/revisions\/1661"}],"wp:featuredmedia":[{"embeddable":true,"href":"https:\/\/nitu.mx\/index.php\/wp-json\/wp\/v2\/media\/1590"}],"wp:attachment":[{"href":"https:\/\/nitu.mx\/index.php\/wp-json\/wp\/v2\/media?parent=1589"}],"wp:term":[{"taxonomy":"category","embeddable":true,"href":"https:\/\/nitu.mx\/index.php\/wp-json\/wp\/v2\/categories?post=1589"},{"taxonomy":"post_tag","embeddable":true,"href":"https:\/\/nitu.mx\/index.php\/wp-json\/wp\/v2\/tags?post=1589"}],"curies":[{"name":"wp","href":"https:\/\/api.w.org\/{rel}","templated":true}]}}