{"id":15778,"date":"2017-12-14T00:04:59","date_gmt":"2017-12-14T05:04:59","guid":{"rendered":"http:\/\/www.dev.nitu.mx\/?p=15778"},"modified":"2017-12-14T00:34:10","modified_gmt":"2017-12-14T05:34:10","slug":"aicm-prepara-programa-de-atencion-a-usuarios-para-la-temporada-vacacional","status":"publish","type":"post","link":"https:\/\/nitu.mx\/index.php\/2017\/12\/14\/aicm-prepara-programa-de-atencion-a-usuarios-para-la-temporada-vacacional\/","title":{"rendered":"AICM prepara programa de atenci\u00f3n a usuarios para la temporada vacacional"},"content":{"rendered":"<p>El Aeropuerto Internacional de la Ciudad de M\u00e9xico (AICM) inform\u00f3 que del 16 de diciembre al 7 de enero pr\u00f3ximos pondr\u00e1 en operaci\u00f3n el Programa Apoyo al Pasajero Invierno 2017, con el cual brinda apoyo a los miles de viajeros que transitan por la terminal a\u00e9rea en el periodo vacacional de invierno que est\u00e1 por arrancar.<\/p>\n<p>El programa contar\u00e1 con la participaci\u00f3n de un grupo de m\u00e1s de 100 orientadores, integrado por adultos mayores, personas con discapacidad y j\u00f3venes estudiantes, que estar\u00e1n estrat\u00e9gicamente distribuidos para guiar al viajero y darles informaci\u00f3n \u00fatil sobre los servicios que requieran durante su paso por ambas terminales del AICM.<\/p>\n<p>El grupo de orientadores ser\u00e1 identificado por un uniforme especial que consta de pantal\u00f3n negro, chamarra y playera roja, con la leyenda \u201cInformaci\u00f3n Gobierno de la Rep\u00fablica\u201d en la espalda; al frente el logotipo del AICM, y en la manga derecha las siglas de la Secretar\u00eda de Comunicaciones y Transportes (SCT). Adem\u00e1s, portar\u00e1n una gorra con la palabra Informaci\u00f3n y los logos del aeropuerto y la SCT. Laborar\u00e1n de lunes a domingo en horario de las 7 a las 22 horas.<\/p>\n<p>Los integrantes ayudar\u00e1n a darle mayor fluidez al alto n\u00famero de pasajeros que partir\u00e1n o llegar\u00e1n del AICM, indic\u00e1ndoles d\u00f3nde se localizan los mostradores de las diferentes aerol\u00edneas que operan ah\u00ed, los accesos a filtros de inspecci\u00f3n, salas de abordar, as\u00ed como las estaciones de conexi\u00f3n como el aerotr\u00e9n, que recientemente recibi\u00f3 mantenimiento para estar en \u00f3ptimas condiciones, taxis autorizados y las estaciones del Metro y Metrob\u00fas.<\/p>\n<p>El personal fue debidamente capacitado para atender cualquier inquietud que pueda tener el viajero durante su paso por la terminal a\u00e9rea.\u00a0(<a title=\"Ante saturaci\u00f3n del AICM, Interjet valora despegar de aeropuertos metropolitanos\" href=\"http:\/\/www.dev.nitu.mx\/index.php\/2017\/11\/30\/ante-saturacion-del-aicm-interjet-valora-despegar-de-aeropuertos-metropolitanos\/\" rel=\"bookmark\">Ante saturaci\u00f3n del AICM, Interjet valora despegar de aeropuertos metropolitanos<\/a>).<\/p>\n","protected":false},"excerpt":{"rendered":"<p>El Aeropuerto Internacional de la Ciudad de M\u00e9xico (AICM) inform\u00f3 que del 16 de diciembre al 7 de enero pr\u00f3ximos pondr\u00e1 en operaci\u00f3n el Programa Apoyo al Pasajero Invierno 2017, con el cual brinda apoyo a los miles de viajeros que transitan por la terminal a\u00e9rea en el periodo vacacional de invierno que est\u00e1 por [&hellip;]<\/p>\n","protected":false},"author":5,"featured_media":15798,"comment_status":"open","ping_status":"open","sticky":false,"template":"","format":"standard","meta":{"footnotes":""},"categories":[29],"tags":[294,7186,700],"yoast_head":"<!-- This site is optimized with the Yoast SEO plugin v22.2 - https:\/\/yoast.com\/wordpress\/plugins\/seo\/ -->\n<title>AICM prepara programa de atenci\u00f3n a usuarios para la temporada vacacional - Nitu - Noticias de la Industria Turistica<\/title>\n<meta name=\"description\" content=\"El AICM inform\u00f3 que del 16 de diciembre al 7 de enero pr\u00f3ximos pondr\u00e1 en operaci\u00f3n el Programa Apoyo al Pasajero Invierno 2017.\" \/>\n<meta name=\"robots\" content=\"index, follow, max-snippet:-1, max-image-preview:large, max-video-preview:-1\" \/>\n<link rel=\"canonical\" href=\"https:\/\/nitu.mx\/index.php\/2017\/12\/14\/aicm-prepara-programa-de-atencion-a-usuarios-para-la-temporada-vacacional\/\" \/>\n<meta name=\"twitter:card\" content=\"summary_large_image\" \/>\n<meta name=\"twitter:title\" content=\"AICM prepara programa de atenci\u00f3n a usuarios para la temporada vacacional - Nitu - Noticias de la Industria Turistica\" \/>\n<meta name=\"twitter:description\" content=\"El AICM inform\u00f3 que del 16 de diciembre al 7 de enero pr\u00f3ximos pondr\u00e1 en operaci\u00f3n el Programa Apoyo al Pasajero Invierno 2017.\" \/>\n<meta name=\"twitter:image\" content=\"https:\/\/nitu.mx\/wp-content\/uploads\/2017\/12\/AICM-apoyo-al-pasajero.jpg\" \/>\n<meta name=\"twitter:creator\" content=\"@NITUmx\" \/>\n<meta name=\"twitter:site\" content=\"@Arturo_Medina_G\" \/>\n<meta name=\"twitter:label1\" content=\"Escrito por\" \/>\n\t<meta name=\"twitter:data1\" content=\"Mari Soto\" \/>\n\t<meta name=\"twitter:label2\" content=\"Tiempo de lectura\" \/>\n\t<meta name=\"twitter:data2\" content=\"2 minutos\" \/>\n<script type=\"application\/ld+json\" class=\"yoast-schema-graph\">{\"@context\":\"https:\/\/schema.org\",\"@graph\":[{\"@type\":\"Article\",\"@id\":\"https:\/\/nitu.mx\/index.php\/2017\/12\/14\/aicm-prepara-programa-de-atencion-a-usuarios-para-la-temporada-vacacional\/#article\",\"isPartOf\":{\"@id\":\"https:\/\/nitu.mx\/index.php\/2017\/12\/14\/aicm-prepara-programa-de-atencion-a-usuarios-para-la-temporada-vacacional\/\"},\"author\":{\"name\":\"Mari Soto\",\"@id\":\"https:\/\/nitu.mx\/#\/schema\/person\/afc52e313e27e660739556d421d3d6b4\"},\"headline\":\"AICM prepara programa de atenci\u00f3n a usuarios para la temporada vacacional\",\"datePublished\":\"2017-12-14T05:04:59+00:00\",\"dateModified\":\"2017-12-14T05:34:10+00:00\",\"mainEntityOfPage\":{\"@id\":\"https:\/\/nitu.mx\/index.php\/2017\/12\/14\/aicm-prepara-programa-de-atencion-a-usuarios-para-la-temporada-vacacional\/\"},\"wordCount\":321,\"commentCount\":0,\"publisher\":{\"@id\":\"https:\/\/nitu.mx\/#\/schema\/person\/ae7a53426417292d3dd07b45a33e01bc\"},\"image\":{\"@id\":\"https:\/\/nitu.mx\/index.php\/2017\/12\/14\/aicm-prepara-programa-de-atencion-a-usuarios-para-la-temporada-vacacional\/#primaryimage\"},\"thumbnailUrl\":\"https:\/\/nitu.mx\/wp-content\/uploads\/2017\/12\/AICM-apoyo-al-pasajero.jpg\",\"keywords\":[\"AICM\",\"Programa Apoyo al Pasajero Invierno\",\"Secretar\u00eda de Comunicaciones y Transportes (SCT)\"],\"articleSection\":[\"Aerol\u00edneas\"],\"inLanguage\":\"es-MX\",\"potentialAction\":[{\"@type\":\"CommentAction\",\"name\":\"Comment\",\"target\":[\"https:\/\/nitu.mx\/index.php\/2017\/12\/14\/aicm-prepara-programa-de-atencion-a-usuarios-para-la-temporada-vacacional\/#respond\"]}]},{\"@type\":\"WebPage\",\"@id\":\"https:\/\/nitu.mx\/index.php\/2017\/12\/14\/aicm-prepara-programa-de-atencion-a-usuarios-para-la-temporada-vacacional\/\",\"url\":\"https:\/\/nitu.mx\/index.php\/2017\/12\/14\/aicm-prepara-programa-de-atencion-a-usuarios-para-la-temporada-vacacional\/\",\"name\":\"AICM prepara programa de atenci\u00f3n a usuarios para la temporada vacacional - Nitu - Noticias de la Industria Turistica\",\"isPartOf\":{\"@id\":\"https:\/\/nitu.mx\/#website\"},\"primaryImageOfPage\":{\"@id\":\"https:\/\/nitu.mx\/index.php\/2017\/12\/14\/aicm-prepara-programa-de-atencion-a-usuarios-para-la-temporada-vacacional\/#primaryimage\"},\"image\":{\"@id\":\"https:\/\/nitu.mx\/index.php\/2017\/12\/14\/aicm-prepara-programa-de-atencion-a-usuarios-para-la-temporada-vacacional\/#primaryimage\"},\"thumbnailUrl\":\"https:\/\/nitu.mx\/wp-content\/uploads\/2017\/12\/AICM-apoyo-al-pasajero.jpg\",\"datePublished\":\"2017-12-14T05:04:59+00:00\",\"dateModified\":\"2017-12-14T05:34:10+00:00\",\"description\":\"El AICM inform\u00f3 que del 16 de diciembre al 7 de enero pr\u00f3ximos pondr\u00e1 en operaci\u00f3n el Programa Apoyo al Pasajero Invierno 2017.\",\"breadcrumb\":{\"@id\":\"https:\/\/nitu.mx\/index.php\/2017\/12\/14\/aicm-prepara-programa-de-atencion-a-usuarios-para-la-temporada-vacacional\/#breadcrumb\"},\"inLanguage\":\"es-MX\",\"potentialAction\":[{\"@type\":\"ReadAction\",\"target\":[\"https:\/\/nitu.mx\/index.php\/2017\/12\/14\/aicm-prepara-programa-de-atencion-a-usuarios-para-la-temporada-vacacional\/\"]}]},{\"@type\":\"ImageObject\",\"inLanguage\":\"es-MX\",\"@id\":\"https:\/\/nitu.mx\/index.php\/2017\/12\/14\/aicm-prepara-programa-de-atencion-a-usuarios-para-la-temporada-vacacional\/#primaryimage\",\"url\":\"https:\/\/nitu.mx\/wp-content\/uploads\/2017\/12\/AICM-apoyo-al-pasajero.jpg\",\"contentUrl\":\"https:\/\/nitu.mx\/wp-content\/uploads\/2017\/12\/AICM-apoyo-al-pasajero.jpg\",\"width\":850,\"height\":480,\"caption\":\"AICM\"},{\"@type\":\"BreadcrumbList\",\"@id\":\"https:\/\/nitu.mx\/index.php\/2017\/12\/14\/aicm-prepara-programa-de-atencion-a-usuarios-para-la-temporada-vacacional\/#breadcrumb\",\"itemListElement\":[{\"@type\":\"ListItem\",\"position\":1,\"name\":\"Inicio\",\"item\":\"https:\/\/nitu.mx\/\"},{\"@type\":\"ListItem\",\"position\":2,\"name\":\"AICM prepara programa de atenci\u00f3n a usuarios para la temporada vacacional\"}]},{\"@type\":\"WebSite\",\"@id\":\"https:\/\/nitu.mx\/#website\",\"url\":\"https:\/\/nitu.mx\/\",\"name\":\"Nitu - Noticias de la Industria Turistica\",\"description\":\"Noticias de la Industria Turistica\",\"publisher\":{\"@id\":\"https:\/\/nitu.mx\/#\/schema\/person\/ae7a53426417292d3dd07b45a33e01bc\"},\"alternateName\":\"Noticias de la Industria Turistica\",\"potentialAction\":[{\"@type\":\"SearchAction\",\"target\":{\"@type\":\"EntryPoint\",\"urlTemplate\":\"https:\/\/nitu.mx\/?s={search_term_string}\"},\"query-input\":\"required name=search_term_string\"}],\"inLanguage\":\"es-MX\"},{\"@type\":[\"Person\",\"Organization\"],\"@id\":\"https:\/\/nitu.mx\/#\/schema\/person\/ae7a53426417292d3dd07b45a33e01bc\",\"name\":\"Arturo Medina\",\"image\":{\"@type\":\"ImageObject\",\"inLanguage\":\"es-MX\",\"@id\":\"https:\/\/nitu.mx\/#\/schema\/person\/image\/\",\"url\":\"https:\/\/nitu.mx\/wp-content\/uploads\/2024\/04\/4A315622-1904-4D5C-B022-878CDC840E04-90x90-1.jpeg\",\"contentUrl\":\"https:\/\/nitu.mx\/wp-content\/uploads\/2024\/04\/4A315622-1904-4D5C-B022-878CDC840E04-90x90-1.jpeg\",\"width\":90,\"height\":90,\"caption\":\"Arturo Medina\"},\"logo\":{\"@id\":\"https:\/\/nitu.mx\/#\/schema\/person\/image\/\"},\"description\":\"Director NITU.mx, Egresado de la Escuela de Periodismo Carlos Septi\u00e9n Garc\u00eda. Periodista y analista especializado en turismo desde hace 35 a\u00f1os, radicado en Canc\u00fan Q.Roo. arturo@nitu.mx\",\"sameAs\":[\"https:\/\/nitu.mx\",\"https:\/\/www.facebook.com\/NITUmx\/\",\"medinacancun\",\"https:\/\/twitter.com\/@Arturo_Medina_G\"]},{\"@type\":\"Person\",\"@id\":\"https:\/\/nitu.mx\/#\/schema\/person\/afc52e313e27e660739556d421d3d6b4\",\"name\":\"Mari Soto\",\"image\":{\"@type\":\"ImageObject\",\"inLanguage\":\"es-MX\",\"@id\":\"https:\/\/nitu.mx\/#\/schema\/person\/image\/\",\"url\":\"https:\/\/secure.gravatar.com\/avatar\/2619c282a180a20d89fcaea82a6736e2?s=96&d=mm&r=g\",\"contentUrl\":\"https:\/\/secure.gravatar.com\/avatar\/2619c282a180a20d89fcaea82a6736e2?s=96&d=mm&r=g\",\"caption\":\"Mari Soto\"},\"sameAs\":[\"https:\/\/nitu.mx\"],\"url\":\"https:\/\/nitu.mx\/index.php\/author\/guadalupe\/\"}]}<\/script>\n<!-- \/ Yoast SEO plugin. -->","yoast_head_json":{"title":"AICM prepara programa de atenci\u00f3n a usuarios para la temporada vacacional - Nitu - Noticias de la Industria Turistica","description":"El AICM inform\u00f3 que del 16 de diciembre al 7 de enero pr\u00f3ximos pondr\u00e1 en operaci\u00f3n el Programa Apoyo al Pasajero Invierno 2017.","robots":{"index":"index","follow":"follow","max-snippet":"max-snippet:-1","max-image-preview":"max-image-preview:large","max-video-preview":"max-video-preview:-1"},"canonical":"https:\/\/nitu.mx\/index.php\/2017\/12\/14\/aicm-prepara-programa-de-atencion-a-usuarios-para-la-temporada-vacacional\/","twitter_card":"summary_large_image","twitter_title":"AICM prepara programa de atenci\u00f3n a usuarios para la temporada vacacional - Nitu - Noticias de la Industria Turistica","twitter_description":"El AICM inform\u00f3 que del 16 de diciembre al 7 de enero pr\u00f3ximos pondr\u00e1 en operaci\u00f3n el Programa Apoyo al Pasajero Invierno 2017.","twitter_image":"https:\/\/nitu.mx\/wp-content\/uploads\/2017\/12\/AICM-apoyo-al-pasajero.jpg","twitter_creator":"@NITUmx","twitter_site":"@Arturo_Medina_G","twitter_misc":{"Escrito por":"Mari Soto","Tiempo de lectura":"2 minutos"},"schema":{"@context":"https:\/\/schema.org","@graph":[{"@type":"Article","@id":"https:\/\/nitu.mx\/index.php\/2017\/12\/14\/aicm-prepara-programa-de-atencion-a-usuarios-para-la-temporada-vacacional\/#article","isPartOf":{"@id":"https:\/\/nitu.mx\/index.php\/2017\/12\/14\/aicm-prepara-programa-de-atencion-a-usuarios-para-la-temporada-vacacional\/"},"author":{"name":"Mari Soto","@id":"https:\/\/nitu.mx\/#\/schema\/person\/afc52e313e27e660739556d421d3d6b4"},"headline":"AICM prepara programa de atenci\u00f3n a usuarios para la temporada vacacional","datePublished":"2017-12-14T05:04:59+00:00","dateModified":"2017-12-14T05:34:10+00:00","mainEntityOfPage":{"@id":"https:\/\/nitu.mx\/index.php\/2017\/12\/14\/aicm-prepara-programa-de-atencion-a-usuarios-para-la-temporada-vacacional\/"},"wordCount":321,"commentCount":0,"publisher":{"@id":"https:\/\/nitu.mx\/#\/schema\/person\/ae7a53426417292d3dd07b45a33e01bc"},"image":{"@id":"https:\/\/nitu.mx\/index.php\/2017\/12\/14\/aicm-prepara-programa-de-atencion-a-usuarios-para-la-temporada-vacacional\/#primaryimage"},"thumbnailUrl":"https:\/\/nitu.mx\/wp-content\/uploads\/2017\/12\/AICM-apoyo-al-pasajero.jpg","keywords":["AICM","Programa Apoyo al Pasajero Invierno","Secretar\u00eda de Comunicaciones y Transportes (SCT)"],"articleSection":["Aerol\u00edneas"],"inLanguage":"es-MX","potentialAction":[{"@type":"CommentAction","name":"Comment","target":["https:\/\/nitu.mx\/index.php\/2017\/12\/14\/aicm-prepara-programa-de-atencion-a-usuarios-para-la-temporada-vacacional\/#respond"]}]},{"@type":"WebPage","@id":"https:\/\/nitu.mx\/index.php\/2017\/12\/14\/aicm-prepara-programa-de-atencion-a-usuarios-para-la-temporada-vacacional\/","url":"https:\/\/nitu.mx\/index.php\/2017\/12\/14\/aicm-prepara-programa-de-atencion-a-usuarios-para-la-temporada-vacacional\/","name":"AICM prepara programa de atenci\u00f3n a usuarios para la temporada vacacional - Nitu - Noticias de la Industria Turistica","isPartOf":{"@id":"https:\/\/nitu.mx\/#website"},"primaryImageOfPage":{"@id":"https:\/\/nitu.mx\/index.php\/2017\/12\/14\/aicm-prepara-programa-de-atencion-a-usuarios-para-la-temporada-vacacional\/#primaryimage"},"image":{"@id":"https:\/\/nitu.mx\/index.php\/2017\/12\/14\/aicm-prepara-programa-de-atencion-a-usuarios-para-la-temporada-vacacional\/#primaryimage"},"thumbnailUrl":"https:\/\/nitu.mx\/wp-content\/uploads\/2017\/12\/AICM-apoyo-al-pasajero.jpg","datePublished":"2017-12-14T05:04:59+00:00","dateModified":"2017-12-14T05:34:10+00:00","description":"El AICM inform\u00f3 que del 16 de diciembre al 7 de enero pr\u00f3ximos pondr\u00e1 en operaci\u00f3n el Programa Apoyo al Pasajero Invierno 2017.","breadcrumb":{"@id":"https:\/\/nitu.mx\/index.php\/2017\/12\/14\/aicm-prepara-programa-de-atencion-a-usuarios-para-la-temporada-vacacional\/#breadcrumb"},"inLanguage":"es-MX","potentialAction":[{"@type":"ReadAction","target":["https:\/\/nitu.mx\/index.php\/2017\/12\/14\/aicm-prepara-programa-de-atencion-a-usuarios-para-la-temporada-vacacional\/"]}]},{"@type":"ImageObject","inLanguage":"es-MX","@id":"https:\/\/nitu.mx\/index.php\/2017\/12\/14\/aicm-prepara-programa-de-atencion-a-usuarios-para-la-temporada-vacacional\/#primaryimage","url":"https:\/\/nitu.mx\/wp-content\/uploads\/2017\/12\/AICM-apoyo-al-pasajero.jpg","contentUrl":"https:\/\/nitu.mx\/wp-content\/uploads\/2017\/12\/AICM-apoyo-al-pasajero.jpg","width":850,"height":480,"caption":"AICM"},{"@type":"BreadcrumbList","@id":"https:\/\/nitu.mx\/index.php\/2017\/12\/14\/aicm-prepara-programa-de-atencion-a-usuarios-para-la-temporada-vacacional\/#breadcrumb","itemListElement":[{"@type":"ListItem","position":1,"name":"Inicio","item":"https:\/\/nitu.mx\/"},{"@type":"ListItem","position":2,"name":"AICM prepara programa de atenci\u00f3n a usuarios para la temporada vacacional"}]},{"@type":"WebSite","@id":"https:\/\/nitu.mx\/#website","url":"https:\/\/nitu.mx\/","name":"Nitu - Noticias de la Industria Turistica","description":"Noticias de la Industria Turistica","publisher":{"@id":"https:\/\/nitu.mx\/#\/schema\/person\/ae7a53426417292d3dd07b45a33e01bc"},"alternateName":"Noticias de la Industria Turistica","potentialAction":[{"@type":"SearchAction","target":{"@type":"EntryPoint","urlTemplate":"https:\/\/nitu.mx\/?s={search_term_string}"},"query-input":"required name=search_term_string"}],"inLanguage":"es-MX"},{"@type":["Person","Organization"],"@id":"https:\/\/nitu.mx\/#\/schema\/person\/ae7a53426417292d3dd07b45a33e01bc","name":"Arturo Medina","image":{"@type":"ImageObject","inLanguage":"es-MX","@id":"https:\/\/nitu.mx\/#\/schema\/person\/image\/","url":"https:\/\/nitu.mx\/wp-content\/uploads\/2024\/04\/4A315622-1904-4D5C-B022-878CDC840E04-90x90-1.jpeg","contentUrl":"https:\/\/nitu.mx\/wp-content\/uploads\/2024\/04\/4A315622-1904-4D5C-B022-878CDC840E04-90x90-1.jpeg","width":90,"height":90,"caption":"Arturo Medina"},"logo":{"@id":"https:\/\/nitu.mx\/#\/schema\/person\/image\/"},"description":"Director NITU.mx, Egresado de la Escuela de Periodismo Carlos Septi\u00e9n Garc\u00eda. Periodista y analista especializado en turismo desde hace 35 a\u00f1os, radicado en Canc\u00fan Q.Roo. arturo@nitu.mx","sameAs":["https:\/\/nitu.mx","https:\/\/www.facebook.com\/NITUmx\/","medinacancun","https:\/\/twitter.com\/@Arturo_Medina_G"]},{"@type":"Person","@id":"https:\/\/nitu.mx\/#\/schema\/person\/afc52e313e27e660739556d421d3d6b4","name":"Mari Soto","image":{"@type":"ImageObject","inLanguage":"es-MX","@id":"https:\/\/nitu.mx\/#\/schema\/person\/image\/","url":"https:\/\/secure.gravatar.com\/avatar\/2619c282a180a20d89fcaea82a6736e2?s=96&d=mm&r=g","contentUrl":"https:\/\/secure.gravatar.com\/avatar\/2619c282a180a20d89fcaea82a6736e2?s=96&d=mm&r=g","caption":"Mari Soto"},"sameAs":["https:\/\/nitu.mx"],"url":"https:\/\/nitu.mx\/index.php\/author\/guadalupe\/"}]}},"views":225,"_links":{"self":[{"href":"https:\/\/nitu.mx\/index.php\/wp-json\/wp\/v2\/posts\/15778"}],"collection":[{"href":"https:\/\/nitu.mx\/index.php\/wp-json\/wp\/v2\/posts"}],"about":[{"href":"https:\/\/nitu.mx\/index.php\/wp-json\/wp\/v2\/types\/post"}],"author":[{"embeddable":true,"href":"https:\/\/nitu.mx\/index.php\/wp-json\/wp\/v2\/users\/5"}],"replies":[{"embeddable":true,"href":"https:\/\/nitu.mx\/index.php\/wp-json\/wp\/v2\/comments?post=15778"}],"version-history":[{"count":2,"href":"https:\/\/nitu.mx\/index.php\/wp-json\/wp\/v2\/posts\/15778\/revisions"}],"predecessor-version":[{"id":15799,"href":"https:\/\/nitu.mx\/index.php\/wp-json\/wp\/v2\/posts\/15778\/revisions\/15799"}],"wp:featuredmedia":[{"embeddable":true,"href":"https:\/\/nitu.mx\/index.php\/wp-json\/wp\/v2\/media\/15798"}],"wp:attachment":[{"href":"https:\/\/nitu.mx\/index.php\/wp-json\/wp\/v2\/media?parent=15778"}],"wp:term":[{"taxonomy":"category","embeddable":true,"href":"https:\/\/nitu.mx\/index.php\/wp-json\/wp\/v2\/categories?post=15778"},{"taxonomy":"post_tag","embeddable":true,"href":"https:\/\/nitu.mx\/index.php\/wp-json\/wp\/v2\/tags?post=15778"}],"curies":[{"name":"wp","href":"https:\/\/api.w.org\/{rel}","templated":true}]}}