{"id":15653,"date":"2017-12-11T23:11:02","date_gmt":"2017-12-12T04:11:02","guid":{"rendered":"http:\/\/www.dev.nitu.mx\/?p=15653"},"modified":"2017-12-12T00:12:11","modified_gmt":"2017-12-12T05:12:11","slug":"viva-aerobus-tendra-nueva-conexion-norte-sur-en-2018","status":"publish","type":"post","link":"https:\/\/nitu.mx\/index.php\/2017\/12\/11\/viva-aerobus-tendra-nueva-conexion-norte-sur-en-2018\/","title":{"rendered":"Viva Aerobus tendr\u00e1 nueva conexi\u00f3n Norte-Sur en 2018"},"content":{"rendered":"<p>A partir del 2 de junio de 2018, la &#8220;ciudad de los grandes esfuerzos&#8221; y &#8220;la perla del Caribe mexicano&#8221; estar\u00e1n unidas por el\u00a0<span>nuevo vuelo Torre\u00f3n-Canc\u00fan\u00a0<\/span>de\u00a0<span>Viva Aerobus<\/span>. Con esto se convierte en la\u00a0<span>\u00fanica empresa a\u00e9rea en ofrecer esta conexi\u00f3n sin escalas\u00a0<\/span>entre el noroeste y el sureste mexicano.<\/p>\n<p><span>A trav\u00e9s de un comunicado, la aerol\u00ednea de ultra bajo costo inform\u00f3 que\u00a0e<span>ste servicio iniciar\u00e1 operaciones con dos frecuencias a la semana<\/span>\u00a0(martes y s\u00e1bado). El precio de lanzamiento de los boletos se cotizar\u00e1 desde los 928 pesos.<\/span><\/p>\n<p><span>As\u00ed, Viva Aerobus cierra el a\u00f1o habiendo anunciado 23 nuevas rutas en 2017 con las que su red suma ahora un total de 88 rutas a 37 destinos diferentes.<\/span><\/p>\n<p><span>Adem\u00e1s, se afianz\u00f3 como el segundo operador con m\u00e1s vuelos nacionales desde Canc\u00fan con 13, tres internacionales y adem\u00e1s, es col\u00edder en el n\u00famero de destinos ofrecidos desde Torre\u00f3n.\u00a0<\/span>(<a title=\"VivaAerobus incrementa su presencia en el extranjero con la ruta CDMX-Las Vegas\" href=\"http:\/\/www.dev.nitu.mx\/index.php\/2017\/12\/07\/vivaaerobus-incrementa-su-presencia-en-el-extranjero-con-la-ruta-cdmx-las-vegas\/\" rel=\"bookmark\">VivaAerobus incrementa su presencia en el extranjero con la ruta CDMX-Las Vegas<\/a>).<\/p>\n<p><span>\u201cNos llena de orgullo ser los primeros en ofrecer esta nueva ruta que une el sur y el norte del pa\u00eds, muestra de nuestro firme compromiso con M\u00e9xico: poner al alcance de todos cada rinc\u00f3n del pa\u00eds al mejor precio\u201d, se\u00f1al\u00f3 Juan Carlos Zuazua, director general de Viva Aerobus.\u00a0La aerol\u00ednea\u00a0<\/span><span>prev\u00e9 movilizar unos 16 mil pasajeros durante el primer a\u00f1o de operaci\u00f3n de esta ruta.<\/span><\/p>\n<p><span>Finalmente, la empresa a\u00e9rea de Grupo IAMSA destac\u00f3 que la apertura de esta ruta obedece a su estrategia operativa ya que, en los primeros 10 meses del 2017, logr\u00f3 aumentar su capacidad 23 por ciento respecto al mismo lapso del 2016, lo que le permiti\u00f3 transportar 30 por ciento m\u00e1s pasajeros en el mismo periodo comparativo.<\/span><\/p>\n<p><span>El pasado mes de noviembre, Viva Aerobus anunci\u00f3 dos nuevas rutas desde Canc\u00fan.\u00a0<\/span><span>El nuevo vuelo Canc\u00fan-San Jos\u00e9, Costa Rica, comenz\u00f3 operaciones el d\u00eda 1 de diciembre, mientras que la ruta Canc\u00fan-Chihuahua lo har\u00e1 el pr\u00f3ximo 27 de marzo del 2018. Ambas rutas tendr\u00e1n dos frecuencias semanales.\u00a0Con informaci\u00f3n de a21.com<\/span><\/p>\n","protected":false},"excerpt":{"rendered":"<p>A partir del 2 de junio de 2018, la &#8220;ciudad de los grandes esfuerzos&#8221; y &#8220;la perla del Caribe mexicano&#8221; estar\u00e1n unidas por el\u00a0nuevo vuelo Torre\u00f3n-Canc\u00fan\u00a0de\u00a0Viva Aerobus. Con esto se convierte en la\u00a0\u00fanica empresa a\u00e9rea en ofrecer esta conexi\u00f3n sin escalas\u00a0entre el noroeste y el sureste mexicano. A trav\u00e9s de un comunicado, la aerol\u00ednea de [&hellip;]<\/p>\n","protected":false},"author":17,"featured_media":15679,"comment_status":"open","ping_status":"open","sticky":false,"template":"","format":"standard","meta":{"footnotes":""},"categories":[29,5],"tags":[7083,295,7081,2102],"yoast_head":"<!-- This site is optimized with the Yoast SEO plugin v22.2 - https:\/\/yoast.com\/wordpress\/plugins\/seo\/ -->\n<title>Viva Aerobus tendr\u00e1 nueva conexi\u00f3n Norte-Sur en 2018 - Nitu - Noticias de la Industria Turistica<\/title>\n<meta name=\"description\" content=\"La &quot;ciudad de los grandes esfuerzos&quot; y &quot;la perla del Caribe mexicano&quot; estar\u00e1n unidas por el nuevo vuelo Torre\u00f3n-Canc\u00fan de Viva Aerobus.\" \/>\n<meta name=\"robots\" content=\"index, follow, max-snippet:-1, max-image-preview:large, max-video-preview:-1\" \/>\n<link rel=\"canonical\" href=\"https:\/\/nitu.mx\/index.php\/2017\/12\/11\/viva-aerobus-tendra-nueva-conexion-norte-sur-en-2018\/\" \/>\n<meta name=\"twitter:card\" content=\"summary_large_image\" \/>\n<meta name=\"twitter:title\" content=\"Viva Aerobus tendr\u00e1 nueva conexi\u00f3n Norte-Sur en 2018 - Nitu - Noticias de la Industria Turistica\" \/>\n<meta name=\"twitter:description\" content=\"La &quot;ciudad de los grandes esfuerzos&quot; y &quot;la perla del Caribe mexicano&quot; estar\u00e1n unidas por el nuevo vuelo Torre\u00f3n-Canc\u00fan de Viva Aerobus.\" \/>\n<meta name=\"twitter:image\" content=\"https:\/\/nitu.mx\/wp-content\/uploads\/2017\/12\/A320neo-VivaAerobus-1.jpg\" \/>\n<meta name=\"twitter:creator\" content=\"@NITUmx\" \/>\n<meta name=\"twitter:site\" content=\"@Arturo_Medina_G\" \/>\n<meta name=\"twitter:label1\" content=\"Escrito por\" \/>\n\t<meta name=\"twitter:data1\" content=\"Redacci\u00f3n\" \/>\n\t<meta name=\"twitter:label2\" content=\"Tiempo de lectura\" \/>\n\t<meta name=\"twitter:data2\" content=\"2 minutos\" \/>\n<script type=\"application\/ld+json\" class=\"yoast-schema-graph\">{\"@context\":\"https:\/\/schema.org\",\"@graph\":[{\"@type\":\"Article\",\"@id\":\"https:\/\/nitu.mx\/index.php\/2017\/12\/11\/viva-aerobus-tendra-nueva-conexion-norte-sur-en-2018\/#article\",\"isPartOf\":{\"@id\":\"https:\/\/nitu.mx\/index.php\/2017\/12\/11\/viva-aerobus-tendra-nueva-conexion-norte-sur-en-2018\/\"},\"author\":{\"name\":\"Redacci\u00f3n\",\"@id\":\"https:\/\/nitu.mx\/#\/schema\/person\/4a28fe9bd65924f7c90623773daf1b0b\"},\"headline\":\"Viva Aerobus tendr\u00e1 nueva conexi\u00f3n Norte-Sur en 2018\",\"datePublished\":\"2017-12-12T04:11:02+00:00\",\"dateModified\":\"2017-12-12T05:12:11+00:00\",\"mainEntityOfPage\":{\"@id\":\"https:\/\/nitu.mx\/index.php\/2017\/12\/11\/viva-aerobus-tendra-nueva-conexion-norte-sur-en-2018\/\"},\"wordCount\":359,\"commentCount\":0,\"publisher\":{\"@id\":\"https:\/\/nitu.mx\/#\/schema\/person\/ae7a53426417292d3dd07b45a33e01bc\"},\"image\":{\"@id\":\"https:\/\/nitu.mx\/index.php\/2017\/12\/11\/viva-aerobus-tendra-nueva-conexion-norte-sur-en-2018\/#primaryimage\"},\"thumbnailUrl\":\"https:\/\/nitu.mx\/wp-content\/uploads\/2017\/12\/A320neo-VivaAerobus-1.jpg\",\"keywords\":[\"Canc\u00fan-Torre\u00f3n\",\"Juan Carlos Zuazua\",\"norte-sur\",\"Viva Aerobus\"],\"articleSection\":[\"Aerol\u00edneas\",\"Destinos\"],\"inLanguage\":\"es-MX\",\"potentialAction\":[{\"@type\":\"CommentAction\",\"name\":\"Comment\",\"target\":[\"https:\/\/nitu.mx\/index.php\/2017\/12\/11\/viva-aerobus-tendra-nueva-conexion-norte-sur-en-2018\/#respond\"]}]},{\"@type\":\"WebPage\",\"@id\":\"https:\/\/nitu.mx\/index.php\/2017\/12\/11\/viva-aerobus-tendra-nueva-conexion-norte-sur-en-2018\/\",\"url\":\"https:\/\/nitu.mx\/index.php\/2017\/12\/11\/viva-aerobus-tendra-nueva-conexion-norte-sur-en-2018\/\",\"name\":\"Viva Aerobus tendr\u00e1 nueva conexi\u00f3n Norte-Sur en 2018 - Nitu - Noticias de la Industria Turistica\",\"isPartOf\":{\"@id\":\"https:\/\/nitu.mx\/#website\"},\"primaryImageOfPage\":{\"@id\":\"https:\/\/nitu.mx\/index.php\/2017\/12\/11\/viva-aerobus-tendra-nueva-conexion-norte-sur-en-2018\/#primaryimage\"},\"image\":{\"@id\":\"https:\/\/nitu.mx\/index.php\/2017\/12\/11\/viva-aerobus-tendra-nueva-conexion-norte-sur-en-2018\/#primaryimage\"},\"thumbnailUrl\":\"https:\/\/nitu.mx\/wp-content\/uploads\/2017\/12\/A320neo-VivaAerobus-1.jpg\",\"datePublished\":\"2017-12-12T04:11:02+00:00\",\"dateModified\":\"2017-12-12T05:12:11+00:00\",\"description\":\"La \\\"ciudad de los grandes esfuerzos\\\" y \\\"la perla del Caribe mexicano\\\" estar\u00e1n unidas por el nuevo vuelo Torre\u00f3n-Canc\u00fan de Viva Aerobus.\",\"breadcrumb\":{\"@id\":\"https:\/\/nitu.mx\/index.php\/2017\/12\/11\/viva-aerobus-tendra-nueva-conexion-norte-sur-en-2018\/#breadcrumb\"},\"inLanguage\":\"es-MX\",\"potentialAction\":[{\"@type\":\"ReadAction\",\"target\":[\"https:\/\/nitu.mx\/index.php\/2017\/12\/11\/viva-aerobus-tendra-nueva-conexion-norte-sur-en-2018\/\"]}]},{\"@type\":\"ImageObject\",\"inLanguage\":\"es-MX\",\"@id\":\"https:\/\/nitu.mx\/index.php\/2017\/12\/11\/viva-aerobus-tendra-nueva-conexion-norte-sur-en-2018\/#primaryimage\",\"url\":\"https:\/\/nitu.mx\/wp-content\/uploads\/2017\/12\/A320neo-VivaAerobus-1.jpg\",\"contentUrl\":\"https:\/\/nitu.mx\/wp-content\/uploads\/2017\/12\/A320neo-VivaAerobus-1.jpg\",\"width\":850,\"height\":480,\"caption\":\"Viva Aerobus\"},{\"@type\":\"BreadcrumbList\",\"@id\":\"https:\/\/nitu.mx\/index.php\/2017\/12\/11\/viva-aerobus-tendra-nueva-conexion-norte-sur-en-2018\/#breadcrumb\",\"itemListElement\":[{\"@type\":\"ListItem\",\"position\":1,\"name\":\"Inicio\",\"item\":\"https:\/\/nitu.mx\/\"},{\"@type\":\"ListItem\",\"position\":2,\"name\":\"Viva Aerobus tendr\u00e1 nueva conexi\u00f3n Norte-Sur en 2018\"}]},{\"@type\":\"WebSite\",\"@id\":\"https:\/\/nitu.mx\/#website\",\"url\":\"https:\/\/nitu.mx\/\",\"name\":\"Nitu - Noticias de la Industria Turistica\",\"description\":\"Noticias de la Industria Turistica\",\"publisher\":{\"@id\":\"https:\/\/nitu.mx\/#\/schema\/person\/ae7a53426417292d3dd07b45a33e01bc\"},\"alternateName\":\"Noticias de la Industria Turistica\",\"potentialAction\":[{\"@type\":\"SearchAction\",\"target\":{\"@type\":\"EntryPoint\",\"urlTemplate\":\"https:\/\/nitu.mx\/?s={search_term_string}\"},\"query-input\":\"required name=search_term_string\"}],\"inLanguage\":\"es-MX\"},{\"@type\":[\"Person\",\"Organization\"],\"@id\":\"https:\/\/nitu.mx\/#\/schema\/person\/ae7a53426417292d3dd07b45a33e01bc\",\"name\":\"Arturo Medina\",\"image\":{\"@type\":\"ImageObject\",\"inLanguage\":\"es-MX\",\"@id\":\"https:\/\/nitu.mx\/#\/schema\/person\/image\/\",\"url\":\"https:\/\/nitu.mx\/wp-content\/uploads\/2024\/04\/4A315622-1904-4D5C-B022-878CDC840E04-90x90-1.jpeg\",\"contentUrl\":\"https:\/\/nitu.mx\/wp-content\/uploads\/2024\/04\/4A315622-1904-4D5C-B022-878CDC840E04-90x90-1.jpeg\",\"width\":90,\"height\":90,\"caption\":\"Arturo Medina\"},\"logo\":{\"@id\":\"https:\/\/nitu.mx\/#\/schema\/person\/image\/\"},\"description\":\"Director NITU.mx, Egresado de la Escuela de Periodismo Carlos Septi\u00e9n Garc\u00eda. Periodista y analista especializado en turismo desde hace 35 a\u00f1os, radicado en Canc\u00fan Q.Roo. arturo@nitu.mx\",\"sameAs\":[\"https:\/\/nitu.mx\",\"https:\/\/www.facebook.com\/NITUmx\/\",\"medinacancun\",\"https:\/\/twitter.com\/@Arturo_Medina_G\"]},{\"@type\":\"Person\",\"@id\":\"https:\/\/nitu.mx\/#\/schema\/person\/4a28fe9bd65924f7c90623773daf1b0b\",\"name\":\"Redacci\u00f3n\",\"image\":{\"@type\":\"ImageObject\",\"inLanguage\":\"es-MX\",\"@id\":\"https:\/\/nitu.mx\/#\/schema\/person\/image\/\",\"url\":\"https:\/\/secure.gravatar.com\/avatar\/5dd011c8ccfc5cd7e4c81e42252aab38?s=96&d=mm&r=g\",\"contentUrl\":\"https:\/\/secure.gravatar.com\/avatar\/5dd011c8ccfc5cd7e4c81e42252aab38?s=96&d=mm&r=g\",\"caption\":\"Redacci\u00f3n\"},\"url\":\"https:\/\/nitu.mx\/index.php\/author\/redaccion\/\"}]}<\/script>\n<!-- \/ Yoast SEO plugin. -->","yoast_head_json":{"title":"Viva Aerobus tendr\u00e1 nueva conexi\u00f3n Norte-Sur en 2018 - Nitu - Noticias de la Industria Turistica","description":"La \"ciudad de los grandes esfuerzos\" y \"la perla del Caribe mexicano\" estar\u00e1n unidas por el nuevo vuelo Torre\u00f3n-Canc\u00fan de Viva Aerobus.","robots":{"index":"index","follow":"follow","max-snippet":"max-snippet:-1","max-image-preview":"max-image-preview:large","max-video-preview":"max-video-preview:-1"},"canonical":"https:\/\/nitu.mx\/index.php\/2017\/12\/11\/viva-aerobus-tendra-nueva-conexion-norte-sur-en-2018\/","twitter_card":"summary_large_image","twitter_title":"Viva Aerobus tendr\u00e1 nueva conexi\u00f3n Norte-Sur en 2018 - Nitu - Noticias de la Industria Turistica","twitter_description":"La \"ciudad de los grandes esfuerzos\" y \"la perla del Caribe mexicano\" estar\u00e1n unidas por el nuevo vuelo Torre\u00f3n-Canc\u00fan de Viva Aerobus.","twitter_image":"https:\/\/nitu.mx\/wp-content\/uploads\/2017\/12\/A320neo-VivaAerobus-1.jpg","twitter_creator":"@NITUmx","twitter_site":"@Arturo_Medina_G","twitter_misc":{"Escrito por":"Redacci\u00f3n","Tiempo de lectura":"2 minutos"},"schema":{"@context":"https:\/\/schema.org","@graph":[{"@type":"Article","@id":"https:\/\/nitu.mx\/index.php\/2017\/12\/11\/viva-aerobus-tendra-nueva-conexion-norte-sur-en-2018\/#article","isPartOf":{"@id":"https:\/\/nitu.mx\/index.php\/2017\/12\/11\/viva-aerobus-tendra-nueva-conexion-norte-sur-en-2018\/"},"author":{"name":"Redacci\u00f3n","@id":"https:\/\/nitu.mx\/#\/schema\/person\/4a28fe9bd65924f7c90623773daf1b0b"},"headline":"Viva Aerobus tendr\u00e1 nueva conexi\u00f3n Norte-Sur en 2018","datePublished":"2017-12-12T04:11:02+00:00","dateModified":"2017-12-12T05:12:11+00:00","mainEntityOfPage":{"@id":"https:\/\/nitu.mx\/index.php\/2017\/12\/11\/viva-aerobus-tendra-nueva-conexion-norte-sur-en-2018\/"},"wordCount":359,"commentCount":0,"publisher":{"@id":"https:\/\/nitu.mx\/#\/schema\/person\/ae7a53426417292d3dd07b45a33e01bc"},"image":{"@id":"https:\/\/nitu.mx\/index.php\/2017\/12\/11\/viva-aerobus-tendra-nueva-conexion-norte-sur-en-2018\/#primaryimage"},"thumbnailUrl":"https:\/\/nitu.mx\/wp-content\/uploads\/2017\/12\/A320neo-VivaAerobus-1.jpg","keywords":["Canc\u00fan-Torre\u00f3n","Juan Carlos Zuazua","norte-sur","Viva Aerobus"],"articleSection":["Aerol\u00edneas","Destinos"],"inLanguage":"es-MX","potentialAction":[{"@type":"CommentAction","name":"Comment","target":["https:\/\/nitu.mx\/index.php\/2017\/12\/11\/viva-aerobus-tendra-nueva-conexion-norte-sur-en-2018\/#respond"]}]},{"@type":"WebPage","@id":"https:\/\/nitu.mx\/index.php\/2017\/12\/11\/viva-aerobus-tendra-nueva-conexion-norte-sur-en-2018\/","url":"https:\/\/nitu.mx\/index.php\/2017\/12\/11\/viva-aerobus-tendra-nueva-conexion-norte-sur-en-2018\/","name":"Viva Aerobus tendr\u00e1 nueva conexi\u00f3n Norte-Sur en 2018 - Nitu - Noticias de la Industria Turistica","isPartOf":{"@id":"https:\/\/nitu.mx\/#website"},"primaryImageOfPage":{"@id":"https:\/\/nitu.mx\/index.php\/2017\/12\/11\/viva-aerobus-tendra-nueva-conexion-norte-sur-en-2018\/#primaryimage"},"image":{"@id":"https:\/\/nitu.mx\/index.php\/2017\/12\/11\/viva-aerobus-tendra-nueva-conexion-norte-sur-en-2018\/#primaryimage"},"thumbnailUrl":"https:\/\/nitu.mx\/wp-content\/uploads\/2017\/12\/A320neo-VivaAerobus-1.jpg","datePublished":"2017-12-12T04:11:02+00:00","dateModified":"2017-12-12T05:12:11+00:00","description":"La \"ciudad de los grandes esfuerzos\" y \"la perla del Caribe mexicano\" estar\u00e1n unidas por el nuevo vuelo Torre\u00f3n-Canc\u00fan de Viva Aerobus.","breadcrumb":{"@id":"https:\/\/nitu.mx\/index.php\/2017\/12\/11\/viva-aerobus-tendra-nueva-conexion-norte-sur-en-2018\/#breadcrumb"},"inLanguage":"es-MX","potentialAction":[{"@type":"ReadAction","target":["https:\/\/nitu.mx\/index.php\/2017\/12\/11\/viva-aerobus-tendra-nueva-conexion-norte-sur-en-2018\/"]}]},{"@type":"ImageObject","inLanguage":"es-MX","@id":"https:\/\/nitu.mx\/index.php\/2017\/12\/11\/viva-aerobus-tendra-nueva-conexion-norte-sur-en-2018\/#primaryimage","url":"https:\/\/nitu.mx\/wp-content\/uploads\/2017\/12\/A320neo-VivaAerobus-1.jpg","contentUrl":"https:\/\/nitu.mx\/wp-content\/uploads\/2017\/12\/A320neo-VivaAerobus-1.jpg","width":850,"height":480,"caption":"Viva Aerobus"},{"@type":"BreadcrumbList","@id":"https:\/\/nitu.mx\/index.php\/2017\/12\/11\/viva-aerobus-tendra-nueva-conexion-norte-sur-en-2018\/#breadcrumb","itemListElement":[{"@type":"ListItem","position":1,"name":"Inicio","item":"https:\/\/nitu.mx\/"},{"@type":"ListItem","position":2,"name":"Viva Aerobus tendr\u00e1 nueva conexi\u00f3n Norte-Sur en 2018"}]},{"@type":"WebSite","@id":"https:\/\/nitu.mx\/#website","url":"https:\/\/nitu.mx\/","name":"Nitu - Noticias de la Industria Turistica","description":"Noticias de la Industria Turistica","publisher":{"@id":"https:\/\/nitu.mx\/#\/schema\/person\/ae7a53426417292d3dd07b45a33e01bc"},"alternateName":"Noticias de la Industria Turistica","potentialAction":[{"@type":"SearchAction","target":{"@type":"EntryPoint","urlTemplate":"https:\/\/nitu.mx\/?s={search_term_string}"},"query-input":"required name=search_term_string"}],"inLanguage":"es-MX"},{"@type":["Person","Organization"],"@id":"https:\/\/nitu.mx\/#\/schema\/person\/ae7a53426417292d3dd07b45a33e01bc","name":"Arturo Medina","image":{"@type":"ImageObject","inLanguage":"es-MX","@id":"https:\/\/nitu.mx\/#\/schema\/person\/image\/","url":"https:\/\/nitu.mx\/wp-content\/uploads\/2024\/04\/4A315622-1904-4D5C-B022-878CDC840E04-90x90-1.jpeg","contentUrl":"https:\/\/nitu.mx\/wp-content\/uploads\/2024\/04\/4A315622-1904-4D5C-B022-878CDC840E04-90x90-1.jpeg","width":90,"height":90,"caption":"Arturo Medina"},"logo":{"@id":"https:\/\/nitu.mx\/#\/schema\/person\/image\/"},"description":"Director NITU.mx, Egresado de la Escuela de Periodismo Carlos Septi\u00e9n Garc\u00eda. Periodista y analista especializado en turismo desde hace 35 a\u00f1os, radicado en Canc\u00fan Q.Roo. arturo@nitu.mx","sameAs":["https:\/\/nitu.mx","https:\/\/www.facebook.com\/NITUmx\/","medinacancun","https:\/\/twitter.com\/@Arturo_Medina_G"]},{"@type":"Person","@id":"https:\/\/nitu.mx\/#\/schema\/person\/4a28fe9bd65924f7c90623773daf1b0b","name":"Redacci\u00f3n","image":{"@type":"ImageObject","inLanguage":"es-MX","@id":"https:\/\/nitu.mx\/#\/schema\/person\/image\/","url":"https:\/\/secure.gravatar.com\/avatar\/5dd011c8ccfc5cd7e4c81e42252aab38?s=96&d=mm&r=g","contentUrl":"https:\/\/secure.gravatar.com\/avatar\/5dd011c8ccfc5cd7e4c81e42252aab38?s=96&d=mm&r=g","caption":"Redacci\u00f3n"},"url":"https:\/\/nitu.mx\/index.php\/author\/redaccion\/"}]}},"views":212,"_links":{"self":[{"href":"https:\/\/nitu.mx\/index.php\/wp-json\/wp\/v2\/posts\/15653"}],"collection":[{"href":"https:\/\/nitu.mx\/index.php\/wp-json\/wp\/v2\/posts"}],"about":[{"href":"https:\/\/nitu.mx\/index.php\/wp-json\/wp\/v2\/types\/post"}],"author":[{"embeddable":true,"href":"https:\/\/nitu.mx\/index.php\/wp-json\/wp\/v2\/users\/17"}],"replies":[{"embeddable":true,"href":"https:\/\/nitu.mx\/index.php\/wp-json\/wp\/v2\/comments?post=15653"}],"version-history":[{"count":3,"href":"https:\/\/nitu.mx\/index.php\/wp-json\/wp\/v2\/posts\/15653\/revisions"}],"predecessor-version":[{"id":15680,"href":"https:\/\/nitu.mx\/index.php\/wp-json\/wp\/v2\/posts\/15653\/revisions\/15680"}],"wp:featuredmedia":[{"embeddable":true,"href":"https:\/\/nitu.mx\/index.php\/wp-json\/wp\/v2\/media\/15679"}],"wp:attachment":[{"href":"https:\/\/nitu.mx\/index.php\/wp-json\/wp\/v2\/media?parent=15653"}],"wp:term":[{"taxonomy":"category","embeddable":true,"href":"https:\/\/nitu.mx\/index.php\/wp-json\/wp\/v2\/categories?post=15653"},{"taxonomy":"post_tag","embeddable":true,"href":"https:\/\/nitu.mx\/index.php\/wp-json\/wp\/v2\/tags?post=15653"}],"curies":[{"name":"wp","href":"https:\/\/api.w.org\/{rel}","templated":true}]}}