{"id":15599,"date":"2017-12-10T23:34:46","date_gmt":"2017-12-11T04:34:46","guid":{"rendered":"http:\/\/www.dev.nitu.mx\/?p=15599"},"modified":"2017-12-11T01:01:28","modified_gmt":"2017-12-11T06:01:28","slug":"rechazan-construccion-proyecto-punta-paraiso-san-pancho-riviera-nayarit","status":"publish","type":"post","link":"https:\/\/nitu.mx\/index.php\/2017\/12\/10\/rechazan-construccion-proyecto-punta-paraiso-san-pancho-riviera-nayarit\/","title":{"rendered":"Clausura Profepa proyecto Punta Para\u00edso San Pancho en Riviera Nayarit"},"content":{"rendered":"<p>Habitantes y empresarios locales de la comunidad de San Pancho en Bah\u00eda de Banderas, Nayarit, hicieron escuchar su voz de rechazo a la construcci\u00f3n del proyecto Punta Para\u00edso San Pancho, que desarrolla la empresa Pacific Lifestyle con inversi\u00f3n canadiense, por lo que la Procuradur\u00eda Federal de Protecci\u00f3n al Ambiente (Profepa) finalmente determin\u00f3 la clausura temporal de la obra que reci\u00e9n inici\u00f3 el 30 de septiembre pasado.<\/p>\n<p>Tras una serie de denuncias presentadas hace varios meses, los pobladores manifestaron a las autoridades su preocupaci\u00f3n por el desarrollo del proyecto que contempla dos edificios, uno de seis pisos y otro de dos, para instalar 44 residencias tur\u00edsticas y detonar el flujo de viajeros de alto nivel a la zona; pero que de acuerdo con las evaluaciones realizadas, atentar\u00edan contra el ecosistema y el ritmo de vida de esta comunidad de Bah\u00eda de Banderas, en donde acusan, ya existen problemas de escasez de agua.<\/p>\n<p>Por otro lado, tanto la construcci\u00f3n como la actividad de Punta Para\u00edso San Pancho atentar\u00eda contra la reproducci\u00f3n de las tortugas marinas que anidan en esta zona, pues con la iluminaci\u00f3n se ver\u00edan alterados sus movimientos. Finalmente, se denunci\u00f3 que inicialmente se coloc\u00f3 malla cicl\u00f3nica fuera del \u00e1rea autorizada para el proyecto, por lo que ocup\u00f3 parte de la Zona Federal Mar\u00edtimo Terrestre (Zofemat), lo que adelantaba un intento por privatizar un \u00e1rea p\u00fablica de m\u00e1s de dos mil metros cuadrados.<\/p>\n<p>Este \u00faltimo punto fue el que permiti\u00f3 a la Profepa realizar la clausura parcial de la construcci\u00f3n, al constatarse que no se hab\u00eda respetado la Manifestaci\u00f3n de Impacto Ambiental (MIA) emitida por la Semarnat. En cuanto a la afectaci\u00f3n de las especies de tortuga marina que anidan ah\u00ed, la dependencia se\u00f1al\u00f3 que no not\u00f3 ning\u00fan impacto, pues adem\u00e1s la autorizaci\u00f3n para llevar a cabo las obras se limitan de las 8 de la ma\u00f1ana a las 5 de la tarde.<\/p>\n<p>La suspensi\u00f3n de actividades no representa un freno total al proyecto, por lo que de sujetarse a los lineamientos establecidos por la Semarnat, Pacific Lifestyle podr\u00e1 continuar el desarrollo de dicha obra, pese a la inconformidad de los residentes de Bah\u00eda de Banderas.\u00a0(<a title=\"Profepa clausura obras avanzadas de tres hoteles en la Riviera Nayarit\" href=\"http:\/\/www.dev.nitu.mx\/index.php\/2017\/10\/08\/profepa-clausura-obras-avanzadas-tres-hoteles-la-riviera-nayarit\/\" rel=\"bookmark\">Profepa clausura obras avanzadas de tres hoteles en la Riviera Nayarit<\/a>).<\/p>\n","protected":false},"excerpt":{"rendered":"<p>Habitantes y empresarios locales de la comunidad de San Pancho en Bah\u00eda de Banderas, Nayarit, hicieron escuchar su voz de rechazo a la construcci\u00f3n del proyecto Punta Para\u00edso San Pancho, que desarrolla la empresa Pacific Lifestyle con inversi\u00f3n canadiense, por lo que la Procuradur\u00eda Federal de Protecci\u00f3n al Ambiente (Profepa) finalmente determin\u00f3 la clausura temporal [&hellip;]<\/p>\n","protected":false},"author":5,"featured_media":15635,"comment_status":"open","ping_status":"open","sticky":false,"template":"","format":"standard","meta":{"footnotes":""},"categories":[5,6],"tags":[7067,1850,7066,537],"yoast_head":"<!-- This site is optimized with the Yoast SEO plugin v22.2 - https:\/\/yoast.com\/wordpress\/plugins\/seo\/ -->\n<title>Clausura Profepa proyecto Punta Para\u00edso San Pancho en Riviera Nayarit - Nitu - Noticias de la Industria Turistica<\/title>\n<meta name=\"description\" content=\"Habitantes y empresarios locales de la comunidad de San Pancho en Bah\u00eda de Banderas, rechazan la construcci\u00f3n del proyecto Punta Para\u00edso San Pancho.\" \/>\n<meta name=\"robots\" content=\"index, follow, max-snippet:-1, max-image-preview:large, max-video-preview:-1\" \/>\n<link rel=\"canonical\" href=\"https:\/\/nitu.mx\/index.php\/2017\/12\/10\/rechazan-construccion-proyecto-punta-paraiso-san-pancho-riviera-nayarit\/\" \/>\n<meta name=\"twitter:card\" content=\"summary_large_image\" \/>\n<meta name=\"twitter:title\" content=\"Clausura Profepa proyecto Punta Para\u00edso San Pancho en Riviera Nayarit - Nitu - Noticias de la Industria Turistica\" \/>\n<meta name=\"twitter:description\" content=\"Habitantes y empresarios locales de la comunidad de San Pancho en Bah\u00eda de Banderas, rechazan la construcci\u00f3n del proyecto Punta Para\u00edso San Pancho.\" \/>\n<meta name=\"twitter:image\" content=\"https:\/\/nitu.mx\/wp-content\/uploads\/2017\/12\/Punta-Para\u00edso-San-Pancho.jpg\" \/>\n<meta name=\"twitter:creator\" content=\"@NITUmx\" \/>\n<meta name=\"twitter:site\" content=\"@Arturo_Medina_G\" \/>\n<meta name=\"twitter:label1\" content=\"Escrito por\" \/>\n\t<meta name=\"twitter:data1\" content=\"Mari Soto\" \/>\n\t<meta name=\"twitter:label2\" content=\"Tiempo de lectura\" \/>\n\t<meta name=\"twitter:data2\" content=\"2 minutos\" \/>\n<script type=\"application\/ld+json\" class=\"yoast-schema-graph\">{\"@context\":\"https:\/\/schema.org\",\"@graph\":[{\"@type\":\"Article\",\"@id\":\"https:\/\/nitu.mx\/index.php\/2017\/12\/10\/rechazan-construccion-proyecto-punta-paraiso-san-pancho-riviera-nayarit\/#article\",\"isPartOf\":{\"@id\":\"https:\/\/nitu.mx\/index.php\/2017\/12\/10\/rechazan-construccion-proyecto-punta-paraiso-san-pancho-riviera-nayarit\/\"},\"author\":{\"name\":\"Mari Soto\",\"@id\":\"https:\/\/nitu.mx\/#\/schema\/person\/afc52e313e27e660739556d421d3d6b4\"},\"headline\":\"Clausura Profepa proyecto Punta Para\u00edso San Pancho en Riviera Nayarit\",\"datePublished\":\"2017-12-11T04:34:46+00:00\",\"dateModified\":\"2017-12-11T06:01:28+00:00\",\"mainEntityOfPage\":{\"@id\":\"https:\/\/nitu.mx\/index.php\/2017\/12\/10\/rechazan-construccion-proyecto-punta-paraiso-san-pancho-riviera-nayarit\/\"},\"wordCount\":405,\"commentCount\":0,\"publisher\":{\"@id\":\"https:\/\/nitu.mx\/#\/schema\/person\/ae7a53426417292d3dd07b45a33e01bc\"},\"image\":{\"@id\":\"https:\/\/nitu.mx\/index.php\/2017\/12\/10\/rechazan-construccion-proyecto-punta-paraiso-san-pancho-riviera-nayarit\/#primaryimage\"},\"thumbnailUrl\":\"https:\/\/nitu.mx\/wp-content\/uploads\/2017\/12\/Punta-Para\u00edso-San-Pancho.jpg\",\"keywords\":[\"Pacific Lifestyle\",\"Profepa\",\"Punta Para\u00edso San Pancho\",\"Riviera Nayarit\"],\"articleSection\":[\"Destinos\",\"M\u00e9xico\"],\"inLanguage\":\"es-MX\",\"potentialAction\":[{\"@type\":\"CommentAction\",\"name\":\"Comment\",\"target\":[\"https:\/\/nitu.mx\/index.php\/2017\/12\/10\/rechazan-construccion-proyecto-punta-paraiso-san-pancho-riviera-nayarit\/#respond\"]}]},{\"@type\":\"WebPage\",\"@id\":\"https:\/\/nitu.mx\/index.php\/2017\/12\/10\/rechazan-construccion-proyecto-punta-paraiso-san-pancho-riviera-nayarit\/\",\"url\":\"https:\/\/nitu.mx\/index.php\/2017\/12\/10\/rechazan-construccion-proyecto-punta-paraiso-san-pancho-riviera-nayarit\/\",\"name\":\"Clausura Profepa proyecto Punta Para\u00edso San Pancho en Riviera Nayarit - Nitu - Noticias de la Industria Turistica\",\"isPartOf\":{\"@id\":\"https:\/\/nitu.mx\/#website\"},\"primaryImageOfPage\":{\"@id\":\"https:\/\/nitu.mx\/index.php\/2017\/12\/10\/rechazan-construccion-proyecto-punta-paraiso-san-pancho-riviera-nayarit\/#primaryimage\"},\"image\":{\"@id\":\"https:\/\/nitu.mx\/index.php\/2017\/12\/10\/rechazan-construccion-proyecto-punta-paraiso-san-pancho-riviera-nayarit\/#primaryimage\"},\"thumbnailUrl\":\"https:\/\/nitu.mx\/wp-content\/uploads\/2017\/12\/Punta-Para\u00edso-San-Pancho.jpg\",\"datePublished\":\"2017-12-11T04:34:46+00:00\",\"dateModified\":\"2017-12-11T06:01:28+00:00\",\"description\":\"Habitantes y empresarios locales de la comunidad de San Pancho en Bah\u00eda de Banderas, rechazan la construcci\u00f3n del proyecto Punta Para\u00edso San Pancho.\",\"breadcrumb\":{\"@id\":\"https:\/\/nitu.mx\/index.php\/2017\/12\/10\/rechazan-construccion-proyecto-punta-paraiso-san-pancho-riviera-nayarit\/#breadcrumb\"},\"inLanguage\":\"es-MX\",\"potentialAction\":[{\"@type\":\"ReadAction\",\"target\":[\"https:\/\/nitu.mx\/index.php\/2017\/12\/10\/rechazan-construccion-proyecto-punta-paraiso-san-pancho-riviera-nayarit\/\"]}]},{\"@type\":\"ImageObject\",\"inLanguage\":\"es-MX\",\"@id\":\"https:\/\/nitu.mx\/index.php\/2017\/12\/10\/rechazan-construccion-proyecto-punta-paraiso-san-pancho-riviera-nayarit\/#primaryimage\",\"url\":\"https:\/\/nitu.mx\/wp-content\/uploads\/2017\/12\/Punta-Para\u00edso-San-Pancho.jpg\",\"contentUrl\":\"https:\/\/nitu.mx\/wp-content\/uploads\/2017\/12\/Punta-Para\u00edso-San-Pancho.jpg\",\"width\":850,\"height\":480,\"caption\":\"Punta Para\u00edso San Pancho\"},{\"@type\":\"BreadcrumbList\",\"@id\":\"https:\/\/nitu.mx\/index.php\/2017\/12\/10\/rechazan-construccion-proyecto-punta-paraiso-san-pancho-riviera-nayarit\/#breadcrumb\",\"itemListElement\":[{\"@type\":\"ListItem\",\"position\":1,\"name\":\"Inicio\",\"item\":\"https:\/\/nitu.mx\/\"},{\"@type\":\"ListItem\",\"position\":2,\"name\":\"Clausura Profepa proyecto Punta Para\u00edso San Pancho en Riviera Nayarit\"}]},{\"@type\":\"WebSite\",\"@id\":\"https:\/\/nitu.mx\/#website\",\"url\":\"https:\/\/nitu.mx\/\",\"name\":\"Nitu - Noticias de la Industria Turistica\",\"description\":\"Noticias de la Industria Turistica\",\"publisher\":{\"@id\":\"https:\/\/nitu.mx\/#\/schema\/person\/ae7a53426417292d3dd07b45a33e01bc\"},\"alternateName\":\"Noticias de la Industria Turistica\",\"potentialAction\":[{\"@type\":\"SearchAction\",\"target\":{\"@type\":\"EntryPoint\",\"urlTemplate\":\"https:\/\/nitu.mx\/?s={search_term_string}\"},\"query-input\":\"required name=search_term_string\"}],\"inLanguage\":\"es-MX\"},{\"@type\":[\"Person\",\"Organization\"],\"@id\":\"https:\/\/nitu.mx\/#\/schema\/person\/ae7a53426417292d3dd07b45a33e01bc\",\"name\":\"Arturo Medina\",\"image\":{\"@type\":\"ImageObject\",\"inLanguage\":\"es-MX\",\"@id\":\"https:\/\/nitu.mx\/#\/schema\/person\/image\/\",\"url\":\"https:\/\/nitu.mx\/wp-content\/uploads\/2024\/04\/4A315622-1904-4D5C-B022-878CDC840E04-90x90-1.jpeg\",\"contentUrl\":\"https:\/\/nitu.mx\/wp-content\/uploads\/2024\/04\/4A315622-1904-4D5C-B022-878CDC840E04-90x90-1.jpeg\",\"width\":90,\"height\":90,\"caption\":\"Arturo Medina\"},\"logo\":{\"@id\":\"https:\/\/nitu.mx\/#\/schema\/person\/image\/\"},\"description\":\"Director NITU.mx, Egresado de la Escuela de Periodismo Carlos Septi\u00e9n Garc\u00eda. Periodista y analista especializado en turismo desde hace 35 a\u00f1os, radicado en Canc\u00fan Q.Roo. arturo@nitu.mx\",\"sameAs\":[\"https:\/\/nitu.mx\",\"https:\/\/www.facebook.com\/NITUmx\/\",\"medinacancun\",\"https:\/\/twitter.com\/@Arturo_Medina_G\"]},{\"@type\":\"Person\",\"@id\":\"https:\/\/nitu.mx\/#\/schema\/person\/afc52e313e27e660739556d421d3d6b4\",\"name\":\"Mari Soto\",\"image\":{\"@type\":\"ImageObject\",\"inLanguage\":\"es-MX\",\"@id\":\"https:\/\/nitu.mx\/#\/schema\/person\/image\/\",\"url\":\"https:\/\/secure.gravatar.com\/avatar\/2619c282a180a20d89fcaea82a6736e2?s=96&d=mm&r=g\",\"contentUrl\":\"https:\/\/secure.gravatar.com\/avatar\/2619c282a180a20d89fcaea82a6736e2?s=96&d=mm&r=g\",\"caption\":\"Mari Soto\"},\"sameAs\":[\"https:\/\/nitu.mx\"],\"url\":\"https:\/\/nitu.mx\/index.php\/author\/guadalupe\/\"}]}<\/script>\n<!-- \/ Yoast SEO plugin. -->","yoast_head_json":{"title":"Clausura Profepa proyecto Punta Para\u00edso San Pancho en Riviera Nayarit - Nitu - Noticias de la Industria Turistica","description":"Habitantes y empresarios locales de la comunidad de San Pancho en Bah\u00eda de Banderas, rechazan la construcci\u00f3n del proyecto Punta Para\u00edso San Pancho.","robots":{"index":"index","follow":"follow","max-snippet":"max-snippet:-1","max-image-preview":"max-image-preview:large","max-video-preview":"max-video-preview:-1"},"canonical":"https:\/\/nitu.mx\/index.php\/2017\/12\/10\/rechazan-construccion-proyecto-punta-paraiso-san-pancho-riviera-nayarit\/","twitter_card":"summary_large_image","twitter_title":"Clausura Profepa proyecto Punta Para\u00edso San Pancho en Riviera Nayarit - Nitu - Noticias de la Industria Turistica","twitter_description":"Habitantes y empresarios locales de la comunidad de San Pancho en Bah\u00eda de Banderas, rechazan la construcci\u00f3n del proyecto Punta Para\u00edso San Pancho.","twitter_image":"https:\/\/nitu.mx\/wp-content\/uploads\/2017\/12\/Punta-Para\u00edso-San-Pancho.jpg","twitter_creator":"@NITUmx","twitter_site":"@Arturo_Medina_G","twitter_misc":{"Escrito por":"Mari Soto","Tiempo de lectura":"2 minutos"},"schema":{"@context":"https:\/\/schema.org","@graph":[{"@type":"Article","@id":"https:\/\/nitu.mx\/index.php\/2017\/12\/10\/rechazan-construccion-proyecto-punta-paraiso-san-pancho-riviera-nayarit\/#article","isPartOf":{"@id":"https:\/\/nitu.mx\/index.php\/2017\/12\/10\/rechazan-construccion-proyecto-punta-paraiso-san-pancho-riviera-nayarit\/"},"author":{"name":"Mari Soto","@id":"https:\/\/nitu.mx\/#\/schema\/person\/afc52e313e27e660739556d421d3d6b4"},"headline":"Clausura Profepa proyecto Punta Para\u00edso San Pancho en Riviera Nayarit","datePublished":"2017-12-11T04:34:46+00:00","dateModified":"2017-12-11T06:01:28+00:00","mainEntityOfPage":{"@id":"https:\/\/nitu.mx\/index.php\/2017\/12\/10\/rechazan-construccion-proyecto-punta-paraiso-san-pancho-riviera-nayarit\/"},"wordCount":405,"commentCount":0,"publisher":{"@id":"https:\/\/nitu.mx\/#\/schema\/person\/ae7a53426417292d3dd07b45a33e01bc"},"image":{"@id":"https:\/\/nitu.mx\/index.php\/2017\/12\/10\/rechazan-construccion-proyecto-punta-paraiso-san-pancho-riviera-nayarit\/#primaryimage"},"thumbnailUrl":"https:\/\/nitu.mx\/wp-content\/uploads\/2017\/12\/Punta-Para\u00edso-San-Pancho.jpg","keywords":["Pacific Lifestyle","Profepa","Punta Para\u00edso San Pancho","Riviera Nayarit"],"articleSection":["Destinos","M\u00e9xico"],"inLanguage":"es-MX","potentialAction":[{"@type":"CommentAction","name":"Comment","target":["https:\/\/nitu.mx\/index.php\/2017\/12\/10\/rechazan-construccion-proyecto-punta-paraiso-san-pancho-riviera-nayarit\/#respond"]}]},{"@type":"WebPage","@id":"https:\/\/nitu.mx\/index.php\/2017\/12\/10\/rechazan-construccion-proyecto-punta-paraiso-san-pancho-riviera-nayarit\/","url":"https:\/\/nitu.mx\/index.php\/2017\/12\/10\/rechazan-construccion-proyecto-punta-paraiso-san-pancho-riviera-nayarit\/","name":"Clausura Profepa proyecto Punta Para\u00edso San Pancho en Riviera Nayarit - Nitu - Noticias de la Industria Turistica","isPartOf":{"@id":"https:\/\/nitu.mx\/#website"},"primaryImageOfPage":{"@id":"https:\/\/nitu.mx\/index.php\/2017\/12\/10\/rechazan-construccion-proyecto-punta-paraiso-san-pancho-riviera-nayarit\/#primaryimage"},"image":{"@id":"https:\/\/nitu.mx\/index.php\/2017\/12\/10\/rechazan-construccion-proyecto-punta-paraiso-san-pancho-riviera-nayarit\/#primaryimage"},"thumbnailUrl":"https:\/\/nitu.mx\/wp-content\/uploads\/2017\/12\/Punta-Para\u00edso-San-Pancho.jpg","datePublished":"2017-12-11T04:34:46+00:00","dateModified":"2017-12-11T06:01:28+00:00","description":"Habitantes y empresarios locales de la comunidad de San Pancho en Bah\u00eda de Banderas, rechazan la construcci\u00f3n del proyecto Punta Para\u00edso San Pancho.","breadcrumb":{"@id":"https:\/\/nitu.mx\/index.php\/2017\/12\/10\/rechazan-construccion-proyecto-punta-paraiso-san-pancho-riviera-nayarit\/#breadcrumb"},"inLanguage":"es-MX","potentialAction":[{"@type":"ReadAction","target":["https:\/\/nitu.mx\/index.php\/2017\/12\/10\/rechazan-construccion-proyecto-punta-paraiso-san-pancho-riviera-nayarit\/"]}]},{"@type":"ImageObject","inLanguage":"es-MX","@id":"https:\/\/nitu.mx\/index.php\/2017\/12\/10\/rechazan-construccion-proyecto-punta-paraiso-san-pancho-riviera-nayarit\/#primaryimage","url":"https:\/\/nitu.mx\/wp-content\/uploads\/2017\/12\/Punta-Para\u00edso-San-Pancho.jpg","contentUrl":"https:\/\/nitu.mx\/wp-content\/uploads\/2017\/12\/Punta-Para\u00edso-San-Pancho.jpg","width":850,"height":480,"caption":"Punta Para\u00edso San Pancho"},{"@type":"BreadcrumbList","@id":"https:\/\/nitu.mx\/index.php\/2017\/12\/10\/rechazan-construccion-proyecto-punta-paraiso-san-pancho-riviera-nayarit\/#breadcrumb","itemListElement":[{"@type":"ListItem","position":1,"name":"Inicio","item":"https:\/\/nitu.mx\/"},{"@type":"ListItem","position":2,"name":"Clausura Profepa proyecto Punta Para\u00edso San Pancho en Riviera Nayarit"}]},{"@type":"WebSite","@id":"https:\/\/nitu.mx\/#website","url":"https:\/\/nitu.mx\/","name":"Nitu - Noticias de la Industria Turistica","description":"Noticias de la Industria Turistica","publisher":{"@id":"https:\/\/nitu.mx\/#\/schema\/person\/ae7a53426417292d3dd07b45a33e01bc"},"alternateName":"Noticias de la Industria Turistica","potentialAction":[{"@type":"SearchAction","target":{"@type":"EntryPoint","urlTemplate":"https:\/\/nitu.mx\/?s={search_term_string}"},"query-input":"required name=search_term_string"}],"inLanguage":"es-MX"},{"@type":["Person","Organization"],"@id":"https:\/\/nitu.mx\/#\/schema\/person\/ae7a53426417292d3dd07b45a33e01bc","name":"Arturo Medina","image":{"@type":"ImageObject","inLanguage":"es-MX","@id":"https:\/\/nitu.mx\/#\/schema\/person\/image\/","url":"https:\/\/nitu.mx\/wp-content\/uploads\/2024\/04\/4A315622-1904-4D5C-B022-878CDC840E04-90x90-1.jpeg","contentUrl":"https:\/\/nitu.mx\/wp-content\/uploads\/2024\/04\/4A315622-1904-4D5C-B022-878CDC840E04-90x90-1.jpeg","width":90,"height":90,"caption":"Arturo Medina"},"logo":{"@id":"https:\/\/nitu.mx\/#\/schema\/person\/image\/"},"description":"Director NITU.mx, Egresado de la Escuela de Periodismo Carlos Septi\u00e9n Garc\u00eda. Periodista y analista especializado en turismo desde hace 35 a\u00f1os, radicado en Canc\u00fan Q.Roo. arturo@nitu.mx","sameAs":["https:\/\/nitu.mx","https:\/\/www.facebook.com\/NITUmx\/","medinacancun","https:\/\/twitter.com\/@Arturo_Medina_G"]},{"@type":"Person","@id":"https:\/\/nitu.mx\/#\/schema\/person\/afc52e313e27e660739556d421d3d6b4","name":"Mari Soto","image":{"@type":"ImageObject","inLanguage":"es-MX","@id":"https:\/\/nitu.mx\/#\/schema\/person\/image\/","url":"https:\/\/secure.gravatar.com\/avatar\/2619c282a180a20d89fcaea82a6736e2?s=96&d=mm&r=g","contentUrl":"https:\/\/secure.gravatar.com\/avatar\/2619c282a180a20d89fcaea82a6736e2?s=96&d=mm&r=g","caption":"Mari Soto"},"sameAs":["https:\/\/nitu.mx"],"url":"https:\/\/nitu.mx\/index.php\/author\/guadalupe\/"}]}},"views":980,"_links":{"self":[{"href":"https:\/\/nitu.mx\/index.php\/wp-json\/wp\/v2\/posts\/15599"}],"collection":[{"href":"https:\/\/nitu.mx\/index.php\/wp-json\/wp\/v2\/posts"}],"about":[{"href":"https:\/\/nitu.mx\/index.php\/wp-json\/wp\/v2\/types\/post"}],"author":[{"embeddable":true,"href":"https:\/\/nitu.mx\/index.php\/wp-json\/wp\/v2\/users\/5"}],"replies":[{"embeddable":true,"href":"https:\/\/nitu.mx\/index.php\/wp-json\/wp\/v2\/comments?post=15599"}],"version-history":[{"count":4,"href":"https:\/\/nitu.mx\/index.php\/wp-json\/wp\/v2\/posts\/15599\/revisions"}],"predecessor-version":[{"id":15636,"href":"https:\/\/nitu.mx\/index.php\/wp-json\/wp\/v2\/posts\/15599\/revisions\/15636"}],"wp:featuredmedia":[{"embeddable":true,"href":"https:\/\/nitu.mx\/index.php\/wp-json\/wp\/v2\/media\/15635"}],"wp:attachment":[{"href":"https:\/\/nitu.mx\/index.php\/wp-json\/wp\/v2\/media?parent=15599"}],"wp:term":[{"taxonomy":"category","embeddable":true,"href":"https:\/\/nitu.mx\/index.php\/wp-json\/wp\/v2\/categories?post=15599"},{"taxonomy":"post_tag","embeddable":true,"href":"https:\/\/nitu.mx\/index.php\/wp-json\/wp\/v2\/tags?post=15599"}],"curies":[{"name":"wp","href":"https:\/\/api.w.org\/{rel}","templated":true}]}}